{"id":951334,"date":"2015-07-01T14:35:38","date_gmt":"2015-07-01T14:35:38","guid":{"rendered":"https:\/\/www.asf-quebec.org\/savoir-faire-traditionnel-autochtone-et-architecture-contemporaine-nouvelles-perspectives\/"},"modified":"2015-07-01T14:35:38","modified_gmt":"2015-07-01T14:35:38","slug":"savoir-faire-traditionnel-autochtone-et-architecture-contemporaine-nouvelles-perspectives","status":"publish","type":"post","link":"https:\/\/www.asf-quebec.org\/en\/savoir-faire-traditionnel-autochtone-et-architecture-contemporaine-nouvelles-perspectives\/","title":{"rendered":"Savoir-faire traditionnel autochtone et architecture contemporaine : nouvelles perspectives"},"content":{"rendered":"<p>Le 2 ao\u00fbt, \u00e0 13 h 30, la Maison du d\u00e9veloppement durable\u00a0pr\u00e9sentera l&#8217;atelier-conf\u00e9rence\u00a0<strong>Savoir-faire traditionnel autochtone et architecture contemporaine : nouvelles perspectives,<\/strong> en collaboration avec d&#8217;ASFQ et de <a href=\"http:\/\/www.nativelynx.qc.ca\/\" target=\"_blank\" rel=\"noopener noreferrer\">Terres en vues<\/a>, soci\u00e9t\u00e9 pour la diffusion de la culture autochtone.<\/p>\n<p>Durant le\u00a0<strong>festival Pr\u00e9sence autochtone<\/strong>, l\u2019implantation des b\u00e2timents, paysages et sites issus des communaut\u00e9s autochtones\u00a0sur la Place des Spectacles, en plein c\u0153ur de la ville de Montr\u00e9al,\u00a0provoque un contraste sugg\u00e9rant une r\u00e9flexion sur la mani\u00e8re d\u2019occuper l\u2019espace,\u00a0sur l\u2019int\u00e9gration et le dialogue des volum\u00e9tries\u00a0ainsi que sur le m\u00e9tissage des styles architecturaux dans le contexte urbain.<\/p>\n<p>C&#8217;est dans ce contexte que\u00a0l&#8217;activit\u00e9\u00a0portera\u00a0sur l\u2019architecture autochtone. Diff\u00e9rents experts li\u00e9s \u00e0 l&#8217;architecture autochtone pourront participer \u00e0 cet atelier-conf\u00e9rence, auquel le public sera invit\u00e9 \u00e0 se joindre par des discussions en sous-groupes et une interaction avec les experts.<\/p>\n<p>Par le biais de cette activit\u00e9,\u00a0ASFQ\u00a0en collaboration avec\u00a0Terres en vues\u00a0entendent continuer la sensibilisation et la diffusion de cette approche novatrice visant le m\u00e9tissage des savoirs traditionnels autochtones et de l\u2019architecture contemporaine, en plus d\u2019enrichir\u00a0son bagage des rencontres et exp\u00e9riences v\u00e9cues dans le cadre du festival.<\/p>\n<p>Le projet vise en outre\u00a0\u00e0 sensibiliser le leadership autochtone, les professionnels de la construction et le public en g\u00e9n\u00e9ral \u00e0 l\u2019architecture autochtone, culturelle et vernaculaire et \u00e0 l\u2019importance de tenir compte de celle-ci dans les projets contemporains. Les proc\u00e9dures permettant une implication culturelle structurante des communaut\u00e9s autochtones elles-m\u00eames ainsi que l\u2019importance de la r\u00e9silience dans l\u2019approche de la gestion des projets seront approfondies.<\/p>\n<p><strong>Prendront la parole :\u00a0<\/strong><\/p>\n<ul>\n<li>Suzanne Doucet, architecte collaborative, porteuse du projet &#8220;maison de r\u00eave&#8221; en collaboration avec Exeko;<\/li>\n<li>Marie-Pierre Gadoua, anthropologue.<\/li>\n<\/ul>\n<p>Dur\u00e9e\u00a0: 2 h. Contributions volontaires. Pour s\u2019inscrire\u00a0:\u00a0<a href=\"http:\/\/www.lamdd.org\/rsvp\" target=\"_blank\" rel=\"noopener noreferrer\">www.lamdd.org\/rsvp<\/a><\/p>\n<h3>\u00c0 propos de Terres en vue<\/h3>\n<p>Terres en vues, soci\u00e9t\u00e9 pour la diffusion de la culture autochtone, est un organisme diffuseur, producteur, innovateur qui met en valeur la cr\u00e9ativit\u00e9, le patrimoine et les cultures diversifi\u00e9es des premiers peuples des Am\u00e9riques et qui, par ses actions et ses repr\u00e9sentations, illustre et d\u00e9fend la n\u00e9cessit\u00e9 d\u2019accorder la place qui lui revient \u00e0 la cr\u00e9ativit\u00e9 des artistes autochtones contemporains, toutes disciplines confondues.\u00a0Fond\u00e9 en 1990 \u00e0 Montr\u00e9al, l\u2019organisme diffuse depuis plus de vingt-cinq ans les \u0153uvres des artistes des cultures premi\u00e8res d\u2019ici et d\u2019ailleurs.\u00a0L\u2019organisme permet aux artistes des Premi\u00e8res Nations de jouer un r\u00f4le actif dans le paysage cr\u00e9atif et culturel d\u2019une m\u00e9tropole culturelle. Il a pour objectif de cr\u00e9er un lieu o\u00f9 les nouvelles pratiques artistiques peuvent s\u2019\u00e9panouir<\/p>\n","protected":false},"excerpt":{"rendered":"<p>Le 2 ao\u00fbt, \u00e0 13 h 30, la Maison du <a href=\"https:\/\/www.asf-quebec.org\/en\/savoir-faire-traditionnel-autochtone-et-architecture-contemporaine-nouvelles-perspectives\/\"> [&#8230;]<\/a><\/p>\n","protected":false},"author":2,"featured_media":302364,"comment_status":"closed","ping_status":"closed","sticky":false,"template":"","format":"standard","meta":{"_acf_changed":false,"footnotes":""},"categories":[30],"tags":[40,48],"class_list":["post-951334","post","type-post","status-publish","format-standard","has-post-thumbnail","hentry","category-uncategorized","tag-ea-en","tag-ha-en"],"acf":[],"yoast_head":"<!-- This site is optimized with the Yoast SEO plugin v26.8 - https:\/\/yoast.com\/product\/yoast-seo-wordpress\/ -->\n<title>Savoir-faire traditionnel autochtone et architecture contemporaine : nouvelles perspectives - Architecture Sans Fronti\u00e8res Qu\u00e9bec %<\/title>\n<meta name=\"description\" content=\"Savoir-faire traditionnel autochtone et architecture contemporaine : nouvelles perspectives\" \/>\n<meta name=\"robots\" content=\"index, follow, max-snippet:-1, max-image-preview:large, max-video-preview:-1\" \/>\n<link rel=\"canonical\" href=\"https:\/\/www.asf-quebec.org\/en\/savoir-faire-traditionnel-autochtone-et-architecture-contemporaine-nouvelles-perspectives\/\" \/>\n<meta property=\"og:locale\" content=\"en_US\" \/>\n<meta property=\"og:type\" content=\"article\" \/>\n<meta property=\"og:title\" content=\"Savoir-faire traditionnel autochtone et architecture contemporaine : nouvelles perspectives - Architecture Sans Fronti\u00e8res Qu\u00e9bec %\" \/>\n<meta property=\"og:description\" content=\"Savoir-faire traditionnel autochtone et architecture contemporaine : nouvelles perspectives\" \/>\n<meta property=\"og:url\" content=\"https:\/\/www.asf-quebec.org\/en\/savoir-faire-traditionnel-autochtone-et-architecture-contemporaine-nouvelles-perspectives\/\" \/>\n<meta property=\"og:site_name\" content=\"Architecture Sans Fronti\u00e8res Qu\u00e9bec\" \/>\n<meta property=\"article:publisher\" content=\"https:\/\/www.facebook.com\/architecturesansfrontieres\/\" \/>\n<meta property=\"article:published_time\" content=\"2015-07-01T14:35:38+00:00\" \/>\n<meta name=\"author\" content=\"asf-quebec\" \/>\n<meta name=\"twitter:card\" content=\"summary_large_image\" \/>\n<meta name=\"twitter:label1\" content=\"Written by\" \/>\n\t<meta name=\"twitter:data1\" content=\"asf-quebec\" \/>\n\t<meta name=\"twitter:label2\" content=\"Est. reading time\" \/>\n\t<meta name=\"twitter:data2\" content=\"2 minutes\" \/>\n<script type=\"application\/ld+json\" class=\"yoast-schema-graph\">{\"@context\":\"https:\/\/schema.org\",\"@graph\":[{\"@type\":\"Article\",\"@id\":\"https:\/\/www.asf-quebec.org\/en\/savoir-faire-traditionnel-autochtone-et-architecture-contemporaine-nouvelles-perspectives\/#article\",\"isPartOf\":{\"@id\":\"https:\/\/www.asf-quebec.org\/en\/savoir-faire-traditionnel-autochtone-et-architecture-contemporaine-nouvelles-perspectives\/\"},\"author\":{\"name\":\"asf-quebec\",\"@id\":\"https:\/\/www.asf-quebec.org\/en\/#\/schema\/person\/9655911da321e5e7c39708ae5de28d6a\"},\"headline\":\"Savoir-faire traditionnel autochtone et architecture contemporaine : nouvelles perspectives\",\"datePublished\":\"2015-07-01T14:35:38+00:00\",\"mainEntityOfPage\":{\"@id\":\"https:\/\/www.asf-quebec.org\/en\/savoir-faire-traditionnel-autochtone-et-architecture-contemporaine-nouvelles-perspectives\/\"},\"wordCount\":471,\"publisher\":{\"@id\":\"https:\/\/www.asf-quebec.org\/en\/#organization\"},\"image\":{\"@id\":\"https:\/\/www.asf-quebec.org\/en\/savoir-faire-traditionnel-autochtone-et-architecture-contemporaine-nouvelles-perspectives\/#primaryimage\"},\"thumbnailUrl\":\"https:\/\/www.asf-quebec.org\/wp-content\/uploads\/2015\/07\/11779759_10153497193083967_4044202146030326784_o.jpg\",\"keywords\":[\"EA\",\"HA\"],\"inLanguage\":\"en-US\"},{\"@type\":\"WebPage\",\"@id\":\"https:\/\/www.asf-quebec.org\/en\/savoir-faire-traditionnel-autochtone-et-architecture-contemporaine-nouvelles-perspectives\/\",\"url\":\"https:\/\/www.asf-quebec.org\/en\/savoir-faire-traditionnel-autochtone-et-architecture-contemporaine-nouvelles-perspectives\/\",\"name\":\"Savoir-faire traditionnel autochtone et architecture contemporaine : nouvelles perspectives - Architecture Sans Fronti\u00e8res Qu\u00e9bec %\",\"isPartOf\":{\"@id\":\"https:\/\/www.asf-quebec.org\/en\/#website\"},\"primaryImageOfPage\":{\"@id\":\"https:\/\/www.asf-quebec.org\/en\/savoir-faire-traditionnel-autochtone-et-architecture-contemporaine-nouvelles-perspectives\/#primaryimage\"},\"image\":{\"@id\":\"https:\/\/www.asf-quebec.org\/en\/savoir-faire-traditionnel-autochtone-et-architecture-contemporaine-nouvelles-perspectives\/#primaryimage\"},\"thumbnailUrl\":\"https:\/\/www.asf-quebec.org\/wp-content\/uploads\/2015\/07\/11779759_10153497193083967_4044202146030326784_o.jpg\",\"datePublished\":\"2015-07-01T14:35:38+00:00\",\"description\":\"Savoir-faire traditionnel autochtone et architecture contemporaine : nouvelles perspectives\",\"breadcrumb\":{\"@id\":\"https:\/\/www.asf-quebec.org\/en\/savoir-faire-traditionnel-autochtone-et-architecture-contemporaine-nouvelles-perspectives\/#breadcrumb\"},\"inLanguage\":\"en-US\",\"potentialAction\":[{\"@type\":\"ReadAction\",\"target\":[\"https:\/\/www.asf-quebec.org\/en\/savoir-faire-traditionnel-autochtone-et-architecture-contemporaine-nouvelles-perspectives\/\"]}]},{\"@type\":\"ImageObject\",\"inLanguage\":\"en-US\",\"@id\":\"https:\/\/www.asf-quebec.org\/en\/savoir-faire-traditionnel-autochtone-et-architecture-contemporaine-nouvelles-perspectives\/#primaryimage\",\"url\":\"https:\/\/www.asf-quebec.org\/wp-content\/uploads\/2015\/07\/11779759_10153497193083967_4044202146030326784_o.jpg\",\"contentUrl\":\"https:\/\/www.asf-quebec.org\/wp-content\/uploads\/2015\/07\/11779759_10153497193083967_4044202146030326784_o.jpg\",\"width\":2048,\"height\":1536},{\"@type\":\"BreadcrumbList\",\"@id\":\"https:\/\/www.asf-quebec.org\/en\/savoir-faire-traditionnel-autochtone-et-architecture-contemporaine-nouvelles-perspectives\/#breadcrumb\",\"itemListElement\":[{\"@type\":\"ListItem\",\"position\":1,\"name\":\"Accueil\",\"item\":\"https:\/\/www.asf-quebec.org\/en\/\"},{\"@type\":\"ListItem\",\"position\":2,\"name\":\"Savoir-faire traditionnel autochtone et architecture contemporaine : nouvelles perspectives\"}]},{\"@type\":\"WebSite\",\"@id\":\"https:\/\/www.asf-quebec.org\/en\/#website\",\"url\":\"https:\/\/www.asf-quebec.org\/en\/\",\"name\":\"Architecture sans fronti\u00e8res Qu\u00e9bec\",\"description\":\"ASFQ\",\"publisher\":{\"@id\":\"https:\/\/www.asf-quebec.org\/en\/#organization\"},\"potentialAction\":[{\"@type\":\"SearchAction\",\"target\":{\"@type\":\"EntryPoint\",\"urlTemplate\":\"https:\/\/www.asf-quebec.org\/en\/?s={search_term_string}\"},\"query-input\":{\"@type\":\"PropertyValueSpecification\",\"valueRequired\":true,\"valueName\":\"search_term_string\"}}],\"inLanguage\":\"en-US\"},{\"@type\":\"Organization\",\"@id\":\"https:\/\/www.asf-quebec.org\/en\/#organization\",\"name\":\"Architecture sans fronti\u00e8res Qu\u00e9bec (ASFQ)\",\"url\":\"https:\/\/www.asf-quebec.org\/en\/\",\"logo\":{\"@type\":\"ImageObject\",\"inLanguage\":\"en-US\",\"@id\":\"https:\/\/www.asf-quebec.org\/en\/#\/schema\/logo\/image\/\",\"url\":\"https:\/\/www.asf-quebec.org\/wp-content\/uploads\/2019\/07\/Logo-asfq-retina.jpg\",\"contentUrl\":\"https:\/\/www.asf-quebec.org\/wp-content\/uploads\/2019\/07\/Logo-asfq-retina.jpg\",\"width\":564,\"height\":219,\"caption\":\"Architecture sans fronti\u00e8res Qu\u00e9bec (ASFQ)\"},\"image\":{\"@id\":\"https:\/\/www.asf-quebec.org\/en\/#\/schema\/logo\/image\/\"},\"sameAs\":[\"https:\/\/www.facebook.com\/architecturesansfrontieres\/\",\"https:\/\/www.instagram.com\/asfquebec\/\",\"https:\/\/www.linkedin.com\/company\/asf-quebec\/\"]},{\"@type\":\"Person\",\"@id\":\"https:\/\/www.asf-quebec.org\/en\/#\/schema\/person\/9655911da321e5e7c39708ae5de28d6a\",\"name\":\"asf-quebec\",\"image\":{\"@type\":\"ImageObject\",\"inLanguage\":\"en-US\",\"@id\":\"https:\/\/www.asf-quebec.org\/en\/#\/schema\/person\/image\/\",\"url\":\"https:\/\/secure.gravatar.com\/avatar\/e855b116ca919b157a426c59781443a8d88f6c286252b6e0fed2bef83833541c?s=96&d=mm&r=g\",\"contentUrl\":\"https:\/\/secure.gravatar.com\/avatar\/e855b116ca919b157a426c59781443a8d88f6c286252b6e0fed2bef83833541c?s=96&d=mm&r=g\",\"caption\":\"asf-quebec\"}}]}<\/script>\n<!-- \/ Yoast SEO plugin. -->","yoast_head_json":{"title":"Savoir-faire traditionnel autochtone et architecture contemporaine : nouvelles perspectives - Architecture Sans Fronti\u00e8res Qu\u00e9bec %","description":"Savoir-faire traditionnel autochtone et architecture contemporaine : nouvelles perspectives","robots":{"index":"index","follow":"follow","max-snippet":"max-snippet:-1","max-image-preview":"max-image-preview:large","max-video-preview":"max-video-preview:-1"},"canonical":"https:\/\/www.asf-quebec.org\/en\/savoir-faire-traditionnel-autochtone-et-architecture-contemporaine-nouvelles-perspectives\/","og_locale":"en_US","og_type":"article","og_title":"Savoir-faire traditionnel autochtone et architecture contemporaine : nouvelles perspectives - Architecture Sans Fronti\u00e8res Qu\u00e9bec %","og_description":"Savoir-faire traditionnel autochtone et architecture contemporaine : nouvelles perspectives","og_url":"https:\/\/www.asf-quebec.org\/en\/savoir-faire-traditionnel-autochtone-et-architecture-contemporaine-nouvelles-perspectives\/","og_site_name":"Architecture Sans Fronti\u00e8res Qu\u00e9bec","article_publisher":"https:\/\/www.facebook.com\/architecturesansfrontieres\/","article_published_time":"2015-07-01T14:35:38+00:00","author":"asf-quebec","twitter_card":"summary_large_image","twitter_misc":{"Written by":"asf-quebec","Est. reading time":"2 minutes"},"schema":{"@context":"https:\/\/schema.org","@graph":[{"@type":"Article","@id":"https:\/\/www.asf-quebec.org\/en\/savoir-faire-traditionnel-autochtone-et-architecture-contemporaine-nouvelles-perspectives\/#article","isPartOf":{"@id":"https:\/\/www.asf-quebec.org\/en\/savoir-faire-traditionnel-autochtone-et-architecture-contemporaine-nouvelles-perspectives\/"},"author":{"name":"asf-quebec","@id":"https:\/\/www.asf-quebec.org\/en\/#\/schema\/person\/9655911da321e5e7c39708ae5de28d6a"},"headline":"Savoir-faire traditionnel autochtone et architecture contemporaine : nouvelles perspectives","datePublished":"2015-07-01T14:35:38+00:00","mainEntityOfPage":{"@id":"https:\/\/www.asf-quebec.org\/en\/savoir-faire-traditionnel-autochtone-et-architecture-contemporaine-nouvelles-perspectives\/"},"wordCount":471,"publisher":{"@id":"https:\/\/www.asf-quebec.org\/en\/#organization"},"image":{"@id":"https:\/\/www.asf-quebec.org\/en\/savoir-faire-traditionnel-autochtone-et-architecture-contemporaine-nouvelles-perspectives\/#primaryimage"},"thumbnailUrl":"https:\/\/www.asf-quebec.org\/wp-content\/uploads\/2015\/07\/11779759_10153497193083967_4044202146030326784_o.jpg","keywords":["EA","HA"],"inLanguage":"en-US"},{"@type":"WebPage","@id":"https:\/\/www.asf-quebec.org\/en\/savoir-faire-traditionnel-autochtone-et-architecture-contemporaine-nouvelles-perspectives\/","url":"https:\/\/www.asf-quebec.org\/en\/savoir-faire-traditionnel-autochtone-et-architecture-contemporaine-nouvelles-perspectives\/","name":"Savoir-faire traditionnel autochtone et architecture contemporaine : nouvelles perspectives - Architecture Sans Fronti\u00e8res Qu\u00e9bec %","isPartOf":{"@id":"https:\/\/www.asf-quebec.org\/en\/#website"},"primaryImageOfPage":{"@id":"https:\/\/www.asf-quebec.org\/en\/savoir-faire-traditionnel-autochtone-et-architecture-contemporaine-nouvelles-perspectives\/#primaryimage"},"image":{"@id":"https:\/\/www.asf-quebec.org\/en\/savoir-faire-traditionnel-autochtone-et-architecture-contemporaine-nouvelles-perspectives\/#primaryimage"},"thumbnailUrl":"https:\/\/www.asf-quebec.org\/wp-content\/uploads\/2015\/07\/11779759_10153497193083967_4044202146030326784_o.jpg","datePublished":"2015-07-01T14:35:38+00:00","description":"Savoir-faire traditionnel autochtone et architecture contemporaine : nouvelles perspectives","breadcrumb":{"@id":"https:\/\/www.asf-quebec.org\/en\/savoir-faire-traditionnel-autochtone-et-architecture-contemporaine-nouvelles-perspectives\/#breadcrumb"},"inLanguage":"en-US","potentialAction":[{"@type":"ReadAction","target":["https:\/\/www.asf-quebec.org\/en\/savoir-faire-traditionnel-autochtone-et-architecture-contemporaine-nouvelles-perspectives\/"]}]},{"@type":"ImageObject","inLanguage":"en-US","@id":"https:\/\/www.asf-quebec.org\/en\/savoir-faire-traditionnel-autochtone-et-architecture-contemporaine-nouvelles-perspectives\/#primaryimage","url":"https:\/\/www.asf-quebec.org\/wp-content\/uploads\/2015\/07\/11779759_10153497193083967_4044202146030326784_o.jpg","contentUrl":"https:\/\/www.asf-quebec.org\/wp-content\/uploads\/2015\/07\/11779759_10153497193083967_4044202146030326784_o.jpg","width":2048,"height":1536},{"@type":"BreadcrumbList","@id":"https:\/\/www.asf-quebec.org\/en\/savoir-faire-traditionnel-autochtone-et-architecture-contemporaine-nouvelles-perspectives\/#breadcrumb","itemListElement":[{"@type":"ListItem","position":1,"name":"Accueil","item":"https:\/\/www.asf-quebec.org\/en\/"},{"@type":"ListItem","position":2,"name":"Savoir-faire traditionnel autochtone et architecture contemporaine : nouvelles perspectives"}]},{"@type":"WebSite","@id":"https:\/\/www.asf-quebec.org\/en\/#website","url":"https:\/\/www.asf-quebec.org\/en\/","name":"Architecture sans fronti\u00e8res Qu\u00e9bec","description":"ASFQ","publisher":{"@id":"https:\/\/www.asf-quebec.org\/en\/#organization"},"potentialAction":[{"@type":"SearchAction","target":{"@type":"EntryPoint","urlTemplate":"https:\/\/www.asf-quebec.org\/en\/?s={search_term_string}"},"query-input":{"@type":"PropertyValueSpecification","valueRequired":true,"valueName":"search_term_string"}}],"inLanguage":"en-US"},{"@type":"Organization","@id":"https:\/\/www.asf-quebec.org\/en\/#organization","name":"Architecture sans fronti\u00e8res Qu\u00e9bec (ASFQ)","url":"https:\/\/www.asf-quebec.org\/en\/","logo":{"@type":"ImageObject","inLanguage":"en-US","@id":"https:\/\/www.asf-quebec.org\/en\/#\/schema\/logo\/image\/","url":"https:\/\/www.asf-quebec.org\/wp-content\/uploads\/2019\/07\/Logo-asfq-retina.jpg","contentUrl":"https:\/\/www.asf-quebec.org\/wp-content\/uploads\/2019\/07\/Logo-asfq-retina.jpg","width":564,"height":219,"caption":"Architecture sans fronti\u00e8res Qu\u00e9bec (ASFQ)"},"image":{"@id":"https:\/\/www.asf-quebec.org\/en\/#\/schema\/logo\/image\/"},"sameAs":["https:\/\/www.facebook.com\/architecturesansfrontieres\/","https:\/\/www.instagram.com\/asfquebec\/","https:\/\/www.linkedin.com\/company\/asf-quebec\/"]},{"@type":"Person","@id":"https:\/\/www.asf-quebec.org\/en\/#\/schema\/person\/9655911da321e5e7c39708ae5de28d6a","name":"asf-quebec","image":{"@type":"ImageObject","inLanguage":"en-US","@id":"https:\/\/www.asf-quebec.org\/en\/#\/schema\/person\/image\/","url":"https:\/\/secure.gravatar.com\/avatar\/e855b116ca919b157a426c59781443a8d88f6c286252b6e0fed2bef83833541c?s=96&d=mm&r=g","contentUrl":"https:\/\/secure.gravatar.com\/avatar\/e855b116ca919b157a426c59781443a8d88f6c286252b6e0fed2bef83833541c?s=96&d=mm&r=g","caption":"asf-quebec"}}]}},"_links":{"self":[{"href":"https:\/\/www.asf-quebec.org\/en\/wp-json\/wp\/v2\/posts\/951334","targetHints":{"allow":["GET"]}}],"collection":[{"href":"https:\/\/www.asf-quebec.org\/en\/wp-json\/wp\/v2\/posts"}],"about":[{"href":"https:\/\/www.asf-quebec.org\/en\/wp-json\/wp\/v2\/types\/post"}],"author":[{"embeddable":true,"href":"https:\/\/www.asf-quebec.org\/en\/wp-json\/wp\/v2\/users\/2"}],"replies":[{"embeddable":true,"href":"https:\/\/www.asf-quebec.org\/en\/wp-json\/wp\/v2\/comments?post=951334"}],"version-history":[{"count":0,"href":"https:\/\/www.asf-quebec.org\/en\/wp-json\/wp\/v2\/posts\/951334\/revisions"}],"wp:featuredmedia":[{"embeddable":true,"href":"https:\/\/www.asf-quebec.org\/en\/wp-json\/wp\/v2\/media\/302364"}],"wp:attachment":[{"href":"https:\/\/www.asf-quebec.org\/en\/wp-json\/wp\/v2\/media?parent=951334"}],"wp:term":[{"taxonomy":"category","embeddable":true,"href":"https:\/\/www.asf-quebec.org\/en\/wp-json\/wp\/v2\/categories?post=951334"},{"taxonomy":"post_tag","embeddable":true,"href":"https:\/\/www.asf-quebec.org\/en\/wp-json\/wp\/v2\/tags?post=951334"}],"curies":[{"name":"wp","href":"https:\/\/api.w.org\/{rel}","templated":true}]}}