{"id":951328,"date":"2017-12-06T18:00:33","date_gmt":"2017-12-06T18:00:33","guid":{"rendered":"https:\/\/www.asf-quebec.org\/la-soiree-des-grands-a-2017-le-cocktail-benefice-annuel-dauc\/"},"modified":"2017-12-06T18:00:33","modified_gmt":"2017-12-06T18:00:33","slug":"la-soiree-des-grands-a-2017-le-cocktail-benefice-annuel-dauc","status":"publish","type":"post","link":"https:\/\/www.asf-quebec.org\/en\/la-soiree-des-grands-a-2017-le-cocktail-benefice-annuel-dauc\/","title":{"rendered":"La Soir\u00e9e des Grands A 2017 &#8211; Le cocktail-b\u00e9n\u00e9fice annuel d&#8217;AUC"},"content":{"rendered":"<h3 style=\"font-weight: 400;\">Ne manquez pas le cocktail-b\u00e9n\u00e9fice annuel d&#8217;<b><strong><a href=\"http:\/\/architectes-urgence.ca\/\">Architectes de l&#8217;urgence et de la coop\u00e9ration<\/a>\u00a0(AUC)<\/strong><\/b>, qui aura lieu le mercredi 6 d\u00e9cembre 2017, dans la magnifique salle de l\u2019Atrium du Conseil des arts de Montr\u00e9al, \u00e0 compter de 18 h.<\/h3>\n<p style=\"font-weight: 400;\">Intitul\u00e9e<b><strong>\u00a0La Soir\u00e9e des grands A<\/strong><\/b>, cette \u00e9dition marquera le lancement de l\u2019ann\u00e9e du 10e anniversaire de l\u2019organisme qui s\u2019\u00e9tendra jusqu\u2019en d\u00e9cembre 2018. Ce sera l&#8217;occasion de remercier nos\u00a0<b><strong><em>Alli\u00e9s<\/em><\/strong><\/b>, nos\u00a0<b><strong><em>Architectes<\/em><\/strong><\/b>, nos\u00a0<b><strong><em>Amis<\/em><\/strong><\/b>, nos\u00a0<b><strong><em>Adh\u00e9rents<\/em><\/strong><\/b>\u00a0et tant d&#8217;autres\u00a0<b><strong><em>Grands A<\/em>\u00a0<\/strong><\/b>qui rendent notre action possible depuis 10 ans!<\/p>\n<p style=\"font-weight: 400;\">L\u2019\u00e9quipe d\u2019AUC vous r\u00e9serve une soir\u00e9e haute en couleurs et en saveurs, qui sera anim\u00e9e par le journaliste Marc-Andr\u00e9 Carignan, ponctu\u00e9e de performances artistiques et de surprises. Elle regroupera quelques 200 personnes des milieux de l\u2019architecture, du design et de la construction. Un encan silencieux d\u2019exception au profit de l\u2019organisme vous offrira des articles et exp\u00e9riences pour lesquelles les mises d\u00e9buteront \u00e0 40 % de leur valeur. Une soir\u00e9e parfaite pour finir l&#8217;ann\u00e9e 2017 en beaut\u00e9!<\/p>\n<p style=\"font-weight: 400;\"><b><strong>PROGRAMME<\/strong><\/b><\/p>\n<ul style=\"font-weight: 400;\">\n<li>18h00 &#8211; 21h30 (ouverture des portes d\u00e8s 17h30)<\/li>\n<li>Animation :\u00a0<a href=\"https:\/\/marcandrecarignan.com\/\">Marc-Andr\u00e9 Carignan<\/a><\/li>\n<li>Invit\u00e9e d&#8217;honneur : Nathalie Dion, pr\u00e9sidente de l&#8217;OAQ<\/li>\n<li>R\u00e9seautage + DJ<\/li>\n<li>Cocktail d\u00eenatoire (vos consommations sont incluses!)<\/li>\n<li>Encan silencieux<\/li>\n<li>Annonces et allocutions sp\u00e9ciales<\/li>\n<li>Autres performances artistiques sp\u00e9ciales&#8230;.<\/li>\n<\/ul>\n<p style=\"font-weight: 400;\"><b><strong>MUSIQUE<\/strong><\/b>\u00a0: l&#8217;\u00e9nergisant\u00a0<b><strong><a href=\"http:\/\/www.alexbellegarde.com\/trio_fr.html\">Alex Bellegarde<\/a>\u00a0<\/strong><\/b>nous fera vibrer l&#8217;\u00c2me avec un grand A avec les grooves riches et complexes de son trio happy lounge jazz&#8230;<\/p>\n<p style=\"font-weight: 400;\"><b><strong>LES BILLETS :<\/strong><\/b><\/p>\n<ul style=\"font-weight: 400;\">\n<li>Non-membre : 125$ (re\u00e7u de charit\u00e9 de 75$)<\/li>\n<li>Membre OAQ\/AUC : 95$ (re\u00e7u de charit\u00e9 de 45$)<\/li>\n<li>\u00c9tudiant\/stagiaire : 45$<\/li>\n<li>Commanditaires (voir plus bas)<\/li>\n<li>Dons (voir plus bas)<\/li>\n<\/ul>\n<p style=\"font-weight: 400;\">Votre participation \u00e0 cette soir\u00e9e soutiendra la lev\u00e9e de fonds annuelle de l\u2019organisme au profit de communaut\u00e9s dans le besoin ici au Canada et ailleurs dans le monde. Une partie de votre billet vous vaudra un re\u00e7u de charit\u00e9 d\u00e9ductible d&#8217;imp\u00f4t.<\/p>\n<p style=\"font-weight: 400;\"><b><strong>Procurez-vous vos billets ici sur Eventbrite ou, au besoin, remplissez notre\u00a0<a href=\"http:\/\/architectes-urgence.ca\/wp-content\/uploads\/Form_Vente_billet2017_DynVF2.pdf\">formulaire d&#8217;inscription<\/a>\u00a0et retounez-le \u00e0\u00a0<a href=\"mailto:info@architectes-urgence.ca\">info@architectes-urgence.ca<\/a><\/strong><\/b><\/p>\n<p style=\"font-weight: 400;\"><b><strong>FAIRE UN DON<\/strong><\/b><\/p>\n<p style=\"font-weight: 400;\">Vous ne pouvez venir \u00e0 l&#8217;\u00e9v\u00e8nement mais souhaitez appuyer notre lev\u00e9e de fonds annuelle avec un don chritable?\u00a0<b><strong>Remplissez la case &#8220;Don&#8221; de notre\u00a0<a href=\"http:\/\/architectes-urgence.ca\/wp-content\/uploads\/Form_Vente_billet2017_DynVF2.pdf\">formulaire d&#8217;inscription<\/a>\u00a0et retounez-le \u00e0\u00a0<a href=\"mailto:info@architectes-urgence.ca\">info@architectes-urgence.ca<\/a>\u00a0<\/strong><\/b>Si vous pr\u00e9f\u00e9rez proc\u00e9der directement en ligne, faites votre con via\u00a0<a href=\"https:\/\/www.canadahelps.org\/fr\/organismesdebienfaisance\/architectes-de-lurgence-emergency-architects\/#donate-now-pane\">notre plate-forme CanaDon<\/a>.<\/p>\n<p style=\"font-weight: 400;\">Dans les deux cas, un re\u00e7u de charit\u00e9 vous sera envoy\u00e9 pour fin d&#8217;imp\u00f4ts!<\/p>\n<p style=\"font-weight: 400;\"><b><strong>\u00c0 PROPOS D&#8217;AUC :<\/strong><\/b><\/p>\n<p style=\"font-weight: 400;\">Depuis ses d\u00e9buts les\u00a0<a href=\"http:\/\/architectes-urgence.ca\/\">Architectes de l&#8217;urgence et de la coop\u00e9ration<\/a>\u00a0repr\u00e9sentent le bras humanitaire de l\u2019Ordre des architectes du Qu\u00e9bec avec pr\u00e8s de 4000 membres. Gr\u00e2ce \u00e0 l\u2019infaillible soutien de ses membres et de ses partenaires, AUC a su agir dans les communaut\u00e9s d\u2019ici et d\u2019ailleurs pour am\u00e9liorer les conditions de vies de milliers de personnes. Alors qu\u2019il entame sa 10e ann\u00e9e, l\u2019organisme se donne les moyens de faire davantage.<\/p>\n<p style=\"font-weight: 400;\"><b><strong>COMMANDITAIRES :<\/strong><\/b><\/p>\n<p style=\"font-weight: 400;\">Vous voulez appuyer la cause d&#8217;AUC? Devenez commanditaire de l&#8217;\u00e9v\u00e9nement et b\u00e9n\u00e9ficiez aussi d&#8217;une visibilit\u00e9 de partenaire annuel durant toute l&#8217;ann\u00e9e 2018, qui marquera notre 10e anniversaire!<\/p>\n<p style=\"font-weight: 400;\">Consultez notre\u00a0<b><strong><a href=\"http:\/\/architectes-urgence.ca\/wp-content\/uploads\/Plan_Visibilite_Commanditaire_SGA2017.pdf\">plan de visibilit\u00e9<\/a>,<\/strong><\/b>\u00a0retournez le\u00a0<b><strong><a href=\"http:\/\/architectes-urgence.ca\/wp-content\/uploads\/Form_Vente_billet2017_DynVF2.pdf\">formulaire<\/a><\/strong><\/b>\u00a0rempli \u00e0\u00a0<a href=\"mailto:info@architectes-urgence.ca\">info@architectes-urgence.ca<\/a>\u00a0ou contactez-nous directement au 514-868-1767<\/p>\n<p style=\"font-weight: 400;\">Vous voulez commanditez en achetant des billets? Possible :<\/p>\n<ul style=\"font-weight: 400;\">\n<li>Achetez 10 billets et b\u00e9n\u00e9ficiez d&#8217;une visibilit\u00e9 annuelle de partenaire &#8220;Ami&#8221; !<\/li>\n<li>Achetez 20 billets et b\u00e9n\u00e9ficiez d&#8217;une visibilit\u00e9 annuelle de partenaire &#8220;Solidaire&#8221; !<\/li>\n<\/ul>\n","protected":false},"excerpt":{"rendered":"<p>Ne manquez pas le cocktail-b\u00e9n\u00e9fice annuel d&#8217;Architectes de l&#8217;urgence et <a href=\"https:\/\/www.asf-quebec.org\/en\/la-soiree-des-grands-a-2017-le-cocktail-benefice-annuel-dauc\/\"> [&#8230;]<\/a><\/p>\n","protected":false},"author":2,"featured_media":302131,"comment_status":"closed","ping_status":"closed","sticky":false,"template":"","format":"standard","meta":{"_acf_changed":false,"footnotes":""},"categories":[30],"tags":[],"class_list":["post-951328","post","type-post","status-publish","format-standard","has-post-thumbnail","hentry","category-uncategorized"],"acf":[],"yoast_head":"<!-- This site is optimized with the Yoast SEO plugin v26.8 - https:\/\/yoast.com\/product\/yoast-seo-wordpress\/ -->\n<title>La Soir\u00e9e des Grands A 2017 - Le cocktail-b\u00e9n\u00e9fice annuel d&#039;AUC - Architecture Sans Fronti\u00e8res Qu\u00e9bec %<\/title>\n<meta name=\"description\" content=\"La Soir\u00e9e des Grands A 2017 - Le cocktail-b\u00e9n\u00e9fice annuel d&#039;AUC\" \/>\n<meta name=\"robots\" content=\"index, follow, max-snippet:-1, max-image-preview:large, max-video-preview:-1\" \/>\n<link rel=\"canonical\" href=\"https:\/\/www.asf-quebec.org\/en\/la-soiree-des-grands-a-2017-le-cocktail-benefice-annuel-dauc\/\" \/>\n<meta property=\"og:locale\" content=\"en_US\" \/>\n<meta property=\"og:type\" content=\"article\" \/>\n<meta property=\"og:title\" content=\"La Soir\u00e9e des Grands A 2017 - Le cocktail-b\u00e9n\u00e9fice annuel d&#039;AUC - Architecture Sans Fronti\u00e8res Qu\u00e9bec %\" \/>\n<meta property=\"og:description\" content=\"La Soir\u00e9e des Grands A 2017 - Le cocktail-b\u00e9n\u00e9fice annuel d&#039;AUC\" \/>\n<meta property=\"og:url\" content=\"https:\/\/www.asf-quebec.org\/en\/la-soiree-des-grands-a-2017-le-cocktail-benefice-annuel-dauc\/\" \/>\n<meta property=\"og:site_name\" content=\"Architecture Sans Fronti\u00e8res Qu\u00e9bec\" \/>\n<meta property=\"article:publisher\" content=\"https:\/\/www.facebook.com\/architecturesansfrontieres\/\" \/>\n<meta property=\"article:published_time\" content=\"2017-12-06T18:00:33+00:00\" \/>\n<meta name=\"author\" content=\"asf-quebec\" \/>\n<meta name=\"twitter:card\" content=\"summary_large_image\" \/>\n<meta name=\"twitter:label1\" content=\"Written by\" \/>\n\t<meta name=\"twitter:data1\" content=\"asf-quebec\" \/>\n\t<meta name=\"twitter:label2\" content=\"Est. reading time\" \/>\n\t<meta name=\"twitter:data2\" content=\"3 minutes\" \/>\n<script type=\"application\/ld+json\" class=\"yoast-schema-graph\">{\"@context\":\"https:\/\/schema.org\",\"@graph\":[{\"@type\":\"Article\",\"@id\":\"https:\/\/www.asf-quebec.org\/en\/la-soiree-des-grands-a-2017-le-cocktail-benefice-annuel-dauc\/#article\",\"isPartOf\":{\"@id\":\"https:\/\/www.asf-quebec.org\/en\/la-soiree-des-grands-a-2017-le-cocktail-benefice-annuel-dauc\/\"},\"author\":{\"name\":\"asf-quebec\",\"@id\":\"https:\/\/www.asf-quebec.org\/en\/#\/schema\/person\/9655911da321e5e7c39708ae5de28d6a\"},\"headline\":\"La Soir\u00e9e des Grands A 2017 &#8211; Le cocktail-b\u00e9n\u00e9fice annuel d&#8217;AUC\",\"datePublished\":\"2017-12-06T18:00:33+00:00\",\"mainEntityOfPage\":{\"@id\":\"https:\/\/www.asf-quebec.org\/en\/la-soiree-des-grands-a-2017-le-cocktail-benefice-annuel-dauc\/\"},\"wordCount\":612,\"publisher\":{\"@id\":\"https:\/\/www.asf-quebec.org\/en\/#organization\"},\"image\":{\"@id\":\"https:\/\/www.asf-quebec.org\/en\/la-soiree-des-grands-a-2017-le-cocktail-benefice-annuel-dauc\/#primaryimage\"},\"thumbnailUrl\":\"https:\/\/www.asf-quebec.org\/wp-content\/uploads\/2020\/01\/https___cdn.evbuc_.com_images_36718298_46418086933_1_original.jpg\",\"inLanguage\":\"en-US\"},{\"@type\":\"WebPage\",\"@id\":\"https:\/\/www.asf-quebec.org\/en\/la-soiree-des-grands-a-2017-le-cocktail-benefice-annuel-dauc\/\",\"url\":\"https:\/\/www.asf-quebec.org\/en\/la-soiree-des-grands-a-2017-le-cocktail-benefice-annuel-dauc\/\",\"name\":\"La Soir\u00e9e des Grands A 2017 - Le cocktail-b\u00e9n\u00e9fice annuel d'AUC - Architecture Sans Fronti\u00e8res Qu\u00e9bec %\",\"isPartOf\":{\"@id\":\"https:\/\/www.asf-quebec.org\/en\/#website\"},\"primaryImageOfPage\":{\"@id\":\"https:\/\/www.asf-quebec.org\/en\/la-soiree-des-grands-a-2017-le-cocktail-benefice-annuel-dauc\/#primaryimage\"},\"image\":{\"@id\":\"https:\/\/www.asf-quebec.org\/en\/la-soiree-des-grands-a-2017-le-cocktail-benefice-annuel-dauc\/#primaryimage\"},\"thumbnailUrl\":\"https:\/\/www.asf-quebec.org\/wp-content\/uploads\/2020\/01\/https___cdn.evbuc_.com_images_36718298_46418086933_1_original.jpg\",\"datePublished\":\"2017-12-06T18:00:33+00:00\",\"description\":\"La Soir\u00e9e des Grands A 2017 - Le cocktail-b\u00e9n\u00e9fice annuel d'AUC\",\"breadcrumb\":{\"@id\":\"https:\/\/www.asf-quebec.org\/en\/la-soiree-des-grands-a-2017-le-cocktail-benefice-annuel-dauc\/#breadcrumb\"},\"inLanguage\":\"en-US\",\"potentialAction\":[{\"@type\":\"ReadAction\",\"target\":[\"https:\/\/www.asf-quebec.org\/en\/la-soiree-des-grands-a-2017-le-cocktail-benefice-annuel-dauc\/\"]}]},{\"@type\":\"ImageObject\",\"inLanguage\":\"en-US\",\"@id\":\"https:\/\/www.asf-quebec.org\/en\/la-soiree-des-grands-a-2017-le-cocktail-benefice-annuel-dauc\/#primaryimage\",\"url\":\"https:\/\/www.asf-quebec.org\/wp-content\/uploads\/2020\/01\/https___cdn.evbuc_.com_images_36718298_46418086933_1_original.jpg\",\"contentUrl\":\"https:\/\/www.asf-quebec.org\/wp-content\/uploads\/2020\/01\/https___cdn.evbuc_.com_images_36718298_46418086933_1_original.jpg\",\"width\":800,\"height\":400},{\"@type\":\"BreadcrumbList\",\"@id\":\"https:\/\/www.asf-quebec.org\/en\/la-soiree-des-grands-a-2017-le-cocktail-benefice-annuel-dauc\/#breadcrumb\",\"itemListElement\":[{\"@type\":\"ListItem\",\"position\":1,\"name\":\"Accueil\",\"item\":\"https:\/\/www.asf-quebec.org\/en\/\"},{\"@type\":\"ListItem\",\"position\":2,\"name\":\"La Soir\u00e9e des Grands A 2017 &#8211; Le cocktail-b\u00e9n\u00e9fice annuel d&rsquo;AUC\"}]},{\"@type\":\"WebSite\",\"@id\":\"https:\/\/www.asf-quebec.org\/en\/#website\",\"url\":\"https:\/\/www.asf-quebec.org\/en\/\",\"name\":\"Architecture sans fronti\u00e8res Qu\u00e9bec\",\"description\":\"ASFQ\",\"publisher\":{\"@id\":\"https:\/\/www.asf-quebec.org\/en\/#organization\"},\"potentialAction\":[{\"@type\":\"SearchAction\",\"target\":{\"@type\":\"EntryPoint\",\"urlTemplate\":\"https:\/\/www.asf-quebec.org\/en\/?s={search_term_string}\"},\"query-input\":{\"@type\":\"PropertyValueSpecification\",\"valueRequired\":true,\"valueName\":\"search_term_string\"}}],\"inLanguage\":\"en-US\"},{\"@type\":\"Organization\",\"@id\":\"https:\/\/www.asf-quebec.org\/en\/#organization\",\"name\":\"Architecture sans fronti\u00e8res Qu\u00e9bec (ASFQ)\",\"url\":\"https:\/\/www.asf-quebec.org\/en\/\",\"logo\":{\"@type\":\"ImageObject\",\"inLanguage\":\"en-US\",\"@id\":\"https:\/\/www.asf-quebec.org\/en\/#\/schema\/logo\/image\/\",\"url\":\"https:\/\/www.asf-quebec.org\/wp-content\/uploads\/2019\/07\/Logo-asfq-retina.jpg\",\"contentUrl\":\"https:\/\/www.asf-quebec.org\/wp-content\/uploads\/2019\/07\/Logo-asfq-retina.jpg\",\"width\":564,\"height\":219,\"caption\":\"Architecture sans fronti\u00e8res Qu\u00e9bec (ASFQ)\"},\"image\":{\"@id\":\"https:\/\/www.asf-quebec.org\/en\/#\/schema\/logo\/image\/\"},\"sameAs\":[\"https:\/\/www.facebook.com\/architecturesansfrontieres\/\",\"https:\/\/www.instagram.com\/asfquebec\/\",\"https:\/\/www.linkedin.com\/company\/asf-quebec\/\"]},{\"@type\":\"Person\",\"@id\":\"https:\/\/www.asf-quebec.org\/en\/#\/schema\/person\/9655911da321e5e7c39708ae5de28d6a\",\"name\":\"asf-quebec\",\"image\":{\"@type\":\"ImageObject\",\"inLanguage\":\"en-US\",\"@id\":\"https:\/\/www.asf-quebec.org\/en\/#\/schema\/person\/image\/\",\"url\":\"https:\/\/secure.gravatar.com\/avatar\/e855b116ca919b157a426c59781443a8d88f6c286252b6e0fed2bef83833541c?s=96&d=mm&r=g\",\"contentUrl\":\"https:\/\/secure.gravatar.com\/avatar\/e855b116ca919b157a426c59781443a8d88f6c286252b6e0fed2bef83833541c?s=96&d=mm&r=g\",\"caption\":\"asf-quebec\"}}]}<\/script>\n<!-- \/ Yoast SEO plugin. -->","yoast_head_json":{"title":"La Soir\u00e9e des Grands A 2017 - Le cocktail-b\u00e9n\u00e9fice annuel d'AUC - Architecture Sans Fronti\u00e8res Qu\u00e9bec %","description":"La Soir\u00e9e des Grands A 2017 - Le cocktail-b\u00e9n\u00e9fice annuel d'AUC","robots":{"index":"index","follow":"follow","max-snippet":"max-snippet:-1","max-image-preview":"max-image-preview:large","max-video-preview":"max-video-preview:-1"},"canonical":"https:\/\/www.asf-quebec.org\/en\/la-soiree-des-grands-a-2017-le-cocktail-benefice-annuel-dauc\/","og_locale":"en_US","og_type":"article","og_title":"La Soir\u00e9e des Grands A 2017 - Le cocktail-b\u00e9n\u00e9fice annuel d'AUC - Architecture Sans Fronti\u00e8res Qu\u00e9bec %","og_description":"La Soir\u00e9e des Grands A 2017 - Le cocktail-b\u00e9n\u00e9fice annuel d'AUC","og_url":"https:\/\/www.asf-quebec.org\/en\/la-soiree-des-grands-a-2017-le-cocktail-benefice-annuel-dauc\/","og_site_name":"Architecture Sans Fronti\u00e8res Qu\u00e9bec","article_publisher":"https:\/\/www.facebook.com\/architecturesansfrontieres\/","article_published_time":"2017-12-06T18:00:33+00:00","author":"asf-quebec","twitter_card":"summary_large_image","twitter_misc":{"Written by":"asf-quebec","Est. reading time":"3 minutes"},"schema":{"@context":"https:\/\/schema.org","@graph":[{"@type":"Article","@id":"https:\/\/www.asf-quebec.org\/en\/la-soiree-des-grands-a-2017-le-cocktail-benefice-annuel-dauc\/#article","isPartOf":{"@id":"https:\/\/www.asf-quebec.org\/en\/la-soiree-des-grands-a-2017-le-cocktail-benefice-annuel-dauc\/"},"author":{"name":"asf-quebec","@id":"https:\/\/www.asf-quebec.org\/en\/#\/schema\/person\/9655911da321e5e7c39708ae5de28d6a"},"headline":"La Soir\u00e9e des Grands A 2017 &#8211; Le cocktail-b\u00e9n\u00e9fice annuel d&#8217;AUC","datePublished":"2017-12-06T18:00:33+00:00","mainEntityOfPage":{"@id":"https:\/\/www.asf-quebec.org\/en\/la-soiree-des-grands-a-2017-le-cocktail-benefice-annuel-dauc\/"},"wordCount":612,"publisher":{"@id":"https:\/\/www.asf-quebec.org\/en\/#organization"},"image":{"@id":"https:\/\/www.asf-quebec.org\/en\/la-soiree-des-grands-a-2017-le-cocktail-benefice-annuel-dauc\/#primaryimage"},"thumbnailUrl":"https:\/\/www.asf-quebec.org\/wp-content\/uploads\/2020\/01\/https___cdn.evbuc_.com_images_36718298_46418086933_1_original.jpg","inLanguage":"en-US"},{"@type":"WebPage","@id":"https:\/\/www.asf-quebec.org\/en\/la-soiree-des-grands-a-2017-le-cocktail-benefice-annuel-dauc\/","url":"https:\/\/www.asf-quebec.org\/en\/la-soiree-des-grands-a-2017-le-cocktail-benefice-annuel-dauc\/","name":"La Soir\u00e9e des Grands A 2017 - Le cocktail-b\u00e9n\u00e9fice annuel d'AUC - Architecture Sans Fronti\u00e8res Qu\u00e9bec %","isPartOf":{"@id":"https:\/\/www.asf-quebec.org\/en\/#website"},"primaryImageOfPage":{"@id":"https:\/\/www.asf-quebec.org\/en\/la-soiree-des-grands-a-2017-le-cocktail-benefice-annuel-dauc\/#primaryimage"},"image":{"@id":"https:\/\/www.asf-quebec.org\/en\/la-soiree-des-grands-a-2017-le-cocktail-benefice-annuel-dauc\/#primaryimage"},"thumbnailUrl":"https:\/\/www.asf-quebec.org\/wp-content\/uploads\/2020\/01\/https___cdn.evbuc_.com_images_36718298_46418086933_1_original.jpg","datePublished":"2017-12-06T18:00:33+00:00","description":"La Soir\u00e9e des Grands A 2017 - Le cocktail-b\u00e9n\u00e9fice annuel d'AUC","breadcrumb":{"@id":"https:\/\/www.asf-quebec.org\/en\/la-soiree-des-grands-a-2017-le-cocktail-benefice-annuel-dauc\/#breadcrumb"},"inLanguage":"en-US","potentialAction":[{"@type":"ReadAction","target":["https:\/\/www.asf-quebec.org\/en\/la-soiree-des-grands-a-2017-le-cocktail-benefice-annuel-dauc\/"]}]},{"@type":"ImageObject","inLanguage":"en-US","@id":"https:\/\/www.asf-quebec.org\/en\/la-soiree-des-grands-a-2017-le-cocktail-benefice-annuel-dauc\/#primaryimage","url":"https:\/\/www.asf-quebec.org\/wp-content\/uploads\/2020\/01\/https___cdn.evbuc_.com_images_36718298_46418086933_1_original.jpg","contentUrl":"https:\/\/www.asf-quebec.org\/wp-content\/uploads\/2020\/01\/https___cdn.evbuc_.com_images_36718298_46418086933_1_original.jpg","width":800,"height":400},{"@type":"BreadcrumbList","@id":"https:\/\/www.asf-quebec.org\/en\/la-soiree-des-grands-a-2017-le-cocktail-benefice-annuel-dauc\/#breadcrumb","itemListElement":[{"@type":"ListItem","position":1,"name":"Accueil","item":"https:\/\/www.asf-quebec.org\/en\/"},{"@type":"ListItem","position":2,"name":"La Soir\u00e9e des Grands A 2017 &#8211; Le cocktail-b\u00e9n\u00e9fice annuel d&rsquo;AUC"}]},{"@type":"WebSite","@id":"https:\/\/www.asf-quebec.org\/en\/#website","url":"https:\/\/www.asf-quebec.org\/en\/","name":"Architecture sans fronti\u00e8res Qu\u00e9bec","description":"ASFQ","publisher":{"@id":"https:\/\/www.asf-quebec.org\/en\/#organization"},"potentialAction":[{"@type":"SearchAction","target":{"@type":"EntryPoint","urlTemplate":"https:\/\/www.asf-quebec.org\/en\/?s={search_term_string}"},"query-input":{"@type":"PropertyValueSpecification","valueRequired":true,"valueName":"search_term_string"}}],"inLanguage":"en-US"},{"@type":"Organization","@id":"https:\/\/www.asf-quebec.org\/en\/#organization","name":"Architecture sans fronti\u00e8res Qu\u00e9bec (ASFQ)","url":"https:\/\/www.asf-quebec.org\/en\/","logo":{"@type":"ImageObject","inLanguage":"en-US","@id":"https:\/\/www.asf-quebec.org\/en\/#\/schema\/logo\/image\/","url":"https:\/\/www.asf-quebec.org\/wp-content\/uploads\/2019\/07\/Logo-asfq-retina.jpg","contentUrl":"https:\/\/www.asf-quebec.org\/wp-content\/uploads\/2019\/07\/Logo-asfq-retina.jpg","width":564,"height":219,"caption":"Architecture sans fronti\u00e8res Qu\u00e9bec (ASFQ)"},"image":{"@id":"https:\/\/www.asf-quebec.org\/en\/#\/schema\/logo\/image\/"},"sameAs":["https:\/\/www.facebook.com\/architecturesansfrontieres\/","https:\/\/www.instagram.com\/asfquebec\/","https:\/\/www.linkedin.com\/company\/asf-quebec\/"]},{"@type":"Person","@id":"https:\/\/www.asf-quebec.org\/en\/#\/schema\/person\/9655911da321e5e7c39708ae5de28d6a","name":"asf-quebec","image":{"@type":"ImageObject","inLanguage":"en-US","@id":"https:\/\/www.asf-quebec.org\/en\/#\/schema\/person\/image\/","url":"https:\/\/secure.gravatar.com\/avatar\/e855b116ca919b157a426c59781443a8d88f6c286252b6e0fed2bef83833541c?s=96&d=mm&r=g","contentUrl":"https:\/\/secure.gravatar.com\/avatar\/e855b116ca919b157a426c59781443a8d88f6c286252b6e0fed2bef83833541c?s=96&d=mm&r=g","caption":"asf-quebec"}}]}},"_links":{"self":[{"href":"https:\/\/www.asf-quebec.org\/en\/wp-json\/wp\/v2\/posts\/951328","targetHints":{"allow":["GET"]}}],"collection":[{"href":"https:\/\/www.asf-quebec.org\/en\/wp-json\/wp\/v2\/posts"}],"about":[{"href":"https:\/\/www.asf-quebec.org\/en\/wp-json\/wp\/v2\/types\/post"}],"author":[{"embeddable":true,"href":"https:\/\/www.asf-quebec.org\/en\/wp-json\/wp\/v2\/users\/2"}],"replies":[{"embeddable":true,"href":"https:\/\/www.asf-quebec.org\/en\/wp-json\/wp\/v2\/comments?post=951328"}],"version-history":[{"count":0,"href":"https:\/\/www.asf-quebec.org\/en\/wp-json\/wp\/v2\/posts\/951328\/revisions"}],"wp:featuredmedia":[{"embeddable":true,"href":"https:\/\/www.asf-quebec.org\/en\/wp-json\/wp\/v2\/media\/302131"}],"wp:attachment":[{"href":"https:\/\/www.asf-quebec.org\/en\/wp-json\/wp\/v2\/media?parent=951328"}],"wp:term":[{"taxonomy":"category","embeddable":true,"href":"https:\/\/www.asf-quebec.org\/en\/wp-json\/wp\/v2\/categories?post=951328"},{"taxonomy":"post_tag","embeddable":true,"href":"https:\/\/www.asf-quebec.org\/en\/wp-json\/wp\/v2\/tags?post=951328"}],"curies":[{"name":"wp","href":"https:\/\/api.w.org\/{rel}","templated":true}]}}