{"id":951325,"date":"2017-12-13T15:11:06","date_gmt":"2017-12-13T15:11:06","guid":{"rendered":"https:\/\/www.asf-quebec.org\/communique-auc-deviendra-architecture-sans-frontieres-quebec\/"},"modified":"2017-12-13T15:11:06","modified_gmt":"2017-12-13T15:11:06","slug":"communique-auc-deviendra-architecture-sans-frontieres-quebec","status":"publish","type":"post","link":"https:\/\/www.asf-quebec.org\/en\/communique-auc-deviendra-architecture-sans-frontieres-quebec\/","title":{"rendered":"Communiqu\u00e9 : AUC deviendra Architecture sans fronti\u00e8res Qu\u00e9bec"},"content":{"rendered":"<header class=\"post-header\">\n<h1 class=\"gdlr-blog-title\">Communiqu\u00e9 : AUC deviendra Architecture sans fronti\u00e8res Qu\u00e9bec<\/h1>\n<div class=\"clear\"><\/div>\n<\/header>\n<div class=\"gdlr-blog-content\">\n<p><strong>COMMUNIQU\u00c9<\/strong><\/p>\n<p><strong>Pour diffusion imm\u00e9diate<\/strong><\/p>\n<p><strong>Mercredi, le 13 d\u00e9cembre 2017<\/strong>\u00a0\u2013 D\u00e8s 2018, l\u2019organisme Architectes de l\u2019urgence et de la coop\u00e9ration (AUC) deviendra\u00a0<strong>Architecture sans fronti\u00e8res Qu\u00e9bec<\/strong>. Voil\u00e0 la nouvelle importante qui a \u00e9t\u00e9 annonc\u00e9e le mercredi 6 d\u00e9cembre dernier, \u00e0 l\u2019occasion du cocktail-b\u00e9n\u00e9fice annuel de l\u2019organisme, en pr\u00e9sence de plus de cent-cinquante personnes issues des milieux de l\u2019architecture, du design, de la construction et du secteur manufacturier.<\/p>\n<p>Anim\u00e9 par le chroniqueur urbain\u00a0<strong><a href=\"https:\/\/marcandrecarignan.com\/\" target=\"_blank\" rel=\"noopener noreferrer\">Marc-Andr\u00e9 Carignan<\/a><\/strong>\u00a0et intitul\u00e9\u00a0<strong><a href=\"https:\/\/www.facebook.com\/media\/set\/?set=a.10156002153188967.1073741838.121822633966&amp;type=1&amp;l=fa78646c9b\" target=\"_blank\" rel=\"noopener noreferrer\">La Soir\u00e9e des grands A<\/a><\/strong>, l\u2019\u00e9v\u00e9nement a permis d\u2019amasser pr\u00e8s de 20 000 $ pour l\u2019organisme et a marqu\u00e9 le lancement de son ann\u00e9e de 10e anniversaire.\u00a0 \u00ab Cette soir\u00e9e annuelle est l\u2019occasion de remercier nos donateurs annuels et de souligner la fid\u00e9lit\u00e9 de nos Architectes, de nos Alli\u00e9s, de nos Amis et de tant qu\u2019autres grands A qui rendent notre action possible depuis 10 ans \u00bb, souligne\u00a0<strong>Bruno Demers<\/strong>, directeur g\u00e9n\u00e9ral de l\u2019organisme.<\/p>\n<p>En se ralliant \u00e0 la famille \u00ab sans fronti\u00e8res \u00bb, l\u2019organisme souhaite faire rayonner davantage l\u2019architecture humanitaire qu\u00e9b\u00e9coise. \u00ab Durant les 10 derni\u00e8res ann\u00e9es, nous avons \u00e9t\u00e9 pr\u00e9sents aupr\u00e8s de diff\u00e9rentes communaut\u00e9s dans le besoin, notamment en Ha\u00efti, au N\u00e9pal, \u00e0 Madagascar et m\u00eame ici, dans nos communaut\u00e9s autochtones, o\u00f9 s\u00e9vit la crise du logement. Et en devenant Architecture sans fronti\u00e8res Qu\u00e9bec, nous souhaitions nous donner une identit\u00e9 plus facile \u00e0 communiquer, renforcer notre partenariat existant avec l\u2019<a href=\"https:\/\/www.oaq.com\/accueil.html\" target=\"_blank\" rel=\"noopener noreferrer\"><strong>Ordre des architectes du Qu\u00e9bec<\/strong><\/a>\u00a0<strong>(OAQ)<\/strong>\u00a0et inspirer nos coll\u00e8gues des autres provinces \u00e0 s\u2019engager eux aussi dans le mouvement de l\u2019architecture humanitaire \u00bb, a expliqu\u00e9<strong>\u00a0Christian Samman<\/strong>, pr\u00e9sident du conseil d\u2019administration de l\u2019organisme.<\/p>\n<p>Invit\u00e9e \u00e0 faire une allocution sp\u00e9ciale, la pr\u00e9sidente de l\u2019OAQ,\u00a0<strong>Nathalie Dion<\/strong>, a pour sa part d\u00e9clar\u00e9 qu\u2019\u00ab Architecture sans fronti\u00e8res Qu\u00e9bec a un r\u00f4le essentiel \u00e0 jouer. Il est \u00e0 la fois la conscience et le bras humanitaire de la profession. Il s\u2019agit d\u2019un levier pour agir face aux d\u00e9fis de l\u2019\u00e9galit\u00e9 et de l\u2019architecture pour tous. C\u2019est aussi une fa\u00e7on de montrer aux citoyens que les architectes ne sont pas indiff\u00e9rents aux enjeux d\u2019\u00e9quit\u00e9 \u00bb.<\/p>\n<p>L\u2019ann\u00e9e 2018 marquera le 10e anniversaire de l\u2019organisme et son nouveau nom sera communiqu\u00e9 officiellement sur ses diff\u00e9rentes plateformes d\u00e8s le d\u00e9but de la nouvelle ann\u00e9e. Restez \u00e0 l\u2019aff\u00fbt des prochains d\u00e9veloppements.<\/p>\n<p><a href=\"https:\/\/www.facebook.com\/media\/set\/?set=a.10156002153188967.1073741838.121822633966&amp;type=1&amp;l=fa78646c9b\"><strong>VOIR LES PHOTOS DE LA SOIR\u00c9E<\/strong><\/a><\/p>\n<p><strong>\u00c0 PROPOS DE L\u2019ORGANISME<\/strong>\u00a0:<br \/>\nArchitecture sans fronti\u00e8res Qu\u00e9bec (jusqu\u2019ici appel\u00e9 Architectes de l\u2019urgence et de la coop\u00e9ration) a pour mission de mettre en \u0153uvre des projets mobilisateurs qui contribuent \u00e0 am\u00e9liorer l\u2019environnement b\u00e2ti, la capacit\u00e9 de r\u00e9pondre \u00e0 des situations d\u2019urgence, le mieux-\u00eatre, la dignit\u00e9 et l\u2019autonomie des populations vuln\u00e9rables d\u2019ici et d\u2019ailleurs. L\u2019organisme a \u00e9t\u00e9 fond\u00e9 par l\u2019Ordre des architectes du Qu\u00e9bec il y a 10 ans et b\u00e9n\u00e9ficie de l\u2019appui de tous les architectes de la province.<\/p>\n<p>&nbsp;<\/p>\n<p>\u2013 30 \u2013<\/p>\n<p>Source :<br \/>\n<strong>Val\u00e9rie S. Morquette<\/strong><br \/>\nCoordonnatrice des communications<br \/>\nvmorquette@architectes-urgence.ca<br \/>\n514 868-1767<br \/>\nwww.architectes-urgence.ca<\/p>\n<p><strong>NOS PARTENAIRES ANNUELS 2018<\/strong><\/p>\n<hr \/>\n<p><img decoding=\"async\" class=\"lazyload wp-image-3075 alignleft\" src=\"data:image\/svg+xml,%3Csvg%20xmlns%3D%27http%3A%2F%2Fwww.w3.org%2F2000%2Fsvg%27%20width%3D%27860%27%20height%3D%27433%27%20viewBox%3D%270%200%20860%20433%27%3E%3Crect%20width%3D%27860%27%20height%3D%27433%27%20fill-opacity%3D%220%22%2F%3E%3C%2Fsvg%3E\" data-orig-src=\"https:\/\/www.asf-quebec.org\/wp-content\/uploads\/BandeauPartenaires-1024x488.jpg\" alt=\"BandeauPartenaires\" width=\"860\" height=\"433\" \/><\/p>\n<p>&nbsp;<\/p>\n<p>&nbsp;<\/p>\n<p>&nbsp;<\/p>\n<p>&nbsp;<\/p>\n<p>&nbsp;<\/p>\n<p>&nbsp;<\/p>\n<\/div>\n","protected":false},"excerpt":{"rendered":"<p>Communiqu\u00e9 : AUC deviendra Architecture sans fronti\u00e8res Qu\u00e9bec COMMUNIQU\u00c9 Pour <a href=\"https:\/\/www.asf-quebec.org\/en\/communique-auc-deviendra-architecture-sans-frontieres-quebec\/\"> [&#8230;]<\/a><\/p>\n","protected":false},"author":2,"featured_media":302126,"comment_status":"closed","ping_status":"open","sticky":false,"template":"","format":"standard","meta":{"_acf_changed":false,"footnotes":""},"categories":[37],"tags":[],"class_list":["post-951325","post","type-post","status-publish","format-standard","has-post-thumbnail","hentry","category-news"],"acf":[],"yoast_head":"<!-- This site is optimized with the Yoast SEO plugin v26.8 - https:\/\/yoast.com\/product\/yoast-seo-wordpress\/ -->\n<title>Communiqu\u00e9 : AUC deviendra Architecture sans fronti\u00e8res Qu\u00e9bec - Architecture Sans Fronti\u00e8res Qu\u00e9bec %<\/title>\n<meta name=\"description\" content=\"Communiqu\u00e9 : AUC deviendra Architecture sans fronti\u00e8res Qu\u00e9bec\" \/>\n<meta name=\"robots\" content=\"index, follow, max-snippet:-1, max-image-preview:large, max-video-preview:-1\" \/>\n<link rel=\"canonical\" href=\"https:\/\/www.asf-quebec.org\/en\/communique-auc-deviendra-architecture-sans-frontieres-quebec\/\" \/>\n<meta property=\"og:locale\" content=\"en_US\" \/>\n<meta property=\"og:type\" content=\"article\" \/>\n<meta property=\"og:title\" content=\"Communiqu\u00e9 : AUC deviendra Architecture sans fronti\u00e8res Qu\u00e9bec - Architecture Sans Fronti\u00e8res Qu\u00e9bec %\" \/>\n<meta property=\"og:description\" content=\"Communiqu\u00e9 : AUC deviendra Architecture sans fronti\u00e8res Qu\u00e9bec\" \/>\n<meta property=\"og:url\" content=\"https:\/\/www.asf-quebec.org\/en\/communique-auc-deviendra-architecture-sans-frontieres-quebec\/\" \/>\n<meta property=\"og:site_name\" content=\"Architecture Sans Fronti\u00e8res Qu\u00e9bec\" \/>\n<meta property=\"article:publisher\" content=\"https:\/\/www.facebook.com\/architecturesansfrontieres\/\" \/>\n<meta property=\"article:published_time\" content=\"2017-12-13T15:11:06+00:00\" \/>\n<meta property=\"og:image\" content=\"https:\/\/www.asf-quebec.org\/wp-content\/uploads\/BandeauPartenaires-1024x488.jpg\" \/>\n<meta name=\"author\" content=\"asf-quebec\" \/>\n<meta name=\"twitter:card\" content=\"summary_large_image\" \/>\n<meta name=\"twitter:label1\" content=\"Written by\" \/>\n\t<meta name=\"twitter:data1\" content=\"asf-quebec\" \/>\n\t<meta name=\"twitter:label2\" content=\"Est. reading time\" \/>\n\t<meta name=\"twitter:data2\" content=\"3 minutes\" \/>\n<script type=\"application\/ld+json\" class=\"yoast-schema-graph\">{\"@context\":\"https:\/\/schema.org\",\"@graph\":[{\"@type\":\"Article\",\"@id\":\"https:\/\/www.asf-quebec.org\/en\/communique-auc-deviendra-architecture-sans-frontieres-quebec\/#article\",\"isPartOf\":{\"@id\":\"https:\/\/www.asf-quebec.org\/en\/communique-auc-deviendra-architecture-sans-frontieres-quebec\/\"},\"author\":{\"name\":\"asf-quebec\",\"@id\":\"https:\/\/www.asf-quebec.org\/en\/#\/schema\/person\/9655911da321e5e7c39708ae5de28d6a\"},\"headline\":\"Communiqu\u00e9 : AUC deviendra Architecture sans fronti\u00e8res Qu\u00e9bec\",\"datePublished\":\"2017-12-13T15:11:06+00:00\",\"mainEntityOfPage\":{\"@id\":\"https:\/\/www.asf-quebec.org\/en\/communique-auc-deviendra-architecture-sans-frontieres-quebec\/\"},\"wordCount\":574,\"publisher\":{\"@id\":\"https:\/\/www.asf-quebec.org\/en\/#organization\"},\"image\":{\"@id\":\"https:\/\/www.asf-quebec.org\/en\/communique-auc-deviendra-architecture-sans-frontieres-quebec\/#primaryimage\"},\"thumbnailUrl\":\"https:\/\/www.asf-quebec.org\/wp-content\/uploads\/2020\/01\/25311193_10156002157923967_8394485777751759546_o.jpg\",\"articleSection\":[\"News\"],\"inLanguage\":\"en-US\"},{\"@type\":\"WebPage\",\"@id\":\"https:\/\/www.asf-quebec.org\/en\/communique-auc-deviendra-architecture-sans-frontieres-quebec\/\",\"url\":\"https:\/\/www.asf-quebec.org\/en\/communique-auc-deviendra-architecture-sans-frontieres-quebec\/\",\"name\":\"Communiqu\u00e9 : AUC deviendra Architecture sans fronti\u00e8res Qu\u00e9bec - Architecture Sans Fronti\u00e8res Qu\u00e9bec %\",\"isPartOf\":{\"@id\":\"https:\/\/www.asf-quebec.org\/en\/#website\"},\"primaryImageOfPage\":{\"@id\":\"https:\/\/www.asf-quebec.org\/en\/communique-auc-deviendra-architecture-sans-frontieres-quebec\/#primaryimage\"},\"image\":{\"@id\":\"https:\/\/www.asf-quebec.org\/en\/communique-auc-deviendra-architecture-sans-frontieres-quebec\/#primaryimage\"},\"thumbnailUrl\":\"https:\/\/www.asf-quebec.org\/wp-content\/uploads\/2020\/01\/25311193_10156002157923967_8394485777751759546_o.jpg\",\"datePublished\":\"2017-12-13T15:11:06+00:00\",\"description\":\"Communiqu\u00e9 : AUC deviendra Architecture sans fronti\u00e8res Qu\u00e9bec\",\"breadcrumb\":{\"@id\":\"https:\/\/www.asf-quebec.org\/en\/communique-auc-deviendra-architecture-sans-frontieres-quebec\/#breadcrumb\"},\"inLanguage\":\"en-US\",\"potentialAction\":[{\"@type\":\"ReadAction\",\"target\":[\"https:\/\/www.asf-quebec.org\/en\/communique-auc-deviendra-architecture-sans-frontieres-quebec\/\"]}]},{\"@type\":\"ImageObject\",\"inLanguage\":\"en-US\",\"@id\":\"https:\/\/www.asf-quebec.org\/en\/communique-auc-deviendra-architecture-sans-frontieres-quebec\/#primaryimage\",\"url\":\"https:\/\/www.asf-quebec.org\/wp-content\/uploads\/2020\/01\/25311193_10156002157923967_8394485777751759546_o.jpg\",\"contentUrl\":\"https:\/\/www.asf-quebec.org\/wp-content\/uploads\/2020\/01\/25311193_10156002157923967_8394485777751759546_o.jpg\",\"width\":960,\"height\":640},{\"@type\":\"BreadcrumbList\",\"@id\":\"https:\/\/www.asf-quebec.org\/en\/communique-auc-deviendra-architecture-sans-frontieres-quebec\/#breadcrumb\",\"itemListElement\":[{\"@type\":\"ListItem\",\"position\":1,\"name\":\"Accueil\",\"item\":\"https:\/\/www.asf-quebec.org\/en\/\"},{\"@type\":\"ListItem\",\"position\":2,\"name\":\"Communiqu\u00e9 : AUC deviendra Architecture sans fronti\u00e8res Qu\u00e9bec\"}]},{\"@type\":\"WebSite\",\"@id\":\"https:\/\/www.asf-quebec.org\/en\/#website\",\"url\":\"https:\/\/www.asf-quebec.org\/en\/\",\"name\":\"Architecture sans fronti\u00e8res Qu\u00e9bec\",\"description\":\"ASFQ\",\"publisher\":{\"@id\":\"https:\/\/www.asf-quebec.org\/en\/#organization\"},\"potentialAction\":[{\"@type\":\"SearchAction\",\"target\":{\"@type\":\"EntryPoint\",\"urlTemplate\":\"https:\/\/www.asf-quebec.org\/en\/?s={search_term_string}\"},\"query-input\":{\"@type\":\"PropertyValueSpecification\",\"valueRequired\":true,\"valueName\":\"search_term_string\"}}],\"inLanguage\":\"en-US\"},{\"@type\":\"Organization\",\"@id\":\"https:\/\/www.asf-quebec.org\/en\/#organization\",\"name\":\"Architecture sans fronti\u00e8res Qu\u00e9bec (ASFQ)\",\"url\":\"https:\/\/www.asf-quebec.org\/en\/\",\"logo\":{\"@type\":\"ImageObject\",\"inLanguage\":\"en-US\",\"@id\":\"https:\/\/www.asf-quebec.org\/en\/#\/schema\/logo\/image\/\",\"url\":\"https:\/\/www.asf-quebec.org\/wp-content\/uploads\/2019\/07\/Logo-asfq-retina.jpg\",\"contentUrl\":\"https:\/\/www.asf-quebec.org\/wp-content\/uploads\/2019\/07\/Logo-asfq-retina.jpg\",\"width\":564,\"height\":219,\"caption\":\"Architecture sans fronti\u00e8res Qu\u00e9bec (ASFQ)\"},\"image\":{\"@id\":\"https:\/\/www.asf-quebec.org\/en\/#\/schema\/logo\/image\/\"},\"sameAs\":[\"https:\/\/www.facebook.com\/architecturesansfrontieres\/\",\"https:\/\/www.instagram.com\/asfquebec\/\",\"https:\/\/www.linkedin.com\/company\/asf-quebec\/\"]},{\"@type\":\"Person\",\"@id\":\"https:\/\/www.asf-quebec.org\/en\/#\/schema\/person\/9655911da321e5e7c39708ae5de28d6a\",\"name\":\"asf-quebec\",\"image\":{\"@type\":\"ImageObject\",\"inLanguage\":\"en-US\",\"@id\":\"https:\/\/www.asf-quebec.org\/en\/#\/schema\/person\/image\/\",\"url\":\"https:\/\/secure.gravatar.com\/avatar\/e855b116ca919b157a426c59781443a8d88f6c286252b6e0fed2bef83833541c?s=96&d=mm&r=g\",\"contentUrl\":\"https:\/\/secure.gravatar.com\/avatar\/e855b116ca919b157a426c59781443a8d88f6c286252b6e0fed2bef83833541c?s=96&d=mm&r=g\",\"caption\":\"asf-quebec\"}}]}<\/script>\n<!-- \/ Yoast SEO plugin. -->","yoast_head_json":{"title":"Communiqu\u00e9 : AUC deviendra Architecture sans fronti\u00e8res Qu\u00e9bec - Architecture Sans Fronti\u00e8res Qu\u00e9bec %","description":"Communiqu\u00e9 : AUC deviendra Architecture sans fronti\u00e8res Qu\u00e9bec","robots":{"index":"index","follow":"follow","max-snippet":"max-snippet:-1","max-image-preview":"max-image-preview:large","max-video-preview":"max-video-preview:-1"},"canonical":"https:\/\/www.asf-quebec.org\/en\/communique-auc-deviendra-architecture-sans-frontieres-quebec\/","og_locale":"en_US","og_type":"article","og_title":"Communiqu\u00e9 : AUC deviendra Architecture sans fronti\u00e8res Qu\u00e9bec - Architecture Sans Fronti\u00e8res Qu\u00e9bec %","og_description":"Communiqu\u00e9 : AUC deviendra Architecture sans fronti\u00e8res Qu\u00e9bec","og_url":"https:\/\/www.asf-quebec.org\/en\/communique-auc-deviendra-architecture-sans-frontieres-quebec\/","og_site_name":"Architecture Sans Fronti\u00e8res Qu\u00e9bec","article_publisher":"https:\/\/www.facebook.com\/architecturesansfrontieres\/","article_published_time":"2017-12-13T15:11:06+00:00","og_image":[{"url":"https:\/\/www.asf-quebec.org\/wp-content\/uploads\/BandeauPartenaires-1024x488.jpg","type":"","width":"","height":""}],"author":"asf-quebec","twitter_card":"summary_large_image","twitter_misc":{"Written by":"asf-quebec","Est. reading time":"3 minutes"},"schema":{"@context":"https:\/\/schema.org","@graph":[{"@type":"Article","@id":"https:\/\/www.asf-quebec.org\/en\/communique-auc-deviendra-architecture-sans-frontieres-quebec\/#article","isPartOf":{"@id":"https:\/\/www.asf-quebec.org\/en\/communique-auc-deviendra-architecture-sans-frontieres-quebec\/"},"author":{"name":"asf-quebec","@id":"https:\/\/www.asf-quebec.org\/en\/#\/schema\/person\/9655911da321e5e7c39708ae5de28d6a"},"headline":"Communiqu\u00e9 : AUC deviendra Architecture sans fronti\u00e8res Qu\u00e9bec","datePublished":"2017-12-13T15:11:06+00:00","mainEntityOfPage":{"@id":"https:\/\/www.asf-quebec.org\/en\/communique-auc-deviendra-architecture-sans-frontieres-quebec\/"},"wordCount":574,"publisher":{"@id":"https:\/\/www.asf-quebec.org\/en\/#organization"},"image":{"@id":"https:\/\/www.asf-quebec.org\/en\/communique-auc-deviendra-architecture-sans-frontieres-quebec\/#primaryimage"},"thumbnailUrl":"https:\/\/www.asf-quebec.org\/wp-content\/uploads\/2020\/01\/25311193_10156002157923967_8394485777751759546_o.jpg","articleSection":["News"],"inLanguage":"en-US"},{"@type":"WebPage","@id":"https:\/\/www.asf-quebec.org\/en\/communique-auc-deviendra-architecture-sans-frontieres-quebec\/","url":"https:\/\/www.asf-quebec.org\/en\/communique-auc-deviendra-architecture-sans-frontieres-quebec\/","name":"Communiqu\u00e9 : AUC deviendra Architecture sans fronti\u00e8res Qu\u00e9bec - Architecture Sans Fronti\u00e8res Qu\u00e9bec %","isPartOf":{"@id":"https:\/\/www.asf-quebec.org\/en\/#website"},"primaryImageOfPage":{"@id":"https:\/\/www.asf-quebec.org\/en\/communique-auc-deviendra-architecture-sans-frontieres-quebec\/#primaryimage"},"image":{"@id":"https:\/\/www.asf-quebec.org\/en\/communique-auc-deviendra-architecture-sans-frontieres-quebec\/#primaryimage"},"thumbnailUrl":"https:\/\/www.asf-quebec.org\/wp-content\/uploads\/2020\/01\/25311193_10156002157923967_8394485777751759546_o.jpg","datePublished":"2017-12-13T15:11:06+00:00","description":"Communiqu\u00e9 : AUC deviendra Architecture sans fronti\u00e8res Qu\u00e9bec","breadcrumb":{"@id":"https:\/\/www.asf-quebec.org\/en\/communique-auc-deviendra-architecture-sans-frontieres-quebec\/#breadcrumb"},"inLanguage":"en-US","potentialAction":[{"@type":"ReadAction","target":["https:\/\/www.asf-quebec.org\/en\/communique-auc-deviendra-architecture-sans-frontieres-quebec\/"]}]},{"@type":"ImageObject","inLanguage":"en-US","@id":"https:\/\/www.asf-quebec.org\/en\/communique-auc-deviendra-architecture-sans-frontieres-quebec\/#primaryimage","url":"https:\/\/www.asf-quebec.org\/wp-content\/uploads\/2020\/01\/25311193_10156002157923967_8394485777751759546_o.jpg","contentUrl":"https:\/\/www.asf-quebec.org\/wp-content\/uploads\/2020\/01\/25311193_10156002157923967_8394485777751759546_o.jpg","width":960,"height":640},{"@type":"BreadcrumbList","@id":"https:\/\/www.asf-quebec.org\/en\/communique-auc-deviendra-architecture-sans-frontieres-quebec\/#breadcrumb","itemListElement":[{"@type":"ListItem","position":1,"name":"Accueil","item":"https:\/\/www.asf-quebec.org\/en\/"},{"@type":"ListItem","position":2,"name":"Communiqu\u00e9 : AUC deviendra Architecture sans fronti\u00e8res Qu\u00e9bec"}]},{"@type":"WebSite","@id":"https:\/\/www.asf-quebec.org\/en\/#website","url":"https:\/\/www.asf-quebec.org\/en\/","name":"Architecture sans fronti\u00e8res Qu\u00e9bec","description":"ASFQ","publisher":{"@id":"https:\/\/www.asf-quebec.org\/en\/#organization"},"potentialAction":[{"@type":"SearchAction","target":{"@type":"EntryPoint","urlTemplate":"https:\/\/www.asf-quebec.org\/en\/?s={search_term_string}"},"query-input":{"@type":"PropertyValueSpecification","valueRequired":true,"valueName":"search_term_string"}}],"inLanguage":"en-US"},{"@type":"Organization","@id":"https:\/\/www.asf-quebec.org\/en\/#organization","name":"Architecture sans fronti\u00e8res Qu\u00e9bec (ASFQ)","url":"https:\/\/www.asf-quebec.org\/en\/","logo":{"@type":"ImageObject","inLanguage":"en-US","@id":"https:\/\/www.asf-quebec.org\/en\/#\/schema\/logo\/image\/","url":"https:\/\/www.asf-quebec.org\/wp-content\/uploads\/2019\/07\/Logo-asfq-retina.jpg","contentUrl":"https:\/\/www.asf-quebec.org\/wp-content\/uploads\/2019\/07\/Logo-asfq-retina.jpg","width":564,"height":219,"caption":"Architecture sans fronti\u00e8res Qu\u00e9bec (ASFQ)"},"image":{"@id":"https:\/\/www.asf-quebec.org\/en\/#\/schema\/logo\/image\/"},"sameAs":["https:\/\/www.facebook.com\/architecturesansfrontieres\/","https:\/\/www.instagram.com\/asfquebec\/","https:\/\/www.linkedin.com\/company\/asf-quebec\/"]},{"@type":"Person","@id":"https:\/\/www.asf-quebec.org\/en\/#\/schema\/person\/9655911da321e5e7c39708ae5de28d6a","name":"asf-quebec","image":{"@type":"ImageObject","inLanguage":"en-US","@id":"https:\/\/www.asf-quebec.org\/en\/#\/schema\/person\/image\/","url":"https:\/\/secure.gravatar.com\/avatar\/e855b116ca919b157a426c59781443a8d88f6c286252b6e0fed2bef83833541c?s=96&d=mm&r=g","contentUrl":"https:\/\/secure.gravatar.com\/avatar\/e855b116ca919b157a426c59781443a8d88f6c286252b6e0fed2bef83833541c?s=96&d=mm&r=g","caption":"asf-quebec"}}]}},"_links":{"self":[{"href":"https:\/\/www.asf-quebec.org\/en\/wp-json\/wp\/v2\/posts\/951325","targetHints":{"allow":["GET"]}}],"collection":[{"href":"https:\/\/www.asf-quebec.org\/en\/wp-json\/wp\/v2\/posts"}],"about":[{"href":"https:\/\/www.asf-quebec.org\/en\/wp-json\/wp\/v2\/types\/post"}],"author":[{"embeddable":true,"href":"https:\/\/www.asf-quebec.org\/en\/wp-json\/wp\/v2\/users\/2"}],"replies":[{"embeddable":true,"href":"https:\/\/www.asf-quebec.org\/en\/wp-json\/wp\/v2\/comments?post=951325"}],"version-history":[{"count":0,"href":"https:\/\/www.asf-quebec.org\/en\/wp-json\/wp\/v2\/posts\/951325\/revisions"}],"wp:featuredmedia":[{"embeddable":true,"href":"https:\/\/www.asf-quebec.org\/en\/wp-json\/wp\/v2\/media\/302126"}],"wp:attachment":[{"href":"https:\/\/www.asf-quebec.org\/en\/wp-json\/wp\/v2\/media?parent=951325"}],"wp:term":[{"taxonomy":"category","embeddable":true,"href":"https:\/\/www.asf-quebec.org\/en\/wp-json\/wp\/v2\/categories?post=951325"},{"taxonomy":"post_tag","embeddable":true,"href":"https:\/\/www.asf-quebec.org\/en\/wp-json\/wp\/v2\/tags?post=951325"}],"curies":[{"name":"wp","href":"https:\/\/api.w.org\/{rel}","templated":true}]}}