{"id":951315,"date":"2018-06-06T20:09:07","date_gmt":"2018-06-06T20:09:07","guid":{"rendered":"https:\/\/www.asf-quebec.org\/assistance-aux-sinistres-des-inondations-2017-le-bilan-dasfq\/"},"modified":"2018-06-06T20:09:07","modified_gmt":"2018-06-06T20:09:07","slug":"assistance-aux-sinistres-des-inondations-2017-le-bilan-dasfq","status":"publish","type":"post","link":"https:\/\/www.asf-quebec.org\/en\/assistance-aux-sinistres-des-inondations-2017-le-bilan-dasfq\/","title":{"rendered":"Assistance aux sinistr\u00e9s des inondations 2017 : le bilan d&#8217;ASFQ"},"content":{"rendered":"<p class=\"p2\"><b>Une assistance aux Qu\u00e9b\u00e9cois affect\u00e9s par les changements climatiques<\/b><\/p>\n<p class=\"p2\">Les inondations du printemps 2017 ont caus\u00e9 au Qu\u00e9bec des d\u00e9g\u00e2ts consid\u00e9rables pour 2700 habitations et autres constructions affect\u00e9es. Aux d\u00e9g\u00e2ts directs, comme l\u2019alt\u00e9ration des composantes du b\u00e2timent, s\u2019ajoutent d\u2019autres probl\u00e8mes, notamment la prolif\u00e9ration de moisissures, parfois irr\u00e9versible et for\u00e7ant la d\u00e9molition du b\u00e2timent. \u00c0 cela s\u2019ajoutent les cons\u00e9quences psychologiques sur les propri\u00e9taires, surtout les moins en moyens, qui vivent une situation de crise dont le r\u00e8glement l\u00e9gal, financier et mat\u00e9riel prend souvent des mois, voire des ann\u00e9es apr\u00e8s la catastrophe. Les propri\u00e9taires ont ainsi besoin d\u2019assistance et l\u2019expertise d\u2019architectes bien inform\u00e9s sur la probl\u00e9matique diluvienne peut \u00eatre une ressource salutaire. Forte de notre intervention durant les inondations de 2011 en Mont\u00e9r\u00e9gie et des le\u00e7ons apprises par nos homologues fran\u00e7ais suite aux inondations qui ont frapp\u00e9 leur pays entre 2001 et 2003, notre \u00e9quipe a propos\u00e9 en 2017 des ressources en ligne et une clinique d\u2019urgence pour aider les sinistr\u00e9s \u00e0 agir avec diligence.<\/p>\n<p class=\"p3\"><b>Une ressource pour aider la prise de d\u00e9cision<\/b><\/p>\n<p class=\"p2\">Notre \u00e9quipe a recens\u00e9 et mis en ligne, \u00e0 la disposition des sinistr\u00e9s et des professionnels du b\u00e2timent qui les conseillent, une biblioth\u00e8que de ressources pour les aider \u00e0 faire des choix \u00e9clair\u00e9s, appropri\u00e9s et rapides pour entreprendre les travaux qui s\u2019imposent, en choisissant des mesures reconnues par les autorit\u00e9s officielles. Ces ressources, class\u00e9es par th\u00e8me, sont une s\u00e9lection parmi les documents techniques les plus p\u00e9dagogiques, collig\u00e9s depuis les inondations de 2011 en Mont\u00e9r\u00e9gie.<\/p>\n<p class=\"p2\"><b>Une clinique d&#8217;urgence<\/b><\/p>\n<p class=\"p4\">ASF Qu\u00e9bec a \u00e9galement offert une clinique de conseils t\u00e9l\u00e9phoniques aux propri\u00e9taires qui ont exp\u00e9riment\u00e9 des sinistres complexes, qui ne b\u00e9n\u00e9ficient pas d\u2019assurances ou qui ne trouvent pas de r\u00e9ponse \u00e0 leurs questions dans la documentation disponible.15 demandes d\u2019information ont \u00e9t\u00e9 trait\u00e9es par notre comit\u00e9 d\u2019architectes b\u00e9n\u00e9voles et une architecte sp\u00e9cialis\u00e9e en inondations embauch\u00e9e pour les appuyer. Deux visites de domiciles sinistr\u00e9s ont aussi \u00e9t\u00e9 r\u00e9alis\u00e9es pour produire des recommandations aux propri\u00e9taires.<\/p>\n<p class=\"p2\"><b>Continuer \u00e0 mieux se pr\u00e9parer<\/b><\/p>\n<p class=\"p3\">Les inondations ont d\u00e9j\u00e0 frapp\u00e9 et, dans le contexte des changements climatiques, les experts confirment que le probl\u00e8me risque de se pr\u00e9senter \u00e0 nouveau avec plus de vigueur. Des inondations 2011 et 2017, ASF Qu\u00e9bec tire la le\u00e7on qu\u2019une assistance offerte dans l\u2019urgence, avec des moyens r\u00e9duits, restera trop limit\u00e9e dans une conjoncture de crise qui engage de nombreux acteurs. Dans ce contexte, le pr\u00e9sident d\u2019ASF Qu\u00e9bec a pris part \u00e0 titre de d\u00e9l\u00e9gu\u00e9 de l\u2019OAQ au <a href=\"http:\/\/www.environnement.gouv.qc.ca\/foruminondations2017\/\">Forum Inondations<\/a> du Gouvernement du Qu\u00e9bec, les 6 et 7 octobre 2017. Depuis, notre \u00e9quipe revoit sa strat\u00e9gie d\u2019intervention. Nous \u00e9valuons les partenaires qui faciliteraient une meilleure assistance aux sinistr\u00e9s les plus vuln\u00e9rables, les bons canaux de communication et les actions pr\u00e9ventives souhaitables en amont, dont le plaidoyer, la formation des professionnels et le prototypage de solutions architecturales.<\/p>\n","protected":false},"excerpt":{"rendered":"<p>Une assistance aux Qu\u00e9b\u00e9cois affect\u00e9s par les changements climatiques Les <a href=\"https:\/\/www.asf-quebec.org\/en\/assistance-aux-sinistres-des-inondations-2017-le-bilan-dasfq\/\"> [&#8230;]<\/a><\/p>\n","protected":false},"author":2,"featured_media":302327,"comment_status":"closed","ping_status":"open","sticky":false,"template":"","format":"quote","meta":{"_acf_changed":false,"footnotes":""},"categories":[37],"tags":[39],"class_list":["post-951315","post","type-post","status-publish","format-quote","has-post-thumbnail","hentry","category-news","tag-rd-en","post_format-post-format-quote"],"acf":[],"yoast_head":"<!-- This site is optimized with the Yoast SEO plugin v26.8 - https:\/\/yoast.com\/product\/yoast-seo-wordpress\/ -->\n<title>Assistance aux sinistr\u00e9s des inondations 2017 : le bilan d&#039;ASFQ - Architecture Sans Fronti\u00e8res Qu\u00e9bec %<\/title>\n<meta name=\"description\" content=\"Assistance aux sinistr\u00e9s des inondations 2017 : le bilan d&#039;ASFQ\" \/>\n<meta name=\"robots\" content=\"index, follow, max-snippet:-1, max-image-preview:large, max-video-preview:-1\" \/>\n<link rel=\"canonical\" href=\"https:\/\/www.asf-quebec.org\/en\/assistance-aux-sinistres-des-inondations-2017-le-bilan-dasfq\/\" \/>\n<meta property=\"og:locale\" content=\"en_US\" \/>\n<meta property=\"og:type\" content=\"article\" \/>\n<meta property=\"og:title\" content=\"Assistance aux sinistr\u00e9s des inondations 2017 : le bilan d&#039;ASFQ - Architecture Sans Fronti\u00e8res Qu\u00e9bec %\" \/>\n<meta property=\"og:description\" content=\"Assistance aux sinistr\u00e9s des inondations 2017 : le bilan d&#039;ASFQ\" \/>\n<meta property=\"og:url\" content=\"https:\/\/www.asf-quebec.org\/en\/assistance-aux-sinistres-des-inondations-2017-le-bilan-dasfq\/\" \/>\n<meta property=\"og:site_name\" content=\"Architecture Sans Fronti\u00e8res Qu\u00e9bec\" \/>\n<meta property=\"article:publisher\" content=\"https:\/\/www.facebook.com\/architecturesansfrontieres\/\" \/>\n<meta property=\"article:published_time\" content=\"2018-06-06T20:09:07+00:00\" \/>\n<meta name=\"author\" content=\"asf-quebec\" \/>\n<meta name=\"twitter:card\" content=\"summary_large_image\" \/>\n<meta name=\"twitter:label1\" content=\"Written by\" \/>\n\t<meta name=\"twitter:data1\" content=\"asf-quebec\" \/>\n\t<meta name=\"twitter:label2\" content=\"Est. reading time\" \/>\n\t<meta name=\"twitter:data2\" content=\"3 minutes\" \/>\n<script type=\"application\/ld+json\" class=\"yoast-schema-graph\">{\"@context\":\"https:\/\/schema.org\",\"@graph\":[{\"@type\":\"Article\",\"@id\":\"https:\/\/www.asf-quebec.org\/en\/assistance-aux-sinistres-des-inondations-2017-le-bilan-dasfq\/#article\",\"isPartOf\":{\"@id\":\"https:\/\/www.asf-quebec.org\/en\/assistance-aux-sinistres-des-inondations-2017-le-bilan-dasfq\/\"},\"author\":{\"name\":\"asf-quebec\",\"@id\":\"https:\/\/www.asf-quebec.org\/en\/#\/schema\/person\/9655911da321e5e7c39708ae5de28d6a\"},\"headline\":\"Assistance aux sinistr\u00e9s des inondations 2017 : le bilan d&#8217;ASFQ\",\"datePublished\":\"2018-06-06T20:09:07+00:00\",\"mainEntityOfPage\":{\"@id\":\"https:\/\/www.asf-quebec.org\/en\/assistance-aux-sinistres-des-inondations-2017-le-bilan-dasfq\/\"},\"wordCount\":550,\"publisher\":{\"@id\":\"https:\/\/www.asf-quebec.org\/en\/#organization\"},\"image\":{\"@id\":\"https:\/\/www.asf-quebec.org\/en\/assistance-aux-sinistres-des-inondations-2017-le-bilan-dasfq\/#primaryimage\"},\"thumbnailUrl\":\"https:\/\/www.asf-quebec.org\/wp-content\/uploads\/2020\/03\/REM_0584-1600x1063.jpg\",\"keywords\":[\"RD\"],\"articleSection\":[\"News\"],\"inLanguage\":\"en-US\"},{\"@type\":\"WebPage\",\"@id\":\"https:\/\/www.asf-quebec.org\/en\/assistance-aux-sinistres-des-inondations-2017-le-bilan-dasfq\/\",\"url\":\"https:\/\/www.asf-quebec.org\/en\/assistance-aux-sinistres-des-inondations-2017-le-bilan-dasfq\/\",\"name\":\"Assistance aux sinistr\u00e9s des inondations 2017 : le bilan d'ASFQ - Architecture Sans Fronti\u00e8res Qu\u00e9bec %\",\"isPartOf\":{\"@id\":\"https:\/\/www.asf-quebec.org\/en\/#website\"},\"primaryImageOfPage\":{\"@id\":\"https:\/\/www.asf-quebec.org\/en\/assistance-aux-sinistres-des-inondations-2017-le-bilan-dasfq\/#primaryimage\"},\"image\":{\"@id\":\"https:\/\/www.asf-quebec.org\/en\/assistance-aux-sinistres-des-inondations-2017-le-bilan-dasfq\/#primaryimage\"},\"thumbnailUrl\":\"https:\/\/www.asf-quebec.org\/wp-content\/uploads\/2020\/03\/REM_0584-1600x1063.jpg\",\"datePublished\":\"2018-06-06T20:09:07+00:00\",\"description\":\"Assistance aux sinistr\u00e9s des inondations 2017 : le bilan d'ASFQ\",\"breadcrumb\":{\"@id\":\"https:\/\/www.asf-quebec.org\/en\/assistance-aux-sinistres-des-inondations-2017-le-bilan-dasfq\/#breadcrumb\"},\"inLanguage\":\"en-US\",\"potentialAction\":[{\"@type\":\"ReadAction\",\"target\":[\"https:\/\/www.asf-quebec.org\/en\/assistance-aux-sinistres-des-inondations-2017-le-bilan-dasfq\/\"]}]},{\"@type\":\"ImageObject\",\"inLanguage\":\"en-US\",\"@id\":\"https:\/\/www.asf-quebec.org\/en\/assistance-aux-sinistres-des-inondations-2017-le-bilan-dasfq\/#primaryimage\",\"url\":\"https:\/\/www.asf-quebec.org\/wp-content\/uploads\/2020\/03\/REM_0584-1600x1063.jpg\",\"contentUrl\":\"https:\/\/www.asf-quebec.org\/wp-content\/uploads\/2020\/03\/REM_0584-1600x1063.jpg\",\"width\":1600,\"height\":1063},{\"@type\":\"BreadcrumbList\",\"@id\":\"https:\/\/www.asf-quebec.org\/en\/assistance-aux-sinistres-des-inondations-2017-le-bilan-dasfq\/#breadcrumb\",\"itemListElement\":[{\"@type\":\"ListItem\",\"position\":1,\"name\":\"Accueil\",\"item\":\"https:\/\/www.asf-quebec.org\/en\/\"},{\"@type\":\"ListItem\",\"position\":2,\"name\":\"Assistance aux sinistr\u00e9s des inondations 2017 : le bilan d&rsquo;ASFQ\"}]},{\"@type\":\"WebSite\",\"@id\":\"https:\/\/www.asf-quebec.org\/en\/#website\",\"url\":\"https:\/\/www.asf-quebec.org\/en\/\",\"name\":\"Architecture sans fronti\u00e8res Qu\u00e9bec\",\"description\":\"ASFQ\",\"publisher\":{\"@id\":\"https:\/\/www.asf-quebec.org\/en\/#organization\"},\"potentialAction\":[{\"@type\":\"SearchAction\",\"target\":{\"@type\":\"EntryPoint\",\"urlTemplate\":\"https:\/\/www.asf-quebec.org\/en\/?s={search_term_string}\"},\"query-input\":{\"@type\":\"PropertyValueSpecification\",\"valueRequired\":true,\"valueName\":\"search_term_string\"}}],\"inLanguage\":\"en-US\"},{\"@type\":\"Organization\",\"@id\":\"https:\/\/www.asf-quebec.org\/en\/#organization\",\"name\":\"Architecture sans fronti\u00e8res Qu\u00e9bec (ASFQ)\",\"url\":\"https:\/\/www.asf-quebec.org\/en\/\",\"logo\":{\"@type\":\"ImageObject\",\"inLanguage\":\"en-US\",\"@id\":\"https:\/\/www.asf-quebec.org\/en\/#\/schema\/logo\/image\/\",\"url\":\"https:\/\/www.asf-quebec.org\/wp-content\/uploads\/2019\/07\/Logo-asfq-retina.jpg\",\"contentUrl\":\"https:\/\/www.asf-quebec.org\/wp-content\/uploads\/2019\/07\/Logo-asfq-retina.jpg\",\"width\":564,\"height\":219,\"caption\":\"Architecture sans fronti\u00e8res Qu\u00e9bec (ASFQ)\"},\"image\":{\"@id\":\"https:\/\/www.asf-quebec.org\/en\/#\/schema\/logo\/image\/\"},\"sameAs\":[\"https:\/\/www.facebook.com\/architecturesansfrontieres\/\",\"https:\/\/www.instagram.com\/asfquebec\/\",\"https:\/\/www.linkedin.com\/company\/asf-quebec\/\"]},{\"@type\":\"Person\",\"@id\":\"https:\/\/www.asf-quebec.org\/en\/#\/schema\/person\/9655911da321e5e7c39708ae5de28d6a\",\"name\":\"asf-quebec\",\"image\":{\"@type\":\"ImageObject\",\"inLanguage\":\"en-US\",\"@id\":\"https:\/\/www.asf-quebec.org\/en\/#\/schema\/person\/image\/\",\"url\":\"https:\/\/secure.gravatar.com\/avatar\/e855b116ca919b157a426c59781443a8d88f6c286252b6e0fed2bef83833541c?s=96&d=mm&r=g\",\"contentUrl\":\"https:\/\/secure.gravatar.com\/avatar\/e855b116ca919b157a426c59781443a8d88f6c286252b6e0fed2bef83833541c?s=96&d=mm&r=g\",\"caption\":\"asf-quebec\"}}]}<\/script>\n<!-- \/ Yoast SEO plugin. -->","yoast_head_json":{"title":"Assistance aux sinistr\u00e9s des inondations 2017 : le bilan d'ASFQ - Architecture Sans Fronti\u00e8res Qu\u00e9bec %","description":"Assistance aux sinistr\u00e9s des inondations 2017 : le bilan d'ASFQ","robots":{"index":"index","follow":"follow","max-snippet":"max-snippet:-1","max-image-preview":"max-image-preview:large","max-video-preview":"max-video-preview:-1"},"canonical":"https:\/\/www.asf-quebec.org\/en\/assistance-aux-sinistres-des-inondations-2017-le-bilan-dasfq\/","og_locale":"en_US","og_type":"article","og_title":"Assistance aux sinistr\u00e9s des inondations 2017 : le bilan d'ASFQ - Architecture Sans Fronti\u00e8res Qu\u00e9bec %","og_description":"Assistance aux sinistr\u00e9s des inondations 2017 : le bilan d'ASFQ","og_url":"https:\/\/www.asf-quebec.org\/en\/assistance-aux-sinistres-des-inondations-2017-le-bilan-dasfq\/","og_site_name":"Architecture Sans Fronti\u00e8res Qu\u00e9bec","article_publisher":"https:\/\/www.facebook.com\/architecturesansfrontieres\/","article_published_time":"2018-06-06T20:09:07+00:00","author":"asf-quebec","twitter_card":"summary_large_image","twitter_misc":{"Written by":"asf-quebec","Est. reading time":"3 minutes"},"schema":{"@context":"https:\/\/schema.org","@graph":[{"@type":"Article","@id":"https:\/\/www.asf-quebec.org\/en\/assistance-aux-sinistres-des-inondations-2017-le-bilan-dasfq\/#article","isPartOf":{"@id":"https:\/\/www.asf-quebec.org\/en\/assistance-aux-sinistres-des-inondations-2017-le-bilan-dasfq\/"},"author":{"name":"asf-quebec","@id":"https:\/\/www.asf-quebec.org\/en\/#\/schema\/person\/9655911da321e5e7c39708ae5de28d6a"},"headline":"Assistance aux sinistr\u00e9s des inondations 2017 : le bilan d&#8217;ASFQ","datePublished":"2018-06-06T20:09:07+00:00","mainEntityOfPage":{"@id":"https:\/\/www.asf-quebec.org\/en\/assistance-aux-sinistres-des-inondations-2017-le-bilan-dasfq\/"},"wordCount":550,"publisher":{"@id":"https:\/\/www.asf-quebec.org\/en\/#organization"},"image":{"@id":"https:\/\/www.asf-quebec.org\/en\/assistance-aux-sinistres-des-inondations-2017-le-bilan-dasfq\/#primaryimage"},"thumbnailUrl":"https:\/\/www.asf-quebec.org\/wp-content\/uploads\/2020\/03\/REM_0584-1600x1063.jpg","keywords":["RD"],"articleSection":["News"],"inLanguage":"en-US"},{"@type":"WebPage","@id":"https:\/\/www.asf-quebec.org\/en\/assistance-aux-sinistres-des-inondations-2017-le-bilan-dasfq\/","url":"https:\/\/www.asf-quebec.org\/en\/assistance-aux-sinistres-des-inondations-2017-le-bilan-dasfq\/","name":"Assistance aux sinistr\u00e9s des inondations 2017 : le bilan d'ASFQ - Architecture Sans Fronti\u00e8res Qu\u00e9bec %","isPartOf":{"@id":"https:\/\/www.asf-quebec.org\/en\/#website"},"primaryImageOfPage":{"@id":"https:\/\/www.asf-quebec.org\/en\/assistance-aux-sinistres-des-inondations-2017-le-bilan-dasfq\/#primaryimage"},"image":{"@id":"https:\/\/www.asf-quebec.org\/en\/assistance-aux-sinistres-des-inondations-2017-le-bilan-dasfq\/#primaryimage"},"thumbnailUrl":"https:\/\/www.asf-quebec.org\/wp-content\/uploads\/2020\/03\/REM_0584-1600x1063.jpg","datePublished":"2018-06-06T20:09:07+00:00","description":"Assistance aux sinistr\u00e9s des inondations 2017 : le bilan d'ASFQ","breadcrumb":{"@id":"https:\/\/www.asf-quebec.org\/en\/assistance-aux-sinistres-des-inondations-2017-le-bilan-dasfq\/#breadcrumb"},"inLanguage":"en-US","potentialAction":[{"@type":"ReadAction","target":["https:\/\/www.asf-quebec.org\/en\/assistance-aux-sinistres-des-inondations-2017-le-bilan-dasfq\/"]}]},{"@type":"ImageObject","inLanguage":"en-US","@id":"https:\/\/www.asf-quebec.org\/en\/assistance-aux-sinistres-des-inondations-2017-le-bilan-dasfq\/#primaryimage","url":"https:\/\/www.asf-quebec.org\/wp-content\/uploads\/2020\/03\/REM_0584-1600x1063.jpg","contentUrl":"https:\/\/www.asf-quebec.org\/wp-content\/uploads\/2020\/03\/REM_0584-1600x1063.jpg","width":1600,"height":1063},{"@type":"BreadcrumbList","@id":"https:\/\/www.asf-quebec.org\/en\/assistance-aux-sinistres-des-inondations-2017-le-bilan-dasfq\/#breadcrumb","itemListElement":[{"@type":"ListItem","position":1,"name":"Accueil","item":"https:\/\/www.asf-quebec.org\/en\/"},{"@type":"ListItem","position":2,"name":"Assistance aux sinistr\u00e9s des inondations 2017 : le bilan d&rsquo;ASFQ"}]},{"@type":"WebSite","@id":"https:\/\/www.asf-quebec.org\/en\/#website","url":"https:\/\/www.asf-quebec.org\/en\/","name":"Architecture sans fronti\u00e8res Qu\u00e9bec","description":"ASFQ","publisher":{"@id":"https:\/\/www.asf-quebec.org\/en\/#organization"},"potentialAction":[{"@type":"SearchAction","target":{"@type":"EntryPoint","urlTemplate":"https:\/\/www.asf-quebec.org\/en\/?s={search_term_string}"},"query-input":{"@type":"PropertyValueSpecification","valueRequired":true,"valueName":"search_term_string"}}],"inLanguage":"en-US"},{"@type":"Organization","@id":"https:\/\/www.asf-quebec.org\/en\/#organization","name":"Architecture sans fronti\u00e8res Qu\u00e9bec (ASFQ)","url":"https:\/\/www.asf-quebec.org\/en\/","logo":{"@type":"ImageObject","inLanguage":"en-US","@id":"https:\/\/www.asf-quebec.org\/en\/#\/schema\/logo\/image\/","url":"https:\/\/www.asf-quebec.org\/wp-content\/uploads\/2019\/07\/Logo-asfq-retina.jpg","contentUrl":"https:\/\/www.asf-quebec.org\/wp-content\/uploads\/2019\/07\/Logo-asfq-retina.jpg","width":564,"height":219,"caption":"Architecture sans fronti\u00e8res Qu\u00e9bec (ASFQ)"},"image":{"@id":"https:\/\/www.asf-quebec.org\/en\/#\/schema\/logo\/image\/"},"sameAs":["https:\/\/www.facebook.com\/architecturesansfrontieres\/","https:\/\/www.instagram.com\/asfquebec\/","https:\/\/www.linkedin.com\/company\/asf-quebec\/"]},{"@type":"Person","@id":"https:\/\/www.asf-quebec.org\/en\/#\/schema\/person\/9655911da321e5e7c39708ae5de28d6a","name":"asf-quebec","image":{"@type":"ImageObject","inLanguage":"en-US","@id":"https:\/\/www.asf-quebec.org\/en\/#\/schema\/person\/image\/","url":"https:\/\/secure.gravatar.com\/avatar\/e855b116ca919b157a426c59781443a8d88f6c286252b6e0fed2bef83833541c?s=96&d=mm&r=g","contentUrl":"https:\/\/secure.gravatar.com\/avatar\/e855b116ca919b157a426c59781443a8d88f6c286252b6e0fed2bef83833541c?s=96&d=mm&r=g","caption":"asf-quebec"}}]}},"_links":{"self":[{"href":"https:\/\/www.asf-quebec.org\/en\/wp-json\/wp\/v2\/posts\/951315","targetHints":{"allow":["GET"]}}],"collection":[{"href":"https:\/\/www.asf-quebec.org\/en\/wp-json\/wp\/v2\/posts"}],"about":[{"href":"https:\/\/www.asf-quebec.org\/en\/wp-json\/wp\/v2\/types\/post"}],"author":[{"embeddable":true,"href":"https:\/\/www.asf-quebec.org\/en\/wp-json\/wp\/v2\/users\/2"}],"replies":[{"embeddable":true,"href":"https:\/\/www.asf-quebec.org\/en\/wp-json\/wp\/v2\/comments?post=951315"}],"version-history":[{"count":0,"href":"https:\/\/www.asf-quebec.org\/en\/wp-json\/wp\/v2\/posts\/951315\/revisions"}],"wp:featuredmedia":[{"embeddable":true,"href":"https:\/\/www.asf-quebec.org\/en\/wp-json\/wp\/v2\/media\/302327"}],"wp:attachment":[{"href":"https:\/\/www.asf-quebec.org\/en\/wp-json\/wp\/v2\/media?parent=951315"}],"wp:term":[{"taxonomy":"category","embeddable":true,"href":"https:\/\/www.asf-quebec.org\/en\/wp-json\/wp\/v2\/categories?post=951315"},{"taxonomy":"post_tag","embeddable":true,"href":"https:\/\/www.asf-quebec.org\/en\/wp-json\/wp\/v2\/tags?post=951315"}],"curies":[{"name":"wp","href":"https:\/\/api.w.org\/{rel}","templated":true}]}}