{"id":951309,"date":"2018-10-10T17:30:01","date_gmt":"2018-10-10T17:30:01","guid":{"rendered":"https:\/\/www.asf-quebec.org\/archipero-57-table-ronde-et-visite-du-batiment-7\/"},"modified":"2018-10-10T17:30:01","modified_gmt":"2018-10-10T17:30:01","slug":"archipero-57-table-ronde-et-visite-du-batiment-7","status":"publish","type":"post","link":"https:\/\/www.asf-quebec.org\/en\/archipero-57-table-ronde-et-visite-du-batiment-7\/","title":{"rendered":"ARCHIP\u00c9RO : 5@7, table-ronde et visite du B\u00e2timent 7"},"content":{"rendered":"<p>Petit dernier des activit\u00e9s sociales d&#8217;Architecture Sans Fronti\u00e8res Qu\u00e9bec, les &#8220;Archip\u00e9ros&#8221; sont des occasions d&#8217;allier l&#8217;utile \u00e0 l&#8217;agr\u00e9able. Autour d&#8217;un verre, ces 5@7 conviviaux et instructifs sont l&#8217;occasion de d\u00e9couvrir des leaders, des id\u00e9es ou des initiatives phares du milieu du design social. Vous faites partie du milieu de l&#8217;architecture et du design? Vous vous int\u00e9ressez aux projets engag\u00e9s et aux acteurs qui y contribuent? Ou vous souhaitez simplement boire un verre en bonne compagnie? Les Archip\u00e9ros sont pour vous!<\/p>\n<h3 class=\"contentEditable\">AU PROGRAMME LE 10 OCTOBRE :<\/h3>\n<p>L&#8217;\u00e9v\u00e9nement du 10 octobre vous propose de d\u00e9couvrir le\u00a0<strong>B\u00e2timent<\/strong>\u00a0<strong>7<\/strong>, qui est tout \u00e0 la fois un projet citoyen exemplaire, un centre communautaire autog\u00e9r\u00e9, un mod\u00e8le de pr\u00e9servation de mat\u00e9riaux patrimoniaux et un immense b\u00e2timent industriel en cours de reconversion dans le quartier Pointe Saint-Charles. Soutenu par Recyc-Qu\u00e9bec, le projet jouit \u00e9galement de l&#8217;appui d&#8217;ASFQ, qui contribue \u00e0 la r\u00e9novation du lieu en facilitant des dons de mat\u00e9riaux usag\u00e9s via son\u00a0progamme &#8220;Mat\u00e9riaux Sans Fronti\u00e8res&#8221;.\u00a0Pour mieux comprendre les d\u00e9fis et opportunit\u00e9s de ce genre de projets, venez le voir et assistez \u00e0 une\u00a0<strong>table ronde<\/strong>\u00a0sur le th\u00e8me suivant :<\/p>\n<p><strong><em>L&#8217;Architecture du r\u00e9emploi : de la d\u00e9construction des b\u00e2timents \u00e0 la reconstruction des communaut\u00e9s.<\/em><\/strong><\/p>\n<p>Dans une formule amicale et un dialogue avec le public, 3 intervenants locaux et 1 conf\u00e9rencier sp\u00e9cial des \u00c9tats-Unis vous partageront leurs exp\u00e9riences. Ils seront invit\u00e9s \u00e0 donner leur point de vue sur le cas du B\u00e2timent 7 et d&#8217;autres projets pouvant tirer profit de la r\u00e9cup\u00e9ration des mat\u00e9riaux. Est-il possible de d\u00e9construire des b\u00e2timents pour en reconstruire d&#8217;autres? Pour les citoyens et les professionnels, quels sont les d\u00e9fis d&#8217;une telle &#8220;architecture du r\u00e9emploi&#8221;? Quelles le\u00e7ons tirer des organismes charitables am\u00e9ricains, qui ont cr\u00e9\u00e9s des centres de mat\u00e9riaux usag\u00e9s pour aider la r\u00e9silience des communaut\u00e9s? Soyez au rendez-vous pour participer aux \u00e9changes!<\/p>\n<h3>D\u00c9ROULEMENT :<\/h3>\n<ul>\n<li>17:30 : Accueil du public, r\u00e9seautage et bi\u00e8res locales<\/li>\n<li>18:30 : Table ronde (fran\u00e7ais et anglais sans traduction) :\u00a0<strong><em>L&#8217;Architecture du r\u00e9emploi : de la d\u00e9construction des b\u00e2timents \u00e0 la reconstruction des communaut\u00e9s<\/em><\/strong><\/li>\n<li>19:30 : Visite libre du b\u00e2timent et poursuite de la soir\u00e9e chez les\u00a0<a href=\"http:\/\/www.sans-taverne.coop\/\" target=\"_blank\" rel=\"nofollow noopener noreferrer\">Sans Taverne<\/a><\/li>\n<\/ul>\n<h3><strong>Intervenants locaux :<\/strong><\/h3>\n<ul>\n<li>Jim Schulman, architecte AIA et fondateur du centre de mat\u00e9riaux usag\u00e9s\u00a0<a href=\"http:\/\/communityforklift.org\/our-store\/our-inventory-2\/\" target=\"_blank\" rel=\"nofollow noopener noreferrer\">Community Forklift<\/a><\/li>\n<li>Kevin McMahon, charg\u00e9 de projets aux finances,\u00a0<a href=\"http:\/\/batiment7.org\/\" target=\"_blank\" rel=\"nofollow noopener noreferrer\">B\u00e2timent 7<\/a><\/li>\n<li>Philemon Gravel, co-fondateur d&#8217;<a href=\"http:\/\/www.entremise.ca\/\" target=\"_blank\" rel=\"nofollow noopener noreferrer\">Entremise<\/a>\u00a0et sp\u00e9cialiste de l&#8217;architecture du r\u00e9emploi<\/li>\n<li>Bruno Demers, directeur d&#8217;<a href=\"http:\/\/architectes-urgence.ca\/\" target=\"_blank\" rel=\"nofollow noopener noreferrer\">Architecture Sans Fronti\u00e8res Qu\u00e9bec<\/a><\/li>\n<\/ul>\n<h3><strong>Notre conf\u00e9rencier sp\u00e9cial invit\u00e9 :<\/strong><\/h3>\n<p>JIM SCHULMAN, architecte AIA et fondateur de\u00a0Community Forklift<\/p>\n<p><img class=\"lazyload\" decoding=\"async\" src=\"data:image\/gif;base64,R0lGODlhAQABAAAAACH5BAEKAAEALAAAAAABAAEAAAICTAEAOw==\" data-orig-src=\"https:\/\/cdn.evbuc.com\/eventlogos\/46095419\/capturede28099ecc81cran20180928acc8013.49.47.png\" \/><\/p>\n<p>Jim est un architecte am\u00e9ricain qui travaille depuis 1985 sur diff\u00e9rents projets commerciaux, institutionnels et r\u00e9sidentiels dans lesquels des mat\u00e9riaux de construction usag\u00e9s ont \u00e9t\u00e9 incorpor\u00e9s. D\u00e9fenseur du d\u00e9veloppement durable et de la r\u00e9silience locale des communaut\u00e9s, Jim est tr\u00e8s actif dans son milieu. Il fait la promotion de l&#8217;\u00e9conomie circulaire et a notamment si\u00e9g\u00e9 durant plusieurs ann\u00e9es sur le conseil d&#8217;administration de la Building Material Reuse Association (<a href=\"https:\/\/bmra.org\/\" target=\"_blank\" rel=\"nofollow noopener noreferrer\">BMRA<\/a>), la seule association d&#8217;entreprises de d\u00e9construction immobili\u00e8re et de r\u00e9utilisation de mat\u00e9riaux en Am\u00e9rique du Nord. Il a en outre fond\u00e9 l&#8217;organisme \u00e0 but non lucratif Community Forklift, qui constitue la premi\u00e8re et principale quincaillerie de mat\u00e9riaux r\u00e9cup\u00e9r\u00e9s du district de Washington.<\/p>\n<h3><strong>Formation continue<\/strong>\u00a0:<\/h3>\n<p>Vous \u00eates un architecte ou un autre professionnel du b\u00e2timent? Cette table-ronde pourrait vous valoir 1h de formation contniue. V\u00e9rifier les r\u00e8gles de formation continue de votre association professionnelle et contactez-nous si vous avez besoin d&#8217;une preuve de votre participation.<\/p>\n<h3><strong>TARIF<\/strong><\/h3>\n<p>Gratuit. Contribution volontaire sugg\u00e9r\u00e9e de 5$ \u263a<\/p>\n<h3><strong>ALCOOL :<\/strong><\/h3>\n<p>Bi\u00e8re locale des\u00a0<a href=\"http:\/\/www.sans-taverne.coop\/\" target=\"_blank\" rel=\"nofollow noopener noreferrer\">Sans Taverne<\/a>\u00a0vendue sur place.<\/p>\n<h3><strong>LOCALISATION<\/strong>\u00a0:<\/h3>\n<p>B\u00e2timent 7, 1900 Rue Le Ber, Montr\u00e9al Qu\u00e9bec, H3K 2A4<\/p>\n<h3><strong>TRANSPORT EN COMMUN :<\/strong><\/h3>\n<p>&#8211; \u24c2 Charlevoix + Bus 57 ou Bus 71 ou\u00a010 minutes de marche<br \/>\n&#8211; \u24c2 Square-Victoria + Bus 61<br \/>\n&#8211; \u24c2 Bonaventure + Bus 107 + Bus 57<\/p>\n<h3><strong>STATIONNEMENT<\/strong>\u00a0:<\/h3>\n<p>Disponible dans les rues avoisinantes.<\/p>\n<h3><strong>INSCRIVEZ-VOUS \u00c0 L&#8217;\u00c9V\u00c9NEMENT&#8230;<\/strong><\/h3>\n<p>+++ Les inscriptions sont ferm\u00e9es! Il est possible de se pr\u00e9senter sur place +++<\/p>\n<h3><strong>&#8230;ET \u00c0 L&#8217;INFOLETTRE\u00a0<a href=\"https:\/\/www.asf-quebec.org\/infolettre\/\" target=\"_self\" rel=\"nofollow noopener noreferrer\">en cliquant ici<\/a>\u00a0!<\/strong><\/h3>\n<p>Pour \u00eatre inform\u00e9s des prochains Archip\u00e9ros et de toute l&#8217;actualit\u00e9 d&#8217;Architecture Sans Fronti\u00e8res Qu\u00e9bec !<\/p>\n","protected":false},"excerpt":{"rendered":"<p>Petit dernier des activit\u00e9s sociales d&#8217;Architecture Sans Fronti\u00e8res Qu\u00e9bec, les <a href=\"https:\/\/www.asf-quebec.org\/en\/archipero-57-table-ronde-et-visite-du-batiment-7\/\"> [&#8230;]<\/a><\/p>\n","protected":false},"author":2,"featured_media":302133,"comment_status":"closed","ping_status":"closed","sticky":false,"template":"","format":"standard","meta":{"_acf_changed":false,"footnotes":""},"categories":[30],"tags":[40,47],"class_list":["post-951309","post","type-post","status-publish","format-standard","has-post-thumbnail","hentry","category-uncategorized","tag-ea-en","tag-ec-en"],"acf":[],"yoast_head":"<!-- This site is optimized with the Yoast SEO plugin v26.8 - https:\/\/yoast.com\/product\/yoast-seo-wordpress\/ -->\n<title>ARCHIP\u00c9RO : 5@7, table-ronde et visite du B\u00e2timent 7 - Architecture Sans Fronti\u00e8res Qu\u00e9bec %<\/title>\n<meta name=\"description\" content=\"ARCHIP\u00c9RO : 5@7, table-ronde et visite du B\u00e2timent 7\" \/>\n<meta name=\"robots\" content=\"index, follow, max-snippet:-1, max-image-preview:large, max-video-preview:-1\" \/>\n<link rel=\"canonical\" href=\"https:\/\/www.asf-quebec.org\/en\/archipero-57-table-ronde-et-visite-du-batiment-7\/\" \/>\n<meta property=\"og:locale\" content=\"en_US\" \/>\n<meta property=\"og:type\" content=\"article\" \/>\n<meta property=\"og:title\" content=\"ARCHIP\u00c9RO : 5@7, table-ronde et visite du B\u00e2timent 7 - Architecture Sans Fronti\u00e8res Qu\u00e9bec %\" \/>\n<meta property=\"og:description\" content=\"ARCHIP\u00c9RO : 5@7, table-ronde et visite du B\u00e2timent 7\" \/>\n<meta property=\"og:url\" content=\"https:\/\/www.asf-quebec.org\/en\/archipero-57-table-ronde-et-visite-du-batiment-7\/\" \/>\n<meta property=\"og:site_name\" content=\"Architecture Sans Fronti\u00e8res Qu\u00e9bec\" \/>\n<meta property=\"article:publisher\" content=\"https:\/\/www.facebook.com\/architecturesansfrontieres\/\" \/>\n<meta property=\"article:published_time\" content=\"2018-10-10T17:30:01+00:00\" \/>\n<meta property=\"og:image\" content=\"https:\/\/cdn.evbuc.com\/eventlogos\/46095419\/capturede28099ecc81cran20180928acc8013.49.47.png\" \/>\n<meta name=\"author\" content=\"asf-quebec\" \/>\n<meta name=\"twitter:card\" content=\"summary_large_image\" \/>\n<meta name=\"twitter:label1\" content=\"Written by\" \/>\n\t<meta name=\"twitter:data1\" content=\"asf-quebec\" \/>\n\t<meta name=\"twitter:label2\" content=\"Est. reading time\" \/>\n\t<meta name=\"twitter:data2\" content=\"4 minutes\" \/>\n<script type=\"application\/ld+json\" class=\"yoast-schema-graph\">{\"@context\":\"https:\/\/schema.org\",\"@graph\":[{\"@type\":\"Article\",\"@id\":\"https:\/\/www.asf-quebec.org\/en\/archipero-57-table-ronde-et-visite-du-batiment-7\/#article\",\"isPartOf\":{\"@id\":\"https:\/\/www.asf-quebec.org\/en\/archipero-57-table-ronde-et-visite-du-batiment-7\/\"},\"author\":{\"name\":\"asf-quebec\",\"@id\":\"https:\/\/www.asf-quebec.org\/en\/#\/schema\/person\/9655911da321e5e7c39708ae5de28d6a\"},\"headline\":\"ARCHIP\u00c9RO : 5@7, table-ronde et visite du B\u00e2timent 7\",\"datePublished\":\"2018-10-10T17:30:01+00:00\",\"mainEntityOfPage\":{\"@id\":\"https:\/\/www.asf-quebec.org\/en\/archipero-57-table-ronde-et-visite-du-batiment-7\/\"},\"wordCount\":758,\"publisher\":{\"@id\":\"https:\/\/www.asf-quebec.org\/en\/#organization\"},\"image\":{\"@id\":\"https:\/\/www.asf-quebec.org\/en\/archipero-57-table-ronde-et-visite-du-batiment-7\/#primaryimage\"},\"thumbnailUrl\":\"https:\/\/www.asf-quebec.org\/wp-content\/uploads\/2018\/10\/https___cdn.evbuc_.com_images_50533864_46418086933_1_original.jpg\",\"keywords\":[\"EA\",\"EC\"],\"inLanguage\":\"en-US\"},{\"@type\":\"WebPage\",\"@id\":\"https:\/\/www.asf-quebec.org\/en\/archipero-57-table-ronde-et-visite-du-batiment-7\/\",\"url\":\"https:\/\/www.asf-quebec.org\/en\/archipero-57-table-ronde-et-visite-du-batiment-7\/\",\"name\":\"ARCHIP\u00c9RO : 5@7, table-ronde et visite du B\u00e2timent 7 - Architecture Sans Fronti\u00e8res Qu\u00e9bec %\",\"isPartOf\":{\"@id\":\"https:\/\/www.asf-quebec.org\/en\/#website\"},\"primaryImageOfPage\":{\"@id\":\"https:\/\/www.asf-quebec.org\/en\/archipero-57-table-ronde-et-visite-du-batiment-7\/#primaryimage\"},\"image\":{\"@id\":\"https:\/\/www.asf-quebec.org\/en\/archipero-57-table-ronde-et-visite-du-batiment-7\/#primaryimage\"},\"thumbnailUrl\":\"https:\/\/www.asf-quebec.org\/wp-content\/uploads\/2018\/10\/https___cdn.evbuc_.com_images_50533864_46418086933_1_original.jpg\",\"datePublished\":\"2018-10-10T17:30:01+00:00\",\"description\":\"ARCHIP\u00c9RO : 5@7, table-ronde et visite du B\u00e2timent 7\",\"breadcrumb\":{\"@id\":\"https:\/\/www.asf-quebec.org\/en\/archipero-57-table-ronde-et-visite-du-batiment-7\/#breadcrumb\"},\"inLanguage\":\"en-US\",\"potentialAction\":[{\"@type\":\"ReadAction\",\"target\":[\"https:\/\/www.asf-quebec.org\/en\/archipero-57-table-ronde-et-visite-du-batiment-7\/\"]}]},{\"@type\":\"ImageObject\",\"inLanguage\":\"en-US\",\"@id\":\"https:\/\/www.asf-quebec.org\/en\/archipero-57-table-ronde-et-visite-du-batiment-7\/#primaryimage\",\"url\":\"https:\/\/www.asf-quebec.org\/wp-content\/uploads\/2018\/10\/https___cdn.evbuc_.com_images_50533864_46418086933_1_original.jpg\",\"contentUrl\":\"https:\/\/www.asf-quebec.org\/wp-content\/uploads\/2018\/10\/https___cdn.evbuc_.com_images_50533864_46418086933_1_original.jpg\",\"width\":800,\"height\":400},{\"@type\":\"BreadcrumbList\",\"@id\":\"https:\/\/www.asf-quebec.org\/en\/archipero-57-table-ronde-et-visite-du-batiment-7\/#breadcrumb\",\"itemListElement\":[{\"@type\":\"ListItem\",\"position\":1,\"name\":\"Accueil\",\"item\":\"https:\/\/www.asf-quebec.org\/en\/\"},{\"@type\":\"ListItem\",\"position\":2,\"name\":\"ARCHIP\u00c9RO : 5@7, table-ronde et visite du B\u00e2timent 7\"}]},{\"@type\":\"WebSite\",\"@id\":\"https:\/\/www.asf-quebec.org\/en\/#website\",\"url\":\"https:\/\/www.asf-quebec.org\/en\/\",\"name\":\"Architecture sans fronti\u00e8res Qu\u00e9bec\",\"description\":\"ASFQ\",\"publisher\":{\"@id\":\"https:\/\/www.asf-quebec.org\/en\/#organization\"},\"potentialAction\":[{\"@type\":\"SearchAction\",\"target\":{\"@type\":\"EntryPoint\",\"urlTemplate\":\"https:\/\/www.asf-quebec.org\/en\/?s={search_term_string}\"},\"query-input\":{\"@type\":\"PropertyValueSpecification\",\"valueRequired\":true,\"valueName\":\"search_term_string\"}}],\"inLanguage\":\"en-US\"},{\"@type\":\"Organization\",\"@id\":\"https:\/\/www.asf-quebec.org\/en\/#organization\",\"name\":\"Architecture sans fronti\u00e8res Qu\u00e9bec (ASFQ)\",\"url\":\"https:\/\/www.asf-quebec.org\/en\/\",\"logo\":{\"@type\":\"ImageObject\",\"inLanguage\":\"en-US\",\"@id\":\"https:\/\/www.asf-quebec.org\/en\/#\/schema\/logo\/image\/\",\"url\":\"https:\/\/www.asf-quebec.org\/wp-content\/uploads\/2019\/07\/Logo-asfq-retina.jpg\",\"contentUrl\":\"https:\/\/www.asf-quebec.org\/wp-content\/uploads\/2019\/07\/Logo-asfq-retina.jpg\",\"width\":564,\"height\":219,\"caption\":\"Architecture sans fronti\u00e8res Qu\u00e9bec (ASFQ)\"},\"image\":{\"@id\":\"https:\/\/www.asf-quebec.org\/en\/#\/schema\/logo\/image\/\"},\"sameAs\":[\"https:\/\/www.facebook.com\/architecturesansfrontieres\/\",\"https:\/\/www.instagram.com\/asfquebec\/\",\"https:\/\/www.linkedin.com\/company\/asf-quebec\/\"]},{\"@type\":\"Person\",\"@id\":\"https:\/\/www.asf-quebec.org\/en\/#\/schema\/person\/9655911da321e5e7c39708ae5de28d6a\",\"name\":\"asf-quebec\",\"image\":{\"@type\":\"ImageObject\",\"inLanguage\":\"en-US\",\"@id\":\"https:\/\/www.asf-quebec.org\/en\/#\/schema\/person\/image\/\",\"url\":\"https:\/\/secure.gravatar.com\/avatar\/e855b116ca919b157a426c59781443a8d88f6c286252b6e0fed2bef83833541c?s=96&d=mm&r=g\",\"contentUrl\":\"https:\/\/secure.gravatar.com\/avatar\/e855b116ca919b157a426c59781443a8d88f6c286252b6e0fed2bef83833541c?s=96&d=mm&r=g\",\"caption\":\"asf-quebec\"}}]}<\/script>\n<!-- \/ Yoast SEO plugin. -->","yoast_head_json":{"title":"ARCHIP\u00c9RO : 5@7, table-ronde et visite du B\u00e2timent 7 - Architecture Sans Fronti\u00e8res Qu\u00e9bec %","description":"ARCHIP\u00c9RO : 5@7, table-ronde et visite du B\u00e2timent 7","robots":{"index":"index","follow":"follow","max-snippet":"max-snippet:-1","max-image-preview":"max-image-preview:large","max-video-preview":"max-video-preview:-1"},"canonical":"https:\/\/www.asf-quebec.org\/en\/archipero-57-table-ronde-et-visite-du-batiment-7\/","og_locale":"en_US","og_type":"article","og_title":"ARCHIP\u00c9RO : 5@7, table-ronde et visite du B\u00e2timent 7 - Architecture Sans Fronti\u00e8res Qu\u00e9bec %","og_description":"ARCHIP\u00c9RO : 5@7, table-ronde et visite du B\u00e2timent 7","og_url":"https:\/\/www.asf-quebec.org\/en\/archipero-57-table-ronde-et-visite-du-batiment-7\/","og_site_name":"Architecture Sans Fronti\u00e8res Qu\u00e9bec","article_publisher":"https:\/\/www.facebook.com\/architecturesansfrontieres\/","article_published_time":"2018-10-10T17:30:01+00:00","og_image":[{"url":"https:\/\/cdn.evbuc.com\/eventlogos\/46095419\/capturede28099ecc81cran20180928acc8013.49.47.png","type":"","width":"","height":""}],"author":"asf-quebec","twitter_card":"summary_large_image","twitter_misc":{"Written by":"asf-quebec","Est. reading time":"4 minutes"},"schema":{"@context":"https:\/\/schema.org","@graph":[{"@type":"Article","@id":"https:\/\/www.asf-quebec.org\/en\/archipero-57-table-ronde-et-visite-du-batiment-7\/#article","isPartOf":{"@id":"https:\/\/www.asf-quebec.org\/en\/archipero-57-table-ronde-et-visite-du-batiment-7\/"},"author":{"name":"asf-quebec","@id":"https:\/\/www.asf-quebec.org\/en\/#\/schema\/person\/9655911da321e5e7c39708ae5de28d6a"},"headline":"ARCHIP\u00c9RO : 5@7, table-ronde et visite du B\u00e2timent 7","datePublished":"2018-10-10T17:30:01+00:00","mainEntityOfPage":{"@id":"https:\/\/www.asf-quebec.org\/en\/archipero-57-table-ronde-et-visite-du-batiment-7\/"},"wordCount":758,"publisher":{"@id":"https:\/\/www.asf-quebec.org\/en\/#organization"},"image":{"@id":"https:\/\/www.asf-quebec.org\/en\/archipero-57-table-ronde-et-visite-du-batiment-7\/#primaryimage"},"thumbnailUrl":"https:\/\/www.asf-quebec.org\/wp-content\/uploads\/2018\/10\/https___cdn.evbuc_.com_images_50533864_46418086933_1_original.jpg","keywords":["EA","EC"],"inLanguage":"en-US"},{"@type":"WebPage","@id":"https:\/\/www.asf-quebec.org\/en\/archipero-57-table-ronde-et-visite-du-batiment-7\/","url":"https:\/\/www.asf-quebec.org\/en\/archipero-57-table-ronde-et-visite-du-batiment-7\/","name":"ARCHIP\u00c9RO : 5@7, table-ronde et visite du B\u00e2timent 7 - Architecture Sans Fronti\u00e8res Qu\u00e9bec %","isPartOf":{"@id":"https:\/\/www.asf-quebec.org\/en\/#website"},"primaryImageOfPage":{"@id":"https:\/\/www.asf-quebec.org\/en\/archipero-57-table-ronde-et-visite-du-batiment-7\/#primaryimage"},"image":{"@id":"https:\/\/www.asf-quebec.org\/en\/archipero-57-table-ronde-et-visite-du-batiment-7\/#primaryimage"},"thumbnailUrl":"https:\/\/www.asf-quebec.org\/wp-content\/uploads\/2018\/10\/https___cdn.evbuc_.com_images_50533864_46418086933_1_original.jpg","datePublished":"2018-10-10T17:30:01+00:00","description":"ARCHIP\u00c9RO : 5@7, table-ronde et visite du B\u00e2timent 7","breadcrumb":{"@id":"https:\/\/www.asf-quebec.org\/en\/archipero-57-table-ronde-et-visite-du-batiment-7\/#breadcrumb"},"inLanguage":"en-US","potentialAction":[{"@type":"ReadAction","target":["https:\/\/www.asf-quebec.org\/en\/archipero-57-table-ronde-et-visite-du-batiment-7\/"]}]},{"@type":"ImageObject","inLanguage":"en-US","@id":"https:\/\/www.asf-quebec.org\/en\/archipero-57-table-ronde-et-visite-du-batiment-7\/#primaryimage","url":"https:\/\/www.asf-quebec.org\/wp-content\/uploads\/2018\/10\/https___cdn.evbuc_.com_images_50533864_46418086933_1_original.jpg","contentUrl":"https:\/\/www.asf-quebec.org\/wp-content\/uploads\/2018\/10\/https___cdn.evbuc_.com_images_50533864_46418086933_1_original.jpg","width":800,"height":400},{"@type":"BreadcrumbList","@id":"https:\/\/www.asf-quebec.org\/en\/archipero-57-table-ronde-et-visite-du-batiment-7\/#breadcrumb","itemListElement":[{"@type":"ListItem","position":1,"name":"Accueil","item":"https:\/\/www.asf-quebec.org\/en\/"},{"@type":"ListItem","position":2,"name":"ARCHIP\u00c9RO : 5@7, table-ronde et visite du B\u00e2timent 7"}]},{"@type":"WebSite","@id":"https:\/\/www.asf-quebec.org\/en\/#website","url":"https:\/\/www.asf-quebec.org\/en\/","name":"Architecture sans fronti\u00e8res Qu\u00e9bec","description":"ASFQ","publisher":{"@id":"https:\/\/www.asf-quebec.org\/en\/#organization"},"potentialAction":[{"@type":"SearchAction","target":{"@type":"EntryPoint","urlTemplate":"https:\/\/www.asf-quebec.org\/en\/?s={search_term_string}"},"query-input":{"@type":"PropertyValueSpecification","valueRequired":true,"valueName":"search_term_string"}}],"inLanguage":"en-US"},{"@type":"Organization","@id":"https:\/\/www.asf-quebec.org\/en\/#organization","name":"Architecture sans fronti\u00e8res Qu\u00e9bec (ASFQ)","url":"https:\/\/www.asf-quebec.org\/en\/","logo":{"@type":"ImageObject","inLanguage":"en-US","@id":"https:\/\/www.asf-quebec.org\/en\/#\/schema\/logo\/image\/","url":"https:\/\/www.asf-quebec.org\/wp-content\/uploads\/2019\/07\/Logo-asfq-retina.jpg","contentUrl":"https:\/\/www.asf-quebec.org\/wp-content\/uploads\/2019\/07\/Logo-asfq-retina.jpg","width":564,"height":219,"caption":"Architecture sans fronti\u00e8res Qu\u00e9bec (ASFQ)"},"image":{"@id":"https:\/\/www.asf-quebec.org\/en\/#\/schema\/logo\/image\/"},"sameAs":["https:\/\/www.facebook.com\/architecturesansfrontieres\/","https:\/\/www.instagram.com\/asfquebec\/","https:\/\/www.linkedin.com\/company\/asf-quebec\/"]},{"@type":"Person","@id":"https:\/\/www.asf-quebec.org\/en\/#\/schema\/person\/9655911da321e5e7c39708ae5de28d6a","name":"asf-quebec","image":{"@type":"ImageObject","inLanguage":"en-US","@id":"https:\/\/www.asf-quebec.org\/en\/#\/schema\/person\/image\/","url":"https:\/\/secure.gravatar.com\/avatar\/e855b116ca919b157a426c59781443a8d88f6c286252b6e0fed2bef83833541c?s=96&d=mm&r=g","contentUrl":"https:\/\/secure.gravatar.com\/avatar\/e855b116ca919b157a426c59781443a8d88f6c286252b6e0fed2bef83833541c?s=96&d=mm&r=g","caption":"asf-quebec"}}]}},"_links":{"self":[{"href":"https:\/\/www.asf-quebec.org\/en\/wp-json\/wp\/v2\/posts\/951309","targetHints":{"allow":["GET"]}}],"collection":[{"href":"https:\/\/www.asf-quebec.org\/en\/wp-json\/wp\/v2\/posts"}],"about":[{"href":"https:\/\/www.asf-quebec.org\/en\/wp-json\/wp\/v2\/types\/post"}],"author":[{"embeddable":true,"href":"https:\/\/www.asf-quebec.org\/en\/wp-json\/wp\/v2\/users\/2"}],"replies":[{"embeddable":true,"href":"https:\/\/www.asf-quebec.org\/en\/wp-json\/wp\/v2\/comments?post=951309"}],"version-history":[{"count":0,"href":"https:\/\/www.asf-quebec.org\/en\/wp-json\/wp\/v2\/posts\/951309\/revisions"}],"wp:featuredmedia":[{"embeddable":true,"href":"https:\/\/www.asf-quebec.org\/en\/wp-json\/wp\/v2\/media\/302133"}],"wp:attachment":[{"href":"https:\/\/www.asf-quebec.org\/en\/wp-json\/wp\/v2\/media?parent=951309"}],"wp:term":[{"taxonomy":"category","embeddable":true,"href":"https:\/\/www.asf-quebec.org\/en\/wp-json\/wp\/v2\/categories?post=951309"},{"taxonomy":"post_tag","embeddable":true,"href":"https:\/\/www.asf-quebec.org\/en\/wp-json\/wp\/v2\/tags?post=951309"}],"curies":[{"name":"wp","href":"https:\/\/api.w.org\/{rel}","templated":true}]}}