{"id":951306,"date":"2019-01-20T23:59:53","date_gmt":"2019-01-20T23:59:53","guid":{"rendered":"https:\/\/www.asf-quebec.org\/sur-lune-des-mille-collines-le-nouveau-centre-de-sante-est-enfin-pret\/"},"modified":"2019-01-20T23:59:53","modified_gmt":"2019-01-20T23:59:53","slug":"sur-lune-des-mille-collines-le-nouveau-centre-de-sante-est-enfin-pret","status":"publish","type":"post","link":"https:\/\/www.asf-quebec.org\/en\/sur-lune-des-mille-collines-le-nouveau-centre-de-sante-est-enfin-pret\/","title":{"rendered":"Sur l\u2019une des mille collines, le nouveau centre de sant\u00e9 est enfin pr\u00eat !"},"content":{"rendered":"<header class=\"post-header\">\n<div class=\"clear\">L\u2019\u00e9quipe du PR\u00c9CI en charge de la construction du centre de sant\u00e9 de Kunturo est rentr\u00e9e en mi-janvier au Qu\u00e9bec apr\u00e8s avoir travaill\u00e9 6 mois sur ce projet sollicit\u00e9 par la communaut\u00e9 locale et con\u00e7u par l\u2019\u00e9quipe d\u2019Architecture Sans Fronti\u00e8res Qu\u00e9bec. La pr\u00e9sence de ce nouveau centre dans cette zone marqu\u00e9e jusqu\u2019alors par le manque d\u2019infrastructure sanitaire am\u00e9liorera la qualit\u00e9 de vie d\u2019environ 10 200 personnes et notamment celui des femmes enceintes.<\/div>\n<\/header>\n<div class=\"gdlr-blog-content\">\n<p><strong>Un b\u00e2timent adapt\u00e9<\/strong><br \/>\nPour rappel, ce centre de sant\u00e9 est un projet soumis par IDA \u2013 Rwanda (Integrated Development Action) qui a pour but de lutter contre la vuln\u00e9rabilit\u00e9 de la population rwandaise. Compos\u00e9 d\u2019une salle d\u2019attente, d\u2019une salle de consultation, d\u2019une pharmacie et d\u2019un bureau, il est construit en haut d\u2019une colline afin d\u2019\u00e9viter les glissements de terrain dus aux pluies torrentielles. De plus, sa structure le rend r\u00e9sistant aux tremblements de terre et aux vents violents qui caract\u00e9risent ces terres situ\u00e9es \u00e0 plus de 2000 m d\u2019altitude dans la r\u00e9gion des Grands Lacs. L\u2019objectif de ce projet est de faire baisser de fa\u00e7on significative le taux de mortalit\u00e9 de cette zone, alors que les infrastructures de sant\u00e9 les plus proches se trouvent \u00e0 plus de cinq heures de marche. La demande de ce centre \u00e9manait d\u2019ailleurs de la population elle-m\u00eame, d\u2019o\u00f9 l\u2019adh\u00e9sion, l\u2019enthousiasme et la contribution exceptionnels des parties prenantes \u00e0 sa r\u00e9alisation.<\/p>\n<p><strong>Un projet riche en apprentissages<\/strong><br \/>\nL\u2019\u00e9quipe d\u2019architectes et de b\u00e9n\u00e9voles d\u2019ASFQ a d\u00fb adapter \u00e0 de nombreuses reprises les plans du b\u00e2timent en fonction des informations juridiques, socioculturelles et techniques provenant du terrain. Les habitudes de construction, les mat\u00e9riaux utilis\u00e9s et la topographie particuli\u00e8re ont offert de nombreux d\u00e9fis \u00e0 relever. Les 6 \u00e9tudiants-ing\u00e9nieurs de l\u2019\u00c9TS partis dans le cadre du PR\u00c9CI, ont quant \u00e0 eux v\u00e9cu une aventure humaine, professionnelle et culturelle exceptionnelle. L\u2019exp\u00e9rience en gestion de chantier et en n\u00e9gociations, particuli\u00e8re \u00e0 cette r\u00e9gion de l\u2019Afrique, leur sera, \u00e0 n\u2019en pas douter, utile tout au long de leur carri\u00e8re ! Il est passionnant \u00e0 ce propos de suivre le quotidien et les anecdotes de la mission sur le blogue du PR\u00c9CI 2018.\u00a0<a href=\"https:\/\/preci.etsmtl.ca\/blogue\/\">https:\/\/preci.etsmtl.ca\/blogue\/<\/a><\/p>\n<p><strong>Un impact social et \u00e9conomique positif<br \/>\n<\/strong>Cette mission fut aussi l\u2019occasion de stimuler pendant 6 mois l\u2019\u00e9conomie locale par l\u2019embauche de la population du village et l\u2019achat de mat\u00e9riaux locaux. L\u2019\u00e9quipe du PR\u00c9CI souligne \u00e0 ce propos<br \/>\nl\u2019application et la qualit\u00e9 des finitions du b\u00e2timent r\u00e9alis\u00e9e par les ma\u00e7ons rwandais.<br \/>\nIl est \u00e0 souligner que pr\u00e9sence et le statut dans cette mission de deux \u00e9tudiantes en g\u00e9nie a \u00e9t\u00e9 une source d\u2019inspiration pour les femmes de Kunturo, qui y ont vu une preuve du potentiel f\u00e9minin. Cet exemple a notamment permis de catalyser la formation d\u2019une coop\u00e9rative agricole f\u00e9minine. Une premi\u00e8re dans cette r\u00e9gion.<\/p>\n<p>Tous ces apprentissages accumul\u00e9s \u00e0 Kunturo seront pr\u00e9cieux pour l\u2019organisation de nos prochaines missions internationales et pour le PRECI, qui transmet son savoir \u00e0 la nouvelle cohorte 2019.<\/p>\n<\/div>\n","protected":false},"excerpt":{"rendered":"<p>L\u2019\u00e9quipe du PR\u00c9CI en charge de la construction du centre <a href=\"https:\/\/www.asf-quebec.org\/en\/sur-lune-des-mille-collines-le-nouveau-centre-de-sante-est-enfin-pret\/\"> [&#8230;]<\/a><\/p>\n","protected":false},"author":2,"featured_media":302120,"comment_status":"closed","ping_status":"open","sticky":false,"template":"","format":"standard","meta":{"_acf_changed":false,"footnotes":""},"categories":[37],"tags":[49],"class_list":["post-951306","post","type-post","status-publish","format-standard","has-post-thumbnail","hentry","category-news","tag-ci-en"],"acf":[],"yoast_head":"<!-- This site is optimized with the Yoast SEO plugin v26.8 - https:\/\/yoast.com\/product\/yoast-seo-wordpress\/ -->\n<title>Sur l\u2019une des mille collines, le nouveau centre de sant\u00e9 est enfin pr\u00eat ! - Architecture Sans Fronti\u00e8res Qu\u00e9bec %<\/title>\n<meta name=\"description\" content=\"Sur l\u2019une des mille collines, le nouveau centre de sant\u00e9 est enfin pr\u00eat !\" \/>\n<meta name=\"robots\" content=\"index, follow, max-snippet:-1, max-image-preview:large, max-video-preview:-1\" \/>\n<link rel=\"canonical\" href=\"https:\/\/www.asf-quebec.org\/en\/sur-lune-des-mille-collines-le-nouveau-centre-de-sante-est-enfin-pret\/\" \/>\n<meta property=\"og:locale\" content=\"en_US\" \/>\n<meta property=\"og:type\" content=\"article\" \/>\n<meta property=\"og:title\" content=\"Sur l\u2019une des mille collines, le nouveau centre de sant\u00e9 est enfin pr\u00eat ! - Architecture Sans Fronti\u00e8res Qu\u00e9bec %\" \/>\n<meta property=\"og:description\" content=\"Sur l\u2019une des mille collines, le nouveau centre de sant\u00e9 est enfin pr\u00eat !\" \/>\n<meta property=\"og:url\" content=\"https:\/\/www.asf-quebec.org\/en\/sur-lune-des-mille-collines-le-nouveau-centre-de-sante-est-enfin-pret\/\" \/>\n<meta property=\"og:site_name\" content=\"Architecture Sans Fronti\u00e8res Qu\u00e9bec\" \/>\n<meta property=\"article:publisher\" content=\"https:\/\/www.facebook.com\/architecturesansfrontieres\/\" \/>\n<meta property=\"article:published_time\" content=\"2019-01-20T23:59:53+00:00\" \/>\n<meta name=\"author\" content=\"asf-quebec\" \/>\n<meta name=\"twitter:card\" content=\"summary_large_image\" \/>\n<meta name=\"twitter:label1\" content=\"Written by\" \/>\n\t<meta name=\"twitter:data1\" content=\"asf-quebec\" \/>\n\t<meta name=\"twitter:label2\" content=\"Est. reading time\" \/>\n\t<meta name=\"twitter:data2\" content=\"3 minutes\" \/>\n<script type=\"application\/ld+json\" class=\"yoast-schema-graph\">{\"@context\":\"https:\/\/schema.org\",\"@graph\":[{\"@type\":\"Article\",\"@id\":\"https:\/\/www.asf-quebec.org\/en\/sur-lune-des-mille-collines-le-nouveau-centre-de-sante-est-enfin-pret\/#article\",\"isPartOf\":{\"@id\":\"https:\/\/www.asf-quebec.org\/en\/sur-lune-des-mille-collines-le-nouveau-centre-de-sante-est-enfin-pret\/\"},\"author\":{\"name\":\"asf-quebec\",\"@id\":\"https:\/\/www.asf-quebec.org\/en\/#\/schema\/person\/9655911da321e5e7c39708ae5de28d6a\"},\"headline\":\"Sur l\u2019une des mille collines, le nouveau centre de sant\u00e9 est enfin pr\u00eat !\",\"datePublished\":\"2019-01-20T23:59:53+00:00\",\"mainEntityOfPage\":{\"@id\":\"https:\/\/www.asf-quebec.org\/en\/sur-lune-des-mille-collines-le-nouveau-centre-de-sante-est-enfin-pret\/\"},\"wordCount\":566,\"publisher\":{\"@id\":\"https:\/\/www.asf-quebec.org\/en\/#organization\"},\"image\":{\"@id\":\"https:\/\/www.asf-quebec.org\/en\/sur-lune-des-mille-collines-le-nouveau-centre-de-sante-est-enfin-pret\/#primaryimage\"},\"thumbnailUrl\":\"https:\/\/www.asf-quebec.org\/wp-content\/uploads\/2020\/01\/Site_Kunturo-750x300.jpg\",\"keywords\":[\"CI\"],\"articleSection\":[\"News\"],\"inLanguage\":\"en-US\"},{\"@type\":\"WebPage\",\"@id\":\"https:\/\/www.asf-quebec.org\/en\/sur-lune-des-mille-collines-le-nouveau-centre-de-sante-est-enfin-pret\/\",\"url\":\"https:\/\/www.asf-quebec.org\/en\/sur-lune-des-mille-collines-le-nouveau-centre-de-sante-est-enfin-pret\/\",\"name\":\"Sur l\u2019une des mille collines, le nouveau centre de sant\u00e9 est enfin pr\u00eat ! - Architecture Sans Fronti\u00e8res Qu\u00e9bec %\",\"isPartOf\":{\"@id\":\"https:\/\/www.asf-quebec.org\/en\/#website\"},\"primaryImageOfPage\":{\"@id\":\"https:\/\/www.asf-quebec.org\/en\/sur-lune-des-mille-collines-le-nouveau-centre-de-sante-est-enfin-pret\/#primaryimage\"},\"image\":{\"@id\":\"https:\/\/www.asf-quebec.org\/en\/sur-lune-des-mille-collines-le-nouveau-centre-de-sante-est-enfin-pret\/#primaryimage\"},\"thumbnailUrl\":\"https:\/\/www.asf-quebec.org\/wp-content\/uploads\/2020\/01\/Site_Kunturo-750x300.jpg\",\"datePublished\":\"2019-01-20T23:59:53+00:00\",\"description\":\"Sur l\u2019une des mille collines, le nouveau centre de sant\u00e9 est enfin pr\u00eat !\",\"breadcrumb\":{\"@id\":\"https:\/\/www.asf-quebec.org\/en\/sur-lune-des-mille-collines-le-nouveau-centre-de-sante-est-enfin-pret\/#breadcrumb\"},\"inLanguage\":\"en-US\",\"potentialAction\":[{\"@type\":\"ReadAction\",\"target\":[\"https:\/\/www.asf-quebec.org\/en\/sur-lune-des-mille-collines-le-nouveau-centre-de-sante-est-enfin-pret\/\"]}]},{\"@type\":\"ImageObject\",\"inLanguage\":\"en-US\",\"@id\":\"https:\/\/www.asf-quebec.org\/en\/sur-lune-des-mille-collines-le-nouveau-centre-de-sante-est-enfin-pret\/#primaryimage\",\"url\":\"https:\/\/www.asf-quebec.org\/wp-content\/uploads\/2020\/01\/Site_Kunturo-750x300.jpg\",\"contentUrl\":\"https:\/\/www.asf-quebec.org\/wp-content\/uploads\/2020\/01\/Site_Kunturo-750x300.jpg\",\"width\":750,\"height\":300},{\"@type\":\"BreadcrumbList\",\"@id\":\"https:\/\/www.asf-quebec.org\/en\/sur-lune-des-mille-collines-le-nouveau-centre-de-sante-est-enfin-pret\/#breadcrumb\",\"itemListElement\":[{\"@type\":\"ListItem\",\"position\":1,\"name\":\"Accueil\",\"item\":\"https:\/\/www.asf-quebec.org\/en\/\"},{\"@type\":\"ListItem\",\"position\":2,\"name\":\"Sur l\u2019une des mille collines, le nouveau centre de sant\u00e9 est enfin pr\u00eat !\"}]},{\"@type\":\"WebSite\",\"@id\":\"https:\/\/www.asf-quebec.org\/en\/#website\",\"url\":\"https:\/\/www.asf-quebec.org\/en\/\",\"name\":\"Architecture sans fronti\u00e8res Qu\u00e9bec\",\"description\":\"ASFQ\",\"publisher\":{\"@id\":\"https:\/\/www.asf-quebec.org\/en\/#organization\"},\"potentialAction\":[{\"@type\":\"SearchAction\",\"target\":{\"@type\":\"EntryPoint\",\"urlTemplate\":\"https:\/\/www.asf-quebec.org\/en\/?s={search_term_string}\"},\"query-input\":{\"@type\":\"PropertyValueSpecification\",\"valueRequired\":true,\"valueName\":\"search_term_string\"}}],\"inLanguage\":\"en-US\"},{\"@type\":\"Organization\",\"@id\":\"https:\/\/www.asf-quebec.org\/en\/#organization\",\"name\":\"Architecture sans fronti\u00e8res Qu\u00e9bec (ASFQ)\",\"url\":\"https:\/\/www.asf-quebec.org\/en\/\",\"logo\":{\"@type\":\"ImageObject\",\"inLanguage\":\"en-US\",\"@id\":\"https:\/\/www.asf-quebec.org\/en\/#\/schema\/logo\/image\/\",\"url\":\"https:\/\/www.asf-quebec.org\/wp-content\/uploads\/2019\/07\/Logo-asfq-retina.jpg\",\"contentUrl\":\"https:\/\/www.asf-quebec.org\/wp-content\/uploads\/2019\/07\/Logo-asfq-retina.jpg\",\"width\":564,\"height\":219,\"caption\":\"Architecture sans fronti\u00e8res Qu\u00e9bec (ASFQ)\"},\"image\":{\"@id\":\"https:\/\/www.asf-quebec.org\/en\/#\/schema\/logo\/image\/\"},\"sameAs\":[\"https:\/\/www.facebook.com\/architecturesansfrontieres\/\",\"https:\/\/www.instagram.com\/asfquebec\/\",\"https:\/\/www.linkedin.com\/company\/asf-quebec\/\"]},{\"@type\":\"Person\",\"@id\":\"https:\/\/www.asf-quebec.org\/en\/#\/schema\/person\/9655911da321e5e7c39708ae5de28d6a\",\"name\":\"asf-quebec\",\"image\":{\"@type\":\"ImageObject\",\"inLanguage\":\"en-US\",\"@id\":\"https:\/\/www.asf-quebec.org\/en\/#\/schema\/person\/image\/\",\"url\":\"https:\/\/secure.gravatar.com\/avatar\/e855b116ca919b157a426c59781443a8d88f6c286252b6e0fed2bef83833541c?s=96&d=mm&r=g\",\"contentUrl\":\"https:\/\/secure.gravatar.com\/avatar\/e855b116ca919b157a426c59781443a8d88f6c286252b6e0fed2bef83833541c?s=96&d=mm&r=g\",\"caption\":\"asf-quebec\"}}]}<\/script>\n<!-- \/ Yoast SEO plugin. -->","yoast_head_json":{"title":"Sur l\u2019une des mille collines, le nouveau centre de sant\u00e9 est enfin pr\u00eat ! - Architecture Sans Fronti\u00e8res Qu\u00e9bec %","description":"Sur l\u2019une des mille collines, le nouveau centre de sant\u00e9 est enfin pr\u00eat !","robots":{"index":"index","follow":"follow","max-snippet":"max-snippet:-1","max-image-preview":"max-image-preview:large","max-video-preview":"max-video-preview:-1"},"canonical":"https:\/\/www.asf-quebec.org\/en\/sur-lune-des-mille-collines-le-nouveau-centre-de-sante-est-enfin-pret\/","og_locale":"en_US","og_type":"article","og_title":"Sur l\u2019une des mille collines, le nouveau centre de sant\u00e9 est enfin pr\u00eat ! - Architecture Sans Fronti\u00e8res Qu\u00e9bec %","og_description":"Sur l\u2019une des mille collines, le nouveau centre de sant\u00e9 est enfin pr\u00eat !","og_url":"https:\/\/www.asf-quebec.org\/en\/sur-lune-des-mille-collines-le-nouveau-centre-de-sante-est-enfin-pret\/","og_site_name":"Architecture Sans Fronti\u00e8res Qu\u00e9bec","article_publisher":"https:\/\/www.facebook.com\/architecturesansfrontieres\/","article_published_time":"2019-01-20T23:59:53+00:00","author":"asf-quebec","twitter_card":"summary_large_image","twitter_misc":{"Written by":"asf-quebec","Est. reading time":"3 minutes"},"schema":{"@context":"https:\/\/schema.org","@graph":[{"@type":"Article","@id":"https:\/\/www.asf-quebec.org\/en\/sur-lune-des-mille-collines-le-nouveau-centre-de-sante-est-enfin-pret\/#article","isPartOf":{"@id":"https:\/\/www.asf-quebec.org\/en\/sur-lune-des-mille-collines-le-nouveau-centre-de-sante-est-enfin-pret\/"},"author":{"name":"asf-quebec","@id":"https:\/\/www.asf-quebec.org\/en\/#\/schema\/person\/9655911da321e5e7c39708ae5de28d6a"},"headline":"Sur l\u2019une des mille collines, le nouveau centre de sant\u00e9 est enfin pr\u00eat !","datePublished":"2019-01-20T23:59:53+00:00","mainEntityOfPage":{"@id":"https:\/\/www.asf-quebec.org\/en\/sur-lune-des-mille-collines-le-nouveau-centre-de-sante-est-enfin-pret\/"},"wordCount":566,"publisher":{"@id":"https:\/\/www.asf-quebec.org\/en\/#organization"},"image":{"@id":"https:\/\/www.asf-quebec.org\/en\/sur-lune-des-mille-collines-le-nouveau-centre-de-sante-est-enfin-pret\/#primaryimage"},"thumbnailUrl":"https:\/\/www.asf-quebec.org\/wp-content\/uploads\/2020\/01\/Site_Kunturo-750x300.jpg","keywords":["CI"],"articleSection":["News"],"inLanguage":"en-US"},{"@type":"WebPage","@id":"https:\/\/www.asf-quebec.org\/en\/sur-lune-des-mille-collines-le-nouveau-centre-de-sante-est-enfin-pret\/","url":"https:\/\/www.asf-quebec.org\/en\/sur-lune-des-mille-collines-le-nouveau-centre-de-sante-est-enfin-pret\/","name":"Sur l\u2019une des mille collines, le nouveau centre de sant\u00e9 est enfin pr\u00eat ! - Architecture Sans Fronti\u00e8res Qu\u00e9bec %","isPartOf":{"@id":"https:\/\/www.asf-quebec.org\/en\/#website"},"primaryImageOfPage":{"@id":"https:\/\/www.asf-quebec.org\/en\/sur-lune-des-mille-collines-le-nouveau-centre-de-sante-est-enfin-pret\/#primaryimage"},"image":{"@id":"https:\/\/www.asf-quebec.org\/en\/sur-lune-des-mille-collines-le-nouveau-centre-de-sante-est-enfin-pret\/#primaryimage"},"thumbnailUrl":"https:\/\/www.asf-quebec.org\/wp-content\/uploads\/2020\/01\/Site_Kunturo-750x300.jpg","datePublished":"2019-01-20T23:59:53+00:00","description":"Sur l\u2019une des mille collines, le nouveau centre de sant\u00e9 est enfin pr\u00eat !","breadcrumb":{"@id":"https:\/\/www.asf-quebec.org\/en\/sur-lune-des-mille-collines-le-nouveau-centre-de-sante-est-enfin-pret\/#breadcrumb"},"inLanguage":"en-US","potentialAction":[{"@type":"ReadAction","target":["https:\/\/www.asf-quebec.org\/en\/sur-lune-des-mille-collines-le-nouveau-centre-de-sante-est-enfin-pret\/"]}]},{"@type":"ImageObject","inLanguage":"en-US","@id":"https:\/\/www.asf-quebec.org\/en\/sur-lune-des-mille-collines-le-nouveau-centre-de-sante-est-enfin-pret\/#primaryimage","url":"https:\/\/www.asf-quebec.org\/wp-content\/uploads\/2020\/01\/Site_Kunturo-750x300.jpg","contentUrl":"https:\/\/www.asf-quebec.org\/wp-content\/uploads\/2020\/01\/Site_Kunturo-750x300.jpg","width":750,"height":300},{"@type":"BreadcrumbList","@id":"https:\/\/www.asf-quebec.org\/en\/sur-lune-des-mille-collines-le-nouveau-centre-de-sante-est-enfin-pret\/#breadcrumb","itemListElement":[{"@type":"ListItem","position":1,"name":"Accueil","item":"https:\/\/www.asf-quebec.org\/en\/"},{"@type":"ListItem","position":2,"name":"Sur l\u2019une des mille collines, le nouveau centre de sant\u00e9 est enfin pr\u00eat !"}]},{"@type":"WebSite","@id":"https:\/\/www.asf-quebec.org\/en\/#website","url":"https:\/\/www.asf-quebec.org\/en\/","name":"Architecture sans fronti\u00e8res Qu\u00e9bec","description":"ASFQ","publisher":{"@id":"https:\/\/www.asf-quebec.org\/en\/#organization"},"potentialAction":[{"@type":"SearchAction","target":{"@type":"EntryPoint","urlTemplate":"https:\/\/www.asf-quebec.org\/en\/?s={search_term_string}"},"query-input":{"@type":"PropertyValueSpecification","valueRequired":true,"valueName":"search_term_string"}}],"inLanguage":"en-US"},{"@type":"Organization","@id":"https:\/\/www.asf-quebec.org\/en\/#organization","name":"Architecture sans fronti\u00e8res Qu\u00e9bec (ASFQ)","url":"https:\/\/www.asf-quebec.org\/en\/","logo":{"@type":"ImageObject","inLanguage":"en-US","@id":"https:\/\/www.asf-quebec.org\/en\/#\/schema\/logo\/image\/","url":"https:\/\/www.asf-quebec.org\/wp-content\/uploads\/2019\/07\/Logo-asfq-retina.jpg","contentUrl":"https:\/\/www.asf-quebec.org\/wp-content\/uploads\/2019\/07\/Logo-asfq-retina.jpg","width":564,"height":219,"caption":"Architecture sans fronti\u00e8res Qu\u00e9bec (ASFQ)"},"image":{"@id":"https:\/\/www.asf-quebec.org\/en\/#\/schema\/logo\/image\/"},"sameAs":["https:\/\/www.facebook.com\/architecturesansfrontieres\/","https:\/\/www.instagram.com\/asfquebec\/","https:\/\/www.linkedin.com\/company\/asf-quebec\/"]},{"@type":"Person","@id":"https:\/\/www.asf-quebec.org\/en\/#\/schema\/person\/9655911da321e5e7c39708ae5de28d6a","name":"asf-quebec","image":{"@type":"ImageObject","inLanguage":"en-US","@id":"https:\/\/www.asf-quebec.org\/en\/#\/schema\/person\/image\/","url":"https:\/\/secure.gravatar.com\/avatar\/e855b116ca919b157a426c59781443a8d88f6c286252b6e0fed2bef83833541c?s=96&d=mm&r=g","contentUrl":"https:\/\/secure.gravatar.com\/avatar\/e855b116ca919b157a426c59781443a8d88f6c286252b6e0fed2bef83833541c?s=96&d=mm&r=g","caption":"asf-quebec"}}]}},"_links":{"self":[{"href":"https:\/\/www.asf-quebec.org\/en\/wp-json\/wp\/v2\/posts\/951306","targetHints":{"allow":["GET"]}}],"collection":[{"href":"https:\/\/www.asf-quebec.org\/en\/wp-json\/wp\/v2\/posts"}],"about":[{"href":"https:\/\/www.asf-quebec.org\/en\/wp-json\/wp\/v2\/types\/post"}],"author":[{"embeddable":true,"href":"https:\/\/www.asf-quebec.org\/en\/wp-json\/wp\/v2\/users\/2"}],"replies":[{"embeddable":true,"href":"https:\/\/www.asf-quebec.org\/en\/wp-json\/wp\/v2\/comments?post=951306"}],"version-history":[{"count":0,"href":"https:\/\/www.asf-quebec.org\/en\/wp-json\/wp\/v2\/posts\/951306\/revisions"}],"wp:featuredmedia":[{"embeddable":true,"href":"https:\/\/www.asf-quebec.org\/en\/wp-json\/wp\/v2\/media\/302120"}],"wp:attachment":[{"href":"https:\/\/www.asf-quebec.org\/en\/wp-json\/wp\/v2\/media?parent=951306"}],"wp:term":[{"taxonomy":"category","embeddable":true,"href":"https:\/\/www.asf-quebec.org\/en\/wp-json\/wp\/v2\/categories?post=951306"},{"taxonomy":"post_tag","embeddable":true,"href":"https:\/\/www.asf-quebec.org\/en\/wp-json\/wp\/v2\/tags?post=951306"}],"curies":[{"name":"wp","href":"https:\/\/api.w.org\/{rel}","templated":true}]}}