{"id":951301,"date":"2019-04-11T23:45:34","date_gmt":"2019-04-11T23:45:34","guid":{"rendered":"https:\/\/www.asf-quebec.org\/ron-rayside-distingue-par-le-prix-de-lengagement-social-2019-de-loaq\/"},"modified":"2019-04-11T23:45:34","modified_gmt":"2019-04-11T23:45:34","slug":"ron-rayside-distingue-par-le-prix-de-lengagement-social-2019-de-loaq","status":"publish","type":"post","link":"https:\/\/www.asf-quebec.org\/en\/ron-rayside-distingue-par-le-prix-de-lengagement-social-2019-de-loaq\/","title":{"rendered":"Ron Rayside distingu\u00e9 par le prix de l\u2019Engagement social 2019 de l\u2019OAQ"},"content":{"rendered":"<header class=\"post-header\">\n<p class=\"gdlr-blog-title\">Le 5 avril 2019, \u00e0 la Soci\u00e9t\u00e9 des arts technologiques \u00e0 Montr\u00e9al, avait lieu le gala de remise des 30e Prix d\u2019excellence en architecture de l\u2019Ordre des architectes du Qu\u00e9bec., En plus d\u2019une quinzaine de projets laur\u00e9ats, un prix sp\u00e9cial r\u00e9compensant l\u2019Engagement social a \u00e9t\u00e9 d\u00e9cern\u00e9 pour la premi\u00e8re fois. Remis par Christian Samman, pr\u00e9sident d\u2019Architecture Sans Fronti\u00e8res Qu\u00e9bec (ASFQ), cette distinction souligne la vision, l\u2019implication et la contribution d\u2019un architecte dans sa pratique et celle de sa firme sur le d\u00e9veloppement durable d\u2019un point de vue social.<\/p>\n<\/header>\n<div class=\"gdlr-blog-content\">\n<p>Le premier r\u00e9cipiendaire n\u2019est autre que Ron Rayside, qui depuis pr\u00e8s de 40 ans se consacre \u00e0 l\u2019\u00e9mergence d\u2019une soci\u00e9t\u00e9 plus \u00e9quitable et plus saine.Ron Rayside a orient\u00e9 sa pratique professionnelle afin de contribuer au mieux-\u00eatre de la population montr\u00e9alaise. Il a \u00e9t\u00e9 et continue d\u2019\u00eatre impliqu\u00e9 dans de nombreux conseils d\u2019administration, comit\u00e9s et coalitions qui se consacrent \u00e0 la sant\u00e9, \u00e0 la lutte contre l\u2019itin\u00e9rance et au d\u00e9veloppement du quartier Centre-Sud, l\u2019un des quartiers les plus d\u00e9favoris\u00e9s au Canada o\u00f9 il a choisi d\u2019\u00e9tablir sa pratique.\u2009Il fait preuve d\u2019une grande sensibilit\u00e9 envers les retomb\u00e9es locales, sociales et environnementales de ses projets, dont plusieurs sont destin\u00e9s aux organismes communautaires et \u00e0 l\u2019habitation sociale.<\/p>\n<p>\u00c0 titre de bras humanitaire de l\u2019OAQ depuis 2007, c\u2019est tout naturellement qu\u2019ASFQ est fier de s\u2019associer \u00e0 l\u2019OAQ pour remettre de ce nouveau prix Engagement social. Celui-ci est compl\u00e9mentaire \u00e0 la mission de notre organisme, qui vise \u00e0 venir en aide aux populations dans le besoin en valorisant l\u2019engagement du secteur qu\u00e9b\u00e9cois de l\u2019architecture. Nous sommes nombreux \u00e0 souhaiter que Ron Rayside poursuive encore longtemps sa pratique avec autant de passion et d\u2019engagement afin qu\u2019il continue d\u2019inspirer de nombreux architectes.<\/p>\n<p>Pour en savoir plus sur les prix d\u2019excellence de l\u2019OAQ et d\u00e9couvrir les projets laur\u00e9ats 2019, cliquez ici :\u00a0<a href=\"https:\/\/www.oaq.com\/pea\/accueil.html\">https:\/\/www.oaq.com\/pea\/accueil.html<\/a><br \/>\nPour voir toutes les photos du Gala, cliquez ici :\u00a0<a href=\"https:\/\/www.oaq.com\/pea\/edition_2019\/soiree_gala_des_prix.html\" target=\"_blank\" rel=\"noopener noreferrer\" data-saferedirecturl=\"https:\/\/www.google.com\/url?q=https:\/\/www.oaq.com\/pea\/edition_2019\/soiree_gala_des_prix.html&amp;source=gmail&amp;ust=1555159733715000&amp;usg=AFQjCNFKBGSfmSZgNB7fB-vqxgL4Hn6rhA\">https:\/\/www.oaq.com\/pea\/<wbr \/>edition_2019\/soiree_gala_des_<wbr \/>prix.html\u00a0<\/a><\/p>\n<\/div>\n","protected":false},"excerpt":{"rendered":"<p>Le 5 avril 2019, \u00e0 la Soci\u00e9t\u00e9 des arts technologiques <a href=\"https:\/\/www.asf-quebec.org\/en\/ron-rayside-distingue-par-le-prix-de-lengagement-social-2019-de-loaq\/\"> [&#8230;]<\/a><\/p>\n","protected":false},"author":2,"featured_media":302115,"comment_status":"closed","ping_status":"open","sticky":false,"template":"","format":"standard","meta":{"_acf_changed":false,"footnotes":""},"categories":[37],"tags":[50],"class_list":["post-951301","post","type-post","status-publish","format-standard","has-post-thumbnail","hentry","category-news","tag-eb-en"],"acf":[],"yoast_head":"<!-- This site is optimized with the Yoast SEO plugin v26.8 - https:\/\/yoast.com\/product\/yoast-seo-wordpress\/ -->\n<title>Ron Rayside distingu\u00e9 par le prix de l\u2019Engagement social 2019 de l\u2019OAQ - Architecture Sans Fronti\u00e8res Qu\u00e9bec %<\/title>\n<meta name=\"description\" content=\"Ron Rayside distingu\u00e9 par le prix de l\u2019Engagement social 2019 de l\u2019OAQ\" \/>\n<meta name=\"robots\" content=\"index, follow, max-snippet:-1, max-image-preview:large, max-video-preview:-1\" \/>\n<link rel=\"canonical\" href=\"https:\/\/www.asf-quebec.org\/en\/ron-rayside-distingue-par-le-prix-de-lengagement-social-2019-de-loaq\/\" \/>\n<meta property=\"og:locale\" content=\"en_US\" \/>\n<meta property=\"og:type\" content=\"article\" \/>\n<meta property=\"og:title\" content=\"Ron Rayside distingu\u00e9 par le prix de l\u2019Engagement social 2019 de l\u2019OAQ - Architecture Sans Fronti\u00e8res Qu\u00e9bec %\" \/>\n<meta property=\"og:description\" content=\"Ron Rayside distingu\u00e9 par le prix de l\u2019Engagement social 2019 de l\u2019OAQ\" \/>\n<meta property=\"og:url\" content=\"https:\/\/www.asf-quebec.org\/en\/ron-rayside-distingue-par-le-prix-de-lengagement-social-2019-de-loaq\/\" \/>\n<meta property=\"og:site_name\" content=\"Architecture Sans Fronti\u00e8res Qu\u00e9bec\" \/>\n<meta property=\"article:publisher\" content=\"https:\/\/www.facebook.com\/architecturesansfrontieres\/\" \/>\n<meta property=\"article:published_time\" content=\"2019-04-11T23:45:34+00:00\" \/>\n<meta name=\"author\" content=\"asf-quebec\" \/>\n<meta name=\"twitter:card\" content=\"summary_large_image\" \/>\n<meta name=\"twitter:label1\" content=\"Written by\" \/>\n\t<meta name=\"twitter:data1\" content=\"asf-quebec\" \/>\n\t<meta name=\"twitter:label2\" content=\"Est. reading time\" \/>\n\t<meta name=\"twitter:data2\" content=\"2 minutes\" \/>\n<script type=\"application\/ld+json\" class=\"yoast-schema-graph\">{\"@context\":\"https:\/\/schema.org\",\"@graph\":[{\"@type\":\"Article\",\"@id\":\"https:\/\/www.asf-quebec.org\/en\/ron-rayside-distingue-par-le-prix-de-lengagement-social-2019-de-loaq\/#article\",\"isPartOf\":{\"@id\":\"https:\/\/www.asf-quebec.org\/en\/ron-rayside-distingue-par-le-prix-de-lengagement-social-2019-de-loaq\/\"},\"author\":{\"name\":\"asf-quebec\",\"@id\":\"https:\/\/www.asf-quebec.org\/en\/#\/schema\/person\/9655911da321e5e7c39708ae5de28d6a\"},\"headline\":\"Ron Rayside distingu\u00e9 par le prix de l\u2019Engagement social 2019 de l\u2019OAQ\",\"datePublished\":\"2019-04-11T23:45:34+00:00\",\"mainEntityOfPage\":{\"@id\":\"https:\/\/www.asf-quebec.org\/en\/ron-rayside-distingue-par-le-prix-de-lengagement-social-2019-de-loaq\/\"},\"wordCount\":385,\"publisher\":{\"@id\":\"https:\/\/www.asf-quebec.org\/en\/#organization\"},\"image\":{\"@id\":\"https:\/\/www.asf-quebec.org\/en\/ron-rayside-distingue-par-le-prix-de-lengagement-social-2019-de-loaq\/#primaryimage\"},\"thumbnailUrl\":\"https:\/\/www.asf-quebec.org\/wp-content\/uploads\/2019\/04\/Prix-OAQ-750x330.jpg\",\"keywords\":[\"EB\"],\"articleSection\":[\"News\"],\"inLanguage\":\"en-US\"},{\"@type\":\"WebPage\",\"@id\":\"https:\/\/www.asf-quebec.org\/en\/ron-rayside-distingue-par-le-prix-de-lengagement-social-2019-de-loaq\/\",\"url\":\"https:\/\/www.asf-quebec.org\/en\/ron-rayside-distingue-par-le-prix-de-lengagement-social-2019-de-loaq\/\",\"name\":\"Ron Rayside distingu\u00e9 par le prix de l\u2019Engagement social 2019 de l\u2019OAQ - Architecture Sans Fronti\u00e8res Qu\u00e9bec %\",\"isPartOf\":{\"@id\":\"https:\/\/www.asf-quebec.org\/en\/#website\"},\"primaryImageOfPage\":{\"@id\":\"https:\/\/www.asf-quebec.org\/en\/ron-rayside-distingue-par-le-prix-de-lengagement-social-2019-de-loaq\/#primaryimage\"},\"image\":{\"@id\":\"https:\/\/www.asf-quebec.org\/en\/ron-rayside-distingue-par-le-prix-de-lengagement-social-2019-de-loaq\/#primaryimage\"},\"thumbnailUrl\":\"https:\/\/www.asf-quebec.org\/wp-content\/uploads\/2019\/04\/Prix-OAQ-750x330.jpg\",\"datePublished\":\"2019-04-11T23:45:34+00:00\",\"description\":\"Ron Rayside distingu\u00e9 par le prix de l\u2019Engagement social 2019 de l\u2019OAQ\",\"breadcrumb\":{\"@id\":\"https:\/\/www.asf-quebec.org\/en\/ron-rayside-distingue-par-le-prix-de-lengagement-social-2019-de-loaq\/#breadcrumb\"},\"inLanguage\":\"en-US\",\"potentialAction\":[{\"@type\":\"ReadAction\",\"target\":[\"https:\/\/www.asf-quebec.org\/en\/ron-rayside-distingue-par-le-prix-de-lengagement-social-2019-de-loaq\/\"]}]},{\"@type\":\"ImageObject\",\"inLanguage\":\"en-US\",\"@id\":\"https:\/\/www.asf-quebec.org\/en\/ron-rayside-distingue-par-le-prix-de-lengagement-social-2019-de-loaq\/#primaryimage\",\"url\":\"https:\/\/www.asf-quebec.org\/wp-content\/uploads\/2019\/04\/Prix-OAQ-750x330.jpg\",\"contentUrl\":\"https:\/\/www.asf-quebec.org\/wp-content\/uploads\/2019\/04\/Prix-OAQ-750x330.jpg\",\"width\":750,\"height\":330},{\"@type\":\"BreadcrumbList\",\"@id\":\"https:\/\/www.asf-quebec.org\/en\/ron-rayside-distingue-par-le-prix-de-lengagement-social-2019-de-loaq\/#breadcrumb\",\"itemListElement\":[{\"@type\":\"ListItem\",\"position\":1,\"name\":\"Accueil\",\"item\":\"https:\/\/www.asf-quebec.org\/en\/\"},{\"@type\":\"ListItem\",\"position\":2,\"name\":\"Ron Rayside distingu\u00e9 par le prix de l\u2019Engagement social 2019 de l\u2019OAQ\"}]},{\"@type\":\"WebSite\",\"@id\":\"https:\/\/www.asf-quebec.org\/en\/#website\",\"url\":\"https:\/\/www.asf-quebec.org\/en\/\",\"name\":\"Architecture sans fronti\u00e8res Qu\u00e9bec\",\"description\":\"ASFQ\",\"publisher\":{\"@id\":\"https:\/\/www.asf-quebec.org\/en\/#organization\"},\"potentialAction\":[{\"@type\":\"SearchAction\",\"target\":{\"@type\":\"EntryPoint\",\"urlTemplate\":\"https:\/\/www.asf-quebec.org\/en\/?s={search_term_string}\"},\"query-input\":{\"@type\":\"PropertyValueSpecification\",\"valueRequired\":true,\"valueName\":\"search_term_string\"}}],\"inLanguage\":\"en-US\"},{\"@type\":\"Organization\",\"@id\":\"https:\/\/www.asf-quebec.org\/en\/#organization\",\"name\":\"Architecture sans fronti\u00e8res Qu\u00e9bec (ASFQ)\",\"url\":\"https:\/\/www.asf-quebec.org\/en\/\",\"logo\":{\"@type\":\"ImageObject\",\"inLanguage\":\"en-US\",\"@id\":\"https:\/\/www.asf-quebec.org\/en\/#\/schema\/logo\/image\/\",\"url\":\"https:\/\/www.asf-quebec.org\/wp-content\/uploads\/2019\/07\/Logo-asfq-retina.jpg\",\"contentUrl\":\"https:\/\/www.asf-quebec.org\/wp-content\/uploads\/2019\/07\/Logo-asfq-retina.jpg\",\"width\":564,\"height\":219,\"caption\":\"Architecture sans fronti\u00e8res Qu\u00e9bec (ASFQ)\"},\"image\":{\"@id\":\"https:\/\/www.asf-quebec.org\/en\/#\/schema\/logo\/image\/\"},\"sameAs\":[\"https:\/\/www.facebook.com\/architecturesansfrontieres\/\",\"https:\/\/www.instagram.com\/asfquebec\/\",\"https:\/\/www.linkedin.com\/company\/asf-quebec\/\"]},{\"@type\":\"Person\",\"@id\":\"https:\/\/www.asf-quebec.org\/en\/#\/schema\/person\/9655911da321e5e7c39708ae5de28d6a\",\"name\":\"asf-quebec\",\"image\":{\"@type\":\"ImageObject\",\"inLanguage\":\"en-US\",\"@id\":\"https:\/\/www.asf-quebec.org\/en\/#\/schema\/person\/image\/\",\"url\":\"https:\/\/secure.gravatar.com\/avatar\/e855b116ca919b157a426c59781443a8d88f6c286252b6e0fed2bef83833541c?s=96&d=mm&r=g\",\"contentUrl\":\"https:\/\/secure.gravatar.com\/avatar\/e855b116ca919b157a426c59781443a8d88f6c286252b6e0fed2bef83833541c?s=96&d=mm&r=g\",\"caption\":\"asf-quebec\"}}]}<\/script>\n<!-- \/ Yoast SEO plugin. -->","yoast_head_json":{"title":"Ron Rayside distingu\u00e9 par le prix de l\u2019Engagement social 2019 de l\u2019OAQ - Architecture Sans Fronti\u00e8res Qu\u00e9bec %","description":"Ron Rayside distingu\u00e9 par le prix de l\u2019Engagement social 2019 de l\u2019OAQ","robots":{"index":"index","follow":"follow","max-snippet":"max-snippet:-1","max-image-preview":"max-image-preview:large","max-video-preview":"max-video-preview:-1"},"canonical":"https:\/\/www.asf-quebec.org\/en\/ron-rayside-distingue-par-le-prix-de-lengagement-social-2019-de-loaq\/","og_locale":"en_US","og_type":"article","og_title":"Ron Rayside distingu\u00e9 par le prix de l\u2019Engagement social 2019 de l\u2019OAQ - Architecture Sans Fronti\u00e8res Qu\u00e9bec %","og_description":"Ron Rayside distingu\u00e9 par le prix de l\u2019Engagement social 2019 de l\u2019OAQ","og_url":"https:\/\/www.asf-quebec.org\/en\/ron-rayside-distingue-par-le-prix-de-lengagement-social-2019-de-loaq\/","og_site_name":"Architecture Sans Fronti\u00e8res Qu\u00e9bec","article_publisher":"https:\/\/www.facebook.com\/architecturesansfrontieres\/","article_published_time":"2019-04-11T23:45:34+00:00","author":"asf-quebec","twitter_card":"summary_large_image","twitter_misc":{"Written by":"asf-quebec","Est. reading time":"2 minutes"},"schema":{"@context":"https:\/\/schema.org","@graph":[{"@type":"Article","@id":"https:\/\/www.asf-quebec.org\/en\/ron-rayside-distingue-par-le-prix-de-lengagement-social-2019-de-loaq\/#article","isPartOf":{"@id":"https:\/\/www.asf-quebec.org\/en\/ron-rayside-distingue-par-le-prix-de-lengagement-social-2019-de-loaq\/"},"author":{"name":"asf-quebec","@id":"https:\/\/www.asf-quebec.org\/en\/#\/schema\/person\/9655911da321e5e7c39708ae5de28d6a"},"headline":"Ron Rayside distingu\u00e9 par le prix de l\u2019Engagement social 2019 de l\u2019OAQ","datePublished":"2019-04-11T23:45:34+00:00","mainEntityOfPage":{"@id":"https:\/\/www.asf-quebec.org\/en\/ron-rayside-distingue-par-le-prix-de-lengagement-social-2019-de-loaq\/"},"wordCount":385,"publisher":{"@id":"https:\/\/www.asf-quebec.org\/en\/#organization"},"image":{"@id":"https:\/\/www.asf-quebec.org\/en\/ron-rayside-distingue-par-le-prix-de-lengagement-social-2019-de-loaq\/#primaryimage"},"thumbnailUrl":"https:\/\/www.asf-quebec.org\/wp-content\/uploads\/2019\/04\/Prix-OAQ-750x330.jpg","keywords":["EB"],"articleSection":["News"],"inLanguage":"en-US"},{"@type":"WebPage","@id":"https:\/\/www.asf-quebec.org\/en\/ron-rayside-distingue-par-le-prix-de-lengagement-social-2019-de-loaq\/","url":"https:\/\/www.asf-quebec.org\/en\/ron-rayside-distingue-par-le-prix-de-lengagement-social-2019-de-loaq\/","name":"Ron Rayside distingu\u00e9 par le prix de l\u2019Engagement social 2019 de l\u2019OAQ - Architecture Sans Fronti\u00e8res Qu\u00e9bec %","isPartOf":{"@id":"https:\/\/www.asf-quebec.org\/en\/#website"},"primaryImageOfPage":{"@id":"https:\/\/www.asf-quebec.org\/en\/ron-rayside-distingue-par-le-prix-de-lengagement-social-2019-de-loaq\/#primaryimage"},"image":{"@id":"https:\/\/www.asf-quebec.org\/en\/ron-rayside-distingue-par-le-prix-de-lengagement-social-2019-de-loaq\/#primaryimage"},"thumbnailUrl":"https:\/\/www.asf-quebec.org\/wp-content\/uploads\/2019\/04\/Prix-OAQ-750x330.jpg","datePublished":"2019-04-11T23:45:34+00:00","description":"Ron Rayside distingu\u00e9 par le prix de l\u2019Engagement social 2019 de l\u2019OAQ","breadcrumb":{"@id":"https:\/\/www.asf-quebec.org\/en\/ron-rayside-distingue-par-le-prix-de-lengagement-social-2019-de-loaq\/#breadcrumb"},"inLanguage":"en-US","potentialAction":[{"@type":"ReadAction","target":["https:\/\/www.asf-quebec.org\/en\/ron-rayside-distingue-par-le-prix-de-lengagement-social-2019-de-loaq\/"]}]},{"@type":"ImageObject","inLanguage":"en-US","@id":"https:\/\/www.asf-quebec.org\/en\/ron-rayside-distingue-par-le-prix-de-lengagement-social-2019-de-loaq\/#primaryimage","url":"https:\/\/www.asf-quebec.org\/wp-content\/uploads\/2019\/04\/Prix-OAQ-750x330.jpg","contentUrl":"https:\/\/www.asf-quebec.org\/wp-content\/uploads\/2019\/04\/Prix-OAQ-750x330.jpg","width":750,"height":330},{"@type":"BreadcrumbList","@id":"https:\/\/www.asf-quebec.org\/en\/ron-rayside-distingue-par-le-prix-de-lengagement-social-2019-de-loaq\/#breadcrumb","itemListElement":[{"@type":"ListItem","position":1,"name":"Accueil","item":"https:\/\/www.asf-quebec.org\/en\/"},{"@type":"ListItem","position":2,"name":"Ron Rayside distingu\u00e9 par le prix de l\u2019Engagement social 2019 de l\u2019OAQ"}]},{"@type":"WebSite","@id":"https:\/\/www.asf-quebec.org\/en\/#website","url":"https:\/\/www.asf-quebec.org\/en\/","name":"Architecture sans fronti\u00e8res Qu\u00e9bec","description":"ASFQ","publisher":{"@id":"https:\/\/www.asf-quebec.org\/en\/#organization"},"potentialAction":[{"@type":"SearchAction","target":{"@type":"EntryPoint","urlTemplate":"https:\/\/www.asf-quebec.org\/en\/?s={search_term_string}"},"query-input":{"@type":"PropertyValueSpecification","valueRequired":true,"valueName":"search_term_string"}}],"inLanguage":"en-US"},{"@type":"Organization","@id":"https:\/\/www.asf-quebec.org\/en\/#organization","name":"Architecture sans fronti\u00e8res Qu\u00e9bec (ASFQ)","url":"https:\/\/www.asf-quebec.org\/en\/","logo":{"@type":"ImageObject","inLanguage":"en-US","@id":"https:\/\/www.asf-quebec.org\/en\/#\/schema\/logo\/image\/","url":"https:\/\/www.asf-quebec.org\/wp-content\/uploads\/2019\/07\/Logo-asfq-retina.jpg","contentUrl":"https:\/\/www.asf-quebec.org\/wp-content\/uploads\/2019\/07\/Logo-asfq-retina.jpg","width":564,"height":219,"caption":"Architecture sans fronti\u00e8res Qu\u00e9bec (ASFQ)"},"image":{"@id":"https:\/\/www.asf-quebec.org\/en\/#\/schema\/logo\/image\/"},"sameAs":["https:\/\/www.facebook.com\/architecturesansfrontieres\/","https:\/\/www.instagram.com\/asfquebec\/","https:\/\/www.linkedin.com\/company\/asf-quebec\/"]},{"@type":"Person","@id":"https:\/\/www.asf-quebec.org\/en\/#\/schema\/person\/9655911da321e5e7c39708ae5de28d6a","name":"asf-quebec","image":{"@type":"ImageObject","inLanguage":"en-US","@id":"https:\/\/www.asf-quebec.org\/en\/#\/schema\/person\/image\/","url":"https:\/\/secure.gravatar.com\/avatar\/e855b116ca919b157a426c59781443a8d88f6c286252b6e0fed2bef83833541c?s=96&d=mm&r=g","contentUrl":"https:\/\/secure.gravatar.com\/avatar\/e855b116ca919b157a426c59781443a8d88f6c286252b6e0fed2bef83833541c?s=96&d=mm&r=g","caption":"asf-quebec"}}]}},"_links":{"self":[{"href":"https:\/\/www.asf-quebec.org\/en\/wp-json\/wp\/v2\/posts\/951301","targetHints":{"allow":["GET"]}}],"collection":[{"href":"https:\/\/www.asf-quebec.org\/en\/wp-json\/wp\/v2\/posts"}],"about":[{"href":"https:\/\/www.asf-quebec.org\/en\/wp-json\/wp\/v2\/types\/post"}],"author":[{"embeddable":true,"href":"https:\/\/www.asf-quebec.org\/en\/wp-json\/wp\/v2\/users\/2"}],"replies":[{"embeddable":true,"href":"https:\/\/www.asf-quebec.org\/en\/wp-json\/wp\/v2\/comments?post=951301"}],"version-history":[{"count":0,"href":"https:\/\/www.asf-quebec.org\/en\/wp-json\/wp\/v2\/posts\/951301\/revisions"}],"wp:featuredmedia":[{"embeddable":true,"href":"https:\/\/www.asf-quebec.org\/en\/wp-json\/wp\/v2\/media\/302115"}],"wp:attachment":[{"href":"https:\/\/www.asf-quebec.org\/en\/wp-json\/wp\/v2\/media?parent=951301"}],"wp:term":[{"taxonomy":"category","embeddable":true,"href":"https:\/\/www.asf-quebec.org\/en\/wp-json\/wp\/v2\/categories?post=951301"},{"taxonomy":"post_tag","embeddable":true,"href":"https:\/\/www.asf-quebec.org\/en\/wp-json\/wp\/v2\/tags?post=951301"}],"curies":[{"name":"wp","href":"https:\/\/api.w.org\/{rel}","templated":true}]}}