{"id":951299,"date":"2019-04-12T20:35:47","date_gmt":"2019-04-12T20:35:47","guid":{"rendered":"https:\/\/www.asf-quebec.org\/un-autre-evenement-reussi-pour-le-defi-sport-architecture-et-11-500-redonnes-au-milieu-de-larchitecture\/"},"modified":"2019-04-12T20:35:47","modified_gmt":"2019-04-12T20:35:47","slug":"un-autre-evenement-reussi-pour-le-defi-sport-architecture-et-11-500-redonnes-au-milieu-de-larchitecture","status":"publish","type":"post","link":"https:\/\/www.asf-quebec.org\/en\/un-autre-evenement-reussi-pour-le-defi-sport-architecture-et-11-500-redonnes-au-milieu-de-larchitecture\/","title":{"rendered":"Un autre \u00e9v\u00e9nement r\u00e9ussi pour le D\u00e9fi Sport Architecture et 11 500$ redonn\u00e9s au milieu de l\u2019architecture"},"content":{"rendered":"<header class=\"post-header\">\n<h1 class=\"gdlr-blog-title\">Un autre \u00e9v\u00e9nement r\u00e9ussi pour le D\u00e9fi Sport Architecture et 11 500$ redonn\u00e9s au milieu de l\u2019architecture<\/h1>\n<div class=\"clear\"><\/div>\n<\/header>\n<div class=\"gdlr-blog-content\">\n<p>Le dimanche 7 avril dernier, au Centre Bell de Montr\u00e9al, quelque 60 repr\u00e9sentants du milieu de l\u2019architecture ont foul\u00e9 la glace pour prendre part \u00e0 la quatri\u00e8me \u00e9dition du D\u00e9fi Sport Architecture. En r\u00e9f\u00e9rence \u00e0 la rivalit\u00e9 historique entre le Canadiens, les Nordiques de Qu\u00e9bec et les Maple Leafs, quatre \u00e9quipes compos\u00e9es principalement d\u2019architectes de Montr\u00e9al, de Qu\u00e9bec et de Toronto se sont affront\u00e9es sur la glace, dans une ambiance digne de la LNH. \u00c9v\u00e9nement \u00e0 la fois social, sportif et philanthropique, le tout a permis cette ann\u00e9e de remettre quelque 11 500 $ au milieu de l\u2019architecture, dont 7 000 $ \u00e0 Architecture Sans Fronti\u00e8res Qu\u00e9bec et 3 bourses \u00e9tudiantes de 1 500 $ aux \u00e9coles d\u2019architecture des universit\u00e9s Laval, McGill et de Montr\u00e9al.<\/p>\n<p><img decoding=\"async\" class=\"lazyload aligncenter wp-image-3495 size-full\" src=\"https:\/\/www.asf-quebec.org\/wp-content\/uploads\/2019\/04\/Coupe_Game1_byPatBeaudry_090_resize.jpg\" data-orig-src=\"https:\/\/www.asf-quebec.org\/wp-content\/uploads\/2019\/04\/Coupe_Game1_byPatBeaudry_090_resize.jpg\" data-sizes=\"auto\" data-orig-sizes=\"(max-width: 3600px) 100vw, 3600px\" srcset=\"data:image\/svg+xml,%3Csvg%20xmlns%3D%27http%3A%2F%2Fwww.w3.org%2F2000%2Fsvg%27%20width%3D%273600%27%20height%3D%272242%27%20viewBox%3D%270%200%203600%202242%27%3E%3Crect%20width%3D%273600%27%20height%3D%272242%27%20fill-opacity%3D%220%22%2F%3E%3C%2Fsvg%3E\" data-srcset=\"https:\/\/www.asf-quebec.org\/wp-content\/uploads\/2019\/04\/Coupe_Game1_byPatBeaudry_090_resize.jpg 3600w, https:\/\/www.asf-quebec.org\/wp-content\/uploads\/2019\/04\/Coupe_Game1_byPatBeaudry_090_resize-300x187.jpg 300w, https:\/\/www.asf-quebec.org\/wp-content\/uploads\/2019\/04\/Coupe_Game1_byPatBeaudry_090_resize-768x478.jpg 768w, https:\/\/www.asf-quebec.org\/wp-content\/uploads\/2019\/04\/Coupe_Game1_byPatBeaudry_090_resize-1024x638.jpg 1024w, https:\/\/www.asf-quebec.org\/wp-content\/uploads\/2019\/04\/Coupe_Game1_byPatBeaudry_090_resize-600x374.jpg 600w\" alt=\"\" width=\"3600\" height=\"2242\" \/><\/p>\n<p>L\u2019\u00e9v\u00e8nement a \u00e9t\u00e9 rendu possible gr\u00e2ce \u00e0\u00a0<strong>Owens Corning Canada<\/strong>\u00a0et\u00a0<strong>UL-CLEB<\/strong>, commanditaires de l\u2019\u00e9v\u00e9nement, ainsi qu\u2019\u00e0 la collaboration de Kollectif, ACDF Architecture, Authentiiik \u00c9v\u00e9nements, Enercorp et LHAPPPOQ (Ligue de Hockey des Architectes du Qu\u00e9bec).\u00a0Les co-organisateurs se r\u00e9jouissent de cette quatri\u00e8me \u00e9dition r\u00e9ussie de l\u2019\u00e9v\u00e9nement et voient avec optimisme la poursuite des activit\u00e9s de l\u2019organisme D\u00e9fi Sport Architecture, qui s\u2019est donn\u00e9 pour mission de supporter les causes environnementale et humanitaire, dans lesquelles le r\u00f4le de l\u2019architecte est important, tout en sensibilisant la nouvelle g\u00e9n\u00e9ration de professionnels \u00e0 assurer la rel\u00e8ve.<\/p>\n<p>B\u00e9n\u00e9ficiaire d\u2019une partie des fonds pour une deuxi\u00e8me ann\u00e9e<strong>,\u00a0<\/strong>Architecture Sans Fronti\u00e8res Qu\u00e9bec\u00a0remercie les organisateurs et tous les partenaires impliqu\u00e9s.\u00a0Christian Samman, pr\u00e9sident d\u2019ASFQ, \u00e9tait dans les gradins pour assister \u00e0 cette journ\u00e9e et prendre part \u00e0 la remise officielle du ch\u00e8que \u00e0 l\u2019organisme : \u00ab Cette ann\u00e9e encore, c\u2019est un privil\u00e8ge pour le bras humanitaire de l\u2019OAQ d\u2019\u00eatre l\u2019un des b\u00e9n\u00e9ficiaires d\u2019un tel rassemblement alliant hockey et architecture. Les fonds r\u00e9colt\u00e9s soutiendront la capacit\u00e9 d\u2019action de notre organisme aupr\u00e8s de communaut\u00e9s dans le besoin. Je ne peux que r\u00e9it\u00e9rer notre reconnaissance envers les organisateurs, dont la motivation est v\u00e9ritablement intarissable, ainsi qu\u2019aux joueurs et joueuses, \u00e0 leurs parents et amis, aux autres spectateurs et aux b\u00e9n\u00e9voles qui ont contribu\u00e9 au succ\u00e8s de cet \u00e9v\u00e9nement sportif, amical et philanthropique. \u00bb<\/p>\n<p><strong><a href=\"https:\/\/www.facebook.com\/pg\/architecturesansfrontieres\/photos\/?tab=album&amp;album_id=10157235540318967\">Cliquez ici<\/a>\u00a0pour\u00a0<\/strong><strong>consulter d\u2019autres photos de l\u2019\u00e9v\u00e8nement.<\/strong><\/p>\n<p><img decoding=\"async\" class=\"lazyload aligncenter size-full wp-image-3502\" src=\"https:\/\/www.asf-quebec.org\/wp-content\/uploads\/2019\/04\/Coupe_Game2_byCDufresne-159.jpg\" data-orig-src=\"https:\/\/www.asf-quebec.org\/wp-content\/uploads\/2019\/04\/Coupe_Game2_byCDufresne-159.jpg\" data-sizes=\"auto\" data-orig-sizes=\"(max-width: 3600px) 100vw, 3600px\" srcset=\"data:image\/svg+xml,%3Csvg%20xmlns%3D%27http%3A%2F%2Fwww.w3.org%2F2000%2Fsvg%27%20width%3D%273600%27%20height%3D%271441%27%20viewBox%3D%270%200%203600%201441%27%3E%3Crect%20width%3D%273600%27%20height%3D%271441%27%20fill-opacity%3D%220%22%2F%3E%3C%2Fsvg%3E\" data-srcset=\"https:\/\/www.asf-quebec.org\/wp-content\/uploads\/2019\/04\/Coupe_Game2_byCDufresne-159.jpg 3600w, https:\/\/www.asf-quebec.org\/wp-content\/uploads\/2019\/04\/Coupe_Game2_byCDufresne-159-300x120.jpg 300w, https:\/\/www.asf-quebec.org\/wp-content\/uploads\/2019\/04\/Coupe_Game2_byCDufresne-159-768x307.jpg 768w, https:\/\/www.asf-quebec.org\/wp-content\/uploads\/2019\/04\/Coupe_Game2_byCDufresne-159-1024x410.jpg 1024w, https:\/\/www.asf-quebec.org\/wp-content\/uploads\/2019\/04\/Coupe_Game2_byCDufresne-159-600x240.jpg 600w\" alt=\"\" width=\"3600\" height=\"1441\" \/><\/p>\n<\/div>\n","protected":false},"excerpt":{"rendered":"<p>Un autre \u00e9v\u00e9nement r\u00e9ussi pour le D\u00e9fi Sport Architecture et <a href=\"https:\/\/www.asf-quebec.org\/en\/un-autre-evenement-reussi-pour-le-defi-sport-architecture-et-11-500-redonnes-au-milieu-de-larchitecture\/\"> [&#8230;]<\/a><\/p>\n","protected":false},"author":2,"featured_media":302114,"comment_status":"closed","ping_status":"open","sticky":false,"template":"","format":"standard","meta":{"_acf_changed":false,"footnotes":""},"categories":[37],"tags":[],"class_list":["post-951299","post","type-post","status-publish","format-standard","has-post-thumbnail","hentry","category-news"],"acf":[],"yoast_head":"<!-- This site is optimized with the Yoast SEO plugin v26.8 - https:\/\/yoast.com\/product\/yoast-seo-wordpress\/ -->\n<title>Un autre \u00e9v\u00e9nement r\u00e9ussi pour le D\u00e9fi Sport Architecture et 11 500$ redonn\u00e9s au milieu de l\u2019architecture - Architecture Sans Fronti\u00e8res Qu\u00e9bec %<\/title>\n<meta name=\"description\" content=\"Un autre \u00e9v\u00e9nement r\u00e9ussi pour le D\u00e9fi Sport Architecture et 11 500$ redonn\u00e9s au milieu de l\u2019architecture\" \/>\n<meta name=\"robots\" content=\"index, follow, max-snippet:-1, max-image-preview:large, max-video-preview:-1\" \/>\n<link rel=\"canonical\" href=\"https:\/\/www.asf-quebec.org\/en\/un-autre-evenement-reussi-pour-le-defi-sport-architecture-et-11-500-redonnes-au-milieu-de-larchitecture\/\" \/>\n<meta property=\"og:locale\" content=\"en_US\" \/>\n<meta property=\"og:type\" content=\"article\" \/>\n<meta property=\"og:title\" content=\"Un autre \u00e9v\u00e9nement r\u00e9ussi pour le D\u00e9fi Sport Architecture et 11 500$ redonn\u00e9s au milieu de l\u2019architecture - Architecture Sans Fronti\u00e8res Qu\u00e9bec %\" \/>\n<meta property=\"og:description\" content=\"Un autre \u00e9v\u00e9nement r\u00e9ussi pour le D\u00e9fi Sport Architecture et 11 500$ redonn\u00e9s au milieu de l\u2019architecture\" \/>\n<meta property=\"og:url\" content=\"https:\/\/www.asf-quebec.org\/en\/un-autre-evenement-reussi-pour-le-defi-sport-architecture-et-11-500-redonnes-au-milieu-de-larchitecture\/\" \/>\n<meta property=\"og:site_name\" content=\"Architecture Sans Fronti\u00e8res Qu\u00e9bec\" \/>\n<meta property=\"article:publisher\" content=\"https:\/\/www.facebook.com\/architecturesansfrontieres\/\" \/>\n<meta property=\"article:published_time\" content=\"2019-04-12T20:35:47+00:00\" \/>\n<meta property=\"og:image\" content=\"https:\/\/www.asf-quebec.org\/wp-content\/uploads\/2019\/04\/Coupe_Game1_byPatBeaudry_090_resize.jpg\" \/>\n<meta name=\"author\" content=\"asf-quebec\" \/>\n<meta name=\"twitter:card\" content=\"summary_large_image\" \/>\n<meta name=\"twitter:label1\" content=\"Written by\" \/>\n\t<meta name=\"twitter:data1\" content=\"asf-quebec\" \/>\n\t<meta name=\"twitter:label2\" content=\"Est. reading time\" \/>\n\t<meta name=\"twitter:data2\" content=\"2 minutes\" \/>\n<script type=\"application\/ld+json\" class=\"yoast-schema-graph\">{\"@context\":\"https:\/\/schema.org\",\"@graph\":[{\"@type\":\"Article\",\"@id\":\"https:\/\/www.asf-quebec.org\/en\/un-autre-evenement-reussi-pour-le-defi-sport-architecture-et-11-500-redonnes-au-milieu-de-larchitecture\/#article\",\"isPartOf\":{\"@id\":\"https:\/\/www.asf-quebec.org\/en\/un-autre-evenement-reussi-pour-le-defi-sport-architecture-et-11-500-redonnes-au-milieu-de-larchitecture\/\"},\"author\":{\"name\":\"asf-quebec\",\"@id\":\"https:\/\/www.asf-quebec.org\/en\/#\/schema\/person\/9655911da321e5e7c39708ae5de28d6a\"},\"headline\":\"Un autre \u00e9v\u00e9nement r\u00e9ussi pour le D\u00e9fi Sport Architecture et 11 500$ redonn\u00e9s au milieu de l\u2019architecture\",\"datePublished\":\"2019-04-12T20:35:47+00:00\",\"mainEntityOfPage\":{\"@id\":\"https:\/\/www.asf-quebec.org\/en\/un-autre-evenement-reussi-pour-le-defi-sport-architecture-et-11-500-redonnes-au-milieu-de-larchitecture\/\"},\"wordCount\":450,\"publisher\":{\"@id\":\"https:\/\/www.asf-quebec.org\/en\/#organization\"},\"image\":{\"@id\":\"https:\/\/www.asf-quebec.org\/en\/un-autre-evenement-reussi-pour-le-defi-sport-architecture-et-11-500-redonnes-au-milieu-de-larchitecture\/#primaryimage\"},\"thumbnailUrl\":\"https:\/\/www.asf-quebec.org\/wp-content\/uploads\/2020\/01\/Coupe_Game2_byPatBeaudry_036_resize-750x330.jpg\",\"articleSection\":[\"News\"],\"inLanguage\":\"en-US\"},{\"@type\":\"WebPage\",\"@id\":\"https:\/\/www.asf-quebec.org\/en\/un-autre-evenement-reussi-pour-le-defi-sport-architecture-et-11-500-redonnes-au-milieu-de-larchitecture\/\",\"url\":\"https:\/\/www.asf-quebec.org\/en\/un-autre-evenement-reussi-pour-le-defi-sport-architecture-et-11-500-redonnes-au-milieu-de-larchitecture\/\",\"name\":\"Un autre \u00e9v\u00e9nement r\u00e9ussi pour le D\u00e9fi Sport Architecture et 11 500$ redonn\u00e9s au milieu de l\u2019architecture - Architecture Sans Fronti\u00e8res Qu\u00e9bec %\",\"isPartOf\":{\"@id\":\"https:\/\/www.asf-quebec.org\/en\/#website\"},\"primaryImageOfPage\":{\"@id\":\"https:\/\/www.asf-quebec.org\/en\/un-autre-evenement-reussi-pour-le-defi-sport-architecture-et-11-500-redonnes-au-milieu-de-larchitecture\/#primaryimage\"},\"image\":{\"@id\":\"https:\/\/www.asf-quebec.org\/en\/un-autre-evenement-reussi-pour-le-defi-sport-architecture-et-11-500-redonnes-au-milieu-de-larchitecture\/#primaryimage\"},\"thumbnailUrl\":\"https:\/\/www.asf-quebec.org\/wp-content\/uploads\/2020\/01\/Coupe_Game2_byPatBeaudry_036_resize-750x330.jpg\",\"datePublished\":\"2019-04-12T20:35:47+00:00\",\"description\":\"Un autre \u00e9v\u00e9nement r\u00e9ussi pour le D\u00e9fi Sport Architecture et 11 500$ redonn\u00e9s au milieu de l\u2019architecture\",\"breadcrumb\":{\"@id\":\"https:\/\/www.asf-quebec.org\/en\/un-autre-evenement-reussi-pour-le-defi-sport-architecture-et-11-500-redonnes-au-milieu-de-larchitecture\/#breadcrumb\"},\"inLanguage\":\"en-US\",\"potentialAction\":[{\"@type\":\"ReadAction\",\"target\":[\"https:\/\/www.asf-quebec.org\/en\/un-autre-evenement-reussi-pour-le-defi-sport-architecture-et-11-500-redonnes-au-milieu-de-larchitecture\/\"]}]},{\"@type\":\"ImageObject\",\"inLanguage\":\"en-US\",\"@id\":\"https:\/\/www.asf-quebec.org\/en\/un-autre-evenement-reussi-pour-le-defi-sport-architecture-et-11-500-redonnes-au-milieu-de-larchitecture\/#primaryimage\",\"url\":\"https:\/\/www.asf-quebec.org\/wp-content\/uploads\/2020\/01\/Coupe_Game2_byPatBeaudry_036_resize-750x330.jpg\",\"contentUrl\":\"https:\/\/www.asf-quebec.org\/wp-content\/uploads\/2020\/01\/Coupe_Game2_byPatBeaudry_036_resize-750x330.jpg\",\"width\":750,\"height\":330},{\"@type\":\"BreadcrumbList\",\"@id\":\"https:\/\/www.asf-quebec.org\/en\/un-autre-evenement-reussi-pour-le-defi-sport-architecture-et-11-500-redonnes-au-milieu-de-larchitecture\/#breadcrumb\",\"itemListElement\":[{\"@type\":\"ListItem\",\"position\":1,\"name\":\"Accueil\",\"item\":\"https:\/\/www.asf-quebec.org\/en\/\"},{\"@type\":\"ListItem\",\"position\":2,\"name\":\"Un autre \u00e9v\u00e9nement r\u00e9ussi pour le D\u00e9fi Sport Architecture et 11 500$ redonn\u00e9s au milieu de l\u2019architecture\"}]},{\"@type\":\"WebSite\",\"@id\":\"https:\/\/www.asf-quebec.org\/en\/#website\",\"url\":\"https:\/\/www.asf-quebec.org\/en\/\",\"name\":\"Architecture sans fronti\u00e8res Qu\u00e9bec\",\"description\":\"ASFQ\",\"publisher\":{\"@id\":\"https:\/\/www.asf-quebec.org\/en\/#organization\"},\"potentialAction\":[{\"@type\":\"SearchAction\",\"target\":{\"@type\":\"EntryPoint\",\"urlTemplate\":\"https:\/\/www.asf-quebec.org\/en\/?s={search_term_string}\"},\"query-input\":{\"@type\":\"PropertyValueSpecification\",\"valueRequired\":true,\"valueName\":\"search_term_string\"}}],\"inLanguage\":\"en-US\"},{\"@type\":\"Organization\",\"@id\":\"https:\/\/www.asf-quebec.org\/en\/#organization\",\"name\":\"Architecture sans fronti\u00e8res Qu\u00e9bec (ASFQ)\",\"url\":\"https:\/\/www.asf-quebec.org\/en\/\",\"logo\":{\"@type\":\"ImageObject\",\"inLanguage\":\"en-US\",\"@id\":\"https:\/\/www.asf-quebec.org\/en\/#\/schema\/logo\/image\/\",\"url\":\"https:\/\/www.asf-quebec.org\/wp-content\/uploads\/2019\/07\/Logo-asfq-retina.jpg\",\"contentUrl\":\"https:\/\/www.asf-quebec.org\/wp-content\/uploads\/2019\/07\/Logo-asfq-retina.jpg\",\"width\":564,\"height\":219,\"caption\":\"Architecture sans fronti\u00e8res Qu\u00e9bec (ASFQ)\"},\"image\":{\"@id\":\"https:\/\/www.asf-quebec.org\/en\/#\/schema\/logo\/image\/\"},\"sameAs\":[\"https:\/\/www.facebook.com\/architecturesansfrontieres\/\",\"https:\/\/www.instagram.com\/asfquebec\/\",\"https:\/\/www.linkedin.com\/company\/asf-quebec\/\"]},{\"@type\":\"Person\",\"@id\":\"https:\/\/www.asf-quebec.org\/en\/#\/schema\/person\/9655911da321e5e7c39708ae5de28d6a\",\"name\":\"asf-quebec\",\"image\":{\"@type\":\"ImageObject\",\"inLanguage\":\"en-US\",\"@id\":\"https:\/\/www.asf-quebec.org\/en\/#\/schema\/person\/image\/\",\"url\":\"https:\/\/secure.gravatar.com\/avatar\/e855b116ca919b157a426c59781443a8d88f6c286252b6e0fed2bef83833541c?s=96&d=mm&r=g\",\"contentUrl\":\"https:\/\/secure.gravatar.com\/avatar\/e855b116ca919b157a426c59781443a8d88f6c286252b6e0fed2bef83833541c?s=96&d=mm&r=g\",\"caption\":\"asf-quebec\"}}]}<\/script>\n<!-- \/ Yoast SEO plugin. -->","yoast_head_json":{"title":"Un autre \u00e9v\u00e9nement r\u00e9ussi pour le D\u00e9fi Sport Architecture et 11 500$ redonn\u00e9s au milieu de l\u2019architecture - Architecture Sans Fronti\u00e8res Qu\u00e9bec %","description":"Un autre \u00e9v\u00e9nement r\u00e9ussi pour le D\u00e9fi Sport Architecture et 11 500$ redonn\u00e9s au milieu de l\u2019architecture","robots":{"index":"index","follow":"follow","max-snippet":"max-snippet:-1","max-image-preview":"max-image-preview:large","max-video-preview":"max-video-preview:-1"},"canonical":"https:\/\/www.asf-quebec.org\/en\/un-autre-evenement-reussi-pour-le-defi-sport-architecture-et-11-500-redonnes-au-milieu-de-larchitecture\/","og_locale":"en_US","og_type":"article","og_title":"Un autre \u00e9v\u00e9nement r\u00e9ussi pour le D\u00e9fi Sport Architecture et 11 500$ redonn\u00e9s au milieu de l\u2019architecture - Architecture Sans Fronti\u00e8res Qu\u00e9bec %","og_description":"Un autre \u00e9v\u00e9nement r\u00e9ussi pour le D\u00e9fi Sport Architecture et 11 500$ redonn\u00e9s au milieu de l\u2019architecture","og_url":"https:\/\/www.asf-quebec.org\/en\/un-autre-evenement-reussi-pour-le-defi-sport-architecture-et-11-500-redonnes-au-milieu-de-larchitecture\/","og_site_name":"Architecture Sans Fronti\u00e8res Qu\u00e9bec","article_publisher":"https:\/\/www.facebook.com\/architecturesansfrontieres\/","article_published_time":"2019-04-12T20:35:47+00:00","og_image":[{"url":"https:\/\/www.asf-quebec.org\/wp-content\/uploads\/2019\/04\/Coupe_Game1_byPatBeaudry_090_resize.jpg","type":"","width":"","height":""}],"author":"asf-quebec","twitter_card":"summary_large_image","twitter_misc":{"Written by":"asf-quebec","Est. reading time":"2 minutes"},"schema":{"@context":"https:\/\/schema.org","@graph":[{"@type":"Article","@id":"https:\/\/www.asf-quebec.org\/en\/un-autre-evenement-reussi-pour-le-defi-sport-architecture-et-11-500-redonnes-au-milieu-de-larchitecture\/#article","isPartOf":{"@id":"https:\/\/www.asf-quebec.org\/en\/un-autre-evenement-reussi-pour-le-defi-sport-architecture-et-11-500-redonnes-au-milieu-de-larchitecture\/"},"author":{"name":"asf-quebec","@id":"https:\/\/www.asf-quebec.org\/en\/#\/schema\/person\/9655911da321e5e7c39708ae5de28d6a"},"headline":"Un autre \u00e9v\u00e9nement r\u00e9ussi pour le D\u00e9fi Sport Architecture et 11 500$ redonn\u00e9s au milieu de l\u2019architecture","datePublished":"2019-04-12T20:35:47+00:00","mainEntityOfPage":{"@id":"https:\/\/www.asf-quebec.org\/en\/un-autre-evenement-reussi-pour-le-defi-sport-architecture-et-11-500-redonnes-au-milieu-de-larchitecture\/"},"wordCount":450,"publisher":{"@id":"https:\/\/www.asf-quebec.org\/en\/#organization"},"image":{"@id":"https:\/\/www.asf-quebec.org\/en\/un-autre-evenement-reussi-pour-le-defi-sport-architecture-et-11-500-redonnes-au-milieu-de-larchitecture\/#primaryimage"},"thumbnailUrl":"https:\/\/www.asf-quebec.org\/wp-content\/uploads\/2020\/01\/Coupe_Game2_byPatBeaudry_036_resize-750x330.jpg","articleSection":["News"],"inLanguage":"en-US"},{"@type":"WebPage","@id":"https:\/\/www.asf-quebec.org\/en\/un-autre-evenement-reussi-pour-le-defi-sport-architecture-et-11-500-redonnes-au-milieu-de-larchitecture\/","url":"https:\/\/www.asf-quebec.org\/en\/un-autre-evenement-reussi-pour-le-defi-sport-architecture-et-11-500-redonnes-au-milieu-de-larchitecture\/","name":"Un autre \u00e9v\u00e9nement r\u00e9ussi pour le D\u00e9fi Sport Architecture et 11 500$ redonn\u00e9s au milieu de l\u2019architecture - Architecture Sans Fronti\u00e8res Qu\u00e9bec %","isPartOf":{"@id":"https:\/\/www.asf-quebec.org\/en\/#website"},"primaryImageOfPage":{"@id":"https:\/\/www.asf-quebec.org\/en\/un-autre-evenement-reussi-pour-le-defi-sport-architecture-et-11-500-redonnes-au-milieu-de-larchitecture\/#primaryimage"},"image":{"@id":"https:\/\/www.asf-quebec.org\/en\/un-autre-evenement-reussi-pour-le-defi-sport-architecture-et-11-500-redonnes-au-milieu-de-larchitecture\/#primaryimage"},"thumbnailUrl":"https:\/\/www.asf-quebec.org\/wp-content\/uploads\/2020\/01\/Coupe_Game2_byPatBeaudry_036_resize-750x330.jpg","datePublished":"2019-04-12T20:35:47+00:00","description":"Un autre \u00e9v\u00e9nement r\u00e9ussi pour le D\u00e9fi Sport Architecture et 11 500$ redonn\u00e9s au milieu de l\u2019architecture","breadcrumb":{"@id":"https:\/\/www.asf-quebec.org\/en\/un-autre-evenement-reussi-pour-le-defi-sport-architecture-et-11-500-redonnes-au-milieu-de-larchitecture\/#breadcrumb"},"inLanguage":"en-US","potentialAction":[{"@type":"ReadAction","target":["https:\/\/www.asf-quebec.org\/en\/un-autre-evenement-reussi-pour-le-defi-sport-architecture-et-11-500-redonnes-au-milieu-de-larchitecture\/"]}]},{"@type":"ImageObject","inLanguage":"en-US","@id":"https:\/\/www.asf-quebec.org\/en\/un-autre-evenement-reussi-pour-le-defi-sport-architecture-et-11-500-redonnes-au-milieu-de-larchitecture\/#primaryimage","url":"https:\/\/www.asf-quebec.org\/wp-content\/uploads\/2020\/01\/Coupe_Game2_byPatBeaudry_036_resize-750x330.jpg","contentUrl":"https:\/\/www.asf-quebec.org\/wp-content\/uploads\/2020\/01\/Coupe_Game2_byPatBeaudry_036_resize-750x330.jpg","width":750,"height":330},{"@type":"BreadcrumbList","@id":"https:\/\/www.asf-quebec.org\/en\/un-autre-evenement-reussi-pour-le-defi-sport-architecture-et-11-500-redonnes-au-milieu-de-larchitecture\/#breadcrumb","itemListElement":[{"@type":"ListItem","position":1,"name":"Accueil","item":"https:\/\/www.asf-quebec.org\/en\/"},{"@type":"ListItem","position":2,"name":"Un autre \u00e9v\u00e9nement r\u00e9ussi pour le D\u00e9fi Sport Architecture et 11 500$ redonn\u00e9s au milieu de l\u2019architecture"}]},{"@type":"WebSite","@id":"https:\/\/www.asf-quebec.org\/en\/#website","url":"https:\/\/www.asf-quebec.org\/en\/","name":"Architecture sans fronti\u00e8res Qu\u00e9bec","description":"ASFQ","publisher":{"@id":"https:\/\/www.asf-quebec.org\/en\/#organization"},"potentialAction":[{"@type":"SearchAction","target":{"@type":"EntryPoint","urlTemplate":"https:\/\/www.asf-quebec.org\/en\/?s={search_term_string}"},"query-input":{"@type":"PropertyValueSpecification","valueRequired":true,"valueName":"search_term_string"}}],"inLanguage":"en-US"},{"@type":"Organization","@id":"https:\/\/www.asf-quebec.org\/en\/#organization","name":"Architecture sans fronti\u00e8res Qu\u00e9bec (ASFQ)","url":"https:\/\/www.asf-quebec.org\/en\/","logo":{"@type":"ImageObject","inLanguage":"en-US","@id":"https:\/\/www.asf-quebec.org\/en\/#\/schema\/logo\/image\/","url":"https:\/\/www.asf-quebec.org\/wp-content\/uploads\/2019\/07\/Logo-asfq-retina.jpg","contentUrl":"https:\/\/www.asf-quebec.org\/wp-content\/uploads\/2019\/07\/Logo-asfq-retina.jpg","width":564,"height":219,"caption":"Architecture sans fronti\u00e8res Qu\u00e9bec (ASFQ)"},"image":{"@id":"https:\/\/www.asf-quebec.org\/en\/#\/schema\/logo\/image\/"},"sameAs":["https:\/\/www.facebook.com\/architecturesansfrontieres\/","https:\/\/www.instagram.com\/asfquebec\/","https:\/\/www.linkedin.com\/company\/asf-quebec\/"]},{"@type":"Person","@id":"https:\/\/www.asf-quebec.org\/en\/#\/schema\/person\/9655911da321e5e7c39708ae5de28d6a","name":"asf-quebec","image":{"@type":"ImageObject","inLanguage":"en-US","@id":"https:\/\/www.asf-quebec.org\/en\/#\/schema\/person\/image\/","url":"https:\/\/secure.gravatar.com\/avatar\/e855b116ca919b157a426c59781443a8d88f6c286252b6e0fed2bef83833541c?s=96&d=mm&r=g","contentUrl":"https:\/\/secure.gravatar.com\/avatar\/e855b116ca919b157a426c59781443a8d88f6c286252b6e0fed2bef83833541c?s=96&d=mm&r=g","caption":"asf-quebec"}}]}},"_links":{"self":[{"href":"https:\/\/www.asf-quebec.org\/en\/wp-json\/wp\/v2\/posts\/951299","targetHints":{"allow":["GET"]}}],"collection":[{"href":"https:\/\/www.asf-quebec.org\/en\/wp-json\/wp\/v2\/posts"}],"about":[{"href":"https:\/\/www.asf-quebec.org\/en\/wp-json\/wp\/v2\/types\/post"}],"author":[{"embeddable":true,"href":"https:\/\/www.asf-quebec.org\/en\/wp-json\/wp\/v2\/users\/2"}],"replies":[{"embeddable":true,"href":"https:\/\/www.asf-quebec.org\/en\/wp-json\/wp\/v2\/comments?post=951299"}],"version-history":[{"count":0,"href":"https:\/\/www.asf-quebec.org\/en\/wp-json\/wp\/v2\/posts\/951299\/revisions"}],"wp:featuredmedia":[{"embeddable":true,"href":"https:\/\/www.asf-quebec.org\/en\/wp-json\/wp\/v2\/media\/302114"}],"wp:attachment":[{"href":"https:\/\/www.asf-quebec.org\/en\/wp-json\/wp\/v2\/media?parent=951299"}],"wp:term":[{"taxonomy":"category","embeddable":true,"href":"https:\/\/www.asf-quebec.org\/en\/wp-json\/wp\/v2\/categories?post=951299"},{"taxonomy":"post_tag","embeddable":true,"href":"https:\/\/www.asf-quebec.org\/en\/wp-json\/wp\/v2\/tags?post=951299"}],"curies":[{"name":"wp","href":"https:\/\/api.w.org\/{rel}","templated":true}]}}