{"id":951297,"date":"2019-05-15T20:23:56","date_gmt":"2019-05-15T20:23:56","guid":{"rendered":"https:\/\/www.asf-quebec.org\/mission-accomplie-larchitecte-quebecois-louis-paul-lemieux-de-retour-de-tanzanie\/"},"modified":"2019-05-15T20:23:56","modified_gmt":"2019-05-15T20:23:56","slug":"mission-accomplie-larchitecte-quebecois-louis-paul-lemieux-de-retour-de-tanzanie","status":"publish","type":"post","link":"https:\/\/www.asf-quebec.org\/en\/mission-accomplie-larchitecte-quebecois-louis-paul-lemieux-de-retour-de-tanzanie\/","title":{"rendered":"Mission accomplie : l\u2019architecte qu\u00e9b\u00e9cois Louis-Paul Lemieux de retour de Tanzanie"},"content":{"rendered":"<header class=\"post-header\">\n<header class=\"post-header\">\n<h1 class=\"gdlr-blog-title\"><em style=\"font-size: 16px;\">par St\u00e9phanie Roy, collaboratrice \u00e0 la r\u00e9daction<\/em><\/h1>\n<\/header>\n<div class=\"gdlr-blog-content\">\n<p>Apr\u00e8s deux semaines en Tanzanie, Louis-Paul Lemieux, coop\u00e9rant volontaire d\u2019ASFQ, est de retour de mission avec des informations pr\u00e9cieuses pour la conception de l\u2019\u00e9cole de Nainokanoka pour enfants massa\u00efs. Lors de cette mission destin\u00e9e \u00e0 r\u00e9aliser l\u2019\u00e9tude pr\u00e9liminaire du projet, Louis-Paul a pu travailler en collaboration avec cette communaut\u00e9 embl\u00e9matique de l\u2019ouest africain et mieux comprendre sa culture, ses besoins et les d\u00e9fis li\u00e9s \u00e0 l\u2019emplacement du futur ouvrage en plein parc national.<\/p>\n<p>Son voyage exigeait plusieurs d\u00e9placements, notamment entre la ville de Dar es Salaam, Arusha et Endulen, afin de rencontrer\u00a0les\u00a0professionnels\u00a0locaux\u00a0et\u00a0de\u00a0visiter quelques \u00e9coles\u00a0\u00e0 l\u2019architecture inspirante\u00a0construites\u00a0dans la r\u00e9gion. Il a par\u00a0ailleurs eu\u00a0l\u2019opportunit\u00e9\u00a0de contempler le grandiose paysage des savanes,\u00a0\u00eatre t\u00e9moin\u00a0de\u00a0travers\u00e9es de z\u00e8bres ainsi que la v\u00e9g\u00e9tation luxuriante de la spectaculaire caldeira du Ngorongoro.<\/p>\n<p>Le village de Nainokanoka \u00e9tant situ\u00e9 dans l\u2019aire de conservation du Ngorongoro, les mat\u00e9riaux devront provenir de l\u2019ext\u00e9rieur du parc afin de respecter la r\u00e9glementation.\u00a0Accompagn\u00e9 de l\u2019initiateur du projet, Arpakwa M. Ole Sikoerei, notre architecte b\u00e9n\u00e9vole s\u2019est aussi rendu \u00e0 Karatu\u00a0pour\u00a0s\u2019informer sur les techniques de construction locales et\u00a0la disponibilit\u00e9\u00a0des mat\u00e9riaux \u00e0 privil\u00e9gier.\u00a0Une rencontre avec le chef du village a permis \u00e0 Louis-Paul de d\u00e9terminer l\u2019emplacement de la future \u00e9cole qui sera implant\u00e9e sur le terrain de l\u2019\u00e9glise locale pour une question de p\u00e9rennit\u00e9. Puisque le site permettant un am\u00e9nagement en longueur pr\u00e9sente un certain d\u00e9fi,\u00a0la\u00a0cr\u00e9ativit\u00e9\u00a0sera de mise\u00a0! Ce qui est int\u00e9ressant, nous mentionne l\u2019architecte, c\u2019est l\u2019ouverture de la communaut\u00e9 \u00e0 un concept\u00a0innovant int\u00e9grant\u00a0des \u00e9l\u00e9ments traditionnels.\u00a0\u201cIls aiment les motifs circulaires et \u00e0 carreaux et ont une pr\u00e9f\u00e9rence marqu\u00e9e pour le vert\u201dmentionne Louis-Paul. \u201cIls ont aussi demand\u00e9 \u00e0 avoir de la verdure, un \u00e9l\u00e9ment important pour eux\u201d. Pour l\u2019instant, l\u2019id\u00e9e propos\u00e9e est d\u2019aligner plusieurs petits b\u00e2timents pour les classes et la caf\u00e9t\u00e9ria et d\u2019am\u00e9nager un espace de jeu ext\u00e9rieur formant ainsi un agencement\u00a0rappelant la structure\u00a0des\u00a0<i>bomas<\/i>\u00a0traditionnelles.<\/p>\n<p>Une charrette de design a eu lieu le 3 mai dernier avec l\u2019\u00e9quipe les collaborateurs du projet et le programme de coop\u00e9ration de l\u2019\u00c9TS, le PR\u00c9CI. Les premi\u00e8res esquisses sont en cours\u00a0de conception\u00a0et seront bient\u00f4t pr\u00e9sent\u00e9es aux responsables de la communaut\u00e9.<\/p>\n<\/div>\n<\/header>\n","protected":false},"excerpt":{"rendered":"<p>par St\u00e9phanie Roy, collaboratrice \u00e0 la r\u00e9daction Apr\u00e8s deux semaines <a href=\"https:\/\/www.asf-quebec.org\/en\/mission-accomplie-larchitecte-quebecois-louis-paul-lemieux-de-retour-de-tanzanie\/\"> [&#8230;]<\/a><\/p>\n","protected":false},"author":2,"featured_media":302113,"comment_status":"closed","ping_status":"open","sticky":false,"template":"","format":"standard","meta":{"_acf_changed":false,"footnotes":""},"categories":[37],"tags":[49],"class_list":["post-951297","post","type-post","status-publish","format-standard","has-post-thumbnail","hentry","category-news","tag-ci-en"],"acf":[],"yoast_head":"<!-- This site is optimized with the Yoast SEO plugin v26.8 - https:\/\/yoast.com\/product\/yoast-seo-wordpress\/ -->\n<title>Mission accomplie : l\u2019architecte qu\u00e9b\u00e9cois Louis-Paul Lemieux de retour de Tanzanie - Architecture Sans Fronti\u00e8res Qu\u00e9bec %<\/title>\n<meta name=\"description\" content=\"Mission accomplie : l\u2019architecte qu\u00e9b\u00e9cois Louis-Paul Lemieux de retour de Tanzanie\" \/>\n<meta name=\"robots\" content=\"index, follow, max-snippet:-1, max-image-preview:large, max-video-preview:-1\" \/>\n<link rel=\"canonical\" href=\"https:\/\/www.asf-quebec.org\/en\/mission-accomplie-larchitecte-quebecois-louis-paul-lemieux-de-retour-de-tanzanie\/\" \/>\n<meta property=\"og:locale\" content=\"en_US\" \/>\n<meta property=\"og:type\" content=\"article\" \/>\n<meta property=\"og:title\" content=\"Mission accomplie : l\u2019architecte qu\u00e9b\u00e9cois Louis-Paul Lemieux de retour de Tanzanie - Architecture Sans Fronti\u00e8res Qu\u00e9bec %\" \/>\n<meta property=\"og:description\" content=\"Mission accomplie : l\u2019architecte qu\u00e9b\u00e9cois Louis-Paul Lemieux de retour de Tanzanie\" \/>\n<meta property=\"og:url\" content=\"https:\/\/www.asf-quebec.org\/en\/mission-accomplie-larchitecte-quebecois-louis-paul-lemieux-de-retour-de-tanzanie\/\" \/>\n<meta property=\"og:site_name\" content=\"Architecture Sans Fronti\u00e8res Qu\u00e9bec\" \/>\n<meta property=\"article:publisher\" content=\"https:\/\/www.facebook.com\/architecturesansfrontieres\/\" \/>\n<meta property=\"article:published_time\" content=\"2019-05-15T20:23:56+00:00\" \/>\n<meta name=\"author\" content=\"asf-quebec\" \/>\n<meta name=\"twitter:card\" content=\"summary_large_image\" \/>\n<meta name=\"twitter:label1\" content=\"Written by\" \/>\n\t<meta name=\"twitter:data1\" content=\"asf-quebec\" \/>\n\t<meta name=\"twitter:label2\" content=\"Est. reading time\" \/>\n\t<meta name=\"twitter:data2\" content=\"2 minutes\" \/>\n<script type=\"application\/ld+json\" class=\"yoast-schema-graph\">{\"@context\":\"https:\/\/schema.org\",\"@graph\":[{\"@type\":\"Article\",\"@id\":\"https:\/\/www.asf-quebec.org\/en\/mission-accomplie-larchitecte-quebecois-louis-paul-lemieux-de-retour-de-tanzanie\/#article\",\"isPartOf\":{\"@id\":\"https:\/\/www.asf-quebec.org\/en\/mission-accomplie-larchitecte-quebecois-louis-paul-lemieux-de-retour-de-tanzanie\/\"},\"author\":{\"name\":\"asf-quebec\",\"@id\":\"https:\/\/www.asf-quebec.org\/en\/#\/schema\/person\/9655911da321e5e7c39708ae5de28d6a\"},\"headline\":\"Mission accomplie : l\u2019architecte qu\u00e9b\u00e9cois Louis-Paul Lemieux de retour de Tanzanie\",\"datePublished\":\"2019-05-15T20:23:56+00:00\",\"mainEntityOfPage\":{\"@id\":\"https:\/\/www.asf-quebec.org\/en\/mission-accomplie-larchitecte-quebecois-louis-paul-lemieux-de-retour-de-tanzanie\/\"},\"wordCount\":455,\"publisher\":{\"@id\":\"https:\/\/www.asf-quebec.org\/en\/#organization\"},\"image\":{\"@id\":\"https:\/\/www.asf-quebec.org\/en\/mission-accomplie-larchitecte-quebecois-louis-paul-lemieux-de-retour-de-tanzanie\/#primaryimage\"},\"thumbnailUrl\":\"https:\/\/www.asf-quebec.org\/wp-content\/uploads\/2020\/05\/Tanz-750x330.jpg\",\"keywords\":[\"CI\"],\"articleSection\":[\"News\"],\"inLanguage\":\"en-US\"},{\"@type\":\"WebPage\",\"@id\":\"https:\/\/www.asf-quebec.org\/en\/mission-accomplie-larchitecte-quebecois-louis-paul-lemieux-de-retour-de-tanzanie\/\",\"url\":\"https:\/\/www.asf-quebec.org\/en\/mission-accomplie-larchitecte-quebecois-louis-paul-lemieux-de-retour-de-tanzanie\/\",\"name\":\"Mission accomplie : l\u2019architecte qu\u00e9b\u00e9cois Louis-Paul Lemieux de retour de Tanzanie - Architecture Sans Fronti\u00e8res Qu\u00e9bec %\",\"isPartOf\":{\"@id\":\"https:\/\/www.asf-quebec.org\/en\/#website\"},\"primaryImageOfPage\":{\"@id\":\"https:\/\/www.asf-quebec.org\/en\/mission-accomplie-larchitecte-quebecois-louis-paul-lemieux-de-retour-de-tanzanie\/#primaryimage\"},\"image\":{\"@id\":\"https:\/\/www.asf-quebec.org\/en\/mission-accomplie-larchitecte-quebecois-louis-paul-lemieux-de-retour-de-tanzanie\/#primaryimage\"},\"thumbnailUrl\":\"https:\/\/www.asf-quebec.org\/wp-content\/uploads\/2020\/05\/Tanz-750x330.jpg\",\"datePublished\":\"2019-05-15T20:23:56+00:00\",\"description\":\"Mission accomplie : l\u2019architecte qu\u00e9b\u00e9cois Louis-Paul Lemieux de retour de Tanzanie\",\"breadcrumb\":{\"@id\":\"https:\/\/www.asf-quebec.org\/en\/mission-accomplie-larchitecte-quebecois-louis-paul-lemieux-de-retour-de-tanzanie\/#breadcrumb\"},\"inLanguage\":\"en-US\",\"potentialAction\":[{\"@type\":\"ReadAction\",\"target\":[\"https:\/\/www.asf-quebec.org\/en\/mission-accomplie-larchitecte-quebecois-louis-paul-lemieux-de-retour-de-tanzanie\/\"]}]},{\"@type\":\"ImageObject\",\"inLanguage\":\"en-US\",\"@id\":\"https:\/\/www.asf-quebec.org\/en\/mission-accomplie-larchitecte-quebecois-louis-paul-lemieux-de-retour-de-tanzanie\/#primaryimage\",\"url\":\"https:\/\/www.asf-quebec.org\/wp-content\/uploads\/2020\/05\/Tanz-750x330.jpg\",\"contentUrl\":\"https:\/\/www.asf-quebec.org\/wp-content\/uploads\/2020\/05\/Tanz-750x330.jpg\",\"width\":750,\"height\":330},{\"@type\":\"BreadcrumbList\",\"@id\":\"https:\/\/www.asf-quebec.org\/en\/mission-accomplie-larchitecte-quebecois-louis-paul-lemieux-de-retour-de-tanzanie\/#breadcrumb\",\"itemListElement\":[{\"@type\":\"ListItem\",\"position\":1,\"name\":\"Accueil\",\"item\":\"https:\/\/www.asf-quebec.org\/en\/\"},{\"@type\":\"ListItem\",\"position\":2,\"name\":\"Mission accomplie : l\u2019architecte qu\u00e9b\u00e9cois Louis-Paul Lemieux de retour de Tanzanie\"}]},{\"@type\":\"WebSite\",\"@id\":\"https:\/\/www.asf-quebec.org\/en\/#website\",\"url\":\"https:\/\/www.asf-quebec.org\/en\/\",\"name\":\"Architecture sans fronti\u00e8res Qu\u00e9bec\",\"description\":\"ASFQ\",\"publisher\":{\"@id\":\"https:\/\/www.asf-quebec.org\/en\/#organization\"},\"potentialAction\":[{\"@type\":\"SearchAction\",\"target\":{\"@type\":\"EntryPoint\",\"urlTemplate\":\"https:\/\/www.asf-quebec.org\/en\/?s={search_term_string}\"},\"query-input\":{\"@type\":\"PropertyValueSpecification\",\"valueRequired\":true,\"valueName\":\"search_term_string\"}}],\"inLanguage\":\"en-US\"},{\"@type\":\"Organization\",\"@id\":\"https:\/\/www.asf-quebec.org\/en\/#organization\",\"name\":\"Architecture sans fronti\u00e8res Qu\u00e9bec (ASFQ)\",\"url\":\"https:\/\/www.asf-quebec.org\/en\/\",\"logo\":{\"@type\":\"ImageObject\",\"inLanguage\":\"en-US\",\"@id\":\"https:\/\/www.asf-quebec.org\/en\/#\/schema\/logo\/image\/\",\"url\":\"https:\/\/www.asf-quebec.org\/wp-content\/uploads\/2019\/07\/Logo-asfq-retina.jpg\",\"contentUrl\":\"https:\/\/www.asf-quebec.org\/wp-content\/uploads\/2019\/07\/Logo-asfq-retina.jpg\",\"width\":564,\"height\":219,\"caption\":\"Architecture sans fronti\u00e8res Qu\u00e9bec (ASFQ)\"},\"image\":{\"@id\":\"https:\/\/www.asf-quebec.org\/en\/#\/schema\/logo\/image\/\"},\"sameAs\":[\"https:\/\/www.facebook.com\/architecturesansfrontieres\/\",\"https:\/\/www.instagram.com\/asfquebec\/\",\"https:\/\/www.linkedin.com\/company\/asf-quebec\/\"]},{\"@type\":\"Person\",\"@id\":\"https:\/\/www.asf-quebec.org\/en\/#\/schema\/person\/9655911da321e5e7c39708ae5de28d6a\",\"name\":\"asf-quebec\",\"image\":{\"@type\":\"ImageObject\",\"inLanguage\":\"en-US\",\"@id\":\"https:\/\/www.asf-quebec.org\/en\/#\/schema\/person\/image\/\",\"url\":\"https:\/\/secure.gravatar.com\/avatar\/e855b116ca919b157a426c59781443a8d88f6c286252b6e0fed2bef83833541c?s=96&d=mm&r=g\",\"contentUrl\":\"https:\/\/secure.gravatar.com\/avatar\/e855b116ca919b157a426c59781443a8d88f6c286252b6e0fed2bef83833541c?s=96&d=mm&r=g\",\"caption\":\"asf-quebec\"}}]}<\/script>\n<!-- \/ Yoast SEO plugin. -->","yoast_head_json":{"title":"Mission accomplie : l\u2019architecte qu\u00e9b\u00e9cois Louis-Paul Lemieux de retour de Tanzanie - Architecture Sans Fronti\u00e8res Qu\u00e9bec %","description":"Mission accomplie : l\u2019architecte qu\u00e9b\u00e9cois Louis-Paul Lemieux de retour de Tanzanie","robots":{"index":"index","follow":"follow","max-snippet":"max-snippet:-1","max-image-preview":"max-image-preview:large","max-video-preview":"max-video-preview:-1"},"canonical":"https:\/\/www.asf-quebec.org\/en\/mission-accomplie-larchitecte-quebecois-louis-paul-lemieux-de-retour-de-tanzanie\/","og_locale":"en_US","og_type":"article","og_title":"Mission accomplie : l\u2019architecte qu\u00e9b\u00e9cois Louis-Paul Lemieux de retour de Tanzanie - Architecture Sans Fronti\u00e8res Qu\u00e9bec %","og_description":"Mission accomplie : l\u2019architecte qu\u00e9b\u00e9cois Louis-Paul Lemieux de retour de Tanzanie","og_url":"https:\/\/www.asf-quebec.org\/en\/mission-accomplie-larchitecte-quebecois-louis-paul-lemieux-de-retour-de-tanzanie\/","og_site_name":"Architecture Sans Fronti\u00e8res Qu\u00e9bec","article_publisher":"https:\/\/www.facebook.com\/architecturesansfrontieres\/","article_published_time":"2019-05-15T20:23:56+00:00","author":"asf-quebec","twitter_card":"summary_large_image","twitter_misc":{"Written by":"asf-quebec","Est. reading time":"2 minutes"},"schema":{"@context":"https:\/\/schema.org","@graph":[{"@type":"Article","@id":"https:\/\/www.asf-quebec.org\/en\/mission-accomplie-larchitecte-quebecois-louis-paul-lemieux-de-retour-de-tanzanie\/#article","isPartOf":{"@id":"https:\/\/www.asf-quebec.org\/en\/mission-accomplie-larchitecte-quebecois-louis-paul-lemieux-de-retour-de-tanzanie\/"},"author":{"name":"asf-quebec","@id":"https:\/\/www.asf-quebec.org\/en\/#\/schema\/person\/9655911da321e5e7c39708ae5de28d6a"},"headline":"Mission accomplie : l\u2019architecte qu\u00e9b\u00e9cois Louis-Paul Lemieux de retour de Tanzanie","datePublished":"2019-05-15T20:23:56+00:00","mainEntityOfPage":{"@id":"https:\/\/www.asf-quebec.org\/en\/mission-accomplie-larchitecte-quebecois-louis-paul-lemieux-de-retour-de-tanzanie\/"},"wordCount":455,"publisher":{"@id":"https:\/\/www.asf-quebec.org\/en\/#organization"},"image":{"@id":"https:\/\/www.asf-quebec.org\/en\/mission-accomplie-larchitecte-quebecois-louis-paul-lemieux-de-retour-de-tanzanie\/#primaryimage"},"thumbnailUrl":"https:\/\/www.asf-quebec.org\/wp-content\/uploads\/2020\/05\/Tanz-750x330.jpg","keywords":["CI"],"articleSection":["News"],"inLanguage":"en-US"},{"@type":"WebPage","@id":"https:\/\/www.asf-quebec.org\/en\/mission-accomplie-larchitecte-quebecois-louis-paul-lemieux-de-retour-de-tanzanie\/","url":"https:\/\/www.asf-quebec.org\/en\/mission-accomplie-larchitecte-quebecois-louis-paul-lemieux-de-retour-de-tanzanie\/","name":"Mission accomplie : l\u2019architecte qu\u00e9b\u00e9cois Louis-Paul Lemieux de retour de Tanzanie - Architecture Sans Fronti\u00e8res Qu\u00e9bec %","isPartOf":{"@id":"https:\/\/www.asf-quebec.org\/en\/#website"},"primaryImageOfPage":{"@id":"https:\/\/www.asf-quebec.org\/en\/mission-accomplie-larchitecte-quebecois-louis-paul-lemieux-de-retour-de-tanzanie\/#primaryimage"},"image":{"@id":"https:\/\/www.asf-quebec.org\/en\/mission-accomplie-larchitecte-quebecois-louis-paul-lemieux-de-retour-de-tanzanie\/#primaryimage"},"thumbnailUrl":"https:\/\/www.asf-quebec.org\/wp-content\/uploads\/2020\/05\/Tanz-750x330.jpg","datePublished":"2019-05-15T20:23:56+00:00","description":"Mission accomplie : l\u2019architecte qu\u00e9b\u00e9cois Louis-Paul Lemieux de retour de Tanzanie","breadcrumb":{"@id":"https:\/\/www.asf-quebec.org\/en\/mission-accomplie-larchitecte-quebecois-louis-paul-lemieux-de-retour-de-tanzanie\/#breadcrumb"},"inLanguage":"en-US","potentialAction":[{"@type":"ReadAction","target":["https:\/\/www.asf-quebec.org\/en\/mission-accomplie-larchitecte-quebecois-louis-paul-lemieux-de-retour-de-tanzanie\/"]}]},{"@type":"ImageObject","inLanguage":"en-US","@id":"https:\/\/www.asf-quebec.org\/en\/mission-accomplie-larchitecte-quebecois-louis-paul-lemieux-de-retour-de-tanzanie\/#primaryimage","url":"https:\/\/www.asf-quebec.org\/wp-content\/uploads\/2020\/05\/Tanz-750x330.jpg","contentUrl":"https:\/\/www.asf-quebec.org\/wp-content\/uploads\/2020\/05\/Tanz-750x330.jpg","width":750,"height":330},{"@type":"BreadcrumbList","@id":"https:\/\/www.asf-quebec.org\/en\/mission-accomplie-larchitecte-quebecois-louis-paul-lemieux-de-retour-de-tanzanie\/#breadcrumb","itemListElement":[{"@type":"ListItem","position":1,"name":"Accueil","item":"https:\/\/www.asf-quebec.org\/en\/"},{"@type":"ListItem","position":2,"name":"Mission accomplie : l\u2019architecte qu\u00e9b\u00e9cois Louis-Paul Lemieux de retour de Tanzanie"}]},{"@type":"WebSite","@id":"https:\/\/www.asf-quebec.org\/en\/#website","url":"https:\/\/www.asf-quebec.org\/en\/","name":"Architecture sans fronti\u00e8res Qu\u00e9bec","description":"ASFQ","publisher":{"@id":"https:\/\/www.asf-quebec.org\/en\/#organization"},"potentialAction":[{"@type":"SearchAction","target":{"@type":"EntryPoint","urlTemplate":"https:\/\/www.asf-quebec.org\/en\/?s={search_term_string}"},"query-input":{"@type":"PropertyValueSpecification","valueRequired":true,"valueName":"search_term_string"}}],"inLanguage":"en-US"},{"@type":"Organization","@id":"https:\/\/www.asf-quebec.org\/en\/#organization","name":"Architecture sans fronti\u00e8res Qu\u00e9bec (ASFQ)","url":"https:\/\/www.asf-quebec.org\/en\/","logo":{"@type":"ImageObject","inLanguage":"en-US","@id":"https:\/\/www.asf-quebec.org\/en\/#\/schema\/logo\/image\/","url":"https:\/\/www.asf-quebec.org\/wp-content\/uploads\/2019\/07\/Logo-asfq-retina.jpg","contentUrl":"https:\/\/www.asf-quebec.org\/wp-content\/uploads\/2019\/07\/Logo-asfq-retina.jpg","width":564,"height":219,"caption":"Architecture sans fronti\u00e8res Qu\u00e9bec (ASFQ)"},"image":{"@id":"https:\/\/www.asf-quebec.org\/en\/#\/schema\/logo\/image\/"},"sameAs":["https:\/\/www.facebook.com\/architecturesansfrontieres\/","https:\/\/www.instagram.com\/asfquebec\/","https:\/\/www.linkedin.com\/company\/asf-quebec\/"]},{"@type":"Person","@id":"https:\/\/www.asf-quebec.org\/en\/#\/schema\/person\/9655911da321e5e7c39708ae5de28d6a","name":"asf-quebec","image":{"@type":"ImageObject","inLanguage":"en-US","@id":"https:\/\/www.asf-quebec.org\/en\/#\/schema\/person\/image\/","url":"https:\/\/secure.gravatar.com\/avatar\/e855b116ca919b157a426c59781443a8d88f6c286252b6e0fed2bef83833541c?s=96&d=mm&r=g","contentUrl":"https:\/\/secure.gravatar.com\/avatar\/e855b116ca919b157a426c59781443a8d88f6c286252b6e0fed2bef83833541c?s=96&d=mm&r=g","caption":"asf-quebec"}}]}},"_links":{"self":[{"href":"https:\/\/www.asf-quebec.org\/en\/wp-json\/wp\/v2\/posts\/951297","targetHints":{"allow":["GET"]}}],"collection":[{"href":"https:\/\/www.asf-quebec.org\/en\/wp-json\/wp\/v2\/posts"}],"about":[{"href":"https:\/\/www.asf-quebec.org\/en\/wp-json\/wp\/v2\/types\/post"}],"author":[{"embeddable":true,"href":"https:\/\/www.asf-quebec.org\/en\/wp-json\/wp\/v2\/users\/2"}],"replies":[{"embeddable":true,"href":"https:\/\/www.asf-quebec.org\/en\/wp-json\/wp\/v2\/comments?post=951297"}],"version-history":[{"count":0,"href":"https:\/\/www.asf-quebec.org\/en\/wp-json\/wp\/v2\/posts\/951297\/revisions"}],"wp:featuredmedia":[{"embeddable":true,"href":"https:\/\/www.asf-quebec.org\/en\/wp-json\/wp\/v2\/media\/302113"}],"wp:attachment":[{"href":"https:\/\/www.asf-quebec.org\/en\/wp-json\/wp\/v2\/media?parent=951297"}],"wp:term":[{"taxonomy":"category","embeddable":true,"href":"https:\/\/www.asf-quebec.org\/en\/wp-json\/wp\/v2\/categories?post=951297"},{"taxonomy":"post_tag","embeddable":true,"href":"https:\/\/www.asf-quebec.org\/en\/wp-json\/wp\/v2\/tags?post=951297"}],"curies":[{"name":"wp","href":"https:\/\/api.w.org\/{rel}","templated":true}]}}