{"id":951295,"date":"2019-05-27T16:30:02","date_gmt":"2019-05-27T16:30:02","guid":{"rendered":"https:\/\/www.asf-quebec.org\/assemblee-generale-annuelle-2019-dasfq\/"},"modified":"2019-05-27T16:30:02","modified_gmt":"2019-05-27T16:30:02","slug":"assemblee-generale-annuelle-2019-dasfq","status":"publish","type":"post","link":"https:\/\/www.asf-quebec.org\/en\/assemblee-generale-annuelle-2019-dasfq\/","title":{"rendered":"Assembl\u00e9e g\u00e9n\u00e9rale annuelle 2019"},"content":{"rendered":"<h3 class=\"label-primary\"><span style=\"font-size: 16px;\">Joignez-vous \u00e0 l&#8217;Assembl\u00e9e g\u00e9n\u00e9rale annuelle 2019 des membres d&#8217;ASFQ<\/span><\/h3>\n<div class=\"has-user-generated-content js-d-read-more read-more js-read-more read-more--medium-down read-more--expanded\" data-xd-wired=\"read-more\">\n<div class=\"js-xd-read-more-toggle-view read-more__toggle-view\">\n<div class=\"js-xd-read-more-contents l-mar-top-3\" data-automation=\"listing-event-description\">\n<p class=\"contentEditable\">Nos membres et futurs adh\u00e9rents sont convi\u00e9s lundi 27 mai, en fin d&#8217;apr\u00e8s-midi, \u00e0 l&#8217;Assembl\u00e9e g\u00e9n\u00e9rale annuelle\u00a02019 d&#8217;Architecture sans fronti\u00e8res Qu\u00e9bec.\u00a0Cliquez\u00a0<a href=\"https:\/\/www.asf-quebec.org\/avis-de-convocation-aga-2019\/\" target=\"_blank\" rel=\"nofollow noopener noreferrer\">ici<\/a>\u00a0pour consulter l&#8217;avis de convocation officiel.\u00a0\u00c0 cette occasion, deux postes seront en \u00e9lection et les membres souhaitant poser leur candidature sont invit\u00e9s \u00e0 le faire par courriel \u00e0 l&#8217;attention de la direction g\u00e9n\u00e9rale.<\/p>\n<p class=\"contentEditable\">L&#8217;AGA sera suivie de la Grande conf\u00e9rence 2019 de l&#8217;organisme. Une occasion pour d\u00e9couvrir l&#8217;organisme et sa vie d\u00e9mocratique, de r\u00e9seauter de mani\u00e8re conviviale entre architectes et passionn\u00e9s de design humanitaire, et d&#8217;en apprendre plus sur le secteur.<\/p>\n<p><strong>QUAND<\/strong> : lundi, 27 mai 2019 16:30 \u2013 18:30<\/p>\n<p><strong>O\u00d9<\/strong> : Endroit \u00c9difice Gilles-Hocquart (Archives Nationales &#8211; BAnQ Vieux-Montr\u00e9al) 535, avenue Viger Est, Montr\u00e9al<\/p>\n<p class=\"contentEditable\"><strong>HORAIRE<\/strong><\/p>\n<p class=\"contentEditable\">16h10 &#8211;<strong>\u00a0Accueil<\/strong><\/p>\n<p>16h30 &#8211;\u00a0<strong>Ordre du jour de l&#8217;Assembl\u00e9e g\u00e9n\u00e9rale annuelle 2019<\/strong><\/p>\n<ol>\n<li>Ouverture de l\u2019assemble\u0301e<\/li>\n<li>Mot de bienvenue du pr\u00e9sident<\/li>\n<li>Lecture et adoption de l\u2019ordre du jour<\/li>\n<li>Lecture et adoption du proce\u0300s-verbal de l&#8217;AGA du 13 juin 2018<\/li>\n<li>Pr\u00e9sentation du rapport du conseil d\u2019administration<\/li>\n<li>Pr\u00e9sentation du rapport d\u2019activit\u00e9s<\/li>\n<li>Lecture du rapport financier de l\u2019exercice 2018<\/li>\n<li>Nomination d\u2019un v\u00e9rificateur comptable<\/li>\n<li>Modification aux re\u0300glements ge\u0301ne\u0301raux<\/li>\n<li>Pr\u00e9sentation de la planification strat\u00e9gique<\/li>\n<li>E\u0301lection des membres du conseil d\u2019administration<\/li>\n<\/ol>\n<p>18h00 &#8211;\u00a0<strong>Cl\u00f4ture et c<\/strong><strong>ocktail-dinatoire<\/strong><\/p>\n<p>19h00 &#8211;\u00a0<strong>Grande conf\u00e9rence<\/strong>\u00a0annuelle 2019 d&#8217;ASFQ (<a href=\"https:\/\/www.eventbrite.ca\/e\/billets-grande-conference-2019-limpact-social-de-larchitecture-montreal-60099878354\" target=\"_self\" rel=\"noopener noreferrer\">inscriptions requises s\u00e9par\u00e9ment ici<\/a>)<\/p>\n<p><strong>DOCUMENTS \u00c0 LIRE PAR LES MEMBRES :<\/strong><\/p>\n<ul>\n<li><a href=\"https:\/\/drive.google.com\/file\/d\/1wtt5NFyOUdj0ToVr3TnBaj16728MhYRA\/view?usp=sharing\" target=\"_blank\" rel=\"nofollow noopener noreferrer\">Ordre du jour de l&#8217;AGA 2019<\/a><\/li>\n<li><a href=\"https:\/\/drive.google.com\/file\/d\/1hY1HzFUSFpvoH6frDcWriXpQVHz3BLt1\/view?usp=sharing\" target=\"_blank\" rel=\"nofollow noopener noreferrer\">Proc\u00e8s-verbal de la derni\u00e8re AGA 2018<\/a><\/li>\n<li><a href=\"https:\/\/drive.google.com\/file\/d\/17DLsmAdQ55IRxPA4tJqN0M2YQ2Ou-rSY\/view?usp=sharing\" target=\"_blank\" rel=\"nofollow noopener noreferrer\">Nouveaux r\u00e8glements g\u00e9n\u00e9raux modifi\u00e9s propos\u00e9es<\/a><\/li>\n<\/ul>\n<p><strong>CANDIDATURES :<\/strong><\/p>\n<p>Deux postes seront en \u00e9lection et les membres en r\u00e8gle souhaitant poser leur candidature sont invit\u00e9s \u00e0 le faire par courriel \u00e0 l&#8217;attention de la direction g\u00e9n\u00e9rale d&#8217;ASFQ : bdemers@asf-quebec.org Des candidatures peuvent aussi \u00eatre pr\u00e9sent\u00e9es sur place, s\u00e9ance tenante.<\/p>\n<p><strong>TARIF + ADH\u00c9SION MEMBRE<\/strong>\u00a0:<\/p>\n<p>L&#8217;Assembl\u00e9e g\u00e9n\u00e9rale annuelle est gratuite, mais ouverte seulement aux membres en r\u00e8gle de l&#8217;organisme. Les membres incluent tous les architectes MOAQ qui sont automatiquement membres d&#8217;ASFQ de par leur cotisation \u00e0 l&#8217;OAQ.<\/p>\n<p>Vous voulez devenir membre d&#8217;ASFQ ou renouvelez votre membership annuel? Il suffit d&#8217;adh\u00e9rer en payant sur cette page votre adh\u00e9sion annuelle au tarif r\u00e9gulier de 40$ et au tarif \u00e9tudiant de 25$.<\/p>\n<p><strong>TRANSPORT EN COMMUN :<\/strong><\/p>\n<p>M\u00e9tros Champs-de-Mars et Berri-UQAM<\/p>\n<\/div>\n<\/div>\n<\/div>\n","protected":false},"excerpt":{"rendered":"<p>Joignez-vous \u00e0 l&#8217;Assembl\u00e9e g\u00e9n\u00e9rale annuelle 2019 des membres d&#8217;ASFQ Nos <a href=\"https:\/\/www.asf-quebec.org\/en\/assemblee-generale-annuelle-2019-dasfq\/\"> [&#8230;]<\/a><\/p>\n","protected":false},"author":2,"featured_media":302136,"comment_status":"closed","ping_status":"closed","sticky":false,"template":"","format":"standard","meta":{"_acf_changed":false,"footnotes":""},"categories":[30],"tags":[],"class_list":["post-951295","post","type-post","status-publish","format-standard","has-post-thumbnail","hentry","category-uncategorized"],"acf":[],"yoast_head":"<!-- This site is optimized with the Yoast SEO plugin v26.8 - https:\/\/yoast.com\/product\/yoast-seo-wordpress\/ -->\n<title>Assembl\u00e9e g\u00e9n\u00e9rale annuelle 2019 - Architecture Sans Fronti\u00e8res Qu\u00e9bec %<\/title>\n<meta name=\"description\" content=\"Assembl\u00e9e g\u00e9n\u00e9rale annuelle 2019\" \/>\n<meta name=\"robots\" content=\"index, follow, max-snippet:-1, max-image-preview:large, max-video-preview:-1\" \/>\n<link rel=\"canonical\" href=\"https:\/\/www.asf-quebec.org\/en\/assemblee-generale-annuelle-2019-dasfq\/\" \/>\n<meta property=\"og:locale\" content=\"en_US\" \/>\n<meta property=\"og:type\" content=\"article\" \/>\n<meta property=\"og:title\" content=\"Assembl\u00e9e g\u00e9n\u00e9rale annuelle 2019 - Architecture Sans Fronti\u00e8res Qu\u00e9bec %\" \/>\n<meta property=\"og:description\" content=\"Assembl\u00e9e g\u00e9n\u00e9rale annuelle 2019\" \/>\n<meta property=\"og:url\" content=\"https:\/\/www.asf-quebec.org\/en\/assemblee-generale-annuelle-2019-dasfq\/\" \/>\n<meta property=\"og:site_name\" content=\"Architecture Sans Fronti\u00e8res Qu\u00e9bec\" \/>\n<meta property=\"article:publisher\" content=\"https:\/\/www.facebook.com\/architecturesansfrontieres\/\" \/>\n<meta property=\"article:published_time\" content=\"2019-05-27T16:30:02+00:00\" \/>\n<meta name=\"author\" content=\"asf-quebec\" \/>\n<meta name=\"twitter:card\" content=\"summary_large_image\" \/>\n<meta name=\"twitter:label1\" content=\"Written by\" \/>\n\t<meta name=\"twitter:data1\" content=\"asf-quebec\" \/>\n\t<meta name=\"twitter:label2\" content=\"Est. reading time\" \/>\n\t<meta name=\"twitter:data2\" content=\"2 minutes\" \/>\n<script type=\"application\/ld+json\" class=\"yoast-schema-graph\">{\"@context\":\"https:\/\/schema.org\",\"@graph\":[{\"@type\":\"Article\",\"@id\":\"https:\/\/www.asf-quebec.org\/en\/assemblee-generale-annuelle-2019-dasfq\/#article\",\"isPartOf\":{\"@id\":\"https:\/\/www.asf-quebec.org\/en\/assemblee-generale-annuelle-2019-dasfq\/\"},\"author\":{\"name\":\"asf-quebec\",\"@id\":\"https:\/\/www.asf-quebec.org\/en\/#\/schema\/person\/9655911da321e5e7c39708ae5de28d6a\"},\"headline\":\"Assembl\u00e9e g\u00e9n\u00e9rale annuelle 2019\",\"datePublished\":\"2019-05-27T16:30:02+00:00\",\"mainEntityOfPage\":{\"@id\":\"https:\/\/www.asf-quebec.org\/en\/assemblee-generale-annuelle-2019-dasfq\/\"},\"wordCount\":432,\"publisher\":{\"@id\":\"https:\/\/www.asf-quebec.org\/en\/#organization\"},\"image\":{\"@id\":\"https:\/\/www.asf-quebec.org\/en\/assemblee-generale-annuelle-2019-dasfq\/#primaryimage\"},\"thumbnailUrl\":\"https:\/\/www.asf-quebec.org\/wp-content\/uploads\/2020\/01\/https___cdn.evbuc_.com_images_60670933_46418086933_1_original.jpg\",\"inLanguage\":\"en-US\"},{\"@type\":\"WebPage\",\"@id\":\"https:\/\/www.asf-quebec.org\/en\/assemblee-generale-annuelle-2019-dasfq\/\",\"url\":\"https:\/\/www.asf-quebec.org\/en\/assemblee-generale-annuelle-2019-dasfq\/\",\"name\":\"Assembl\u00e9e g\u00e9n\u00e9rale annuelle 2019 - Architecture Sans Fronti\u00e8res Qu\u00e9bec %\",\"isPartOf\":{\"@id\":\"https:\/\/www.asf-quebec.org\/en\/#website\"},\"primaryImageOfPage\":{\"@id\":\"https:\/\/www.asf-quebec.org\/en\/assemblee-generale-annuelle-2019-dasfq\/#primaryimage\"},\"image\":{\"@id\":\"https:\/\/www.asf-quebec.org\/en\/assemblee-generale-annuelle-2019-dasfq\/#primaryimage\"},\"thumbnailUrl\":\"https:\/\/www.asf-quebec.org\/wp-content\/uploads\/2020\/01\/https___cdn.evbuc_.com_images_60670933_46418086933_1_original.jpg\",\"datePublished\":\"2019-05-27T16:30:02+00:00\",\"description\":\"Assembl\u00e9e g\u00e9n\u00e9rale annuelle 2019\",\"breadcrumb\":{\"@id\":\"https:\/\/www.asf-quebec.org\/en\/assemblee-generale-annuelle-2019-dasfq\/#breadcrumb\"},\"inLanguage\":\"en-US\",\"potentialAction\":[{\"@type\":\"ReadAction\",\"target\":[\"https:\/\/www.asf-quebec.org\/en\/assemblee-generale-annuelle-2019-dasfq\/\"]}]},{\"@type\":\"ImageObject\",\"inLanguage\":\"en-US\",\"@id\":\"https:\/\/www.asf-quebec.org\/en\/assemblee-generale-annuelle-2019-dasfq\/#primaryimage\",\"url\":\"https:\/\/www.asf-quebec.org\/wp-content\/uploads\/2020\/01\/https___cdn.evbuc_.com_images_60670933_46418086933_1_original.jpg\",\"contentUrl\":\"https:\/\/www.asf-quebec.org\/wp-content\/uploads\/2020\/01\/https___cdn.evbuc_.com_images_60670933_46418086933_1_original.jpg\",\"width\":800,\"height\":400},{\"@type\":\"BreadcrumbList\",\"@id\":\"https:\/\/www.asf-quebec.org\/en\/assemblee-generale-annuelle-2019-dasfq\/#breadcrumb\",\"itemListElement\":[{\"@type\":\"ListItem\",\"position\":1,\"name\":\"Accueil\",\"item\":\"https:\/\/www.asf-quebec.org\/en\/\"},{\"@type\":\"ListItem\",\"position\":2,\"name\":\"Assembl\u00e9e g\u00e9n\u00e9rale annuelle 2019\"}]},{\"@type\":\"WebSite\",\"@id\":\"https:\/\/www.asf-quebec.org\/en\/#website\",\"url\":\"https:\/\/www.asf-quebec.org\/en\/\",\"name\":\"Architecture sans fronti\u00e8res Qu\u00e9bec\",\"description\":\"ASFQ\",\"publisher\":{\"@id\":\"https:\/\/www.asf-quebec.org\/en\/#organization\"},\"potentialAction\":[{\"@type\":\"SearchAction\",\"target\":{\"@type\":\"EntryPoint\",\"urlTemplate\":\"https:\/\/www.asf-quebec.org\/en\/?s={search_term_string}\"},\"query-input\":{\"@type\":\"PropertyValueSpecification\",\"valueRequired\":true,\"valueName\":\"search_term_string\"}}],\"inLanguage\":\"en-US\"},{\"@type\":\"Organization\",\"@id\":\"https:\/\/www.asf-quebec.org\/en\/#organization\",\"name\":\"Architecture sans fronti\u00e8res Qu\u00e9bec (ASFQ)\",\"url\":\"https:\/\/www.asf-quebec.org\/en\/\",\"logo\":{\"@type\":\"ImageObject\",\"inLanguage\":\"en-US\",\"@id\":\"https:\/\/www.asf-quebec.org\/en\/#\/schema\/logo\/image\/\",\"url\":\"https:\/\/www.asf-quebec.org\/wp-content\/uploads\/2019\/07\/Logo-asfq-retina.jpg\",\"contentUrl\":\"https:\/\/www.asf-quebec.org\/wp-content\/uploads\/2019\/07\/Logo-asfq-retina.jpg\",\"width\":564,\"height\":219,\"caption\":\"Architecture sans fronti\u00e8res Qu\u00e9bec (ASFQ)\"},\"image\":{\"@id\":\"https:\/\/www.asf-quebec.org\/en\/#\/schema\/logo\/image\/\"},\"sameAs\":[\"https:\/\/www.facebook.com\/architecturesansfrontieres\/\",\"https:\/\/www.instagram.com\/asfquebec\/\",\"https:\/\/www.linkedin.com\/company\/asf-quebec\/\"]},{\"@type\":\"Person\",\"@id\":\"https:\/\/www.asf-quebec.org\/en\/#\/schema\/person\/9655911da321e5e7c39708ae5de28d6a\",\"name\":\"asf-quebec\",\"image\":{\"@type\":\"ImageObject\",\"inLanguage\":\"en-US\",\"@id\":\"https:\/\/www.asf-quebec.org\/en\/#\/schema\/person\/image\/\",\"url\":\"https:\/\/secure.gravatar.com\/avatar\/e855b116ca919b157a426c59781443a8d88f6c286252b6e0fed2bef83833541c?s=96&d=mm&r=g\",\"contentUrl\":\"https:\/\/secure.gravatar.com\/avatar\/e855b116ca919b157a426c59781443a8d88f6c286252b6e0fed2bef83833541c?s=96&d=mm&r=g\",\"caption\":\"asf-quebec\"}}]}<\/script>\n<!-- \/ Yoast SEO plugin. -->","yoast_head_json":{"title":"Assembl\u00e9e g\u00e9n\u00e9rale annuelle 2019 - Architecture Sans Fronti\u00e8res Qu\u00e9bec %","description":"Assembl\u00e9e g\u00e9n\u00e9rale annuelle 2019","robots":{"index":"index","follow":"follow","max-snippet":"max-snippet:-1","max-image-preview":"max-image-preview:large","max-video-preview":"max-video-preview:-1"},"canonical":"https:\/\/www.asf-quebec.org\/en\/assemblee-generale-annuelle-2019-dasfq\/","og_locale":"en_US","og_type":"article","og_title":"Assembl\u00e9e g\u00e9n\u00e9rale annuelle 2019 - Architecture Sans Fronti\u00e8res Qu\u00e9bec %","og_description":"Assembl\u00e9e g\u00e9n\u00e9rale annuelle 2019","og_url":"https:\/\/www.asf-quebec.org\/en\/assemblee-generale-annuelle-2019-dasfq\/","og_site_name":"Architecture Sans Fronti\u00e8res Qu\u00e9bec","article_publisher":"https:\/\/www.facebook.com\/architecturesansfrontieres\/","article_published_time":"2019-05-27T16:30:02+00:00","author":"asf-quebec","twitter_card":"summary_large_image","twitter_misc":{"Written by":"asf-quebec","Est. reading time":"2 minutes"},"schema":{"@context":"https:\/\/schema.org","@graph":[{"@type":"Article","@id":"https:\/\/www.asf-quebec.org\/en\/assemblee-generale-annuelle-2019-dasfq\/#article","isPartOf":{"@id":"https:\/\/www.asf-quebec.org\/en\/assemblee-generale-annuelle-2019-dasfq\/"},"author":{"name":"asf-quebec","@id":"https:\/\/www.asf-quebec.org\/en\/#\/schema\/person\/9655911da321e5e7c39708ae5de28d6a"},"headline":"Assembl\u00e9e g\u00e9n\u00e9rale annuelle 2019","datePublished":"2019-05-27T16:30:02+00:00","mainEntityOfPage":{"@id":"https:\/\/www.asf-quebec.org\/en\/assemblee-generale-annuelle-2019-dasfq\/"},"wordCount":432,"publisher":{"@id":"https:\/\/www.asf-quebec.org\/en\/#organization"},"image":{"@id":"https:\/\/www.asf-quebec.org\/en\/assemblee-generale-annuelle-2019-dasfq\/#primaryimage"},"thumbnailUrl":"https:\/\/www.asf-quebec.org\/wp-content\/uploads\/2020\/01\/https___cdn.evbuc_.com_images_60670933_46418086933_1_original.jpg","inLanguage":"en-US"},{"@type":"WebPage","@id":"https:\/\/www.asf-quebec.org\/en\/assemblee-generale-annuelle-2019-dasfq\/","url":"https:\/\/www.asf-quebec.org\/en\/assemblee-generale-annuelle-2019-dasfq\/","name":"Assembl\u00e9e g\u00e9n\u00e9rale annuelle 2019 - Architecture Sans Fronti\u00e8res Qu\u00e9bec %","isPartOf":{"@id":"https:\/\/www.asf-quebec.org\/en\/#website"},"primaryImageOfPage":{"@id":"https:\/\/www.asf-quebec.org\/en\/assemblee-generale-annuelle-2019-dasfq\/#primaryimage"},"image":{"@id":"https:\/\/www.asf-quebec.org\/en\/assemblee-generale-annuelle-2019-dasfq\/#primaryimage"},"thumbnailUrl":"https:\/\/www.asf-quebec.org\/wp-content\/uploads\/2020\/01\/https___cdn.evbuc_.com_images_60670933_46418086933_1_original.jpg","datePublished":"2019-05-27T16:30:02+00:00","description":"Assembl\u00e9e g\u00e9n\u00e9rale annuelle 2019","breadcrumb":{"@id":"https:\/\/www.asf-quebec.org\/en\/assemblee-generale-annuelle-2019-dasfq\/#breadcrumb"},"inLanguage":"en-US","potentialAction":[{"@type":"ReadAction","target":["https:\/\/www.asf-quebec.org\/en\/assemblee-generale-annuelle-2019-dasfq\/"]}]},{"@type":"ImageObject","inLanguage":"en-US","@id":"https:\/\/www.asf-quebec.org\/en\/assemblee-generale-annuelle-2019-dasfq\/#primaryimage","url":"https:\/\/www.asf-quebec.org\/wp-content\/uploads\/2020\/01\/https___cdn.evbuc_.com_images_60670933_46418086933_1_original.jpg","contentUrl":"https:\/\/www.asf-quebec.org\/wp-content\/uploads\/2020\/01\/https___cdn.evbuc_.com_images_60670933_46418086933_1_original.jpg","width":800,"height":400},{"@type":"BreadcrumbList","@id":"https:\/\/www.asf-quebec.org\/en\/assemblee-generale-annuelle-2019-dasfq\/#breadcrumb","itemListElement":[{"@type":"ListItem","position":1,"name":"Accueil","item":"https:\/\/www.asf-quebec.org\/en\/"},{"@type":"ListItem","position":2,"name":"Assembl\u00e9e g\u00e9n\u00e9rale annuelle 2019"}]},{"@type":"WebSite","@id":"https:\/\/www.asf-quebec.org\/en\/#website","url":"https:\/\/www.asf-quebec.org\/en\/","name":"Architecture sans fronti\u00e8res Qu\u00e9bec","description":"ASFQ","publisher":{"@id":"https:\/\/www.asf-quebec.org\/en\/#organization"},"potentialAction":[{"@type":"SearchAction","target":{"@type":"EntryPoint","urlTemplate":"https:\/\/www.asf-quebec.org\/en\/?s={search_term_string}"},"query-input":{"@type":"PropertyValueSpecification","valueRequired":true,"valueName":"search_term_string"}}],"inLanguage":"en-US"},{"@type":"Organization","@id":"https:\/\/www.asf-quebec.org\/en\/#organization","name":"Architecture sans fronti\u00e8res Qu\u00e9bec (ASFQ)","url":"https:\/\/www.asf-quebec.org\/en\/","logo":{"@type":"ImageObject","inLanguage":"en-US","@id":"https:\/\/www.asf-quebec.org\/en\/#\/schema\/logo\/image\/","url":"https:\/\/www.asf-quebec.org\/wp-content\/uploads\/2019\/07\/Logo-asfq-retina.jpg","contentUrl":"https:\/\/www.asf-quebec.org\/wp-content\/uploads\/2019\/07\/Logo-asfq-retina.jpg","width":564,"height":219,"caption":"Architecture sans fronti\u00e8res Qu\u00e9bec (ASFQ)"},"image":{"@id":"https:\/\/www.asf-quebec.org\/en\/#\/schema\/logo\/image\/"},"sameAs":["https:\/\/www.facebook.com\/architecturesansfrontieres\/","https:\/\/www.instagram.com\/asfquebec\/","https:\/\/www.linkedin.com\/company\/asf-quebec\/"]},{"@type":"Person","@id":"https:\/\/www.asf-quebec.org\/en\/#\/schema\/person\/9655911da321e5e7c39708ae5de28d6a","name":"asf-quebec","image":{"@type":"ImageObject","inLanguage":"en-US","@id":"https:\/\/www.asf-quebec.org\/en\/#\/schema\/person\/image\/","url":"https:\/\/secure.gravatar.com\/avatar\/e855b116ca919b157a426c59781443a8d88f6c286252b6e0fed2bef83833541c?s=96&d=mm&r=g","contentUrl":"https:\/\/secure.gravatar.com\/avatar\/e855b116ca919b157a426c59781443a8d88f6c286252b6e0fed2bef83833541c?s=96&d=mm&r=g","caption":"asf-quebec"}}]}},"_links":{"self":[{"href":"https:\/\/www.asf-quebec.org\/en\/wp-json\/wp\/v2\/posts\/951295","targetHints":{"allow":["GET"]}}],"collection":[{"href":"https:\/\/www.asf-quebec.org\/en\/wp-json\/wp\/v2\/posts"}],"about":[{"href":"https:\/\/www.asf-quebec.org\/en\/wp-json\/wp\/v2\/types\/post"}],"author":[{"embeddable":true,"href":"https:\/\/www.asf-quebec.org\/en\/wp-json\/wp\/v2\/users\/2"}],"replies":[{"embeddable":true,"href":"https:\/\/www.asf-quebec.org\/en\/wp-json\/wp\/v2\/comments?post=951295"}],"version-history":[{"count":0,"href":"https:\/\/www.asf-quebec.org\/en\/wp-json\/wp\/v2\/posts\/951295\/revisions"}],"wp:featuredmedia":[{"embeddable":true,"href":"https:\/\/www.asf-quebec.org\/en\/wp-json\/wp\/v2\/media\/302136"}],"wp:attachment":[{"href":"https:\/\/www.asf-quebec.org\/en\/wp-json\/wp\/v2\/media?parent=951295"}],"wp:term":[{"taxonomy":"category","embeddable":true,"href":"https:\/\/www.asf-quebec.org\/en\/wp-json\/wp\/v2\/categories?post=951295"},{"taxonomy":"post_tag","embeddable":true,"href":"https:\/\/www.asf-quebec.org\/en\/wp-json\/wp\/v2\/tags?post=951295"}],"curies":[{"name":"wp","href":"https:\/\/api.w.org\/{rel}","templated":true}]}}