{"id":951289,"date":"2019-07-09T20:52:50","date_gmt":"2019-07-09T20:52:50","guid":{"rendered":"https:\/\/www.asf-quebec.org\/appel-aux-dons-de-materiaux-de-construction\/"},"modified":"2023-06-15T13:46:05","modified_gmt":"2023-06-15T13:46:05","slug":"appel-aux-dons-de-materiaux-de-construction","status":"publish","type":"post","link":"https:\/\/www.asf-quebec.org\/en\/appel-aux-dons-de-materiaux-de-construction\/","title":{"rendered":"Appel aux dons de mat\u00e9riaux de construction"},"content":{"rendered":"<p>Architecture Sans Fronti\u00e8res Qu\u00e9bec (ASFQ) cherche des donateurs de mat\u00e9riaux de construction, qu\u2019il s\u2019agisse de surplus neufs ou de composantes usag\u00e9es. L\u2019organisme lance ici un appel aux <b>manufacturiers<\/b>, aux\u00a0<b>distributeurs\u00a0<\/b>et<b>\u00a0d\u00e9taillants<\/b>, aux\u00a0<b>propri\u00e9taires<\/b> de b\u00e2timents et aux\u00a0<b>entrepreneurs<\/b>\u00a0en construction, r\u00e9novation et d\u00e9molition.\u00a0Les architectes et autres professionnels du b\u00e2timent, ainsi que les particuliers, sont \u00e9galement invit\u00e9s \u00e0 r\u00e9pondre l\u2019appel ou \u00e0 le faire circuler aupr\u00e8s des concern\u00e9s.<\/p>\n<p><b>Le don charitable : une solution pour r\u00e9cup\u00e9rer vos mat\u00e9riaux<\/b><\/p>\n<p>Il vous arrive de devoir jeter des mat\u00e9riaux encore utiles? Vous ou vos clients aimeriez vous en d\u00e9partir de mani\u00e8re \u00e9conomique et \u00e9cologique, en contribuant \u00e0 une cause humanitaire? Les donner \u00e0 ASFQ peut \u00eatre une solution. Prenez contact avec nous avec le formulaire plus bas, pour identifier les dons que vous pourriez faire \u00e0 court ou long terme. En cas de don, le geste pourra \u00eatre r\u00e9tribu\u00e9 par un re\u00e7u de charit\u00e9 fiscalement avantageux ou une visibilit\u00e9 dans le milieu de l\u2019architecture.<\/p>\n<p><b>Pourquoi cet appel aux dons?<\/b><\/p>\n<p>Cet appel est lanc\u00e9 par ASFQ dans le contexte de \u201cMat\u00e9riaux Sans Fronti\u00e8res\u201d, un programme de r\u00e9cup\u00e9ration de mat\u00e9riaux que l\u2019organisme d\u00e9veloppe pour soutenir sa mission et ses projets. L\u2019objectif de cet appel est consultatif, pour sonder des partenaires et donateurs potentiels, comprendre leurs enjeux et identifier les types de mat\u00e9riaux r\u00e9siduels disponibles dans l\u2019industrie. ASFQ ne peut garantir la r\u00e9cup\u00e9ration des mat\u00e9riaux des r\u00e9pondants, mais l\u2019appel a pour objectif d\u2019\u00e9valuer certains dons pouvant \u00eatre obtenus \u00e0 court terme pour des projets pr\u00e9vus entre 2019 et 2020.<\/p>\n<p>Ce court formulaire ne vous prendra que 5 minutes.<\/p>\n<p><b>Exemples de mat\u00e9riaux et composantes recherch\u00e9s :<\/b><\/p>\n<ul>\n<li><i>Bois (bois d\u2019oeuvre, bois franc, bois de grange, bois trait\u00e9, panneaux, etc.)<\/i><\/li>\n<\/ul>\n<ul>\n<li>M\u00e9tal (aluminum, acier, fer forg\u00e9, panneaux, poutres et poutrelles)<\/li>\n<\/ul>\n<ul>\n<li>Portes, fen\u00eatres, armoires et cloisons.<\/li>\n<\/ul>\n<ul>\n<li><em>Rev\u00eatements et parement ext\u00e9rieurs et int\u00e9rieurs.<\/em><\/li>\n<\/ul>\n<ul>\n<li>Mat\u00e9riaux de paysagement<\/li>\n<\/ul>\n<p>&nbsp;<\/p>\n<p><span style=\"color: #ff6600;\"><strong>*** Cet appel consultatif est termin\u00e9 depuis 2020. ASFQ collabore d\u00e9sormais avec l&#8217;organisme \u00c9co-R\u00e9no qui g\u00e8re ses dons de mat\u00e9riaux. Pour tout don ou toute question \u00e0 ce sujet, veuillez communiquer \u00e0 l\u2019adresse suivante : <a href=\"mailto:info@ecoreno.com\">info@ecoreno.com<\/a>\u00a0<\/strong><\/span><span style=\"color: #ff6600;\"><strong>*<\/strong><\/span><span style=\"color: #ff6600;\"><strong>*<\/strong><\/span><span style=\"color: #ff6600;\"><strong>*<\/strong><\/span><\/p>\n<p>&nbsp;<\/p>\n<p><b>Architecture Sans Fronti\u00e8res Qu\u00e9bec (ASFQ)\u00a0<\/b>est un organisme sp\u00e9cialis\u00e9 dans l\u2019assistance architecturale aux populations dans le besoin. Fond\u00e9 en 2007 par l\u2019Ordre des architectes du Qu\u00e9bec, l\u2019organisme compte parmi ses membres les 4000 architectes de la province, dont il porte la responsabilit\u00e9 sociale. ASFQ travaille \u00e0 l\u2019international, avec des communaut\u00e9s locales et des ONG canadiennes, ainsi qu\u2019au Qu\u00e9bec, aupr\u00e8s de communaut\u00e9s autochtones et d\u2019initiatives urbaines solidaires.<\/p>\n","protected":false},"excerpt":{"rendered":"<p>Architecture Sans Fronti\u00e8res Qu\u00e9bec (ASFQ) cherche des donateurs de mat\u00e9riaux <a href=\"https:\/\/www.asf-quebec.org\/en\/appel-aux-dons-de-materiaux-de-construction\/\"> [&#8230;]<\/a><\/p>\n","protected":false},"author":1,"featured_media":301814,"comment_status":"closed","ping_status":"closed","sticky":false,"template":"","format":"standard","meta":{"_acf_changed":false,"footnotes":""},"categories":[37],"tags":[47],"class_list":["post-951289","post","type-post","status-publish","format-standard","has-post-thumbnail","hentry","category-news","tag-ec-en"],"acf":[],"yoast_head":"<!-- This site is optimized with the Yoast SEO plugin v26.8 - https:\/\/yoast.com\/product\/yoast-seo-wordpress\/ -->\n<title>Appel aux dons de mat\u00e9riaux de construction - Architecture Sans Fronti\u00e8res Qu\u00e9bec %<\/title>\n<meta name=\"description\" content=\"Appel aux dons de mat\u00e9riaux de construction\" \/>\n<meta name=\"robots\" content=\"index, follow, max-snippet:-1, max-image-preview:large, max-video-preview:-1\" \/>\n<link rel=\"canonical\" href=\"https:\/\/www.asf-quebec.org\/en\/appel-aux-dons-de-materiaux-de-construction\/\" \/>\n<meta property=\"og:locale\" content=\"en_US\" \/>\n<meta property=\"og:type\" content=\"article\" \/>\n<meta property=\"og:title\" content=\"Appel aux dons de mat\u00e9riaux de construction - Architecture Sans Fronti\u00e8res Qu\u00e9bec %\" \/>\n<meta property=\"og:description\" content=\"Appel aux dons de mat\u00e9riaux de construction\" \/>\n<meta property=\"og:url\" content=\"https:\/\/www.asf-quebec.org\/en\/appel-aux-dons-de-materiaux-de-construction\/\" \/>\n<meta property=\"og:site_name\" content=\"Architecture Sans Fronti\u00e8res Qu\u00e9bec\" \/>\n<meta property=\"article:publisher\" content=\"https:\/\/www.facebook.com\/architecturesansfrontieres\/\" \/>\n<meta property=\"article:published_time\" content=\"2019-07-09T20:52:50+00:00\" \/>\n<meta property=\"article:modified_time\" content=\"2023-06-15T13:46:05+00:00\" \/>\n<meta property=\"og:image\" content=\"https:\/\/www.asf-quebec.org\/wp-content\/uploads\/2019\/07\/materiaux.jpg\" \/>\n\t<meta property=\"og:image:width\" content=\"960\" \/>\n\t<meta property=\"og:image:height\" content=\"640\" \/>\n\t<meta property=\"og:image:type\" content=\"image\/jpeg\" \/>\n<meta name=\"author\" content=\"duvaldc123\" \/>\n<meta name=\"twitter:card\" content=\"summary_large_image\" \/>\n<meta name=\"twitter:label1\" content=\"Written by\" \/>\n\t<meta name=\"twitter:data1\" content=\"duvaldc123\" \/>\n\t<meta name=\"twitter:label2\" content=\"Est. reading time\" \/>\n\t<meta name=\"twitter:data2\" content=\"3 minutes\" \/>\n<script type=\"application\/ld+json\" class=\"yoast-schema-graph\">{\"@context\":\"https:\/\/schema.org\",\"@graph\":[{\"@type\":\"Article\",\"@id\":\"https:\/\/www.asf-quebec.org\/en\/appel-aux-dons-de-materiaux-de-construction\/#article\",\"isPartOf\":{\"@id\":\"https:\/\/www.asf-quebec.org\/en\/appel-aux-dons-de-materiaux-de-construction\/\"},\"author\":{\"name\":\"duvaldc123\",\"@id\":\"https:\/\/www.asf-quebec.org\/en\/#\/schema\/person\/7052a056c92a5a69f25aa8d308c4afdc\"},\"headline\":\"Appel aux dons de mat\u00e9riaux de construction\",\"datePublished\":\"2019-07-09T20:52:50+00:00\",\"dateModified\":\"2023-06-15T13:46:05+00:00\",\"mainEntityOfPage\":{\"@id\":\"https:\/\/www.asf-quebec.org\/en\/appel-aux-dons-de-materiaux-de-construction\/\"},\"wordCount\":474,\"publisher\":{\"@id\":\"https:\/\/www.asf-quebec.org\/en\/#organization\"},\"image\":{\"@id\":\"https:\/\/www.asf-quebec.org\/en\/appel-aux-dons-de-materiaux-de-construction\/#primaryimage\"},\"thumbnailUrl\":\"https:\/\/www.asf-quebec.org\/wp-content\/uploads\/2019\/07\/materiaux.jpg\",\"keywords\":[\"EC\"],\"articleSection\":[\"News\"],\"inLanguage\":\"en-US\"},{\"@type\":\"WebPage\",\"@id\":\"https:\/\/www.asf-quebec.org\/en\/appel-aux-dons-de-materiaux-de-construction\/\",\"url\":\"https:\/\/www.asf-quebec.org\/en\/appel-aux-dons-de-materiaux-de-construction\/\",\"name\":\"Appel aux dons de mat\u00e9riaux de construction - Architecture Sans Fronti\u00e8res Qu\u00e9bec %\",\"isPartOf\":{\"@id\":\"https:\/\/www.asf-quebec.org\/en\/#website\"},\"primaryImageOfPage\":{\"@id\":\"https:\/\/www.asf-quebec.org\/en\/appel-aux-dons-de-materiaux-de-construction\/#primaryimage\"},\"image\":{\"@id\":\"https:\/\/www.asf-quebec.org\/en\/appel-aux-dons-de-materiaux-de-construction\/#primaryimage\"},\"thumbnailUrl\":\"https:\/\/www.asf-quebec.org\/wp-content\/uploads\/2019\/07\/materiaux.jpg\",\"datePublished\":\"2019-07-09T20:52:50+00:00\",\"dateModified\":\"2023-06-15T13:46:05+00:00\",\"description\":\"Appel aux dons de mat\u00e9riaux de construction\",\"breadcrumb\":{\"@id\":\"https:\/\/www.asf-quebec.org\/en\/appel-aux-dons-de-materiaux-de-construction\/#breadcrumb\"},\"inLanguage\":\"en-US\",\"potentialAction\":[{\"@type\":\"ReadAction\",\"target\":[\"https:\/\/www.asf-quebec.org\/en\/appel-aux-dons-de-materiaux-de-construction\/\"]}]},{\"@type\":\"ImageObject\",\"inLanguage\":\"en-US\",\"@id\":\"https:\/\/www.asf-quebec.org\/en\/appel-aux-dons-de-materiaux-de-construction\/#primaryimage\",\"url\":\"https:\/\/www.asf-quebec.org\/wp-content\/uploads\/2019\/07\/materiaux.jpg\",\"contentUrl\":\"https:\/\/www.asf-quebec.org\/wp-content\/uploads\/2019\/07\/materiaux.jpg\",\"width\":960,\"height\":640},{\"@type\":\"BreadcrumbList\",\"@id\":\"https:\/\/www.asf-quebec.org\/en\/appel-aux-dons-de-materiaux-de-construction\/#breadcrumb\",\"itemListElement\":[{\"@type\":\"ListItem\",\"position\":1,\"name\":\"Accueil\",\"item\":\"https:\/\/www.asf-quebec.org\/en\/\"},{\"@type\":\"ListItem\",\"position\":2,\"name\":\"Appel aux dons de mat\u00e9riaux de construction\"}]},{\"@type\":\"WebSite\",\"@id\":\"https:\/\/www.asf-quebec.org\/en\/#website\",\"url\":\"https:\/\/www.asf-quebec.org\/en\/\",\"name\":\"Architecture sans fronti\u00e8res Qu\u00e9bec\",\"description\":\"ASFQ\",\"publisher\":{\"@id\":\"https:\/\/www.asf-quebec.org\/en\/#organization\"},\"potentialAction\":[{\"@type\":\"SearchAction\",\"target\":{\"@type\":\"EntryPoint\",\"urlTemplate\":\"https:\/\/www.asf-quebec.org\/en\/?s={search_term_string}\"},\"query-input\":{\"@type\":\"PropertyValueSpecification\",\"valueRequired\":true,\"valueName\":\"search_term_string\"}}],\"inLanguage\":\"en-US\"},{\"@type\":\"Organization\",\"@id\":\"https:\/\/www.asf-quebec.org\/en\/#organization\",\"name\":\"Architecture sans fronti\u00e8res Qu\u00e9bec (ASFQ)\",\"url\":\"https:\/\/www.asf-quebec.org\/en\/\",\"logo\":{\"@type\":\"ImageObject\",\"inLanguage\":\"en-US\",\"@id\":\"https:\/\/www.asf-quebec.org\/en\/#\/schema\/logo\/image\/\",\"url\":\"https:\/\/www.asf-quebec.org\/wp-content\/uploads\/2019\/07\/Logo-asfq-retina.jpg\",\"contentUrl\":\"https:\/\/www.asf-quebec.org\/wp-content\/uploads\/2019\/07\/Logo-asfq-retina.jpg\",\"width\":564,\"height\":219,\"caption\":\"Architecture sans fronti\u00e8res Qu\u00e9bec (ASFQ)\"},\"image\":{\"@id\":\"https:\/\/www.asf-quebec.org\/en\/#\/schema\/logo\/image\/\"},\"sameAs\":[\"https:\/\/www.facebook.com\/architecturesansfrontieres\/\",\"https:\/\/www.instagram.com\/asfquebec\/\",\"https:\/\/www.linkedin.com\/company\/asf-quebec\/\"]},{\"@type\":\"Person\",\"@id\":\"https:\/\/www.asf-quebec.org\/en\/#\/schema\/person\/7052a056c92a5a69f25aa8d308c4afdc\",\"name\":\"duvaldc123\",\"image\":{\"@type\":\"ImageObject\",\"inLanguage\":\"en-US\",\"@id\":\"https:\/\/www.asf-quebec.org\/en\/#\/schema\/person\/image\/\",\"url\":\"https:\/\/secure.gravatar.com\/avatar\/aef228c3ce407891e6b5a2ab9d8dab10c649b977e87677e808a67188fa94b94e?s=96&d=mm&r=g\",\"contentUrl\":\"https:\/\/secure.gravatar.com\/avatar\/aef228c3ce407891e6b5a2ab9d8dab10c649b977e87677e808a67188fa94b94e?s=96&d=mm&r=g\",\"caption\":\"duvaldc123\"}}]}<\/script>\n<!-- \/ Yoast SEO plugin. -->","yoast_head_json":{"title":"Appel aux dons de mat\u00e9riaux de construction - Architecture Sans Fronti\u00e8res Qu\u00e9bec %","description":"Appel aux dons de mat\u00e9riaux de construction","robots":{"index":"index","follow":"follow","max-snippet":"max-snippet:-1","max-image-preview":"max-image-preview:large","max-video-preview":"max-video-preview:-1"},"canonical":"https:\/\/www.asf-quebec.org\/en\/appel-aux-dons-de-materiaux-de-construction\/","og_locale":"en_US","og_type":"article","og_title":"Appel aux dons de mat\u00e9riaux de construction - Architecture Sans Fronti\u00e8res Qu\u00e9bec %","og_description":"Appel aux dons de mat\u00e9riaux de construction","og_url":"https:\/\/www.asf-quebec.org\/en\/appel-aux-dons-de-materiaux-de-construction\/","og_site_name":"Architecture Sans Fronti\u00e8res Qu\u00e9bec","article_publisher":"https:\/\/www.facebook.com\/architecturesansfrontieres\/","article_published_time":"2019-07-09T20:52:50+00:00","article_modified_time":"2023-06-15T13:46:05+00:00","og_image":[{"width":960,"height":640,"url":"https:\/\/www.asf-quebec.org\/wp-content\/uploads\/2019\/07\/materiaux.jpg","type":"image\/jpeg"}],"author":"duvaldc123","twitter_card":"summary_large_image","twitter_misc":{"Written by":"duvaldc123","Est. reading time":"3 minutes"},"schema":{"@context":"https:\/\/schema.org","@graph":[{"@type":"Article","@id":"https:\/\/www.asf-quebec.org\/en\/appel-aux-dons-de-materiaux-de-construction\/#article","isPartOf":{"@id":"https:\/\/www.asf-quebec.org\/en\/appel-aux-dons-de-materiaux-de-construction\/"},"author":{"name":"duvaldc123","@id":"https:\/\/www.asf-quebec.org\/en\/#\/schema\/person\/7052a056c92a5a69f25aa8d308c4afdc"},"headline":"Appel aux dons de mat\u00e9riaux de construction","datePublished":"2019-07-09T20:52:50+00:00","dateModified":"2023-06-15T13:46:05+00:00","mainEntityOfPage":{"@id":"https:\/\/www.asf-quebec.org\/en\/appel-aux-dons-de-materiaux-de-construction\/"},"wordCount":474,"publisher":{"@id":"https:\/\/www.asf-quebec.org\/en\/#organization"},"image":{"@id":"https:\/\/www.asf-quebec.org\/en\/appel-aux-dons-de-materiaux-de-construction\/#primaryimage"},"thumbnailUrl":"https:\/\/www.asf-quebec.org\/wp-content\/uploads\/2019\/07\/materiaux.jpg","keywords":["EC"],"articleSection":["News"],"inLanguage":"en-US"},{"@type":"WebPage","@id":"https:\/\/www.asf-quebec.org\/en\/appel-aux-dons-de-materiaux-de-construction\/","url":"https:\/\/www.asf-quebec.org\/en\/appel-aux-dons-de-materiaux-de-construction\/","name":"Appel aux dons de mat\u00e9riaux de construction - Architecture Sans Fronti\u00e8res Qu\u00e9bec %","isPartOf":{"@id":"https:\/\/www.asf-quebec.org\/en\/#website"},"primaryImageOfPage":{"@id":"https:\/\/www.asf-quebec.org\/en\/appel-aux-dons-de-materiaux-de-construction\/#primaryimage"},"image":{"@id":"https:\/\/www.asf-quebec.org\/en\/appel-aux-dons-de-materiaux-de-construction\/#primaryimage"},"thumbnailUrl":"https:\/\/www.asf-quebec.org\/wp-content\/uploads\/2019\/07\/materiaux.jpg","datePublished":"2019-07-09T20:52:50+00:00","dateModified":"2023-06-15T13:46:05+00:00","description":"Appel aux dons de mat\u00e9riaux de construction","breadcrumb":{"@id":"https:\/\/www.asf-quebec.org\/en\/appel-aux-dons-de-materiaux-de-construction\/#breadcrumb"},"inLanguage":"en-US","potentialAction":[{"@type":"ReadAction","target":["https:\/\/www.asf-quebec.org\/en\/appel-aux-dons-de-materiaux-de-construction\/"]}]},{"@type":"ImageObject","inLanguage":"en-US","@id":"https:\/\/www.asf-quebec.org\/en\/appel-aux-dons-de-materiaux-de-construction\/#primaryimage","url":"https:\/\/www.asf-quebec.org\/wp-content\/uploads\/2019\/07\/materiaux.jpg","contentUrl":"https:\/\/www.asf-quebec.org\/wp-content\/uploads\/2019\/07\/materiaux.jpg","width":960,"height":640},{"@type":"BreadcrumbList","@id":"https:\/\/www.asf-quebec.org\/en\/appel-aux-dons-de-materiaux-de-construction\/#breadcrumb","itemListElement":[{"@type":"ListItem","position":1,"name":"Accueil","item":"https:\/\/www.asf-quebec.org\/en\/"},{"@type":"ListItem","position":2,"name":"Appel aux dons de mat\u00e9riaux de construction"}]},{"@type":"WebSite","@id":"https:\/\/www.asf-quebec.org\/en\/#website","url":"https:\/\/www.asf-quebec.org\/en\/","name":"Architecture sans fronti\u00e8res Qu\u00e9bec","description":"ASFQ","publisher":{"@id":"https:\/\/www.asf-quebec.org\/en\/#organization"},"potentialAction":[{"@type":"SearchAction","target":{"@type":"EntryPoint","urlTemplate":"https:\/\/www.asf-quebec.org\/en\/?s={search_term_string}"},"query-input":{"@type":"PropertyValueSpecification","valueRequired":true,"valueName":"search_term_string"}}],"inLanguage":"en-US"},{"@type":"Organization","@id":"https:\/\/www.asf-quebec.org\/en\/#organization","name":"Architecture sans fronti\u00e8res Qu\u00e9bec (ASFQ)","url":"https:\/\/www.asf-quebec.org\/en\/","logo":{"@type":"ImageObject","inLanguage":"en-US","@id":"https:\/\/www.asf-quebec.org\/en\/#\/schema\/logo\/image\/","url":"https:\/\/www.asf-quebec.org\/wp-content\/uploads\/2019\/07\/Logo-asfq-retina.jpg","contentUrl":"https:\/\/www.asf-quebec.org\/wp-content\/uploads\/2019\/07\/Logo-asfq-retina.jpg","width":564,"height":219,"caption":"Architecture sans fronti\u00e8res Qu\u00e9bec (ASFQ)"},"image":{"@id":"https:\/\/www.asf-quebec.org\/en\/#\/schema\/logo\/image\/"},"sameAs":["https:\/\/www.facebook.com\/architecturesansfrontieres\/","https:\/\/www.instagram.com\/asfquebec\/","https:\/\/www.linkedin.com\/company\/asf-quebec\/"]},{"@type":"Person","@id":"https:\/\/www.asf-quebec.org\/en\/#\/schema\/person\/7052a056c92a5a69f25aa8d308c4afdc","name":"duvaldc123","image":{"@type":"ImageObject","inLanguage":"en-US","@id":"https:\/\/www.asf-quebec.org\/en\/#\/schema\/person\/image\/","url":"https:\/\/secure.gravatar.com\/avatar\/aef228c3ce407891e6b5a2ab9d8dab10c649b977e87677e808a67188fa94b94e?s=96&d=mm&r=g","contentUrl":"https:\/\/secure.gravatar.com\/avatar\/aef228c3ce407891e6b5a2ab9d8dab10c649b977e87677e808a67188fa94b94e?s=96&d=mm&r=g","caption":"duvaldc123"}}]}},"_links":{"self":[{"href":"https:\/\/www.asf-quebec.org\/en\/wp-json\/wp\/v2\/posts\/951289","targetHints":{"allow":["GET"]}}],"collection":[{"href":"https:\/\/www.asf-quebec.org\/en\/wp-json\/wp\/v2\/posts"}],"about":[{"href":"https:\/\/www.asf-quebec.org\/en\/wp-json\/wp\/v2\/types\/post"}],"author":[{"embeddable":true,"href":"https:\/\/www.asf-quebec.org\/en\/wp-json\/wp\/v2\/users\/1"}],"replies":[{"embeddable":true,"href":"https:\/\/www.asf-quebec.org\/en\/wp-json\/wp\/v2\/comments?post=951289"}],"version-history":[{"count":1,"href":"https:\/\/www.asf-quebec.org\/en\/wp-json\/wp\/v2\/posts\/951289\/revisions"}],"predecessor-version":[{"id":1298072,"href":"https:\/\/www.asf-quebec.org\/en\/wp-json\/wp\/v2\/posts\/951289\/revisions\/1298072"}],"wp:featuredmedia":[{"embeddable":true,"href":"https:\/\/www.asf-quebec.org\/en\/wp-json\/wp\/v2\/media\/301814"}],"wp:attachment":[{"href":"https:\/\/www.asf-quebec.org\/en\/wp-json\/wp\/v2\/media?parent=951289"}],"wp:term":[{"taxonomy":"category","embeddable":true,"href":"https:\/\/www.asf-quebec.org\/en\/wp-json\/wp\/v2\/categories?post=951289"},{"taxonomy":"post_tag","embeddable":true,"href":"https:\/\/www.asf-quebec.org\/en\/wp-json\/wp\/v2\/tags?post=951289"}],"curies":[{"name":"wp","href":"https:\/\/api.w.org\/{rel}","templated":true}]}}