{"id":951286,"date":"2019-07-16T20:13:48","date_gmt":"2019-07-16T20:13:48","guid":{"rendered":"https:\/\/www.asf-quebec.org\/entretien-avec-julio-cardenas\/"},"modified":"2019-07-16T20:13:48","modified_gmt":"2019-07-16T20:13:48","slug":"entretien-avec-julio-cardenas","status":"publish","type":"post","link":"https:\/\/www.asf-quebec.org\/en\/entretien-avec-julio-cardenas\/","title":{"rendered":"Entretien avec Julio Cardenas"},"content":{"rendered":"<header class=\"post-header\">\n<div class=\"clear\">Savourant un th\u00e9 cha\u00ef sur une terrasse de la rue Wellington, Julio Cardenas nous explique comment et pourquoi il a d\u00e9cid\u00e9 d\u2019offrir un peu de son temps aupr\u00e8s d\u2019ASFQ et d\u2019\u00eatre architecte b\u00e9n\u00e9vole sur le projet d\u2019am\u00e9nagement urbain du B\u00e2timent 7. Du coup, il nous raconte la naissance de son int\u00e9r\u00eat pour l\u2019architecture et d\u2019o\u00f9 proviennent ses valeurs de solidarit\u00e9.<\/div>\n<div><\/div>\n<div class=\"clear\"><b>Son parcours<\/b><\/div>\n<\/header>\n<div class=\"gdlr-blog-content\">\n<p>Apr\u00e8s quatorze ans de pratique en architecture bioclimatique dans des environnements tr\u00e8s chauds comme le d\u00e9sert et la jungle amazonienne du P\u00e9rou, notre collaborateur s\u2019installe \u00e0 Montr\u00e9al en 2010. Il s\u2019investit d\u2019abord pendant cinq ans sur de nombreux projets avec la firme Les architectes FABG et devient membre de l\u2019OAQ. En 2017, il d\u00e9marre son propre cabinet localis\u00e9 \u00e0 Verdun.<\/p>\n<p><b>Une passion qui remonte \u00e0 loin<br \/>\n<\/b>Julio Cardenas a grandi au P\u00e9rou \u00ab Une soci\u00e9t\u00e9 mill\u00e9naire de b\u00e2tisseurs de pyramides \u00bb comme il aime le rappeler. \u00abTr\u00e8s t\u00f4t dans mon enfance j\u2019ai particip\u00e9 \u00e0 la construction de la maison de mes parents. Ma m\u00e8re aimait la construction et on passait beaucoup de temps sur le chantier de construction\u00a0\u00bb. Il se souvient qu\u2019il \u00e9tait curieux de d\u00e9couvrir les diff\u00e9rentes techniques de construction et qu\u2019il appr\u00e9ciait ces moments d\u2019entraide et de collaboration. \u00abUn peu plus tard mon grand-oncle m\u2019a fait d\u00e9couvrir l\u2019architecture du mus\u00e9e d\u2019arch\u00e9ologie qu\u2019il avait aid\u00e9 \u00e0 b\u00e2tir, c\u2019\u00e9tait une exp\u00e9rience inoubliable et c\u2019est \u00e0 cette \u00e9poque que j\u2019ai commenc\u00e9 \u00e0 faire des maquettes de b\u00e2timents et de villes avec les diff\u00e9rents mat\u00e9riaux que me donnait mon p\u00e8re\u00a0\u00bb. Ainsi Julio a su d\u00e8s son plus jeune \u00e2ge qu\u2019il deviendrait architecte.<\/p>\n<p><b>L\u2019id\u00e9e de faire du b\u00e9n\u00e9volat<br \/>\n<\/b>Op\u00e9rer un cabinet d\u2019architecture est passionnant, mais est aussi tr\u00e8s demandant, mentionne Julio. Il faut y mettre un nombre d\u2019heures incalculable et il arrive parfois de se sentir un peu isol\u00e9. \u00c0 travers l\u2019avancement de diff\u00e9rents projets, le besoin de s\u2019a\u00e9rer l\u2019esprit se fait ressentir, l\u2019envie de rencontrer des gens ou simplement de prendre un moment pour faire quelque chose de diff\u00e9rent dans sa journ\u00e9e. Entre la r\u00e9daction d\u2019un devis et une course \u00e0 v\u00e9lo, l\u2019id\u00e9e et l\u2018envie lui sont venues de faire du b\u00e9n\u00e9volat.<\/p>\n<p><b>Pourquoi choisir ASFQ?<br \/>\n<\/b>Apr\u00e8s quelques recherches infructueuses dans le but de trouver un projet de volontariat qui l\u2019interpelle, il trouve l\u2019opportunit\u00e9 en voyant une publication d\u2019Architecture Sans Fronti\u00e8res sur les m\u00e9dias sociaux. Int\u00e9ress\u00e9 par la mission de l\u2019organisme et les diff\u00e9rents projets d\u2019architecture sociale, il d\u00e9cide de soumettre son nom pour prendre part \u00e0 l\u2019\u00e9quipe de b\u00e9n\u00e9voles. Il appr\u00e9cie la rapidit\u00e9 avec laquelle il re\u00e7oit une invitation pour participer \u00e0 la r\u00e9union de d\u00e9marrage d\u2019un projet. C\u2019est alors qu\u2019on lui parle du un B\u00e2timent 7, un premier projet appuy\u00e9 par le programme de Solidarit\u00e9 Urbaine d\u2019ASFQ. On lui propose le mandat de la conception de l\u2019am\u00e9nagement ext\u00e9rieur. L\u2019architecte accepte sans h\u00e9siter, heureux de prendre part \u00e0 un projet qui profitera \u00e0 une communaut\u00e9 locale.<\/p>\n<p>L\u2019exp\u00e9rience fut une r\u00e9ussite : voir l\u2019article sur\u00a0<a href=\"https:\/\/www.asf-quebec.org\/amenagement-exterieur-du-batiment-7\/\">l\u2019am\u00e9nagement ext\u00e9rieur du B\u00e2timent 7.<\/a>\u00a0Julio souligne \u00e0 quel point il est\u00a0agr\u00e9able et gratifiant de partager, avec d\u2019autres personnes pleines d\u2019\u00e9nergie positive et provenant de diff\u00e9rentes sph\u00e8res de connaissance, l\u2019objectif commun d\u2019am\u00e9liorer le cadre de vie de communaut\u00e9s, qu\u2019elles soient ici ou ailleurs. \u00ab En s\u2019impliquant \u00e0 l\u2019atteinte d\u2019objectifs qui d\u00e9passent nos propres int\u00e9r\u00eats, on a le sentiment d\u2019apporter un impact positif dans le monde \u00bb.<\/p>\n<p><em>Entretien men\u00e9 par St\u00e9phanie Roy, collaboratrice \u00e0 la r\u00e9daction.<\/em><\/p>\n<p>&nbsp;<\/p>\n<\/div>\n","protected":false},"excerpt":{"rendered":"<p>Savourant un th\u00e9 cha\u00ef sur une terrasse de la rue <a href=\"https:\/\/www.asf-quebec.org\/en\/entretien-avec-julio-cardenas\/\"> [&#8230;]<\/a><\/p>\n","protected":false},"author":2,"featured_media":302357,"comment_status":"closed","ping_status":"open","sticky":false,"template":"","format":"standard","meta":{"_acf_changed":false,"footnotes":""},"categories":[37],"tags":[50],"class_list":["post-951286","post","type-post","status-publish","format-standard","has-post-thumbnail","hentry","category-news","tag-eb-en"],"acf":[],"yoast_head":"<!-- This site is optimized with the Yoast SEO plugin v26.8 - https:\/\/yoast.com\/product\/yoast-seo-wordpress\/ -->\n<title>Entretien avec Julio Cardenas - Architecture Sans Fronti\u00e8res Qu\u00e9bec %<\/title>\n<meta name=\"description\" content=\"Entretien avec Julio Cardenas\" \/>\n<meta name=\"robots\" content=\"index, follow, max-snippet:-1, max-image-preview:large, max-video-preview:-1\" \/>\n<link rel=\"canonical\" href=\"https:\/\/www.asf-quebec.org\/en\/entretien-avec-julio-cardenas\/\" \/>\n<meta property=\"og:locale\" content=\"en_US\" \/>\n<meta property=\"og:type\" content=\"article\" \/>\n<meta property=\"og:title\" content=\"Entretien avec Julio Cardenas - Architecture Sans Fronti\u00e8res Qu\u00e9bec %\" \/>\n<meta property=\"og:description\" content=\"Entretien avec Julio Cardenas\" \/>\n<meta property=\"og:url\" content=\"https:\/\/www.asf-quebec.org\/en\/entretien-avec-julio-cardenas\/\" \/>\n<meta property=\"og:site_name\" content=\"Architecture Sans Fronti\u00e8res Qu\u00e9bec\" \/>\n<meta property=\"article:publisher\" content=\"https:\/\/www.facebook.com\/architecturesansfrontieres\/\" \/>\n<meta property=\"article:published_time\" content=\"2019-07-16T20:13:48+00:00\" \/>\n<meta name=\"author\" content=\"asf-quebec\" \/>\n<meta name=\"twitter:card\" content=\"summary_large_image\" \/>\n<meta name=\"twitter:label1\" content=\"Written by\" \/>\n\t<meta name=\"twitter:data1\" content=\"asf-quebec\" \/>\n\t<meta name=\"twitter:label2\" content=\"Est. reading time\" \/>\n\t<meta name=\"twitter:data2\" content=\"3 minutes\" \/>\n<script type=\"application\/ld+json\" class=\"yoast-schema-graph\">{\"@context\":\"https:\/\/schema.org\",\"@graph\":[{\"@type\":\"Article\",\"@id\":\"https:\/\/www.asf-quebec.org\/en\/entretien-avec-julio-cardenas\/#article\",\"isPartOf\":{\"@id\":\"https:\/\/www.asf-quebec.org\/en\/entretien-avec-julio-cardenas\/\"},\"author\":{\"name\":\"asf-quebec\",\"@id\":\"https:\/\/www.asf-quebec.org\/en\/#\/schema\/person\/9655911da321e5e7c39708ae5de28d6a\"},\"headline\":\"Entretien avec Julio Cardenas\",\"datePublished\":\"2019-07-16T20:13:48+00:00\",\"mainEntityOfPage\":{\"@id\":\"https:\/\/www.asf-quebec.org\/en\/entretien-avec-julio-cardenas\/\"},\"wordCount\":674,\"publisher\":{\"@id\":\"https:\/\/www.asf-quebec.org\/en\/#organization\"},\"image\":{\"@id\":\"https:\/\/www.asf-quebec.org\/en\/entretien-avec-julio-cardenas\/#primaryimage\"},\"thumbnailUrl\":\"https:\/\/www.asf-quebec.org\/wp-content\/uploads\/2019\/07\/67543308_10162111605575162_384189768134557696_o.jpg\",\"keywords\":[\"EB\"],\"articleSection\":[\"News\"],\"inLanguage\":\"en-US\"},{\"@type\":\"WebPage\",\"@id\":\"https:\/\/www.asf-quebec.org\/en\/entretien-avec-julio-cardenas\/\",\"url\":\"https:\/\/www.asf-quebec.org\/en\/entretien-avec-julio-cardenas\/\",\"name\":\"Entretien avec Julio Cardenas - Architecture Sans Fronti\u00e8res Qu\u00e9bec %\",\"isPartOf\":{\"@id\":\"https:\/\/www.asf-quebec.org\/en\/#website\"},\"primaryImageOfPage\":{\"@id\":\"https:\/\/www.asf-quebec.org\/en\/entretien-avec-julio-cardenas\/#primaryimage\"},\"image\":{\"@id\":\"https:\/\/www.asf-quebec.org\/en\/entretien-avec-julio-cardenas\/#primaryimage\"},\"thumbnailUrl\":\"https:\/\/www.asf-quebec.org\/wp-content\/uploads\/2019\/07\/67543308_10162111605575162_384189768134557696_o.jpg\",\"datePublished\":\"2019-07-16T20:13:48+00:00\",\"description\":\"Entretien avec Julio Cardenas\",\"breadcrumb\":{\"@id\":\"https:\/\/www.asf-quebec.org\/en\/entretien-avec-julio-cardenas\/#breadcrumb\"},\"inLanguage\":\"en-US\",\"potentialAction\":[{\"@type\":\"ReadAction\",\"target\":[\"https:\/\/www.asf-quebec.org\/en\/entretien-avec-julio-cardenas\/\"]}]},{\"@type\":\"ImageObject\",\"inLanguage\":\"en-US\",\"@id\":\"https:\/\/www.asf-quebec.org\/en\/entretien-avec-julio-cardenas\/#primaryimage\",\"url\":\"https:\/\/www.asf-quebec.org\/wp-content\/uploads\/2019\/07\/67543308_10162111605575162_384189768134557696_o.jpg\",\"contentUrl\":\"https:\/\/www.asf-quebec.org\/wp-content\/uploads\/2019\/07\/67543308_10162111605575162_384189768134557696_o.jpg\",\"width\":2048,\"height\":1152},{\"@type\":\"BreadcrumbList\",\"@id\":\"https:\/\/www.asf-quebec.org\/en\/entretien-avec-julio-cardenas\/#breadcrumb\",\"itemListElement\":[{\"@type\":\"ListItem\",\"position\":1,\"name\":\"Accueil\",\"item\":\"https:\/\/www.asf-quebec.org\/en\/\"},{\"@type\":\"ListItem\",\"position\":2,\"name\":\"Entretien avec Julio Cardenas\"}]},{\"@type\":\"WebSite\",\"@id\":\"https:\/\/www.asf-quebec.org\/en\/#website\",\"url\":\"https:\/\/www.asf-quebec.org\/en\/\",\"name\":\"Architecture sans fronti\u00e8res Qu\u00e9bec\",\"description\":\"ASFQ\",\"publisher\":{\"@id\":\"https:\/\/www.asf-quebec.org\/en\/#organization\"},\"potentialAction\":[{\"@type\":\"SearchAction\",\"target\":{\"@type\":\"EntryPoint\",\"urlTemplate\":\"https:\/\/www.asf-quebec.org\/en\/?s={search_term_string}\"},\"query-input\":{\"@type\":\"PropertyValueSpecification\",\"valueRequired\":true,\"valueName\":\"search_term_string\"}}],\"inLanguage\":\"en-US\"},{\"@type\":\"Organization\",\"@id\":\"https:\/\/www.asf-quebec.org\/en\/#organization\",\"name\":\"Architecture sans fronti\u00e8res Qu\u00e9bec (ASFQ)\",\"url\":\"https:\/\/www.asf-quebec.org\/en\/\",\"logo\":{\"@type\":\"ImageObject\",\"inLanguage\":\"en-US\",\"@id\":\"https:\/\/www.asf-quebec.org\/en\/#\/schema\/logo\/image\/\",\"url\":\"https:\/\/www.asf-quebec.org\/wp-content\/uploads\/2019\/07\/Logo-asfq-retina.jpg\",\"contentUrl\":\"https:\/\/www.asf-quebec.org\/wp-content\/uploads\/2019\/07\/Logo-asfq-retina.jpg\",\"width\":564,\"height\":219,\"caption\":\"Architecture sans fronti\u00e8res Qu\u00e9bec (ASFQ)\"},\"image\":{\"@id\":\"https:\/\/www.asf-quebec.org\/en\/#\/schema\/logo\/image\/\"},\"sameAs\":[\"https:\/\/www.facebook.com\/architecturesansfrontieres\/\",\"https:\/\/www.instagram.com\/asfquebec\/\",\"https:\/\/www.linkedin.com\/company\/asf-quebec\/\"]},{\"@type\":\"Person\",\"@id\":\"https:\/\/www.asf-quebec.org\/en\/#\/schema\/person\/9655911da321e5e7c39708ae5de28d6a\",\"name\":\"asf-quebec\",\"image\":{\"@type\":\"ImageObject\",\"inLanguage\":\"en-US\",\"@id\":\"https:\/\/www.asf-quebec.org\/en\/#\/schema\/person\/image\/\",\"url\":\"https:\/\/secure.gravatar.com\/avatar\/e855b116ca919b157a426c59781443a8d88f6c286252b6e0fed2bef83833541c?s=96&d=mm&r=g\",\"contentUrl\":\"https:\/\/secure.gravatar.com\/avatar\/e855b116ca919b157a426c59781443a8d88f6c286252b6e0fed2bef83833541c?s=96&d=mm&r=g\",\"caption\":\"asf-quebec\"}}]}<\/script>\n<!-- \/ Yoast SEO plugin. -->","yoast_head_json":{"title":"Entretien avec Julio Cardenas - Architecture Sans Fronti\u00e8res Qu\u00e9bec %","description":"Entretien avec Julio Cardenas","robots":{"index":"index","follow":"follow","max-snippet":"max-snippet:-1","max-image-preview":"max-image-preview:large","max-video-preview":"max-video-preview:-1"},"canonical":"https:\/\/www.asf-quebec.org\/en\/entretien-avec-julio-cardenas\/","og_locale":"en_US","og_type":"article","og_title":"Entretien avec Julio Cardenas - Architecture Sans Fronti\u00e8res Qu\u00e9bec %","og_description":"Entretien avec Julio Cardenas","og_url":"https:\/\/www.asf-quebec.org\/en\/entretien-avec-julio-cardenas\/","og_site_name":"Architecture Sans Fronti\u00e8res Qu\u00e9bec","article_publisher":"https:\/\/www.facebook.com\/architecturesansfrontieres\/","article_published_time":"2019-07-16T20:13:48+00:00","author":"asf-quebec","twitter_card":"summary_large_image","twitter_misc":{"Written by":"asf-quebec","Est. reading time":"3 minutes"},"schema":{"@context":"https:\/\/schema.org","@graph":[{"@type":"Article","@id":"https:\/\/www.asf-quebec.org\/en\/entretien-avec-julio-cardenas\/#article","isPartOf":{"@id":"https:\/\/www.asf-quebec.org\/en\/entretien-avec-julio-cardenas\/"},"author":{"name":"asf-quebec","@id":"https:\/\/www.asf-quebec.org\/en\/#\/schema\/person\/9655911da321e5e7c39708ae5de28d6a"},"headline":"Entretien avec Julio Cardenas","datePublished":"2019-07-16T20:13:48+00:00","mainEntityOfPage":{"@id":"https:\/\/www.asf-quebec.org\/en\/entretien-avec-julio-cardenas\/"},"wordCount":674,"publisher":{"@id":"https:\/\/www.asf-quebec.org\/en\/#organization"},"image":{"@id":"https:\/\/www.asf-quebec.org\/en\/entretien-avec-julio-cardenas\/#primaryimage"},"thumbnailUrl":"https:\/\/www.asf-quebec.org\/wp-content\/uploads\/2019\/07\/67543308_10162111605575162_384189768134557696_o.jpg","keywords":["EB"],"articleSection":["News"],"inLanguage":"en-US"},{"@type":"WebPage","@id":"https:\/\/www.asf-quebec.org\/en\/entretien-avec-julio-cardenas\/","url":"https:\/\/www.asf-quebec.org\/en\/entretien-avec-julio-cardenas\/","name":"Entretien avec Julio Cardenas - Architecture Sans Fronti\u00e8res Qu\u00e9bec %","isPartOf":{"@id":"https:\/\/www.asf-quebec.org\/en\/#website"},"primaryImageOfPage":{"@id":"https:\/\/www.asf-quebec.org\/en\/entretien-avec-julio-cardenas\/#primaryimage"},"image":{"@id":"https:\/\/www.asf-quebec.org\/en\/entretien-avec-julio-cardenas\/#primaryimage"},"thumbnailUrl":"https:\/\/www.asf-quebec.org\/wp-content\/uploads\/2019\/07\/67543308_10162111605575162_384189768134557696_o.jpg","datePublished":"2019-07-16T20:13:48+00:00","description":"Entretien avec Julio Cardenas","breadcrumb":{"@id":"https:\/\/www.asf-quebec.org\/en\/entretien-avec-julio-cardenas\/#breadcrumb"},"inLanguage":"en-US","potentialAction":[{"@type":"ReadAction","target":["https:\/\/www.asf-quebec.org\/en\/entretien-avec-julio-cardenas\/"]}]},{"@type":"ImageObject","inLanguage":"en-US","@id":"https:\/\/www.asf-quebec.org\/en\/entretien-avec-julio-cardenas\/#primaryimage","url":"https:\/\/www.asf-quebec.org\/wp-content\/uploads\/2019\/07\/67543308_10162111605575162_384189768134557696_o.jpg","contentUrl":"https:\/\/www.asf-quebec.org\/wp-content\/uploads\/2019\/07\/67543308_10162111605575162_384189768134557696_o.jpg","width":2048,"height":1152},{"@type":"BreadcrumbList","@id":"https:\/\/www.asf-quebec.org\/en\/entretien-avec-julio-cardenas\/#breadcrumb","itemListElement":[{"@type":"ListItem","position":1,"name":"Accueil","item":"https:\/\/www.asf-quebec.org\/en\/"},{"@type":"ListItem","position":2,"name":"Entretien avec Julio Cardenas"}]},{"@type":"WebSite","@id":"https:\/\/www.asf-quebec.org\/en\/#website","url":"https:\/\/www.asf-quebec.org\/en\/","name":"Architecture sans fronti\u00e8res Qu\u00e9bec","description":"ASFQ","publisher":{"@id":"https:\/\/www.asf-quebec.org\/en\/#organization"},"potentialAction":[{"@type":"SearchAction","target":{"@type":"EntryPoint","urlTemplate":"https:\/\/www.asf-quebec.org\/en\/?s={search_term_string}"},"query-input":{"@type":"PropertyValueSpecification","valueRequired":true,"valueName":"search_term_string"}}],"inLanguage":"en-US"},{"@type":"Organization","@id":"https:\/\/www.asf-quebec.org\/en\/#organization","name":"Architecture sans fronti\u00e8res Qu\u00e9bec (ASFQ)","url":"https:\/\/www.asf-quebec.org\/en\/","logo":{"@type":"ImageObject","inLanguage":"en-US","@id":"https:\/\/www.asf-quebec.org\/en\/#\/schema\/logo\/image\/","url":"https:\/\/www.asf-quebec.org\/wp-content\/uploads\/2019\/07\/Logo-asfq-retina.jpg","contentUrl":"https:\/\/www.asf-quebec.org\/wp-content\/uploads\/2019\/07\/Logo-asfq-retina.jpg","width":564,"height":219,"caption":"Architecture sans fronti\u00e8res Qu\u00e9bec (ASFQ)"},"image":{"@id":"https:\/\/www.asf-quebec.org\/en\/#\/schema\/logo\/image\/"},"sameAs":["https:\/\/www.facebook.com\/architecturesansfrontieres\/","https:\/\/www.instagram.com\/asfquebec\/","https:\/\/www.linkedin.com\/company\/asf-quebec\/"]},{"@type":"Person","@id":"https:\/\/www.asf-quebec.org\/en\/#\/schema\/person\/9655911da321e5e7c39708ae5de28d6a","name":"asf-quebec","image":{"@type":"ImageObject","inLanguage":"en-US","@id":"https:\/\/www.asf-quebec.org\/en\/#\/schema\/person\/image\/","url":"https:\/\/secure.gravatar.com\/avatar\/e855b116ca919b157a426c59781443a8d88f6c286252b6e0fed2bef83833541c?s=96&d=mm&r=g","contentUrl":"https:\/\/secure.gravatar.com\/avatar\/e855b116ca919b157a426c59781443a8d88f6c286252b6e0fed2bef83833541c?s=96&d=mm&r=g","caption":"asf-quebec"}}]}},"_links":{"self":[{"href":"https:\/\/www.asf-quebec.org\/en\/wp-json\/wp\/v2\/posts\/951286","targetHints":{"allow":["GET"]}}],"collection":[{"href":"https:\/\/www.asf-quebec.org\/en\/wp-json\/wp\/v2\/posts"}],"about":[{"href":"https:\/\/www.asf-quebec.org\/en\/wp-json\/wp\/v2\/types\/post"}],"author":[{"embeddable":true,"href":"https:\/\/www.asf-quebec.org\/en\/wp-json\/wp\/v2\/users\/2"}],"replies":[{"embeddable":true,"href":"https:\/\/www.asf-quebec.org\/en\/wp-json\/wp\/v2\/comments?post=951286"}],"version-history":[{"count":0,"href":"https:\/\/www.asf-quebec.org\/en\/wp-json\/wp\/v2\/posts\/951286\/revisions"}],"wp:featuredmedia":[{"embeddable":true,"href":"https:\/\/www.asf-quebec.org\/en\/wp-json\/wp\/v2\/media\/302357"}],"wp:attachment":[{"href":"https:\/\/www.asf-quebec.org\/en\/wp-json\/wp\/v2\/media?parent=951286"}],"wp:term":[{"taxonomy":"category","embeddable":true,"href":"https:\/\/www.asf-quebec.org\/en\/wp-json\/wp\/v2\/categories?post=951286"},{"taxonomy":"post_tag","embeddable":true,"href":"https:\/\/www.asf-quebec.org\/en\/wp-json\/wp\/v2\/tags?post=951286"}],"curies":[{"name":"wp","href":"https:\/\/api.w.org\/{rel}","templated":true}]}}