{"id":951277,"date":"2019-09-19T20:54:58","date_gmt":"2019-09-19T20:54:58","guid":{"rendered":"https:\/\/www.asf-quebec.org\/appel-a-la-mobilisation-marche-mondiale-pour-le-climat-le-27-septembre\/"},"modified":"2019-09-19T20:54:58","modified_gmt":"2019-09-19T20:54:58","slug":"appel-a-la-mobilisation-marche-mondiale-pour-le-climat-le-27-septembre","status":"publish","type":"post","link":"https:\/\/www.asf-quebec.org\/en\/appel-a-la-mobilisation-marche-mondiale-pour-le-climat-le-27-septembre\/","title":{"rendered":"Appel \u00e0 la mobilisation : Marche mondiale pour le climat"},"content":{"rendered":"<header class=\"post-header\">\n<div class=\"clear\"><b>Le 27 septembre prochain, partout sur la plan\u00e8te, <\/b><b>des citoyens se rassembleront pour marcher et demander aux gouvernements d\u2019agir sans plus tarder contre les changements climatiques.\u00a0<\/b><b>Que vous soyez des architectes, d\u2019autres professionnels de l\u2019am\u00e9nagement, des \u00e9tudiants ou des sympathisants sensibles aux actions d\u2019<\/b><b>Architecture\u00a0<\/b><b>sans fronti\u00e8res Qu\u00e9bec (ASFQ), soyez des n\u00f4tres lors de cette marche mondiale pour le climat.<\/b><\/div>\n<\/header>\n<div class=\"gdlr-blog-content\">\n<p><em>Pour vous joindre \u00e0 l\u2019\u00e9quipe d\u2019ASFQ et ses partenaires, rendez-vous \u00e0 Montr\u00e9al entre 11h00 et 11h30 au coin des rues Esplanade et Rachel.\u00a0Confirmez votre pr\u00e9sence et voyez les d\u00e9tails sur\u00a0<a href=\"https:\/\/www.facebook.com\/events\/541596086585365\/\">l\u2019\u00e9v\u00e9nement Facebook<\/a>.<\/em><\/p>\n<p>Comme beaucoup d\u2019autres organisations des milieux de l\u2019architecture et de la coop\u00e9ration internationale, ASFQ est profond\u00e9ment pr\u00e9occup\u00e9 par l\u2019urgence des changements climatiques, annonc\u00e9s par les scientifiques depuis d\u00e9j\u00e0 des d\u00e9cennies. Aux quatre coins du globe, incluant au Qu\u00e9bec, leurs cons\u00e9quences sont d\u00e9j\u00e0 d\u00e9vastatrices pour les conditions de vie et l\u2019exercice des droits fondamentaux de millions de personnes. Notre \u00e9quipe en est t\u00e9moin chaque jour dans les programmes que nous mettons en oeuvre pour adapter des infrastructures \u00e0 des \u00e9v\u00e9nements extr\u00eames, que ce soient les inondations r\u00e9centes dans la province en passant par les ouragans qui s\u00e9vissent avec une force croissante dans les pays du Sud. L\u2019environnement b\u00e2ti n\u2019est pas seulement vuln\u00e9rable \u00e0 la crise climatique, mais aussi l\u2019un des plus grands fautifs, \u00e9tant responsable \u00e0 lui seul de pr\u00e8s de 30% des gaz \u00e0 effet de serre. Or l\u2019architecture, la construction et les infrastructures peuvent \u00e9galement faire partie de la solution. Et cela n\u2019est possible que si les gouvernements et toutes les parties prenantes du secteur s\u2019unissent pour affirmer l\u2019urgence d\u2019agir et poser des gestes concrets envers le climat, l\u2019\u00e9quilibre \u00e9cologique et \u00e0 la justice sociale.<\/p>\n<p>Le 27 septembre, joignez-vous \u00e0 ASFQ pour faire entendre vos voix et t\u00e9moigner votre soutien aux populations dont les vies et les habitats sont menac\u00e9s par l\u2019urgence climatique !<\/p>\n<p>Une invitation de toute l\u2019\u00e9quipe d\u2019Architecture Sans Fronti\u00e8res Qu\u00e9bec<\/p>\n<p><b>Pour des d\u00e9tails sur les autres rassemblements officiels ailleurs au Qu\u00e9bec,\u00a0<a href=\"https:\/\/www.facebook.com\/events\/392236204974440\/\">cliquez ici<\/a>.<\/b><\/p>\n<\/div>\n","protected":false},"excerpt":{"rendered":"<p>Le 27 septembre prochain, partout sur la plan\u00e8te, des citoyens <a href=\"https:\/\/www.asf-quebec.org\/en\/appel-a-la-mobilisation-marche-mondiale-pour-le-climat-le-27-septembre\/\"> [&#8230;]<\/a><\/p>\n","protected":false},"author":2,"featured_media":302095,"comment_status":"closed","ping_status":"closed","sticky":false,"template":"","format":"standard","meta":{"_acf_changed":false,"footnotes":""},"categories":[30],"tags":[],"class_list":["post-951277","post","type-post","status-publish","format-standard","has-post-thumbnail","hentry","category-uncategorized"],"acf":[],"yoast_head":"<!-- This site is optimized with the Yoast SEO plugin v26.8 - https:\/\/yoast.com\/product\/yoast-seo-wordpress\/ -->\n<title>Appel \u00e0 la mobilisation : Marche mondiale pour le climat - Architecture Sans Fronti\u00e8res Qu\u00e9bec %<\/title>\n<meta name=\"description\" content=\"Appel \u00e0 la mobilisation : Marche mondiale pour le climat\" \/>\n<meta name=\"robots\" content=\"index, follow, max-snippet:-1, max-image-preview:large, max-video-preview:-1\" \/>\n<link rel=\"canonical\" href=\"https:\/\/www.asf-quebec.org\/en\/appel-a-la-mobilisation-marche-mondiale-pour-le-climat-le-27-septembre\/\" \/>\n<meta property=\"og:locale\" content=\"en_US\" \/>\n<meta property=\"og:type\" content=\"article\" \/>\n<meta property=\"og:title\" content=\"Appel \u00e0 la mobilisation : Marche mondiale pour le climat - Architecture Sans Fronti\u00e8res Qu\u00e9bec %\" \/>\n<meta property=\"og:description\" content=\"Appel \u00e0 la mobilisation : Marche mondiale pour le climat\" \/>\n<meta property=\"og:url\" content=\"https:\/\/www.asf-quebec.org\/en\/appel-a-la-mobilisation-marche-mondiale-pour-le-climat-le-27-septembre\/\" \/>\n<meta property=\"og:site_name\" content=\"Architecture Sans Fronti\u00e8res Qu\u00e9bec\" \/>\n<meta property=\"article:publisher\" content=\"https:\/\/www.facebook.com\/architecturesansfrontieres\/\" \/>\n<meta property=\"article:published_time\" content=\"2019-09-19T20:54:58+00:00\" \/>\n<meta name=\"author\" content=\"asf-quebec\" \/>\n<meta name=\"twitter:card\" content=\"summary_large_image\" \/>\n<meta name=\"twitter:label1\" content=\"Written by\" \/>\n\t<meta name=\"twitter:data1\" content=\"asf-quebec\" \/>\n\t<meta name=\"twitter:label2\" content=\"Est. reading time\" \/>\n\t<meta name=\"twitter:data2\" content=\"2 minutes\" \/>\n<script type=\"application\/ld+json\" class=\"yoast-schema-graph\">{\"@context\":\"https:\/\/schema.org\",\"@graph\":[{\"@type\":\"Article\",\"@id\":\"https:\/\/www.asf-quebec.org\/en\/appel-a-la-mobilisation-marche-mondiale-pour-le-climat-le-27-septembre\/#article\",\"isPartOf\":{\"@id\":\"https:\/\/www.asf-quebec.org\/en\/appel-a-la-mobilisation-marche-mondiale-pour-le-climat-le-27-septembre\/\"},\"author\":{\"name\":\"asf-quebec\",\"@id\":\"https:\/\/www.asf-quebec.org\/en\/#\/schema\/person\/9655911da321e5e7c39708ae5de28d6a\"},\"headline\":\"Appel \u00e0 la mobilisation : Marche mondiale pour le climat\",\"datePublished\":\"2019-09-19T20:54:58+00:00\",\"mainEntityOfPage\":{\"@id\":\"https:\/\/www.asf-quebec.org\/en\/appel-a-la-mobilisation-marche-mondiale-pour-le-climat-le-27-septembre\/\"},\"wordCount\":381,\"publisher\":{\"@id\":\"https:\/\/www.asf-quebec.org\/en\/#organization\"},\"image\":{\"@id\":\"https:\/\/www.asf-quebec.org\/en\/appel-a-la-mobilisation-marche-mondiale-pour-le-climat-le-27-septembre\/#primaryimage\"},\"thumbnailUrl\":\"https:\/\/www.asf-quebec.org\/wp-content\/uploads\/2020\/01\/0-750x330.jpg\",\"inLanguage\":\"en-US\"},{\"@type\":\"WebPage\",\"@id\":\"https:\/\/www.asf-quebec.org\/en\/appel-a-la-mobilisation-marche-mondiale-pour-le-climat-le-27-septembre\/\",\"url\":\"https:\/\/www.asf-quebec.org\/en\/appel-a-la-mobilisation-marche-mondiale-pour-le-climat-le-27-septembre\/\",\"name\":\"Appel \u00e0 la mobilisation : Marche mondiale pour le climat - Architecture Sans Fronti\u00e8res Qu\u00e9bec %\",\"isPartOf\":{\"@id\":\"https:\/\/www.asf-quebec.org\/en\/#website\"},\"primaryImageOfPage\":{\"@id\":\"https:\/\/www.asf-quebec.org\/en\/appel-a-la-mobilisation-marche-mondiale-pour-le-climat-le-27-septembre\/#primaryimage\"},\"image\":{\"@id\":\"https:\/\/www.asf-quebec.org\/en\/appel-a-la-mobilisation-marche-mondiale-pour-le-climat-le-27-septembre\/#primaryimage\"},\"thumbnailUrl\":\"https:\/\/www.asf-quebec.org\/wp-content\/uploads\/2020\/01\/0-750x330.jpg\",\"datePublished\":\"2019-09-19T20:54:58+00:00\",\"description\":\"Appel \u00e0 la mobilisation : Marche mondiale pour le climat\",\"breadcrumb\":{\"@id\":\"https:\/\/www.asf-quebec.org\/en\/appel-a-la-mobilisation-marche-mondiale-pour-le-climat-le-27-septembre\/#breadcrumb\"},\"inLanguage\":\"en-US\",\"potentialAction\":[{\"@type\":\"ReadAction\",\"target\":[\"https:\/\/www.asf-quebec.org\/en\/appel-a-la-mobilisation-marche-mondiale-pour-le-climat-le-27-septembre\/\"]}]},{\"@type\":\"ImageObject\",\"inLanguage\":\"en-US\",\"@id\":\"https:\/\/www.asf-quebec.org\/en\/appel-a-la-mobilisation-marche-mondiale-pour-le-climat-le-27-septembre\/#primaryimage\",\"url\":\"https:\/\/www.asf-quebec.org\/wp-content\/uploads\/2020\/01\/0-750x330.jpg\",\"contentUrl\":\"https:\/\/www.asf-quebec.org\/wp-content\/uploads\/2020\/01\/0-750x330.jpg\",\"width\":750,\"height\":330},{\"@type\":\"BreadcrumbList\",\"@id\":\"https:\/\/www.asf-quebec.org\/en\/appel-a-la-mobilisation-marche-mondiale-pour-le-climat-le-27-septembre\/#breadcrumb\",\"itemListElement\":[{\"@type\":\"ListItem\",\"position\":1,\"name\":\"Accueil\",\"item\":\"https:\/\/www.asf-quebec.org\/en\/\"},{\"@type\":\"ListItem\",\"position\":2,\"name\":\"Appel \u00e0 la mobilisation : Marche mondiale pour le climat\"}]},{\"@type\":\"WebSite\",\"@id\":\"https:\/\/www.asf-quebec.org\/en\/#website\",\"url\":\"https:\/\/www.asf-quebec.org\/en\/\",\"name\":\"Architecture sans fronti\u00e8res Qu\u00e9bec\",\"description\":\"ASFQ\",\"publisher\":{\"@id\":\"https:\/\/www.asf-quebec.org\/en\/#organization\"},\"potentialAction\":[{\"@type\":\"SearchAction\",\"target\":{\"@type\":\"EntryPoint\",\"urlTemplate\":\"https:\/\/www.asf-quebec.org\/en\/?s={search_term_string}\"},\"query-input\":{\"@type\":\"PropertyValueSpecification\",\"valueRequired\":true,\"valueName\":\"search_term_string\"}}],\"inLanguage\":\"en-US\"},{\"@type\":\"Organization\",\"@id\":\"https:\/\/www.asf-quebec.org\/en\/#organization\",\"name\":\"Architecture sans fronti\u00e8res Qu\u00e9bec (ASFQ)\",\"url\":\"https:\/\/www.asf-quebec.org\/en\/\",\"logo\":{\"@type\":\"ImageObject\",\"inLanguage\":\"en-US\",\"@id\":\"https:\/\/www.asf-quebec.org\/en\/#\/schema\/logo\/image\/\",\"url\":\"https:\/\/www.asf-quebec.org\/wp-content\/uploads\/2019\/07\/Logo-asfq-retina.jpg\",\"contentUrl\":\"https:\/\/www.asf-quebec.org\/wp-content\/uploads\/2019\/07\/Logo-asfq-retina.jpg\",\"width\":564,\"height\":219,\"caption\":\"Architecture sans fronti\u00e8res Qu\u00e9bec (ASFQ)\"},\"image\":{\"@id\":\"https:\/\/www.asf-quebec.org\/en\/#\/schema\/logo\/image\/\"},\"sameAs\":[\"https:\/\/www.facebook.com\/architecturesansfrontieres\/\",\"https:\/\/www.instagram.com\/asfquebec\/\",\"https:\/\/www.linkedin.com\/company\/asf-quebec\/\"]},{\"@type\":\"Person\",\"@id\":\"https:\/\/www.asf-quebec.org\/en\/#\/schema\/person\/9655911da321e5e7c39708ae5de28d6a\",\"name\":\"asf-quebec\",\"image\":{\"@type\":\"ImageObject\",\"inLanguage\":\"en-US\",\"@id\":\"https:\/\/www.asf-quebec.org\/en\/#\/schema\/person\/image\/\",\"url\":\"https:\/\/secure.gravatar.com\/avatar\/e855b116ca919b157a426c59781443a8d88f6c286252b6e0fed2bef83833541c?s=96&d=mm&r=g\",\"contentUrl\":\"https:\/\/secure.gravatar.com\/avatar\/e855b116ca919b157a426c59781443a8d88f6c286252b6e0fed2bef83833541c?s=96&d=mm&r=g\",\"caption\":\"asf-quebec\"}}]}<\/script>\n<!-- \/ Yoast SEO plugin. -->","yoast_head_json":{"title":"Appel \u00e0 la mobilisation : Marche mondiale pour le climat - Architecture Sans Fronti\u00e8res Qu\u00e9bec %","description":"Appel \u00e0 la mobilisation : Marche mondiale pour le climat","robots":{"index":"index","follow":"follow","max-snippet":"max-snippet:-1","max-image-preview":"max-image-preview:large","max-video-preview":"max-video-preview:-1"},"canonical":"https:\/\/www.asf-quebec.org\/en\/appel-a-la-mobilisation-marche-mondiale-pour-le-climat-le-27-septembre\/","og_locale":"en_US","og_type":"article","og_title":"Appel \u00e0 la mobilisation : Marche mondiale pour le climat - Architecture Sans Fronti\u00e8res Qu\u00e9bec %","og_description":"Appel \u00e0 la mobilisation : Marche mondiale pour le climat","og_url":"https:\/\/www.asf-quebec.org\/en\/appel-a-la-mobilisation-marche-mondiale-pour-le-climat-le-27-septembre\/","og_site_name":"Architecture Sans Fronti\u00e8res Qu\u00e9bec","article_publisher":"https:\/\/www.facebook.com\/architecturesansfrontieres\/","article_published_time":"2019-09-19T20:54:58+00:00","author":"asf-quebec","twitter_card":"summary_large_image","twitter_misc":{"Written by":"asf-quebec","Est. reading time":"2 minutes"},"schema":{"@context":"https:\/\/schema.org","@graph":[{"@type":"Article","@id":"https:\/\/www.asf-quebec.org\/en\/appel-a-la-mobilisation-marche-mondiale-pour-le-climat-le-27-septembre\/#article","isPartOf":{"@id":"https:\/\/www.asf-quebec.org\/en\/appel-a-la-mobilisation-marche-mondiale-pour-le-climat-le-27-septembre\/"},"author":{"name":"asf-quebec","@id":"https:\/\/www.asf-quebec.org\/en\/#\/schema\/person\/9655911da321e5e7c39708ae5de28d6a"},"headline":"Appel \u00e0 la mobilisation : Marche mondiale pour le climat","datePublished":"2019-09-19T20:54:58+00:00","mainEntityOfPage":{"@id":"https:\/\/www.asf-quebec.org\/en\/appel-a-la-mobilisation-marche-mondiale-pour-le-climat-le-27-septembre\/"},"wordCount":381,"publisher":{"@id":"https:\/\/www.asf-quebec.org\/en\/#organization"},"image":{"@id":"https:\/\/www.asf-quebec.org\/en\/appel-a-la-mobilisation-marche-mondiale-pour-le-climat-le-27-septembre\/#primaryimage"},"thumbnailUrl":"https:\/\/www.asf-quebec.org\/wp-content\/uploads\/2020\/01\/0-750x330.jpg","inLanguage":"en-US"},{"@type":"WebPage","@id":"https:\/\/www.asf-quebec.org\/en\/appel-a-la-mobilisation-marche-mondiale-pour-le-climat-le-27-septembre\/","url":"https:\/\/www.asf-quebec.org\/en\/appel-a-la-mobilisation-marche-mondiale-pour-le-climat-le-27-septembre\/","name":"Appel \u00e0 la mobilisation : Marche mondiale pour le climat - Architecture Sans Fronti\u00e8res Qu\u00e9bec %","isPartOf":{"@id":"https:\/\/www.asf-quebec.org\/en\/#website"},"primaryImageOfPage":{"@id":"https:\/\/www.asf-quebec.org\/en\/appel-a-la-mobilisation-marche-mondiale-pour-le-climat-le-27-septembre\/#primaryimage"},"image":{"@id":"https:\/\/www.asf-quebec.org\/en\/appel-a-la-mobilisation-marche-mondiale-pour-le-climat-le-27-septembre\/#primaryimage"},"thumbnailUrl":"https:\/\/www.asf-quebec.org\/wp-content\/uploads\/2020\/01\/0-750x330.jpg","datePublished":"2019-09-19T20:54:58+00:00","description":"Appel \u00e0 la mobilisation : Marche mondiale pour le climat","breadcrumb":{"@id":"https:\/\/www.asf-quebec.org\/en\/appel-a-la-mobilisation-marche-mondiale-pour-le-climat-le-27-septembre\/#breadcrumb"},"inLanguage":"en-US","potentialAction":[{"@type":"ReadAction","target":["https:\/\/www.asf-quebec.org\/en\/appel-a-la-mobilisation-marche-mondiale-pour-le-climat-le-27-septembre\/"]}]},{"@type":"ImageObject","inLanguage":"en-US","@id":"https:\/\/www.asf-quebec.org\/en\/appel-a-la-mobilisation-marche-mondiale-pour-le-climat-le-27-septembre\/#primaryimage","url":"https:\/\/www.asf-quebec.org\/wp-content\/uploads\/2020\/01\/0-750x330.jpg","contentUrl":"https:\/\/www.asf-quebec.org\/wp-content\/uploads\/2020\/01\/0-750x330.jpg","width":750,"height":330},{"@type":"BreadcrumbList","@id":"https:\/\/www.asf-quebec.org\/en\/appel-a-la-mobilisation-marche-mondiale-pour-le-climat-le-27-septembre\/#breadcrumb","itemListElement":[{"@type":"ListItem","position":1,"name":"Accueil","item":"https:\/\/www.asf-quebec.org\/en\/"},{"@type":"ListItem","position":2,"name":"Appel \u00e0 la mobilisation : Marche mondiale pour le climat"}]},{"@type":"WebSite","@id":"https:\/\/www.asf-quebec.org\/en\/#website","url":"https:\/\/www.asf-quebec.org\/en\/","name":"Architecture sans fronti\u00e8res Qu\u00e9bec","description":"ASFQ","publisher":{"@id":"https:\/\/www.asf-quebec.org\/en\/#organization"},"potentialAction":[{"@type":"SearchAction","target":{"@type":"EntryPoint","urlTemplate":"https:\/\/www.asf-quebec.org\/en\/?s={search_term_string}"},"query-input":{"@type":"PropertyValueSpecification","valueRequired":true,"valueName":"search_term_string"}}],"inLanguage":"en-US"},{"@type":"Organization","@id":"https:\/\/www.asf-quebec.org\/en\/#organization","name":"Architecture sans fronti\u00e8res Qu\u00e9bec (ASFQ)","url":"https:\/\/www.asf-quebec.org\/en\/","logo":{"@type":"ImageObject","inLanguage":"en-US","@id":"https:\/\/www.asf-quebec.org\/en\/#\/schema\/logo\/image\/","url":"https:\/\/www.asf-quebec.org\/wp-content\/uploads\/2019\/07\/Logo-asfq-retina.jpg","contentUrl":"https:\/\/www.asf-quebec.org\/wp-content\/uploads\/2019\/07\/Logo-asfq-retina.jpg","width":564,"height":219,"caption":"Architecture sans fronti\u00e8res Qu\u00e9bec (ASFQ)"},"image":{"@id":"https:\/\/www.asf-quebec.org\/en\/#\/schema\/logo\/image\/"},"sameAs":["https:\/\/www.facebook.com\/architecturesansfrontieres\/","https:\/\/www.instagram.com\/asfquebec\/","https:\/\/www.linkedin.com\/company\/asf-quebec\/"]},{"@type":"Person","@id":"https:\/\/www.asf-quebec.org\/en\/#\/schema\/person\/9655911da321e5e7c39708ae5de28d6a","name":"asf-quebec","image":{"@type":"ImageObject","inLanguage":"en-US","@id":"https:\/\/www.asf-quebec.org\/en\/#\/schema\/person\/image\/","url":"https:\/\/secure.gravatar.com\/avatar\/e855b116ca919b157a426c59781443a8d88f6c286252b6e0fed2bef83833541c?s=96&d=mm&r=g","contentUrl":"https:\/\/secure.gravatar.com\/avatar\/e855b116ca919b157a426c59781443a8d88f6c286252b6e0fed2bef83833541c?s=96&d=mm&r=g","caption":"asf-quebec"}}]}},"_links":{"self":[{"href":"https:\/\/www.asf-quebec.org\/en\/wp-json\/wp\/v2\/posts\/951277","targetHints":{"allow":["GET"]}}],"collection":[{"href":"https:\/\/www.asf-quebec.org\/en\/wp-json\/wp\/v2\/posts"}],"about":[{"href":"https:\/\/www.asf-quebec.org\/en\/wp-json\/wp\/v2\/types\/post"}],"author":[{"embeddable":true,"href":"https:\/\/www.asf-quebec.org\/en\/wp-json\/wp\/v2\/users\/2"}],"replies":[{"embeddable":true,"href":"https:\/\/www.asf-quebec.org\/en\/wp-json\/wp\/v2\/comments?post=951277"}],"version-history":[{"count":0,"href":"https:\/\/www.asf-quebec.org\/en\/wp-json\/wp\/v2\/posts\/951277\/revisions"}],"wp:featuredmedia":[{"embeddable":true,"href":"https:\/\/www.asf-quebec.org\/en\/wp-json\/wp\/v2\/media\/302095"}],"wp:attachment":[{"href":"https:\/\/www.asf-quebec.org\/en\/wp-json\/wp\/v2\/media?parent=951277"}],"wp:term":[{"taxonomy":"category","embeddable":true,"href":"https:\/\/www.asf-quebec.org\/en\/wp-json\/wp\/v2\/categories?post=951277"},{"taxonomy":"post_tag","embeddable":true,"href":"https:\/\/www.asf-quebec.org\/en\/wp-json\/wp\/v2\/tags?post=951277"}],"curies":[{"name":"wp","href":"https:\/\/api.w.org\/{rel}","templated":true}]}}