{"id":951271,"date":"2019-11-15T20:34:02","date_gmt":"2019-11-15T20:34:02","guid":{"rendered":"https:\/\/www.asf-quebec.org\/les-architectes-seront-la-avec-les-invites-speciaux-de-la-soiree-des-grands-a-2019-2\/"},"modified":"2019-11-15T20:34:02","modified_gmt":"2019-11-15T20:34:02","slug":"les-architectes-seront-la-avec-les-invites-speciaux-de-la-soiree-des-grands-a-2019-2","status":"publish","type":"post","link":"https:\/\/www.asf-quebec.org\/en\/les-architectes-seront-la-avec-les-invites-speciaux-de-la-soiree-des-grands-a-2019-2\/","title":{"rendered":"Les architectes seront l\u00e0 ! Avec les invit\u00e9s sp\u00e9ciaux de La Soir\u00e9e des Grands A 2019"},"content":{"rendered":"<div class=\"gdlr-blog-thumbnail\"><em><strong>D\u00e9couvrez les invit\u00e9s sp\u00e9ciaux et l\u2019animatrice exceptionnelle de la Soir\u00e9e des Grands A 2019! Faites partie des 350 professionnels de l\u2019architecture, de la construction et de l\u2019am\u00e9nagement pr\u00e9sents le mardi 26 novembre pour r\u00e9seauter et soutenir la mission d\u2019Architecture Sans Fronti\u00e8res Qu\u00e9bec !<\/strong><\/em><\/div>\n<div class=\"blog-content-wrapper\">\n<div class=\"gdlr-blog-content\">\n<p><strong>\u00c9dith Cochrane<\/strong>\u00a0nous fera le plaisir d\u2019animer ce 12\u00e8me rendez-vous annuel de l\u2019architecture engag\u00e9e qu\u00e9b\u00e9coise. Le pr\u00e9sident d\u2019honneur de la soir\u00e9e sera le tout nouveau Pr\u00e9sident de l\u2019OAQ,\u00a0<strong>Pierre Corriveau,\u00a0<\/strong>qui aura l\u2019opportunit\u00e9 d\u2019exprimer son engagement aupr\u00e8s de la mission d\u2019ASFQ\u00a0:<\/p>\n<p>\u201c<strong><em>Parce que prot\u00e9ger les populations vuln\u00e9rables doit \u00eatre au c\u0153ur de nos pr\u00e9occupations, je vous convie \u00e0 cette soir\u00e9e incontournable de la sc\u00e8ne architecturale<\/em><\/strong>\u201d \u2013 Pierre Corriveau.<br \/>\n<strong><br \/>\n<\/strong><strong>Marie-Eve L. Bordeleau,\u00a0<\/strong>commissaire aux Affaires autochtones Montr\u00e9al, sera accueillie en tant qu\u2019invit\u00e9e sp\u00e9ciale, pour prendre la parole et mettre en lumi\u00e8re certaines avanc\u00e9es concernant le design, l\u2019itin\u00e9rance et la r\u00e9conciliation avec les peuples autochtones.<\/p>\n<p><img decoding=\"async\" class=\"lazyload aligncenter size-full wp-image-13075\" src=\"https:\/\/www.asf-quebec.org\/wp-content\/uploads\/2019\/11\/Capture-d%E2%80%99e%CC%81cran-le-2019-11-13-a%CC%80-12.55.11-1.png\" data-orig-src=\"https:\/\/www.asf-quebec.org\/wp-content\/uploads\/2019\/11\/Capture-d%E2%80%99e%CC%81cran-le-2019-11-13-a%CC%80-12.55.11-1.png\" data-sizes=\"auto\" data-orig-sizes=\"(max-width: 637px) 100vw, 637px\" srcset=\"data:image\/svg+xml,%3Csvg%20xmlns%3D%27http%3A%2F%2Fwww.w3.org%2F2000%2Fsvg%27%20width%3D%27637%27%20height%3D%27274%27%20viewBox%3D%270%200%20637%20274%27%3E%3Crect%20width%3D%27637%27%20height%3D%27274%27%20fill-opacity%3D%220%22%2F%3E%3C%2Fsvg%3E\" data-srcset=\"https:\/\/www.asf-quebec.org\/wp-content\/uploads\/2019\/11\/Capture-d\u2019e\u0301cran-le-2019-11-13-a\u0300-12.55.11-1.png 637w, https:\/\/www.asf-quebec.org\/wp-content\/uploads\/2019\/11\/Capture-d\u2019e\u0301cran-le-2019-11-13-a\u0300-12.55.11-1-300x129.png 300w, https:\/\/www.asf-quebec.org\/wp-content\/uploads\/2019\/11\/Capture-d\u2019e\u0301cran-le-2019-11-13-a\u0300-12.55.11-1-600x258.png 600w\" alt=\"\" width=\"637\" height=\"274\" \/><\/p>\n<p><strong>Vivez ce rendez-vous de l\u2019architecture engag\u00e9e<\/strong>, organis\u00e9 au Sanctuaire du St Jax \u00e0 Montr\u00e9al\u00a0! Profitez de toutes les consommations incluses, dont les mets de notre traiteur gastronomique 5 \u00e9toiles, appr\u00e9ciez la musique world-lounge live de Chill Couch Trio, amusez-vous sur nos stations ludiques\u2026 et surtout, faites des rencontres amicales et professionnelles les plus m\u00e9morables de l\u2019ann\u00e9e !<\/p>\n<p><strong>Il est encore temps de vous inscrire cette semaine ! R\u00e9servez :\u00a0<a href=\"https:\/\/www.asf-quebec.org\/en\/sdga2019\/\">https:\/\/www.asf-quebec.org\/sdga2019\/<\/a><\/strong><br \/>\n<em>Profitez d\u2019une offre exclusive valable jusqu\u2019au mercredi 19 novembre \u00e0 12h :\u00a04 billets membres pour le prix de 3 !<\/em><\/p>\n<\/div>\n<\/div>\n","protected":false},"excerpt":{"rendered":"<p>D\u00e9couvrez les invit\u00e9s sp\u00e9ciaux et l\u2019animatrice exceptionnelle de la Soir\u00e9e <a href=\"https:\/\/www.asf-quebec.org\/en\/les-architectes-seront-la-avec-les-invites-speciaux-de-la-soiree-des-grands-a-2019-2\/\"> [&#8230;]<\/a><\/p>\n","protected":false},"author":2,"featured_media":302092,"comment_status":"closed","ping_status":"open","sticky":false,"template":"","format":"standard","meta":{"_acf_changed":false,"footnotes":""},"categories":[37],"tags":[],"class_list":["post-951271","post","type-post","status-publish","format-standard","has-post-thumbnail","hentry","category-news"],"acf":[],"yoast_head":"<!-- This site is optimized with the Yoast SEO plugin v26.8 - https:\/\/yoast.com\/product\/yoast-seo-wordpress\/ -->\n<title>Les architectes seront l\u00e0 ! Avec les invit\u00e9s sp\u00e9ciaux de La Soir\u00e9e des Grands A 2019 - Architecture Sans Fronti\u00e8res Qu\u00e9bec %<\/title>\n<meta name=\"description\" content=\"Les architectes seront l\u00e0 ! Avec les invit\u00e9s sp\u00e9ciaux de La Soir\u00e9e des Grands A 2019\" \/>\n<meta name=\"robots\" content=\"index, follow, max-snippet:-1, max-image-preview:large, max-video-preview:-1\" \/>\n<link rel=\"canonical\" href=\"https:\/\/www.asf-quebec.org\/en\/les-architectes-seront-la-avec-les-invites-speciaux-de-la-soiree-des-grands-a-2019-2\/\" \/>\n<meta property=\"og:locale\" content=\"en_US\" \/>\n<meta property=\"og:type\" content=\"article\" \/>\n<meta property=\"og:title\" content=\"Les architectes seront l\u00e0 ! Avec les invit\u00e9s sp\u00e9ciaux de La Soir\u00e9e des Grands A 2019 - Architecture Sans Fronti\u00e8res Qu\u00e9bec %\" \/>\n<meta property=\"og:description\" content=\"Les architectes seront l\u00e0 ! Avec les invit\u00e9s sp\u00e9ciaux de La Soir\u00e9e des Grands A 2019\" \/>\n<meta property=\"og:url\" content=\"https:\/\/www.asf-quebec.org\/en\/les-architectes-seront-la-avec-les-invites-speciaux-de-la-soiree-des-grands-a-2019-2\/\" \/>\n<meta property=\"og:site_name\" content=\"Architecture Sans Fronti\u00e8res Qu\u00e9bec\" \/>\n<meta property=\"article:publisher\" content=\"https:\/\/www.facebook.com\/architecturesansfrontieres\/\" \/>\n<meta property=\"article:published_time\" content=\"2019-11-15T20:34:02+00:00\" \/>\n<meta property=\"og:image\" content=\"https:\/\/www.asf-quebec.org\/wp-content\/uploads\/2019\/11\/Capture-d%E2%80%99e%CC%81cran-le-2019-11-13-a%CC%80-12.55.11-1.png\" \/>\n<meta name=\"author\" content=\"asf-quebec\" \/>\n<meta name=\"twitter:card\" content=\"summary_large_image\" \/>\n<meta name=\"twitter:label1\" content=\"Written by\" \/>\n\t<meta name=\"twitter:data1\" content=\"asf-quebec\" \/>\n\t<meta name=\"twitter:label2\" content=\"Est. reading time\" \/>\n\t<meta name=\"twitter:data2\" content=\"1 minute\" \/>\n<script type=\"application\/ld+json\" class=\"yoast-schema-graph\">{\"@context\":\"https:\/\/schema.org\",\"@graph\":[{\"@type\":\"Article\",\"@id\":\"https:\/\/www.asf-quebec.org\/en\/les-architectes-seront-la-avec-les-invites-speciaux-de-la-soiree-des-grands-a-2019-2\/#article\",\"isPartOf\":{\"@id\":\"https:\/\/www.asf-quebec.org\/en\/les-architectes-seront-la-avec-les-invites-speciaux-de-la-soiree-des-grands-a-2019-2\/\"},\"author\":{\"name\":\"asf-quebec\",\"@id\":\"https:\/\/www.asf-quebec.org\/en\/#\/schema\/person\/9655911da321e5e7c39708ae5de28d6a\"},\"headline\":\"Les architectes seront l\u00e0 ! Avec les invit\u00e9s sp\u00e9ciaux de La Soir\u00e9e des Grands A 2019\",\"datePublished\":\"2019-11-15T20:34:02+00:00\",\"mainEntityOfPage\":{\"@id\":\"https:\/\/www.asf-quebec.org\/en\/les-architectes-seront-la-avec-les-invites-speciaux-de-la-soiree-des-grands-a-2019-2\/\"},\"wordCount\":293,\"publisher\":{\"@id\":\"https:\/\/www.asf-quebec.org\/en\/#organization\"},\"image\":{\"@id\":\"https:\/\/www.asf-quebec.org\/en\/les-architectes-seront-la-avec-les-invites-speciaux-de-la-soiree-des-grands-a-2019-2\/#primaryimage\"},\"thumbnailUrl\":\"https:\/\/www.asf-quebec.org\/wp-content\/uploads\/2020\/01\/LesArchiSerontLa2-750x330.jpg\",\"articleSection\":[\"News\"],\"inLanguage\":\"en-US\"},{\"@type\":\"WebPage\",\"@id\":\"https:\/\/www.asf-quebec.org\/en\/les-architectes-seront-la-avec-les-invites-speciaux-de-la-soiree-des-grands-a-2019-2\/\",\"url\":\"https:\/\/www.asf-quebec.org\/en\/les-architectes-seront-la-avec-les-invites-speciaux-de-la-soiree-des-grands-a-2019-2\/\",\"name\":\"Les architectes seront l\u00e0 ! Avec les invit\u00e9s sp\u00e9ciaux de La Soir\u00e9e des Grands A 2019 - Architecture Sans Fronti\u00e8res Qu\u00e9bec %\",\"isPartOf\":{\"@id\":\"https:\/\/www.asf-quebec.org\/en\/#website\"},\"primaryImageOfPage\":{\"@id\":\"https:\/\/www.asf-quebec.org\/en\/les-architectes-seront-la-avec-les-invites-speciaux-de-la-soiree-des-grands-a-2019-2\/#primaryimage\"},\"image\":{\"@id\":\"https:\/\/www.asf-quebec.org\/en\/les-architectes-seront-la-avec-les-invites-speciaux-de-la-soiree-des-grands-a-2019-2\/#primaryimage\"},\"thumbnailUrl\":\"https:\/\/www.asf-quebec.org\/wp-content\/uploads\/2020\/01\/LesArchiSerontLa2-750x330.jpg\",\"datePublished\":\"2019-11-15T20:34:02+00:00\",\"description\":\"Les architectes seront l\u00e0 ! Avec les invit\u00e9s sp\u00e9ciaux de La Soir\u00e9e des Grands A 2019\",\"breadcrumb\":{\"@id\":\"https:\/\/www.asf-quebec.org\/en\/les-architectes-seront-la-avec-les-invites-speciaux-de-la-soiree-des-grands-a-2019-2\/#breadcrumb\"},\"inLanguage\":\"en-US\",\"potentialAction\":[{\"@type\":\"ReadAction\",\"target\":[\"https:\/\/www.asf-quebec.org\/en\/les-architectes-seront-la-avec-les-invites-speciaux-de-la-soiree-des-grands-a-2019-2\/\"]}]},{\"@type\":\"ImageObject\",\"inLanguage\":\"en-US\",\"@id\":\"https:\/\/www.asf-quebec.org\/en\/les-architectes-seront-la-avec-les-invites-speciaux-de-la-soiree-des-grands-a-2019-2\/#primaryimage\",\"url\":\"https:\/\/www.asf-quebec.org\/wp-content\/uploads\/2020\/01\/LesArchiSerontLa2-750x330.jpg\",\"contentUrl\":\"https:\/\/www.asf-quebec.org\/wp-content\/uploads\/2020\/01\/LesArchiSerontLa2-750x330.jpg\",\"width\":750,\"height\":330},{\"@type\":\"BreadcrumbList\",\"@id\":\"https:\/\/www.asf-quebec.org\/en\/les-architectes-seront-la-avec-les-invites-speciaux-de-la-soiree-des-grands-a-2019-2\/#breadcrumb\",\"itemListElement\":[{\"@type\":\"ListItem\",\"position\":1,\"name\":\"Accueil\",\"item\":\"https:\/\/www.asf-quebec.org\/en\/\"},{\"@type\":\"ListItem\",\"position\":2,\"name\":\"Les architectes seront l\u00e0 ! Avec les invit\u00e9s sp\u00e9ciaux de La Soir\u00e9e des Grands A 2019\"}]},{\"@type\":\"WebSite\",\"@id\":\"https:\/\/www.asf-quebec.org\/en\/#website\",\"url\":\"https:\/\/www.asf-quebec.org\/en\/\",\"name\":\"Architecture sans fronti\u00e8res Qu\u00e9bec\",\"description\":\"ASFQ\",\"publisher\":{\"@id\":\"https:\/\/www.asf-quebec.org\/en\/#organization\"},\"potentialAction\":[{\"@type\":\"SearchAction\",\"target\":{\"@type\":\"EntryPoint\",\"urlTemplate\":\"https:\/\/www.asf-quebec.org\/en\/?s={search_term_string}\"},\"query-input\":{\"@type\":\"PropertyValueSpecification\",\"valueRequired\":true,\"valueName\":\"search_term_string\"}}],\"inLanguage\":\"en-US\"},{\"@type\":\"Organization\",\"@id\":\"https:\/\/www.asf-quebec.org\/en\/#organization\",\"name\":\"Architecture sans fronti\u00e8res Qu\u00e9bec (ASFQ)\",\"url\":\"https:\/\/www.asf-quebec.org\/en\/\",\"logo\":{\"@type\":\"ImageObject\",\"inLanguage\":\"en-US\",\"@id\":\"https:\/\/www.asf-quebec.org\/en\/#\/schema\/logo\/image\/\",\"url\":\"https:\/\/www.asf-quebec.org\/wp-content\/uploads\/2019\/07\/Logo-asfq-retina.jpg\",\"contentUrl\":\"https:\/\/www.asf-quebec.org\/wp-content\/uploads\/2019\/07\/Logo-asfq-retina.jpg\",\"width\":564,\"height\":219,\"caption\":\"Architecture sans fronti\u00e8res Qu\u00e9bec (ASFQ)\"},\"image\":{\"@id\":\"https:\/\/www.asf-quebec.org\/en\/#\/schema\/logo\/image\/\"},\"sameAs\":[\"https:\/\/www.facebook.com\/architecturesansfrontieres\/\",\"https:\/\/www.instagram.com\/asfquebec\/\",\"https:\/\/www.linkedin.com\/company\/asf-quebec\/\"]},{\"@type\":\"Person\",\"@id\":\"https:\/\/www.asf-quebec.org\/en\/#\/schema\/person\/9655911da321e5e7c39708ae5de28d6a\",\"name\":\"asf-quebec\",\"image\":{\"@type\":\"ImageObject\",\"inLanguage\":\"en-US\",\"@id\":\"https:\/\/www.asf-quebec.org\/en\/#\/schema\/person\/image\/\",\"url\":\"https:\/\/secure.gravatar.com\/avatar\/e855b116ca919b157a426c59781443a8d88f6c286252b6e0fed2bef83833541c?s=96&d=mm&r=g\",\"contentUrl\":\"https:\/\/secure.gravatar.com\/avatar\/e855b116ca919b157a426c59781443a8d88f6c286252b6e0fed2bef83833541c?s=96&d=mm&r=g\",\"caption\":\"asf-quebec\"}}]}<\/script>\n<!-- \/ Yoast SEO plugin. -->","yoast_head_json":{"title":"Les architectes seront l\u00e0 ! Avec les invit\u00e9s sp\u00e9ciaux de La Soir\u00e9e des Grands A 2019 - Architecture Sans Fronti\u00e8res Qu\u00e9bec %","description":"Les architectes seront l\u00e0 ! Avec les invit\u00e9s sp\u00e9ciaux de La Soir\u00e9e des Grands A 2019","robots":{"index":"index","follow":"follow","max-snippet":"max-snippet:-1","max-image-preview":"max-image-preview:large","max-video-preview":"max-video-preview:-1"},"canonical":"https:\/\/www.asf-quebec.org\/en\/les-architectes-seront-la-avec-les-invites-speciaux-de-la-soiree-des-grands-a-2019-2\/","og_locale":"en_US","og_type":"article","og_title":"Les architectes seront l\u00e0 ! Avec les invit\u00e9s sp\u00e9ciaux de La Soir\u00e9e des Grands A 2019 - Architecture Sans Fronti\u00e8res Qu\u00e9bec %","og_description":"Les architectes seront l\u00e0 ! Avec les invit\u00e9s sp\u00e9ciaux de La Soir\u00e9e des Grands A 2019","og_url":"https:\/\/www.asf-quebec.org\/en\/les-architectes-seront-la-avec-les-invites-speciaux-de-la-soiree-des-grands-a-2019-2\/","og_site_name":"Architecture Sans Fronti\u00e8res Qu\u00e9bec","article_publisher":"https:\/\/www.facebook.com\/architecturesansfrontieres\/","article_published_time":"2019-11-15T20:34:02+00:00","og_image":[{"url":"https:\/\/www.asf-quebec.org\/wp-content\/uploads\/2019\/11\/Capture-d%E2%80%99e%CC%81cran-le-2019-11-13-a%CC%80-12.55.11-1.png","type":"","width":"","height":""}],"author":"asf-quebec","twitter_card":"summary_large_image","twitter_misc":{"Written by":"asf-quebec","Est. reading time":"1 minute"},"schema":{"@context":"https:\/\/schema.org","@graph":[{"@type":"Article","@id":"https:\/\/www.asf-quebec.org\/en\/les-architectes-seront-la-avec-les-invites-speciaux-de-la-soiree-des-grands-a-2019-2\/#article","isPartOf":{"@id":"https:\/\/www.asf-quebec.org\/en\/les-architectes-seront-la-avec-les-invites-speciaux-de-la-soiree-des-grands-a-2019-2\/"},"author":{"name":"asf-quebec","@id":"https:\/\/www.asf-quebec.org\/en\/#\/schema\/person\/9655911da321e5e7c39708ae5de28d6a"},"headline":"Les architectes seront l\u00e0 ! Avec les invit\u00e9s sp\u00e9ciaux de La Soir\u00e9e des Grands A 2019","datePublished":"2019-11-15T20:34:02+00:00","mainEntityOfPage":{"@id":"https:\/\/www.asf-quebec.org\/en\/les-architectes-seront-la-avec-les-invites-speciaux-de-la-soiree-des-grands-a-2019-2\/"},"wordCount":293,"publisher":{"@id":"https:\/\/www.asf-quebec.org\/en\/#organization"},"image":{"@id":"https:\/\/www.asf-quebec.org\/en\/les-architectes-seront-la-avec-les-invites-speciaux-de-la-soiree-des-grands-a-2019-2\/#primaryimage"},"thumbnailUrl":"https:\/\/www.asf-quebec.org\/wp-content\/uploads\/2020\/01\/LesArchiSerontLa2-750x330.jpg","articleSection":["News"],"inLanguage":"en-US"},{"@type":"WebPage","@id":"https:\/\/www.asf-quebec.org\/en\/les-architectes-seront-la-avec-les-invites-speciaux-de-la-soiree-des-grands-a-2019-2\/","url":"https:\/\/www.asf-quebec.org\/en\/les-architectes-seront-la-avec-les-invites-speciaux-de-la-soiree-des-grands-a-2019-2\/","name":"Les architectes seront l\u00e0 ! Avec les invit\u00e9s sp\u00e9ciaux de La Soir\u00e9e des Grands A 2019 - Architecture Sans Fronti\u00e8res Qu\u00e9bec %","isPartOf":{"@id":"https:\/\/www.asf-quebec.org\/en\/#website"},"primaryImageOfPage":{"@id":"https:\/\/www.asf-quebec.org\/en\/les-architectes-seront-la-avec-les-invites-speciaux-de-la-soiree-des-grands-a-2019-2\/#primaryimage"},"image":{"@id":"https:\/\/www.asf-quebec.org\/en\/les-architectes-seront-la-avec-les-invites-speciaux-de-la-soiree-des-grands-a-2019-2\/#primaryimage"},"thumbnailUrl":"https:\/\/www.asf-quebec.org\/wp-content\/uploads\/2020\/01\/LesArchiSerontLa2-750x330.jpg","datePublished":"2019-11-15T20:34:02+00:00","description":"Les architectes seront l\u00e0 ! Avec les invit\u00e9s sp\u00e9ciaux de La Soir\u00e9e des Grands A 2019","breadcrumb":{"@id":"https:\/\/www.asf-quebec.org\/en\/les-architectes-seront-la-avec-les-invites-speciaux-de-la-soiree-des-grands-a-2019-2\/#breadcrumb"},"inLanguage":"en-US","potentialAction":[{"@type":"ReadAction","target":["https:\/\/www.asf-quebec.org\/en\/les-architectes-seront-la-avec-les-invites-speciaux-de-la-soiree-des-grands-a-2019-2\/"]}]},{"@type":"ImageObject","inLanguage":"en-US","@id":"https:\/\/www.asf-quebec.org\/en\/les-architectes-seront-la-avec-les-invites-speciaux-de-la-soiree-des-grands-a-2019-2\/#primaryimage","url":"https:\/\/www.asf-quebec.org\/wp-content\/uploads\/2020\/01\/LesArchiSerontLa2-750x330.jpg","contentUrl":"https:\/\/www.asf-quebec.org\/wp-content\/uploads\/2020\/01\/LesArchiSerontLa2-750x330.jpg","width":750,"height":330},{"@type":"BreadcrumbList","@id":"https:\/\/www.asf-quebec.org\/en\/les-architectes-seront-la-avec-les-invites-speciaux-de-la-soiree-des-grands-a-2019-2\/#breadcrumb","itemListElement":[{"@type":"ListItem","position":1,"name":"Accueil","item":"https:\/\/www.asf-quebec.org\/en\/"},{"@type":"ListItem","position":2,"name":"Les architectes seront l\u00e0 ! Avec les invit\u00e9s sp\u00e9ciaux de La Soir\u00e9e des Grands A 2019"}]},{"@type":"WebSite","@id":"https:\/\/www.asf-quebec.org\/en\/#website","url":"https:\/\/www.asf-quebec.org\/en\/","name":"Architecture sans fronti\u00e8res Qu\u00e9bec","description":"ASFQ","publisher":{"@id":"https:\/\/www.asf-quebec.org\/en\/#organization"},"potentialAction":[{"@type":"SearchAction","target":{"@type":"EntryPoint","urlTemplate":"https:\/\/www.asf-quebec.org\/en\/?s={search_term_string}"},"query-input":{"@type":"PropertyValueSpecification","valueRequired":true,"valueName":"search_term_string"}}],"inLanguage":"en-US"},{"@type":"Organization","@id":"https:\/\/www.asf-quebec.org\/en\/#organization","name":"Architecture sans fronti\u00e8res Qu\u00e9bec (ASFQ)","url":"https:\/\/www.asf-quebec.org\/en\/","logo":{"@type":"ImageObject","inLanguage":"en-US","@id":"https:\/\/www.asf-quebec.org\/en\/#\/schema\/logo\/image\/","url":"https:\/\/www.asf-quebec.org\/wp-content\/uploads\/2019\/07\/Logo-asfq-retina.jpg","contentUrl":"https:\/\/www.asf-quebec.org\/wp-content\/uploads\/2019\/07\/Logo-asfq-retina.jpg","width":564,"height":219,"caption":"Architecture sans fronti\u00e8res Qu\u00e9bec (ASFQ)"},"image":{"@id":"https:\/\/www.asf-quebec.org\/en\/#\/schema\/logo\/image\/"},"sameAs":["https:\/\/www.facebook.com\/architecturesansfrontieres\/","https:\/\/www.instagram.com\/asfquebec\/","https:\/\/www.linkedin.com\/company\/asf-quebec\/"]},{"@type":"Person","@id":"https:\/\/www.asf-quebec.org\/en\/#\/schema\/person\/9655911da321e5e7c39708ae5de28d6a","name":"asf-quebec","image":{"@type":"ImageObject","inLanguage":"en-US","@id":"https:\/\/www.asf-quebec.org\/en\/#\/schema\/person\/image\/","url":"https:\/\/secure.gravatar.com\/avatar\/e855b116ca919b157a426c59781443a8d88f6c286252b6e0fed2bef83833541c?s=96&d=mm&r=g","contentUrl":"https:\/\/secure.gravatar.com\/avatar\/e855b116ca919b157a426c59781443a8d88f6c286252b6e0fed2bef83833541c?s=96&d=mm&r=g","caption":"asf-quebec"}}]}},"_links":{"self":[{"href":"https:\/\/www.asf-quebec.org\/en\/wp-json\/wp\/v2\/posts\/951271","targetHints":{"allow":["GET"]}}],"collection":[{"href":"https:\/\/www.asf-quebec.org\/en\/wp-json\/wp\/v2\/posts"}],"about":[{"href":"https:\/\/www.asf-quebec.org\/en\/wp-json\/wp\/v2\/types\/post"}],"author":[{"embeddable":true,"href":"https:\/\/www.asf-quebec.org\/en\/wp-json\/wp\/v2\/users\/2"}],"replies":[{"embeddable":true,"href":"https:\/\/www.asf-quebec.org\/en\/wp-json\/wp\/v2\/comments?post=951271"}],"version-history":[{"count":0,"href":"https:\/\/www.asf-quebec.org\/en\/wp-json\/wp\/v2\/posts\/951271\/revisions"}],"wp:featuredmedia":[{"embeddable":true,"href":"https:\/\/www.asf-quebec.org\/en\/wp-json\/wp\/v2\/media\/302092"}],"wp:attachment":[{"href":"https:\/\/www.asf-quebec.org\/en\/wp-json\/wp\/v2\/media?parent=951271"}],"wp:term":[{"taxonomy":"category","embeddable":true,"href":"https:\/\/www.asf-quebec.org\/en\/wp-json\/wp\/v2\/categories?post=951271"},{"taxonomy":"post_tag","embeddable":true,"href":"https:\/\/www.asf-quebec.org\/en\/wp-json\/wp\/v2\/tags?post=951271"}],"curies":[{"name":"wp","href":"https:\/\/api.w.org\/{rel}","templated":true}]}}