{"id":951270,"date":"2019-11-21T17:00:54","date_gmt":"2019-11-21T17:00:54","guid":{"rendered":"https:\/\/www.asf-quebec.org\/soiree-conference-architecture-et-itinerance-pour-une-ville-socialement-resiliente-et-inclusive-montreal-5-decembre\/"},"modified":"2019-11-21T17:00:54","modified_gmt":"2019-11-21T17:00:54","slug":"soiree-conference-architecture-et-itinerance-pour-une-ville-socialement-resiliente-et-inclusive-montreal-5-decembre","status":"publish","type":"post","link":"https:\/\/www.asf-quebec.org\/en\/soiree-conference-architecture-et-itinerance-pour-une-ville-socialement-resiliente-et-inclusive-montreal-5-decembre\/","title":{"rendered":"Architecture et itin\u00e9rance : pour une ville socialement r\u00e9siliente et inclusive"},"content":{"rendered":"<p>Le 5 d\u00e9cembre 2019 \u00e0 17 h, la Maison du d\u00e9veloppement durable et Architecture Sans Fronti\u00e8res Qu\u00e9bec (ASFQ) pr\u00e9sentent la soir\u00e9e-conf\u00e9rence \u00ab Architecture et itin\u00e9rance : une rencontre n\u00e9cessaire pour une ville socialement r\u00e9siliente et inclusive \u00bb.<\/p>\n<p>Peut-on concevoir une ville v\u00e9ritablement durable sans poser des gestes d\u2019am\u00e9nagement sensibles aux plus vuln\u00e9rables, \u00e0 commencer par les personnes en situation d\u2019itin\u00e9rance? Poser la question, c\u2019est y r\u00e9pondre.<\/p>\n<p>Loin d&#8217;\u00eatre un luxe, l&#8217;architecture peut souvent faire toute la diff\u00e9rence en rendant possible une vari\u00e9t\u00e9 de projets et d\u2019impacts insoup\u00e7onn\u00e9s. Mais comment? Quels gestes les professionnels du design peuvent-ils poser pour appuyer les sans-abris et les diff\u00e9rents organismes qui leur viennent en aide?<\/p>\n<p>L\u2019\u00e9v\u00e9nement vous invite \u00e0 explorer cet enjeu d\u2019actualit\u00e9 en compagnie d\u2019<a href=\"https:\/\/www.asf-quebec.org\/en\/\" target=\"_blank\" rel=\"noopener noreferrer\">Architecture Sans Fronti\u00e8res Qu\u00e9bec<\/a>\u00a0et de ses invit\u00e9s. L\u2019organisme pr\u00e9sentera d\u2019abord l\u2019approche qu\u2019il d\u00e9veloppe envers l\u2019itin\u00e9rance, incluant son appui r\u00e9cent au projet\u00a0<a href=\"https:\/\/ici.radio-canada.ca\/nouvelle\/1351188\/autochtones-sans-abri-inuit-nakuset-resilience-montreal\" target=\"_blank\" rel=\"noopener noreferrer\">R\u00e9silience Montr\u00e9al<\/a>.<\/p>\n<p>Des experts montr\u00e9alais approfondiront ensuite la question, en abordant les priorit\u00e9s du secteur, le r\u00f4le des professionnels de l\u2019am\u00e9nagement et les solutions innovantes capables d\u2019appuyer le logement, la dignit\u00e9 et l\u2019inclusion sociale des personnes sans-abri.<\/p>\n<h3>Pr\u00e9sentateur\u00b7rice\u00b7s<\/h3>\n<p>\u2022 Bruno Demers, directeur g\u00e9n\u00e9ral, Architecture Sans Fronti\u00e8res Qu\u00e9bec<br \/>\n\u2022\u00a0Claire Davenport, architecte et b\u00e9n\u00e9vole, Architecture Sans Fronti\u00e8res Qu\u00e9bec<\/p>\n<h3>Pan\u00e9listes<\/h3>\n<p>\u2022 Annie Gauthier, conseill\u00e8re en d\u00e9veloppement communautaire, arrondissement de Ville-Marie<br \/>\n\u2022 Marina Boulos-Winton, directrice g\u00e9n\u00e9rale,\u00a0<a href=\"https:\/\/www.chezdoris.org\/\" target=\"_blank\" rel=\"noopener noreferrer\">Chez Doris<\/a><br \/>\n\u2022 Carolyne Grimard, sociologue, D\u00e9partement de travail social, Universit\u00e9 de Montr\u00e9al<br \/>\n\u2022 Colleen Lashuk, architecte et cofondatrice,\u00a0<a href=\"http:\/\/pivot.coop\/\" target=\"_blank\" rel=\"noopener noreferrer\">Pivot &#8211; Coop\u00e9rative d\u2019architecture<\/a><\/p>\n<h3>Animateur<\/h3>\n<p>Pascal Harvey, urbaniste, sociologue, pr\u00e9sident-fondateur de\u00a0<a href=\"https:\/\/www.cabanedev.com\/\" target=\"_blank\" rel=\"noopener noreferrer\">CABANE<\/a>\u00a0et administrateur de\u00a0<a href=\"http:\/\/www.paqc.org\/fr\/accueil\/\" target=\"_blank\" rel=\"noopener noreferrer\">Projets autochtones du Qu\u00e9bec<\/a><\/p>\n<h3>Horaire<\/h3>\n<p>17 h \u00e0 17 h 30 : Arriv\u00e9e des participants et r\u00e9seautage<br \/>\n17 h 30 \u00e0 19 h : Pr\u00e9sentation d\u2019ASFQ et panel d\u2019experts<br \/>\n19 h \u00e0 19 h 30 : R\u00e9seautage<\/p>\n<h3>Participer \u00e0 l\u2019\u00e9v\u00e9nement<\/h3>\n<p>Dur\u00e9e\u00a0: 2\u00a0h 30. Contribution sugg\u00e9r\u00e9e : 5\u00a0$.<\/p>\n<p>Lieu :\u00a0Maison du developpement durable50 Rue Sainte-Catherine O, Montr\u00e9al<\/p>\n<p>Le b\u00e2timent et les toilettes sont accessibles aux personnes \u00e0 mobilit\u00e9 r\u00e9duite. Si vous avez des besoins sp\u00e9cifiques, n\u2019h\u00e9sitez pas \u00e0\u00a0<a href=\"mailto:info@lamdd.org\">nous contacter<\/a>.<\/p>\n<p><a class=\"btn\" href=\"https:\/\/programmation-automne-2019.cauzio.org\/fr\/actions\/architecture-et-itinerance-une-rencontre-necessaire-pour-une-ville-socialement-resiliente-et-inclusive\" target=\"_blank\" rel=\"noopener noreferrer\">S&#8217;inscrire<\/a><\/p>\n<p>&nbsp;<\/p>\n<h6>Cr\u00e9dit photo : Pixabay<\/h6>\n","protected":false},"excerpt":{"rendered":"<p>Le 5 d\u00e9cembre 2019 \u00e0 17 h, la Maison du <a href=\"https:\/\/www.asf-quebec.org\/en\/soiree-conference-architecture-et-itinerance-pour-une-ville-socialement-resiliente-et-inclusive-montreal-5-decembre\/\"> [&#8230;]<\/a><\/p>\n","protected":false},"author":2,"featured_media":302471,"comment_status":"closed","ping_status":"closed","sticky":false,"template":"","format":"standard","meta":{"_acf_changed":false,"footnotes":""},"categories":[30],"tags":[40,46],"class_list":["post-951270","post","type-post","status-publish","format-standard","has-post-thumbnail","hentry","category-uncategorized","tag-ea-en","tag-su-en"],"acf":[],"yoast_head":"<!-- This site is optimized with the Yoast SEO plugin v26.8 - https:\/\/yoast.com\/product\/yoast-seo-wordpress\/ -->\n<title>Architecture et itin\u00e9rance : pour une ville socialement r\u00e9siliente et inclusive - Architecture Sans Fronti\u00e8res Qu\u00e9bec %<\/title>\n<meta name=\"description\" content=\"Architecture et itin\u00e9rance : pour une ville socialement r\u00e9siliente et inclusive\" \/>\n<meta name=\"robots\" content=\"index, follow, max-snippet:-1, max-image-preview:large, max-video-preview:-1\" \/>\n<link rel=\"canonical\" href=\"https:\/\/www.asf-quebec.org\/en\/soiree-conference-architecture-et-itinerance-pour-une-ville-socialement-resiliente-et-inclusive-montreal-5-decembre\/\" \/>\n<meta property=\"og:locale\" content=\"en_US\" \/>\n<meta property=\"og:type\" content=\"article\" \/>\n<meta property=\"og:title\" content=\"Architecture et itin\u00e9rance : pour une ville socialement r\u00e9siliente et inclusive - Architecture Sans Fronti\u00e8res Qu\u00e9bec %\" \/>\n<meta property=\"og:description\" content=\"Architecture et itin\u00e9rance : pour une ville socialement r\u00e9siliente et inclusive\" \/>\n<meta property=\"og:url\" content=\"https:\/\/www.asf-quebec.org\/en\/soiree-conference-architecture-et-itinerance-pour-une-ville-socialement-resiliente-et-inclusive-montreal-5-decembre\/\" \/>\n<meta property=\"og:site_name\" content=\"Architecture Sans Fronti\u00e8res Qu\u00e9bec\" \/>\n<meta property=\"article:publisher\" content=\"https:\/\/www.facebook.com\/architecturesansfrontieres\/\" \/>\n<meta property=\"article:published_time\" content=\"2019-11-21T17:00:54+00:00\" \/>\n<meta name=\"author\" content=\"asf-quebec\" \/>\n<meta name=\"twitter:card\" content=\"summary_large_image\" \/>\n<meta name=\"twitter:label1\" content=\"Written by\" \/>\n\t<meta name=\"twitter:data1\" content=\"asf-quebec\" \/>\n\t<meta name=\"twitter:label2\" content=\"Est. reading time\" \/>\n\t<meta name=\"twitter:data2\" content=\"2 minutes\" \/>\n<script type=\"application\/ld+json\" class=\"yoast-schema-graph\">{\"@context\":\"https:\/\/schema.org\",\"@graph\":[{\"@type\":\"Article\",\"@id\":\"https:\/\/www.asf-quebec.org\/en\/soiree-conference-architecture-et-itinerance-pour-une-ville-socialement-resiliente-et-inclusive-montreal-5-decembre\/#article\",\"isPartOf\":{\"@id\":\"https:\/\/www.asf-quebec.org\/en\/soiree-conference-architecture-et-itinerance-pour-une-ville-socialement-resiliente-et-inclusive-montreal-5-decembre\/\"},\"author\":{\"name\":\"asf-quebec\",\"@id\":\"https:\/\/www.asf-quebec.org\/en\/#\/schema\/person\/9655911da321e5e7c39708ae5de28d6a\"},\"headline\":\"Architecture et itin\u00e9rance : pour une ville socialement r\u00e9siliente et inclusive\",\"datePublished\":\"2019-11-21T17:00:54+00:00\",\"mainEntityOfPage\":{\"@id\":\"https:\/\/www.asf-quebec.org\/en\/soiree-conference-architecture-et-itinerance-pour-une-ville-socialement-resiliente-et-inclusive-montreal-5-decembre\/\"},\"wordCount\":401,\"publisher\":{\"@id\":\"https:\/\/www.asf-quebec.org\/en\/#organization\"},\"image\":{\"@id\":\"https:\/\/www.asf-quebec.org\/en\/soiree-conference-architecture-et-itinerance-pour-une-ville-socialement-resiliente-et-inclusive-montreal-5-decembre\/#primaryimage\"},\"thumbnailUrl\":\"https:\/\/www.asf-quebec.org\/wp-content\/uploads\/2019\/11\/sdf-5037132_1280.jpg\",\"keywords\":[\"EA\",\"SU\"],\"inLanguage\":\"en-US\"},{\"@type\":\"WebPage\",\"@id\":\"https:\/\/www.asf-quebec.org\/en\/soiree-conference-architecture-et-itinerance-pour-une-ville-socialement-resiliente-et-inclusive-montreal-5-decembre\/\",\"url\":\"https:\/\/www.asf-quebec.org\/en\/soiree-conference-architecture-et-itinerance-pour-une-ville-socialement-resiliente-et-inclusive-montreal-5-decembre\/\",\"name\":\"Architecture et itin\u00e9rance : pour une ville socialement r\u00e9siliente et inclusive - Architecture Sans Fronti\u00e8res Qu\u00e9bec %\",\"isPartOf\":{\"@id\":\"https:\/\/www.asf-quebec.org\/en\/#website\"},\"primaryImageOfPage\":{\"@id\":\"https:\/\/www.asf-quebec.org\/en\/soiree-conference-architecture-et-itinerance-pour-une-ville-socialement-resiliente-et-inclusive-montreal-5-decembre\/#primaryimage\"},\"image\":{\"@id\":\"https:\/\/www.asf-quebec.org\/en\/soiree-conference-architecture-et-itinerance-pour-une-ville-socialement-resiliente-et-inclusive-montreal-5-decembre\/#primaryimage\"},\"thumbnailUrl\":\"https:\/\/www.asf-quebec.org\/wp-content\/uploads\/2019\/11\/sdf-5037132_1280.jpg\",\"datePublished\":\"2019-11-21T17:00:54+00:00\",\"description\":\"Architecture et itin\u00e9rance : pour une ville socialement r\u00e9siliente et inclusive\",\"breadcrumb\":{\"@id\":\"https:\/\/www.asf-quebec.org\/en\/soiree-conference-architecture-et-itinerance-pour-une-ville-socialement-resiliente-et-inclusive-montreal-5-decembre\/#breadcrumb\"},\"inLanguage\":\"en-US\",\"potentialAction\":[{\"@type\":\"ReadAction\",\"target\":[\"https:\/\/www.asf-quebec.org\/en\/soiree-conference-architecture-et-itinerance-pour-une-ville-socialement-resiliente-et-inclusive-montreal-5-decembre\/\"]}]},{\"@type\":\"ImageObject\",\"inLanguage\":\"en-US\",\"@id\":\"https:\/\/www.asf-quebec.org\/en\/soiree-conference-architecture-et-itinerance-pour-une-ville-socialement-resiliente-et-inclusive-montreal-5-decembre\/#primaryimage\",\"url\":\"https:\/\/www.asf-quebec.org\/wp-content\/uploads\/2019\/11\/sdf-5037132_1280.jpg\",\"contentUrl\":\"https:\/\/www.asf-quebec.org\/wp-content\/uploads\/2019\/11\/sdf-5037132_1280.jpg\",\"width\":1280,\"height\":853},{\"@type\":\"BreadcrumbList\",\"@id\":\"https:\/\/www.asf-quebec.org\/en\/soiree-conference-architecture-et-itinerance-pour-une-ville-socialement-resiliente-et-inclusive-montreal-5-decembre\/#breadcrumb\",\"itemListElement\":[{\"@type\":\"ListItem\",\"position\":1,\"name\":\"Accueil\",\"item\":\"https:\/\/www.asf-quebec.org\/en\/\"},{\"@type\":\"ListItem\",\"position\":2,\"name\":\"Architecture et itin\u00e9rance : pour une ville socialement r\u00e9siliente et inclusive\"}]},{\"@type\":\"WebSite\",\"@id\":\"https:\/\/www.asf-quebec.org\/en\/#website\",\"url\":\"https:\/\/www.asf-quebec.org\/en\/\",\"name\":\"Architecture sans fronti\u00e8res Qu\u00e9bec\",\"description\":\"ASFQ\",\"publisher\":{\"@id\":\"https:\/\/www.asf-quebec.org\/en\/#organization\"},\"potentialAction\":[{\"@type\":\"SearchAction\",\"target\":{\"@type\":\"EntryPoint\",\"urlTemplate\":\"https:\/\/www.asf-quebec.org\/en\/?s={search_term_string}\"},\"query-input\":{\"@type\":\"PropertyValueSpecification\",\"valueRequired\":true,\"valueName\":\"search_term_string\"}}],\"inLanguage\":\"en-US\"},{\"@type\":\"Organization\",\"@id\":\"https:\/\/www.asf-quebec.org\/en\/#organization\",\"name\":\"Architecture sans fronti\u00e8res Qu\u00e9bec (ASFQ)\",\"url\":\"https:\/\/www.asf-quebec.org\/en\/\",\"logo\":{\"@type\":\"ImageObject\",\"inLanguage\":\"en-US\",\"@id\":\"https:\/\/www.asf-quebec.org\/en\/#\/schema\/logo\/image\/\",\"url\":\"https:\/\/www.asf-quebec.org\/wp-content\/uploads\/2019\/07\/Logo-asfq-retina.jpg\",\"contentUrl\":\"https:\/\/www.asf-quebec.org\/wp-content\/uploads\/2019\/07\/Logo-asfq-retina.jpg\",\"width\":564,\"height\":219,\"caption\":\"Architecture sans fronti\u00e8res Qu\u00e9bec (ASFQ)\"},\"image\":{\"@id\":\"https:\/\/www.asf-quebec.org\/en\/#\/schema\/logo\/image\/\"},\"sameAs\":[\"https:\/\/www.facebook.com\/architecturesansfrontieres\/\",\"https:\/\/www.instagram.com\/asfquebec\/\",\"https:\/\/www.linkedin.com\/company\/asf-quebec\/\"]},{\"@type\":\"Person\",\"@id\":\"https:\/\/www.asf-quebec.org\/en\/#\/schema\/person\/9655911da321e5e7c39708ae5de28d6a\",\"name\":\"asf-quebec\",\"image\":{\"@type\":\"ImageObject\",\"inLanguage\":\"en-US\",\"@id\":\"https:\/\/www.asf-quebec.org\/en\/#\/schema\/person\/image\/\",\"url\":\"https:\/\/secure.gravatar.com\/avatar\/e855b116ca919b157a426c59781443a8d88f6c286252b6e0fed2bef83833541c?s=96&d=mm&r=g\",\"contentUrl\":\"https:\/\/secure.gravatar.com\/avatar\/e855b116ca919b157a426c59781443a8d88f6c286252b6e0fed2bef83833541c?s=96&d=mm&r=g\",\"caption\":\"asf-quebec\"}}]}<\/script>\n<!-- \/ Yoast SEO plugin. -->","yoast_head_json":{"title":"Architecture et itin\u00e9rance : pour une ville socialement r\u00e9siliente et inclusive - Architecture Sans Fronti\u00e8res Qu\u00e9bec %","description":"Architecture et itin\u00e9rance : pour une ville socialement r\u00e9siliente et inclusive","robots":{"index":"index","follow":"follow","max-snippet":"max-snippet:-1","max-image-preview":"max-image-preview:large","max-video-preview":"max-video-preview:-1"},"canonical":"https:\/\/www.asf-quebec.org\/en\/soiree-conference-architecture-et-itinerance-pour-une-ville-socialement-resiliente-et-inclusive-montreal-5-decembre\/","og_locale":"en_US","og_type":"article","og_title":"Architecture et itin\u00e9rance : pour une ville socialement r\u00e9siliente et inclusive - Architecture Sans Fronti\u00e8res Qu\u00e9bec %","og_description":"Architecture et itin\u00e9rance : pour une ville socialement r\u00e9siliente et inclusive","og_url":"https:\/\/www.asf-quebec.org\/en\/soiree-conference-architecture-et-itinerance-pour-une-ville-socialement-resiliente-et-inclusive-montreal-5-decembre\/","og_site_name":"Architecture Sans Fronti\u00e8res Qu\u00e9bec","article_publisher":"https:\/\/www.facebook.com\/architecturesansfrontieres\/","article_published_time":"2019-11-21T17:00:54+00:00","author":"asf-quebec","twitter_card":"summary_large_image","twitter_misc":{"Written by":"asf-quebec","Est. reading time":"2 minutes"},"schema":{"@context":"https:\/\/schema.org","@graph":[{"@type":"Article","@id":"https:\/\/www.asf-quebec.org\/en\/soiree-conference-architecture-et-itinerance-pour-une-ville-socialement-resiliente-et-inclusive-montreal-5-decembre\/#article","isPartOf":{"@id":"https:\/\/www.asf-quebec.org\/en\/soiree-conference-architecture-et-itinerance-pour-une-ville-socialement-resiliente-et-inclusive-montreal-5-decembre\/"},"author":{"name":"asf-quebec","@id":"https:\/\/www.asf-quebec.org\/en\/#\/schema\/person\/9655911da321e5e7c39708ae5de28d6a"},"headline":"Architecture et itin\u00e9rance : pour une ville socialement r\u00e9siliente et inclusive","datePublished":"2019-11-21T17:00:54+00:00","mainEntityOfPage":{"@id":"https:\/\/www.asf-quebec.org\/en\/soiree-conference-architecture-et-itinerance-pour-une-ville-socialement-resiliente-et-inclusive-montreal-5-decembre\/"},"wordCount":401,"publisher":{"@id":"https:\/\/www.asf-quebec.org\/en\/#organization"},"image":{"@id":"https:\/\/www.asf-quebec.org\/en\/soiree-conference-architecture-et-itinerance-pour-une-ville-socialement-resiliente-et-inclusive-montreal-5-decembre\/#primaryimage"},"thumbnailUrl":"https:\/\/www.asf-quebec.org\/wp-content\/uploads\/2019\/11\/sdf-5037132_1280.jpg","keywords":["EA","SU"],"inLanguage":"en-US"},{"@type":"WebPage","@id":"https:\/\/www.asf-quebec.org\/en\/soiree-conference-architecture-et-itinerance-pour-une-ville-socialement-resiliente-et-inclusive-montreal-5-decembre\/","url":"https:\/\/www.asf-quebec.org\/en\/soiree-conference-architecture-et-itinerance-pour-une-ville-socialement-resiliente-et-inclusive-montreal-5-decembre\/","name":"Architecture et itin\u00e9rance : pour une ville socialement r\u00e9siliente et inclusive - Architecture Sans Fronti\u00e8res Qu\u00e9bec %","isPartOf":{"@id":"https:\/\/www.asf-quebec.org\/en\/#website"},"primaryImageOfPage":{"@id":"https:\/\/www.asf-quebec.org\/en\/soiree-conference-architecture-et-itinerance-pour-une-ville-socialement-resiliente-et-inclusive-montreal-5-decembre\/#primaryimage"},"image":{"@id":"https:\/\/www.asf-quebec.org\/en\/soiree-conference-architecture-et-itinerance-pour-une-ville-socialement-resiliente-et-inclusive-montreal-5-decembre\/#primaryimage"},"thumbnailUrl":"https:\/\/www.asf-quebec.org\/wp-content\/uploads\/2019\/11\/sdf-5037132_1280.jpg","datePublished":"2019-11-21T17:00:54+00:00","description":"Architecture et itin\u00e9rance : pour une ville socialement r\u00e9siliente et inclusive","breadcrumb":{"@id":"https:\/\/www.asf-quebec.org\/en\/soiree-conference-architecture-et-itinerance-pour-une-ville-socialement-resiliente-et-inclusive-montreal-5-decembre\/#breadcrumb"},"inLanguage":"en-US","potentialAction":[{"@type":"ReadAction","target":["https:\/\/www.asf-quebec.org\/en\/soiree-conference-architecture-et-itinerance-pour-une-ville-socialement-resiliente-et-inclusive-montreal-5-decembre\/"]}]},{"@type":"ImageObject","inLanguage":"en-US","@id":"https:\/\/www.asf-quebec.org\/en\/soiree-conference-architecture-et-itinerance-pour-une-ville-socialement-resiliente-et-inclusive-montreal-5-decembre\/#primaryimage","url":"https:\/\/www.asf-quebec.org\/wp-content\/uploads\/2019\/11\/sdf-5037132_1280.jpg","contentUrl":"https:\/\/www.asf-quebec.org\/wp-content\/uploads\/2019\/11\/sdf-5037132_1280.jpg","width":1280,"height":853},{"@type":"BreadcrumbList","@id":"https:\/\/www.asf-quebec.org\/en\/soiree-conference-architecture-et-itinerance-pour-une-ville-socialement-resiliente-et-inclusive-montreal-5-decembre\/#breadcrumb","itemListElement":[{"@type":"ListItem","position":1,"name":"Accueil","item":"https:\/\/www.asf-quebec.org\/en\/"},{"@type":"ListItem","position":2,"name":"Architecture et itin\u00e9rance : pour une ville socialement r\u00e9siliente et inclusive"}]},{"@type":"WebSite","@id":"https:\/\/www.asf-quebec.org\/en\/#website","url":"https:\/\/www.asf-quebec.org\/en\/","name":"Architecture sans fronti\u00e8res Qu\u00e9bec","description":"ASFQ","publisher":{"@id":"https:\/\/www.asf-quebec.org\/en\/#organization"},"potentialAction":[{"@type":"SearchAction","target":{"@type":"EntryPoint","urlTemplate":"https:\/\/www.asf-quebec.org\/en\/?s={search_term_string}"},"query-input":{"@type":"PropertyValueSpecification","valueRequired":true,"valueName":"search_term_string"}}],"inLanguage":"en-US"},{"@type":"Organization","@id":"https:\/\/www.asf-quebec.org\/en\/#organization","name":"Architecture sans fronti\u00e8res Qu\u00e9bec (ASFQ)","url":"https:\/\/www.asf-quebec.org\/en\/","logo":{"@type":"ImageObject","inLanguage":"en-US","@id":"https:\/\/www.asf-quebec.org\/en\/#\/schema\/logo\/image\/","url":"https:\/\/www.asf-quebec.org\/wp-content\/uploads\/2019\/07\/Logo-asfq-retina.jpg","contentUrl":"https:\/\/www.asf-quebec.org\/wp-content\/uploads\/2019\/07\/Logo-asfq-retina.jpg","width":564,"height":219,"caption":"Architecture sans fronti\u00e8res Qu\u00e9bec (ASFQ)"},"image":{"@id":"https:\/\/www.asf-quebec.org\/en\/#\/schema\/logo\/image\/"},"sameAs":["https:\/\/www.facebook.com\/architecturesansfrontieres\/","https:\/\/www.instagram.com\/asfquebec\/","https:\/\/www.linkedin.com\/company\/asf-quebec\/"]},{"@type":"Person","@id":"https:\/\/www.asf-quebec.org\/en\/#\/schema\/person\/9655911da321e5e7c39708ae5de28d6a","name":"asf-quebec","image":{"@type":"ImageObject","inLanguage":"en-US","@id":"https:\/\/www.asf-quebec.org\/en\/#\/schema\/person\/image\/","url":"https:\/\/secure.gravatar.com\/avatar\/e855b116ca919b157a426c59781443a8d88f6c286252b6e0fed2bef83833541c?s=96&d=mm&r=g","contentUrl":"https:\/\/secure.gravatar.com\/avatar\/e855b116ca919b157a426c59781443a8d88f6c286252b6e0fed2bef83833541c?s=96&d=mm&r=g","caption":"asf-quebec"}}]}},"_links":{"self":[{"href":"https:\/\/www.asf-quebec.org\/en\/wp-json\/wp\/v2\/posts\/951270","targetHints":{"allow":["GET"]}}],"collection":[{"href":"https:\/\/www.asf-quebec.org\/en\/wp-json\/wp\/v2\/posts"}],"about":[{"href":"https:\/\/www.asf-quebec.org\/en\/wp-json\/wp\/v2\/types\/post"}],"author":[{"embeddable":true,"href":"https:\/\/www.asf-quebec.org\/en\/wp-json\/wp\/v2\/users\/2"}],"replies":[{"embeddable":true,"href":"https:\/\/www.asf-quebec.org\/en\/wp-json\/wp\/v2\/comments?post=951270"}],"version-history":[{"count":0,"href":"https:\/\/www.asf-quebec.org\/en\/wp-json\/wp\/v2\/posts\/951270\/revisions"}],"wp:featuredmedia":[{"embeddable":true,"href":"https:\/\/www.asf-quebec.org\/en\/wp-json\/wp\/v2\/media\/302471"}],"wp:attachment":[{"href":"https:\/\/www.asf-quebec.org\/en\/wp-json\/wp\/v2\/media?parent=951270"}],"wp:term":[{"taxonomy":"category","embeddable":true,"href":"https:\/\/www.asf-quebec.org\/en\/wp-json\/wp\/v2\/categories?post=951270"},{"taxonomy":"post_tag","embeddable":true,"href":"https:\/\/www.asf-quebec.org\/en\/wp-json\/wp\/v2\/tags?post=951270"}],"curies":[{"name":"wp","href":"https:\/\/api.w.org\/{rel}","templated":true}]}}