{"id":951267,"date":"2020-01-12T19:50:44","date_gmt":"2020-01-12T19:50:44","guid":{"rendered":"https:\/\/www.asf-quebec.org\/2016-2\/"},"modified":"2023-02-17T04:01:31","modified_gmt":"2023-02-17T04:01:31","slug":"2016-2","status":"publish","type":"post","link":"https:\/\/www.asf-quebec.org\/en\/2016-2\/","title":{"rendered":"Solidaire avec Ha\u00efti depuis 2009, ASFQ se souvient\u2026"},"content":{"rendered":"<header class=\"post-header\">\n<div class=\"clear\"><strong>En ce 10e anniversaire du tristement c\u00e9l\u00e8bre s\u00e9isme en Ha\u00efti, notre \u00e9quipe se souvient. Elle adresse ses pens\u00e9es les plus sinc\u00e8res aux sinistr\u00e9s de la Perle des Antilles, en saluant leur courage et leur r\u00e9silience, ainsi qu\u2019\u00e0 toutes les personnes qui se sont port\u00e9es volontaires, au lendemain de la crise, pour pr\u00eater assistance au peuple ha\u00eftien avec diligence et g\u00e9n\u00e9rosit\u00e9.<\/strong><\/div>\n<\/header>\n<div class=\"gdlr-blog-content\">\n<p>C\u2019est en 2009 qu\u2019Architecture sans fronti\u00e8res Qu\u00e9bec, jadis sous la banni\u00e8re\u00a0\u201cArchitectes de l\u2019urgence Canada\u201d, avait d\u00e9but\u00e9 sa coop\u00e9ration avec la nation ha\u00eftienne en initiant un projet de r\u00e9habilitation, en logements communautaires, du site de l\u2019ancien h\u00f4tel Simbie Continental de la capitale, \u00e0 la demande de la Mairie de Port-au-Prince. Malheureusement,\u00a0quelques mois plus tard,\u00a0le\u00a0tremblement\u00a0de terre secouait le pays, d\u00e9vastant la ville et toute la r\u00e9gion. Mettant en suspens ses d\u00e9marches de coop\u00e9ration pour des missions humanitaires, ASFQ d\u00e9p\u00eachait alors sur place des professionnels b\u00e9n\u00e9voles pour r\u00e9aliser d\u2019urgence\u00a0des \u00e9valuations techniques des dommages, mettre en s\u00e9curit\u00e9 des b\u00e2timents et permettre aux victimes et aux organismes\u00a0de retourner dans les b\u00e2timents sans mettre leur vie en p\u00e9ril. \u00c0 l\u2019\u00e9t\u00e9 2010, l\u2019Ordre\u00a0des architectes du Qu\u00e9bec publiait d\u2019ailleurs un article intitul\u00e9 \u201c<a href=\"https:\/\/www.oaq.com\/esquisses\/archives_en_html\/destination_architecture\/actualites\/architectes_de_lurgence_canada.html\">Un monde \u00e0 reb\u00e2tir en Ha\u00efti<\/a>\u201c, retra\u00e7ant les actions entreprises dans le contexte de la catastrophe.<\/p>\n<p>Par la suite, entre 2010 et 2013, ASFQ\u00a0a d\u00e9velopp\u00e9 et chapeaut\u00e9 un vaste programme de renforcement des capacit\u00e9s en mati\u00e8re de construction parasismique et de pr\u00e9vention des risques li\u00e9s aux catastrophes naturelles,\u00a0en partenariat avec Ing\u00e9nieurs sans fronti\u00e8res Qu\u00e9bec.\u00a0Le programme\u00a0a conduit \u00e0 la diplomation de plus d\u2019une\u00a0trentaine de professionnels de l\u2019\u00e9tat ha\u00eftien responsables des infrastructures publiques<\/p>\n<p>Depuis le s\u00e9isme, en plus de ce programme de formation r\u00e9ussi,\u00a0c\u2019est au total plus d\u2019une demi-douzaine d\u2019interventions qui ont \u00e9t\u00e9 r\u00e9alis\u00e9es par ASFQ\u00a0en Ha\u00efti, de concert avec des partenaires du milieu. Pour la prochaine d\u00e9cennie qui s\u2019ouvre, ASFQ\u00a0souhaite \u00e9videmment le meilleur au peuple ha\u00eftien, dont notre \u00e9quipe salue encore une fois la d\u00e9termination et la r\u00e9silience. L\u2019organisme continuera \u00e9galement \u00e0 se rendre disponible pour apporter l\u2019expertise architecturale qu\u00e9b\u00e9coise aupr\u00e8s des partenaires locaux et des ONG canadiennes qui en auront besoin.<\/p>\n<p><a href=\"https:\/\/www.facebook.com\/pg\/architecturesansfrontieres\/photos\/?tab=album&amp;album_id=10157986114583967\">Voyez l\u2019album souvenir des actions d\u2019ASFQ\u00a0en Ha\u00efti. (album Facebook)<\/a><\/p>\n<p>&nbsp;<\/p>\n<h2><strong>Liste des actions<br \/>\n<\/strong><\/h2>\n<p><strong>D\u00e9cembre 2009 \u2013 mars 2010 \u2013\u00a0<\/strong><strong><u>R\u00e9habilitation du site de l\u2019Hotel Simbie Continental \u00e0 vocation communautaire \u00e0 Port-au-Prince<\/u><\/strong><\/p>\n<ul>\n<li>\u00c9tude de faisabilit\u00e9, avant-projet r\u00e9alis\u00e9 par\u00a0<a href=\"https:\/\/jlp.ca\/fr\/firme\/?tab=engagement-social\">Jodoin Lamarre Pratte et associ\u00e9s architectes<\/a>.<\/li>\n<li>Partenariat avec la\u00a0<a href=\"https:\/\/montreal.ca\/\">Ville de Montr\u00e9al<\/a>\u00a0(instigateur du projet).<\/li>\n<\/ul>\n<p><strong>Janvier 2010 \u2013\u00a0<\/strong><strong><u>Interventions post-s\u00e9isme<\/u><\/strong><\/p>\n<ul>\n<li>Mission d\u2019\u00e9valuation des structures scolaires conjointe avec le\u00a0<a href=\"https:\/\/www.ceci.ca\/fr\">CECI<\/a>.<\/li>\n<li>Partenariat avec la\u00a0<a href=\"https:\/\/fondationpgl.ca\/\">Fondation Paul-G\u00e9rin-Lajoie.<\/a><\/li>\n<\/ul>\n<p><strong>Avril 2010 \u2013\u00a0<\/strong><strong><u>Mission d\u2019\u00e9valuation des capacit\u00e9s des structures r\u00e9gionales<\/u><\/strong><\/p>\n<ul>\n<li>Mission conjointe du Programme des\u00a0<a href=\"https:\/\/www.undp.org\/content\/undp\/fr\/home.html\">Nations Unies pour le d\u00e9veloppement (PNUD)<\/a>\u00a0et du\u00a0<a href=\"https:\/\/www.uncdf.org\/\">Fonds d\u2019\u00e9quipement des Nations Unies (FENU)<\/a>.<\/li>\n<li>Bernard McNamara a \u00e9t\u00e9 personnellement invit\u00e9 \u00e0 participer \u00e0 cette mission.<\/li>\n<\/ul>\n<p><strong>2010-2011 \u2013\u00a0<\/strong><strong><u>Orphelinat \u00ab\u00a0Espoir d\u2019Enfants\u00a0\u00bb de la Fondation Jacqueline Lessard et \u00c9tienne Bruny,<\/u><\/strong><\/p>\n<ul>\n<li>Inspection de la structure du b\u00e2timent \u2013 Construction d\u2019un nouvel orphelinat \u00e0 Croix-des-bouquets \u2013 Plans r\u00e9alis\u00e9s par\u00a0<a href=\"https:\/\/provencherroy.ca\/fr\/\">Provencher Roy.<\/a><\/li>\n<\/ul>\n<p><strong>\u00a0D\u00e9cembre 2010 \u2013 mars 2013 \u2013\u00a0<\/strong><strong><u>Renforcement des capacit\u00e9s locales: g\u00e9nie parasismique et gestion de projet\u00a0\u00a0\u00e0 Port-au-Prince<\/u><\/strong><\/p>\n<ul>\n<li>Formation de 31 architectes et ing\u00e9nieurs d\u2019\u00c9tat ha\u00eftien \u2013 \u00c9quipements des nouveaux bureaux fournis par ASFQ \u2013 Financement du gouvernement du Canada (GTSR).<\/li>\n<\/ul>\n<p><strong>2012 \u2013 janvier 2013 \u2013\u00a0<\/strong><strong><u>Appui technique \u00e0 la reconstruction des \u00e9coles \u00e0 Labrousse<\/u><\/strong><\/p>\n<ul>\n<li>Support pour la reconstruction des six \u00e9coles dans le respect des normes parasismiques et anticycloniques \u2013 Partenariat avec la\u00a0<a href=\"https:\/\/fondationpgl.ca\/\">Fondation Paul-G\u00e9rin-Lajoie<\/a><\/li>\n<\/ul>\n<p><strong>Fin 2012 \u2013 juillet 2013 \u2013\u00a0<\/strong><strong><u>Reconstruction du quartier Carrefour-Feuille<\/u><\/strong><\/p>\n<ul>\n<li>Processus participatif pour la reconstruction durable- Conception d\u2019un b\u00e2timent accueillant huit familles victimes du s\u00e9isme \u2013 Partenariat avec le\u00a0<a href=\"https:\/\/www.ceci.ca\/fr\">CECI<\/a>.<\/li>\n<\/ul>\n<p><strong>2016 \u2013 2017 \u2013\u00a0<\/strong><strong><u>Projet \u00ab\u00a0Un toit pour Ha\u00efti\u00a0\u00bb<\/u><\/strong><\/p>\n<ul>\n<li>Suite \u00e0 l\u2019Ouragan Matthew, soutien \u00e0 la construction paracyclonique et de dons de mat\u00e9riaux \u00e0 des \u00e9coles et des b\u00e2timents communautaires \u00e0 Camp Perrin, Maniche, Les Abricots et Cavaillon. \u2013 Partenariats avec ITECA et Ha\u00efti Futur<\/li>\n<\/ul>\n<\/div>\n","protected":false},"excerpt":{"rendered":"<p>En ce 10e anniversaire du tristement c\u00e9l\u00e8bre s\u00e9isme en Ha\u00efti, <a href=\"https:\/\/www.asf-quebec.org\/en\/2016-2\/\"> [&#8230;]<\/a><\/p>\n","protected":false},"author":2,"featured_media":302090,"comment_status":"closed","ping_status":"closed","sticky":false,"template":"","format":"standard","meta":{"_acf_changed":false,"footnotes":""},"categories":[37],"tags":[49],"class_list":["post-951267","post","type-post","status-publish","format-standard","has-post-thumbnail","hentry","category-news","tag-ci-en"],"acf":[],"yoast_head":"<!-- This site is optimized with the Yoast SEO plugin v26.8 - https:\/\/yoast.com\/product\/yoast-seo-wordpress\/ -->\n<title>Solidaire avec Ha\u00efti depuis 2009, ASFQ se souvient\u2026 - Architecture Sans Fronti\u00e8res Qu\u00e9bec %<\/title>\n<meta name=\"description\" content=\"Solidaire avec Ha\u00efti depuis 2009, ASFQ se souvient\u2026\" \/>\n<meta name=\"robots\" content=\"index, follow, max-snippet:-1, max-image-preview:large, max-video-preview:-1\" \/>\n<link rel=\"canonical\" href=\"https:\/\/www.asf-quebec.org\/en\/2016-2\/\" \/>\n<meta property=\"og:locale\" content=\"en_US\" \/>\n<meta property=\"og:type\" content=\"article\" \/>\n<meta property=\"og:title\" content=\"Solidaire avec Ha\u00efti depuis 2009, ASFQ se souvient\u2026 - Architecture Sans Fronti\u00e8res Qu\u00e9bec %\" \/>\n<meta property=\"og:description\" content=\"Solidaire avec Ha\u00efti depuis 2009, ASFQ se souvient\u2026\" \/>\n<meta property=\"og:url\" content=\"https:\/\/www.asf-quebec.org\/en\/2016-2\/\" \/>\n<meta property=\"og:site_name\" content=\"Architecture Sans Fronti\u00e8res Qu\u00e9bec\" \/>\n<meta property=\"article:publisher\" content=\"https:\/\/www.facebook.com\/architecturesansfrontieres\/\" \/>\n<meta property=\"article:published_time\" content=\"2020-01-12T19:50:44+00:00\" \/>\n<meta property=\"article:modified_time\" content=\"2023-02-17T04:01:31+00:00\" \/>\n<meta property=\"og:image\" content=\"https:\/\/www.asf-quebec.org\/wp-content\/uploads\/2020\/01\/Haiti-04.jpg\" \/>\n\t<meta property=\"og:image:width\" content=\"1750\" \/>\n\t<meta property=\"og:image:height\" content=\"1002\" \/>\n\t<meta property=\"og:image:type\" content=\"image\/jpeg\" \/>\n<meta name=\"author\" content=\"asf-quebec\" \/>\n<meta name=\"twitter:card\" content=\"summary_large_image\" \/>\n<meta name=\"twitter:label1\" content=\"Written by\" \/>\n\t<meta name=\"twitter:data1\" content=\"asf-quebec\" \/>\n\t<meta name=\"twitter:label2\" content=\"Est. reading time\" \/>\n\t<meta name=\"twitter:data2\" content=\"4 minutes\" \/>\n<script type=\"application\/ld+json\" class=\"yoast-schema-graph\">{\"@context\":\"https:\/\/schema.org\",\"@graph\":[{\"@type\":\"Article\",\"@id\":\"https:\/\/www.asf-quebec.org\/en\/2016-2\/#article\",\"isPartOf\":{\"@id\":\"https:\/\/www.asf-quebec.org\/en\/2016-2\/\"},\"author\":{\"name\":\"asf-quebec\",\"@id\":\"https:\/\/www.asf-quebec.org\/en\/#\/schema\/person\/9655911da321e5e7c39708ae5de28d6a\"},\"headline\":\"Solidaire avec Ha\u00efti depuis 2009, ASFQ se souvient\u2026\",\"datePublished\":\"2020-01-12T19:50:44+00:00\",\"dateModified\":\"2023-02-17T04:01:31+00:00\",\"mainEntityOfPage\":{\"@id\":\"https:\/\/www.asf-quebec.org\/en\/2016-2\/\"},\"wordCount\":712,\"publisher\":{\"@id\":\"https:\/\/www.asf-quebec.org\/en\/#organization\"},\"image\":{\"@id\":\"https:\/\/www.asf-quebec.org\/en\/2016-2\/#primaryimage\"},\"thumbnailUrl\":\"https:\/\/www.asf-quebec.org\/wp-content\/uploads\/2020\/01\/Haiti-04.jpg\",\"keywords\":[\"CI\"],\"articleSection\":[\"News\"],\"inLanguage\":\"en-US\"},{\"@type\":\"WebPage\",\"@id\":\"https:\/\/www.asf-quebec.org\/en\/2016-2\/\",\"url\":\"https:\/\/www.asf-quebec.org\/en\/2016-2\/\",\"name\":\"Solidaire avec Ha\u00efti depuis 2009, ASFQ se souvient\u2026 - Architecture Sans Fronti\u00e8res Qu\u00e9bec %\",\"isPartOf\":{\"@id\":\"https:\/\/www.asf-quebec.org\/en\/#website\"},\"primaryImageOfPage\":{\"@id\":\"https:\/\/www.asf-quebec.org\/en\/2016-2\/#primaryimage\"},\"image\":{\"@id\":\"https:\/\/www.asf-quebec.org\/en\/2016-2\/#primaryimage\"},\"thumbnailUrl\":\"https:\/\/www.asf-quebec.org\/wp-content\/uploads\/2020\/01\/Haiti-04.jpg\",\"datePublished\":\"2020-01-12T19:50:44+00:00\",\"dateModified\":\"2023-02-17T04:01:31+00:00\",\"description\":\"Solidaire avec Ha\u00efti depuis 2009, ASFQ se souvient\u2026\",\"breadcrumb\":{\"@id\":\"https:\/\/www.asf-quebec.org\/en\/2016-2\/#breadcrumb\"},\"inLanguage\":\"en-US\",\"potentialAction\":[{\"@type\":\"ReadAction\",\"target\":[\"https:\/\/www.asf-quebec.org\/en\/2016-2\/\"]}]},{\"@type\":\"ImageObject\",\"inLanguage\":\"en-US\",\"@id\":\"https:\/\/www.asf-quebec.org\/en\/2016-2\/#primaryimage\",\"url\":\"https:\/\/www.asf-quebec.org\/wp-content\/uploads\/2020\/01\/Haiti-04.jpg\",\"contentUrl\":\"https:\/\/www.asf-quebec.org\/wp-content\/uploads\/2020\/01\/Haiti-04.jpg\",\"width\":1750,\"height\":1002},{\"@type\":\"BreadcrumbList\",\"@id\":\"https:\/\/www.asf-quebec.org\/en\/2016-2\/#breadcrumb\",\"itemListElement\":[{\"@type\":\"ListItem\",\"position\":1,\"name\":\"Accueil\",\"item\":\"https:\/\/www.asf-quebec.org\/en\/\"},{\"@type\":\"ListItem\",\"position\":2,\"name\":\"Solidaire avec Ha\u00efti depuis 2009, ASFQ se souvient\u2026\"}]},{\"@type\":\"WebSite\",\"@id\":\"https:\/\/www.asf-quebec.org\/en\/#website\",\"url\":\"https:\/\/www.asf-quebec.org\/en\/\",\"name\":\"Architecture sans fronti\u00e8res Qu\u00e9bec\",\"description\":\"ASFQ\",\"publisher\":{\"@id\":\"https:\/\/www.asf-quebec.org\/en\/#organization\"},\"potentialAction\":[{\"@type\":\"SearchAction\",\"target\":{\"@type\":\"EntryPoint\",\"urlTemplate\":\"https:\/\/www.asf-quebec.org\/en\/?s={search_term_string}\"},\"query-input\":{\"@type\":\"PropertyValueSpecification\",\"valueRequired\":true,\"valueName\":\"search_term_string\"}}],\"inLanguage\":\"en-US\"},{\"@type\":\"Organization\",\"@id\":\"https:\/\/www.asf-quebec.org\/en\/#organization\",\"name\":\"Architecture sans fronti\u00e8res Qu\u00e9bec (ASFQ)\",\"url\":\"https:\/\/www.asf-quebec.org\/en\/\",\"logo\":{\"@type\":\"ImageObject\",\"inLanguage\":\"en-US\",\"@id\":\"https:\/\/www.asf-quebec.org\/en\/#\/schema\/logo\/image\/\",\"url\":\"https:\/\/www.asf-quebec.org\/wp-content\/uploads\/2019\/07\/Logo-asfq-retina.jpg\",\"contentUrl\":\"https:\/\/www.asf-quebec.org\/wp-content\/uploads\/2019\/07\/Logo-asfq-retina.jpg\",\"width\":564,\"height\":219,\"caption\":\"Architecture sans fronti\u00e8res Qu\u00e9bec (ASFQ)\"},\"image\":{\"@id\":\"https:\/\/www.asf-quebec.org\/en\/#\/schema\/logo\/image\/\"},\"sameAs\":[\"https:\/\/www.facebook.com\/architecturesansfrontieres\/\",\"https:\/\/www.instagram.com\/asfquebec\/\",\"https:\/\/www.linkedin.com\/company\/asf-quebec\/\"]},{\"@type\":\"Person\",\"@id\":\"https:\/\/www.asf-quebec.org\/en\/#\/schema\/person\/9655911da321e5e7c39708ae5de28d6a\",\"name\":\"asf-quebec\",\"image\":{\"@type\":\"ImageObject\",\"inLanguage\":\"en-US\",\"@id\":\"https:\/\/www.asf-quebec.org\/en\/#\/schema\/person\/image\/\",\"url\":\"https:\/\/secure.gravatar.com\/avatar\/e855b116ca919b157a426c59781443a8d88f6c286252b6e0fed2bef83833541c?s=96&d=mm&r=g\",\"contentUrl\":\"https:\/\/secure.gravatar.com\/avatar\/e855b116ca919b157a426c59781443a8d88f6c286252b6e0fed2bef83833541c?s=96&d=mm&r=g\",\"caption\":\"asf-quebec\"}}]}<\/script>\n<!-- \/ Yoast SEO plugin. -->","yoast_head_json":{"title":"Solidaire avec Ha\u00efti depuis 2009, ASFQ se souvient\u2026 - Architecture Sans Fronti\u00e8res Qu\u00e9bec %","description":"Solidaire avec Ha\u00efti depuis 2009, ASFQ se souvient\u2026","robots":{"index":"index","follow":"follow","max-snippet":"max-snippet:-1","max-image-preview":"max-image-preview:large","max-video-preview":"max-video-preview:-1"},"canonical":"https:\/\/www.asf-quebec.org\/en\/2016-2\/","og_locale":"en_US","og_type":"article","og_title":"Solidaire avec Ha\u00efti depuis 2009, ASFQ se souvient\u2026 - Architecture Sans Fronti\u00e8res Qu\u00e9bec %","og_description":"Solidaire avec Ha\u00efti depuis 2009, ASFQ se souvient\u2026","og_url":"https:\/\/www.asf-quebec.org\/en\/2016-2\/","og_site_name":"Architecture Sans Fronti\u00e8res Qu\u00e9bec","article_publisher":"https:\/\/www.facebook.com\/architecturesansfrontieres\/","article_published_time":"2020-01-12T19:50:44+00:00","article_modified_time":"2023-02-17T04:01:31+00:00","og_image":[{"width":1750,"height":1002,"url":"https:\/\/www.asf-quebec.org\/wp-content\/uploads\/2020\/01\/Haiti-04.jpg","type":"image\/jpeg"}],"author":"asf-quebec","twitter_card":"summary_large_image","twitter_misc":{"Written by":"asf-quebec","Est. reading time":"4 minutes"},"schema":{"@context":"https:\/\/schema.org","@graph":[{"@type":"Article","@id":"https:\/\/www.asf-quebec.org\/en\/2016-2\/#article","isPartOf":{"@id":"https:\/\/www.asf-quebec.org\/en\/2016-2\/"},"author":{"name":"asf-quebec","@id":"https:\/\/www.asf-quebec.org\/en\/#\/schema\/person\/9655911da321e5e7c39708ae5de28d6a"},"headline":"Solidaire avec Ha\u00efti depuis 2009, ASFQ se souvient\u2026","datePublished":"2020-01-12T19:50:44+00:00","dateModified":"2023-02-17T04:01:31+00:00","mainEntityOfPage":{"@id":"https:\/\/www.asf-quebec.org\/en\/2016-2\/"},"wordCount":712,"publisher":{"@id":"https:\/\/www.asf-quebec.org\/en\/#organization"},"image":{"@id":"https:\/\/www.asf-quebec.org\/en\/2016-2\/#primaryimage"},"thumbnailUrl":"https:\/\/www.asf-quebec.org\/wp-content\/uploads\/2020\/01\/Haiti-04.jpg","keywords":["CI"],"articleSection":["News"],"inLanguage":"en-US"},{"@type":"WebPage","@id":"https:\/\/www.asf-quebec.org\/en\/2016-2\/","url":"https:\/\/www.asf-quebec.org\/en\/2016-2\/","name":"Solidaire avec Ha\u00efti depuis 2009, ASFQ se souvient\u2026 - Architecture Sans Fronti\u00e8res Qu\u00e9bec %","isPartOf":{"@id":"https:\/\/www.asf-quebec.org\/en\/#website"},"primaryImageOfPage":{"@id":"https:\/\/www.asf-quebec.org\/en\/2016-2\/#primaryimage"},"image":{"@id":"https:\/\/www.asf-quebec.org\/en\/2016-2\/#primaryimage"},"thumbnailUrl":"https:\/\/www.asf-quebec.org\/wp-content\/uploads\/2020\/01\/Haiti-04.jpg","datePublished":"2020-01-12T19:50:44+00:00","dateModified":"2023-02-17T04:01:31+00:00","description":"Solidaire avec Ha\u00efti depuis 2009, ASFQ se souvient\u2026","breadcrumb":{"@id":"https:\/\/www.asf-quebec.org\/en\/2016-2\/#breadcrumb"},"inLanguage":"en-US","potentialAction":[{"@type":"ReadAction","target":["https:\/\/www.asf-quebec.org\/en\/2016-2\/"]}]},{"@type":"ImageObject","inLanguage":"en-US","@id":"https:\/\/www.asf-quebec.org\/en\/2016-2\/#primaryimage","url":"https:\/\/www.asf-quebec.org\/wp-content\/uploads\/2020\/01\/Haiti-04.jpg","contentUrl":"https:\/\/www.asf-quebec.org\/wp-content\/uploads\/2020\/01\/Haiti-04.jpg","width":1750,"height":1002},{"@type":"BreadcrumbList","@id":"https:\/\/www.asf-quebec.org\/en\/2016-2\/#breadcrumb","itemListElement":[{"@type":"ListItem","position":1,"name":"Accueil","item":"https:\/\/www.asf-quebec.org\/en\/"},{"@type":"ListItem","position":2,"name":"Solidaire avec Ha\u00efti depuis 2009, ASFQ se souvient\u2026"}]},{"@type":"WebSite","@id":"https:\/\/www.asf-quebec.org\/en\/#website","url":"https:\/\/www.asf-quebec.org\/en\/","name":"Architecture sans fronti\u00e8res Qu\u00e9bec","description":"ASFQ","publisher":{"@id":"https:\/\/www.asf-quebec.org\/en\/#organization"},"potentialAction":[{"@type":"SearchAction","target":{"@type":"EntryPoint","urlTemplate":"https:\/\/www.asf-quebec.org\/en\/?s={search_term_string}"},"query-input":{"@type":"PropertyValueSpecification","valueRequired":true,"valueName":"search_term_string"}}],"inLanguage":"en-US"},{"@type":"Organization","@id":"https:\/\/www.asf-quebec.org\/en\/#organization","name":"Architecture sans fronti\u00e8res Qu\u00e9bec (ASFQ)","url":"https:\/\/www.asf-quebec.org\/en\/","logo":{"@type":"ImageObject","inLanguage":"en-US","@id":"https:\/\/www.asf-quebec.org\/en\/#\/schema\/logo\/image\/","url":"https:\/\/www.asf-quebec.org\/wp-content\/uploads\/2019\/07\/Logo-asfq-retina.jpg","contentUrl":"https:\/\/www.asf-quebec.org\/wp-content\/uploads\/2019\/07\/Logo-asfq-retina.jpg","width":564,"height":219,"caption":"Architecture sans fronti\u00e8res Qu\u00e9bec (ASFQ)"},"image":{"@id":"https:\/\/www.asf-quebec.org\/en\/#\/schema\/logo\/image\/"},"sameAs":["https:\/\/www.facebook.com\/architecturesansfrontieres\/","https:\/\/www.instagram.com\/asfquebec\/","https:\/\/www.linkedin.com\/company\/asf-quebec\/"]},{"@type":"Person","@id":"https:\/\/www.asf-quebec.org\/en\/#\/schema\/person\/9655911da321e5e7c39708ae5de28d6a","name":"asf-quebec","image":{"@type":"ImageObject","inLanguage":"en-US","@id":"https:\/\/www.asf-quebec.org\/en\/#\/schema\/person\/image\/","url":"https:\/\/secure.gravatar.com\/avatar\/e855b116ca919b157a426c59781443a8d88f6c286252b6e0fed2bef83833541c?s=96&d=mm&r=g","contentUrl":"https:\/\/secure.gravatar.com\/avatar\/e855b116ca919b157a426c59781443a8d88f6c286252b6e0fed2bef83833541c?s=96&d=mm&r=g","caption":"asf-quebec"}}]}},"_links":{"self":[{"href":"https:\/\/www.asf-quebec.org\/en\/wp-json\/wp\/v2\/posts\/951267","targetHints":{"allow":["GET"]}}],"collection":[{"href":"https:\/\/www.asf-quebec.org\/en\/wp-json\/wp\/v2\/posts"}],"about":[{"href":"https:\/\/www.asf-quebec.org\/en\/wp-json\/wp\/v2\/types\/post"}],"author":[{"embeddable":true,"href":"https:\/\/www.asf-quebec.org\/en\/wp-json\/wp\/v2\/users\/2"}],"replies":[{"embeddable":true,"href":"https:\/\/www.asf-quebec.org\/en\/wp-json\/wp\/v2\/comments?post=951267"}],"version-history":[{"count":2,"href":"https:\/\/www.asf-quebec.org\/en\/wp-json\/wp\/v2\/posts\/951267\/revisions"}],"predecessor-version":[{"id":1139205,"href":"https:\/\/www.asf-quebec.org\/en\/wp-json\/wp\/v2\/posts\/951267\/revisions\/1139205"}],"wp:featuredmedia":[{"embeddable":true,"href":"https:\/\/www.asf-quebec.org\/en\/wp-json\/wp\/v2\/media\/302090"}],"wp:attachment":[{"href":"https:\/\/www.asf-quebec.org\/en\/wp-json\/wp\/v2\/media?parent=951267"}],"wp:term":[{"taxonomy":"category","embeddable":true,"href":"https:\/\/www.asf-quebec.org\/en\/wp-json\/wp\/v2\/categories?post=951267"},{"taxonomy":"post_tag","embeddable":true,"href":"https:\/\/www.asf-quebec.org\/en\/wp-json\/wp\/v2\/tags?post=951267"}],"curies":[{"name":"wp","href":"https:\/\/api.w.org\/{rel}","templated":true}]}}