{"id":951263,"date":"2020-03-23T01:34:33","date_gmt":"2020-03-23T01:34:33","guid":{"rendered":"https:\/\/www.asf-quebec.org\/appel-a-benevoles-corvee-communautaire-pour-les-sans-abri-le-mardi-24-mars\/"},"modified":"2020-03-23T01:34:33","modified_gmt":"2020-03-23T01:34:33","slug":"appel-a-benevoles-corvee-communautaire-pour-les-sans-abri-le-mardi-24-mars","status":"publish","type":"post","link":"https:\/\/www.asf-quebec.org\/en\/appel-a-benevoles-corvee-communautaire-pour-les-sans-abri-le-mardi-24-mars\/","title":{"rendered":"Appel \u00e0 b\u00e9n\u00e9voles &#8211; Corv\u00e9e communautaire pour les sans-abri le mardi 24 mars"},"content":{"rendered":"<div class=\"\" data-block=\"true\" data-editor=\"f65rp\" data-offset-key=\"5ea5l-0-0\">\n<div class=\"_1mf _1mj\" data-offset-key=\"5ea5l-0-0\"><em>ASFQ fait appel \u00e0 son r\u00e9seau pour trouver 10 volontaires pour aider les sans-abri dans le cadre d\u2019une corv\u00e9e communautaire mardi de 13 \u00e0 18h, \u00e0 Montr\u00e9al.<\/em><\/div>\n<\/div>\n<div data-offset-key=\"ehlk1-0-0\"><\/div>\n<div data-offset-key=\"ehlk1-0-0\"><\/div>\n<div data-offset-key=\"ehlk1-0-0\"><strong>Contexte de l&#8217;appel<\/strong><\/div>\n<div data-offset-key=\"ehlk1-0-0\"><\/div>\n<div class=\"\" data-block=\"true\" data-editor=\"f65rp\" data-offset-key=\"ehlk1-0-0\">\n<div class=\"_1mf _1mj\" data-offset-key=\"ehlk1-0-0\">En partenariat avec la Ville de Montr\u00e9al, l\u2019unit\u00e9 de d\u00e9bordement de l\u2019h\u00f4pital Royal-Victoria sera relocalis\u00e9e d\u2019urgence vers deux YMCA du centre-ville. Dix volontaires sont demand\u00e9s pour r\u00e9am\u00e9nager les nouveaux espaces d\u2019h\u00e9bergement de la client\u00e8le et les zones de travail du personnel :<\/div>\n<\/div>\n<div class=\"\" data-block=\"true\" data-editor=\"f65rp\" data-offset-key=\"d9uji-0-0\">\n<div class=\"_1mf _1mj\" data-offset-key=\"d9uji-0-0\"><span data-offset-key=\"d9uji-0-0\">\u00a0<\/span><\/div>\n<\/div>\n<div class=\"\" data-block=\"true\" data-editor=\"f65rp\" data-offset-key=\"bik7t-0-0\">\n<div class=\"_1mf _1mj\" data-offset-key=\"bik7t-0-0\"><span data-offset-key=\"bik7t-0-0\">&#8211; Aucune interaction sur place avec la client\u00e8le<\/span><\/div>\n<\/div>\n<div class=\"\" data-block=\"true\" data-editor=\"f65rp\" data-offset-key=\"3cnr7-0-0\">\n<div class=\"_1mf _1mj\" data-offset-key=\"3cnr7-0-0\"><span data-offset-key=\"3cnr7-0-0\">&#8211; T\u00e2ches simples d\u2019am\u00e9nagement<\/span><\/div>\n<\/div>\n<div class=\"\" data-block=\"true\" data-editor=\"f65rp\" data-offset-key=\"8jc41-0-0\">\n<div class=\"_1mf _1mj\" data-offset-key=\"8jc41-0-0\"><span data-offset-key=\"8jc41-0-0\">&#8211; Manutention d\u2019\u00e9quipement n\u2019ayant subi aucune exposition \u00e0 la COVID-19<\/span><\/div>\n<\/div>\n<div class=\"\" data-block=\"true\" data-editor=\"f65rp\" data-offset-key=\"6icr-0-0\">\n<div class=\"_1mf _1mj\" data-offset-key=\"6icr-0-0\"><span data-offset-key=\"6icr-0-0\">&#8211; Mesures sanitaires adapt\u00e9es aux circonstances fournies aux b\u00e9n\u00e9voles.<\/span><\/div>\n<\/div>\n<div class=\"\" data-block=\"true\" data-editor=\"f65rp\" data-offset-key=\"24qi0-0-0\">\n<div class=\"_1mf _1mj\" data-offset-key=\"24qi0-0-0\"><span data-offset-key=\"24qi0-0-0\">\u00a0<\/span><\/div>\n<\/div>\n<div class=\"\" data-block=\"true\" data-editor=\"f65rp\" data-offset-key=\"913qs-0-0\">\n<div class=\"_1mf _1mj\" data-offset-key=\"913qs-0-0\"><strong>Pour participer<\/strong><\/div>\n<\/div>\n<div class=\"\" data-block=\"true\" data-editor=\"f65rp\" data-offset-key=\"ftde8-0-0\">\n<div class=\"_1mf _1mj\" data-offset-key=\"ftde8-0-0\"><span data-offset-key=\"ftde8-0-0\">&#8211; Envoyez un courriel de confirmation \u00e0 <a href=\"mailto:benevolat@asf-quebec.org\">benevolat@asf-quebec.org<\/a>.<\/span><\/div>\n<\/div>\n<div class=\"\" data-block=\"true\" data-editor=\"f65rp\" data-offset-key=\"5d7bn-0-0\">\n<div class=\"_1mf _1mj\" data-offset-key=\"5d7bn-0-0\"><span data-offset-key=\"5d7bn-0-0\">&#8211; Pri\u00e8re \u00e9videmment de s\u2019abstenir toute personne pr\u00e9sentant des sympt\u00f4mes de la COVID-19 ou ayant c\u00f4toy\u00e9 des personnes en pr\u00e9sentant des sympt\u00f4mes ou r\u00e9cemment revenues de l\u2019\u00e9tranger.<\/span><\/div>\n<\/div>\n<div class=\"\" data-block=\"true\" data-editor=\"f65rp\" data-offset-key=\"bhgd5-0-0\">\n<div class=\"_1mf _1mj\" data-offset-key=\"bhgd5-0-0\"><span data-offset-key=\"bhgd5-0-0\">\u00a0<\/span><\/div>\n<\/div>\n<div class=\"\" data-block=\"true\" data-editor=\"f65rp\" data-offset-key=\"dredd-0-0\">\n<div class=\"_1mf _1mj\" data-offset-key=\"dredd-0-0\"><span data-offset-key=\"dredd-0-0\">Toute l&#8217;\u00e9quipe d&#8217;ASFQ vous remercie de votre solidarit\u00e9 en ces temps difficiles pour toutes et tous, \u00e0 commencer par les plus vuln\u00e9rables de notre soci\u00e9t\u00e9 !<\/span><\/div>\n<\/div>\n","protected":false},"excerpt":{"rendered":"<p>ASFQ fait appel \u00e0 son r\u00e9seau pour trouver 10 volontaires <a href=\"https:\/\/www.asf-quebec.org\/en\/appel-a-benevoles-corvee-communautaire-pour-les-sans-abri-le-mardi-24-mars\/\"> [&#8230;]<\/a><\/p>\n","protected":false},"author":2,"featured_media":302311,"comment_status":"closed","ping_status":"open","sticky":false,"template":"","format":"standard","meta":{"_acf_changed":false,"footnotes":""},"categories":[37],"tags":[46],"class_list":["post-951263","post","type-post","status-publish","format-standard","has-post-thumbnail","hentry","category-news","tag-su-en"],"acf":[],"yoast_head":"<!-- This site is optimized with the Yoast SEO plugin v26.8 - https:\/\/yoast.com\/product\/yoast-seo-wordpress\/ -->\n<title>Appel \u00e0 b\u00e9n\u00e9voles - Corv\u00e9e communautaire pour les sans-abri le mardi 24 mars - Architecture Sans Fronti\u00e8res Qu\u00e9bec %<\/title>\n<meta name=\"description\" content=\"Appel \u00e0 b\u00e9n\u00e9voles - Corv\u00e9e communautaire pour les sans-abri le mardi 24 mars\" \/>\n<meta name=\"robots\" content=\"index, follow, max-snippet:-1, max-image-preview:large, max-video-preview:-1\" \/>\n<link rel=\"canonical\" href=\"https:\/\/www.asf-quebec.org\/en\/appel-a-benevoles-corvee-communautaire-pour-les-sans-abri-le-mardi-24-mars\/\" \/>\n<meta property=\"og:locale\" content=\"en_US\" \/>\n<meta property=\"og:type\" content=\"article\" \/>\n<meta property=\"og:title\" content=\"Appel \u00e0 b\u00e9n\u00e9voles - Corv\u00e9e communautaire pour les sans-abri le mardi 24 mars - Architecture Sans Fronti\u00e8res Qu\u00e9bec %\" \/>\n<meta property=\"og:description\" content=\"Appel \u00e0 b\u00e9n\u00e9voles - Corv\u00e9e communautaire pour les sans-abri le mardi 24 mars\" \/>\n<meta property=\"og:url\" content=\"https:\/\/www.asf-quebec.org\/en\/appel-a-benevoles-corvee-communautaire-pour-les-sans-abri-le-mardi-24-mars\/\" \/>\n<meta property=\"og:site_name\" content=\"Architecture Sans Fronti\u00e8res Qu\u00e9bec\" \/>\n<meta property=\"article:publisher\" content=\"https:\/\/www.facebook.com\/architecturesansfrontieres\/\" \/>\n<meta property=\"article:published_time\" content=\"2020-03-23T01:34:33+00:00\" \/>\n<meta name=\"author\" content=\"asf-quebec\" \/>\n<meta name=\"twitter:card\" content=\"summary_large_image\" \/>\n<meta name=\"twitter:label1\" content=\"Written by\" \/>\n\t<meta name=\"twitter:data1\" content=\"asf-quebec\" \/>\n\t<meta name=\"twitter:label2\" content=\"Est. reading time\" \/>\n\t<meta name=\"twitter:data2\" content=\"1 minute\" \/>\n<script type=\"application\/ld+json\" class=\"yoast-schema-graph\">{\"@context\":\"https:\/\/schema.org\",\"@graph\":[{\"@type\":\"Article\",\"@id\":\"https:\/\/www.asf-quebec.org\/en\/appel-a-benevoles-corvee-communautaire-pour-les-sans-abri-le-mardi-24-mars\/#article\",\"isPartOf\":{\"@id\":\"https:\/\/www.asf-quebec.org\/en\/appel-a-benevoles-corvee-communautaire-pour-les-sans-abri-le-mardi-24-mars\/\"},\"author\":{\"name\":\"asf-quebec\",\"@id\":\"https:\/\/www.asf-quebec.org\/en\/#\/schema\/person\/9655911da321e5e7c39708ae5de28d6a\"},\"headline\":\"Appel \u00e0 b\u00e9n\u00e9voles &#8211; Corv\u00e9e communautaire pour les sans-abri le mardi 24 mars\",\"datePublished\":\"2020-03-23T01:34:33+00:00\",\"mainEntityOfPage\":{\"@id\":\"https:\/\/www.asf-quebec.org\/en\/appel-a-benevoles-corvee-communautaire-pour-les-sans-abri-le-mardi-24-mars\/\"},\"wordCount\":212,\"publisher\":{\"@id\":\"https:\/\/www.asf-quebec.org\/en\/#organization\"},\"image\":{\"@id\":\"https:\/\/www.asf-quebec.org\/en\/appel-a-benevoles-corvee-communautaire-pour-les-sans-abri-le-mardi-24-mars\/#primaryimage\"},\"thumbnailUrl\":\"https:\/\/www.asf-quebec.org\/wp-content\/uploads\/2020\/03\/homeless-1468398852MSc.jpg\",\"keywords\":[\"SU\"],\"articleSection\":[\"News\"],\"inLanguage\":\"en-US\"},{\"@type\":\"WebPage\",\"@id\":\"https:\/\/www.asf-quebec.org\/en\/appel-a-benevoles-corvee-communautaire-pour-les-sans-abri-le-mardi-24-mars\/\",\"url\":\"https:\/\/www.asf-quebec.org\/en\/appel-a-benevoles-corvee-communautaire-pour-les-sans-abri-le-mardi-24-mars\/\",\"name\":\"Appel \u00e0 b\u00e9n\u00e9voles - Corv\u00e9e communautaire pour les sans-abri le mardi 24 mars - Architecture Sans Fronti\u00e8res Qu\u00e9bec %\",\"isPartOf\":{\"@id\":\"https:\/\/www.asf-quebec.org\/en\/#website\"},\"primaryImageOfPage\":{\"@id\":\"https:\/\/www.asf-quebec.org\/en\/appel-a-benevoles-corvee-communautaire-pour-les-sans-abri-le-mardi-24-mars\/#primaryimage\"},\"image\":{\"@id\":\"https:\/\/www.asf-quebec.org\/en\/appel-a-benevoles-corvee-communautaire-pour-les-sans-abri-le-mardi-24-mars\/#primaryimage\"},\"thumbnailUrl\":\"https:\/\/www.asf-quebec.org\/wp-content\/uploads\/2020\/03\/homeless-1468398852MSc.jpg\",\"datePublished\":\"2020-03-23T01:34:33+00:00\",\"description\":\"Appel \u00e0 b\u00e9n\u00e9voles - Corv\u00e9e communautaire pour les sans-abri le mardi 24 mars\",\"breadcrumb\":{\"@id\":\"https:\/\/www.asf-quebec.org\/en\/appel-a-benevoles-corvee-communautaire-pour-les-sans-abri-le-mardi-24-mars\/#breadcrumb\"},\"inLanguage\":\"en-US\",\"potentialAction\":[{\"@type\":\"ReadAction\",\"target\":[\"https:\/\/www.asf-quebec.org\/en\/appel-a-benevoles-corvee-communautaire-pour-les-sans-abri-le-mardi-24-mars\/\"]}]},{\"@type\":\"ImageObject\",\"inLanguage\":\"en-US\",\"@id\":\"https:\/\/www.asf-quebec.org\/en\/appel-a-benevoles-corvee-communautaire-pour-les-sans-abri-le-mardi-24-mars\/#primaryimage\",\"url\":\"https:\/\/www.asf-quebec.org\/wp-content\/uploads\/2020\/03\/homeless-1468398852MSc.jpg\",\"contentUrl\":\"https:\/\/www.asf-quebec.org\/wp-content\/uploads\/2020\/03\/homeless-1468398852MSc.jpg\",\"width\":1920,\"height\":1280},{\"@type\":\"BreadcrumbList\",\"@id\":\"https:\/\/www.asf-quebec.org\/en\/appel-a-benevoles-corvee-communautaire-pour-les-sans-abri-le-mardi-24-mars\/#breadcrumb\",\"itemListElement\":[{\"@type\":\"ListItem\",\"position\":1,\"name\":\"Accueil\",\"item\":\"https:\/\/www.asf-quebec.org\/en\/\"},{\"@type\":\"ListItem\",\"position\":2,\"name\":\"Appel \u00e0 b\u00e9n\u00e9voles &#8211; Corv\u00e9e communautaire pour les sans-abri le mardi 24 mars\"}]},{\"@type\":\"WebSite\",\"@id\":\"https:\/\/www.asf-quebec.org\/en\/#website\",\"url\":\"https:\/\/www.asf-quebec.org\/en\/\",\"name\":\"Architecture sans fronti\u00e8res Qu\u00e9bec\",\"description\":\"ASFQ\",\"publisher\":{\"@id\":\"https:\/\/www.asf-quebec.org\/en\/#organization\"},\"potentialAction\":[{\"@type\":\"SearchAction\",\"target\":{\"@type\":\"EntryPoint\",\"urlTemplate\":\"https:\/\/www.asf-quebec.org\/en\/?s={search_term_string}\"},\"query-input\":{\"@type\":\"PropertyValueSpecification\",\"valueRequired\":true,\"valueName\":\"search_term_string\"}}],\"inLanguage\":\"en-US\"},{\"@type\":\"Organization\",\"@id\":\"https:\/\/www.asf-quebec.org\/en\/#organization\",\"name\":\"Architecture sans fronti\u00e8res Qu\u00e9bec (ASFQ)\",\"url\":\"https:\/\/www.asf-quebec.org\/en\/\",\"logo\":{\"@type\":\"ImageObject\",\"inLanguage\":\"en-US\",\"@id\":\"https:\/\/www.asf-quebec.org\/en\/#\/schema\/logo\/image\/\",\"url\":\"https:\/\/www.asf-quebec.org\/wp-content\/uploads\/2019\/07\/Logo-asfq-retina.jpg\",\"contentUrl\":\"https:\/\/www.asf-quebec.org\/wp-content\/uploads\/2019\/07\/Logo-asfq-retina.jpg\",\"width\":564,\"height\":219,\"caption\":\"Architecture sans fronti\u00e8res Qu\u00e9bec (ASFQ)\"},\"image\":{\"@id\":\"https:\/\/www.asf-quebec.org\/en\/#\/schema\/logo\/image\/\"},\"sameAs\":[\"https:\/\/www.facebook.com\/architecturesansfrontieres\/\",\"https:\/\/www.instagram.com\/asfquebec\/\",\"https:\/\/www.linkedin.com\/company\/asf-quebec\/\"]},{\"@type\":\"Person\",\"@id\":\"https:\/\/www.asf-quebec.org\/en\/#\/schema\/person\/9655911da321e5e7c39708ae5de28d6a\",\"name\":\"asf-quebec\",\"image\":{\"@type\":\"ImageObject\",\"inLanguage\":\"en-US\",\"@id\":\"https:\/\/www.asf-quebec.org\/en\/#\/schema\/person\/image\/\",\"url\":\"https:\/\/secure.gravatar.com\/avatar\/e855b116ca919b157a426c59781443a8d88f6c286252b6e0fed2bef83833541c?s=96&d=mm&r=g\",\"contentUrl\":\"https:\/\/secure.gravatar.com\/avatar\/e855b116ca919b157a426c59781443a8d88f6c286252b6e0fed2bef83833541c?s=96&d=mm&r=g\",\"caption\":\"asf-quebec\"}}]}<\/script>\n<!-- \/ Yoast SEO plugin. -->","yoast_head_json":{"title":"Appel \u00e0 b\u00e9n\u00e9voles - Corv\u00e9e communautaire pour les sans-abri le mardi 24 mars - Architecture Sans Fronti\u00e8res Qu\u00e9bec %","description":"Appel \u00e0 b\u00e9n\u00e9voles - Corv\u00e9e communautaire pour les sans-abri le mardi 24 mars","robots":{"index":"index","follow":"follow","max-snippet":"max-snippet:-1","max-image-preview":"max-image-preview:large","max-video-preview":"max-video-preview:-1"},"canonical":"https:\/\/www.asf-quebec.org\/en\/appel-a-benevoles-corvee-communautaire-pour-les-sans-abri-le-mardi-24-mars\/","og_locale":"en_US","og_type":"article","og_title":"Appel \u00e0 b\u00e9n\u00e9voles - Corv\u00e9e communautaire pour les sans-abri le mardi 24 mars - Architecture Sans Fronti\u00e8res Qu\u00e9bec %","og_description":"Appel \u00e0 b\u00e9n\u00e9voles - Corv\u00e9e communautaire pour les sans-abri le mardi 24 mars","og_url":"https:\/\/www.asf-quebec.org\/en\/appel-a-benevoles-corvee-communautaire-pour-les-sans-abri-le-mardi-24-mars\/","og_site_name":"Architecture Sans Fronti\u00e8res Qu\u00e9bec","article_publisher":"https:\/\/www.facebook.com\/architecturesansfrontieres\/","article_published_time":"2020-03-23T01:34:33+00:00","author":"asf-quebec","twitter_card":"summary_large_image","twitter_misc":{"Written by":"asf-quebec","Est. reading time":"1 minute"},"schema":{"@context":"https:\/\/schema.org","@graph":[{"@type":"Article","@id":"https:\/\/www.asf-quebec.org\/en\/appel-a-benevoles-corvee-communautaire-pour-les-sans-abri-le-mardi-24-mars\/#article","isPartOf":{"@id":"https:\/\/www.asf-quebec.org\/en\/appel-a-benevoles-corvee-communautaire-pour-les-sans-abri-le-mardi-24-mars\/"},"author":{"name":"asf-quebec","@id":"https:\/\/www.asf-quebec.org\/en\/#\/schema\/person\/9655911da321e5e7c39708ae5de28d6a"},"headline":"Appel \u00e0 b\u00e9n\u00e9voles &#8211; Corv\u00e9e communautaire pour les sans-abri le mardi 24 mars","datePublished":"2020-03-23T01:34:33+00:00","mainEntityOfPage":{"@id":"https:\/\/www.asf-quebec.org\/en\/appel-a-benevoles-corvee-communautaire-pour-les-sans-abri-le-mardi-24-mars\/"},"wordCount":212,"publisher":{"@id":"https:\/\/www.asf-quebec.org\/en\/#organization"},"image":{"@id":"https:\/\/www.asf-quebec.org\/en\/appel-a-benevoles-corvee-communautaire-pour-les-sans-abri-le-mardi-24-mars\/#primaryimage"},"thumbnailUrl":"https:\/\/www.asf-quebec.org\/wp-content\/uploads\/2020\/03\/homeless-1468398852MSc.jpg","keywords":["SU"],"articleSection":["News"],"inLanguage":"en-US"},{"@type":"WebPage","@id":"https:\/\/www.asf-quebec.org\/en\/appel-a-benevoles-corvee-communautaire-pour-les-sans-abri-le-mardi-24-mars\/","url":"https:\/\/www.asf-quebec.org\/en\/appel-a-benevoles-corvee-communautaire-pour-les-sans-abri-le-mardi-24-mars\/","name":"Appel \u00e0 b\u00e9n\u00e9voles - Corv\u00e9e communautaire pour les sans-abri le mardi 24 mars - Architecture Sans Fronti\u00e8res Qu\u00e9bec %","isPartOf":{"@id":"https:\/\/www.asf-quebec.org\/en\/#website"},"primaryImageOfPage":{"@id":"https:\/\/www.asf-quebec.org\/en\/appel-a-benevoles-corvee-communautaire-pour-les-sans-abri-le-mardi-24-mars\/#primaryimage"},"image":{"@id":"https:\/\/www.asf-quebec.org\/en\/appel-a-benevoles-corvee-communautaire-pour-les-sans-abri-le-mardi-24-mars\/#primaryimage"},"thumbnailUrl":"https:\/\/www.asf-quebec.org\/wp-content\/uploads\/2020\/03\/homeless-1468398852MSc.jpg","datePublished":"2020-03-23T01:34:33+00:00","description":"Appel \u00e0 b\u00e9n\u00e9voles - Corv\u00e9e communautaire pour les sans-abri le mardi 24 mars","breadcrumb":{"@id":"https:\/\/www.asf-quebec.org\/en\/appel-a-benevoles-corvee-communautaire-pour-les-sans-abri-le-mardi-24-mars\/#breadcrumb"},"inLanguage":"en-US","potentialAction":[{"@type":"ReadAction","target":["https:\/\/www.asf-quebec.org\/en\/appel-a-benevoles-corvee-communautaire-pour-les-sans-abri-le-mardi-24-mars\/"]}]},{"@type":"ImageObject","inLanguage":"en-US","@id":"https:\/\/www.asf-quebec.org\/en\/appel-a-benevoles-corvee-communautaire-pour-les-sans-abri-le-mardi-24-mars\/#primaryimage","url":"https:\/\/www.asf-quebec.org\/wp-content\/uploads\/2020\/03\/homeless-1468398852MSc.jpg","contentUrl":"https:\/\/www.asf-quebec.org\/wp-content\/uploads\/2020\/03\/homeless-1468398852MSc.jpg","width":1920,"height":1280},{"@type":"BreadcrumbList","@id":"https:\/\/www.asf-quebec.org\/en\/appel-a-benevoles-corvee-communautaire-pour-les-sans-abri-le-mardi-24-mars\/#breadcrumb","itemListElement":[{"@type":"ListItem","position":1,"name":"Accueil","item":"https:\/\/www.asf-quebec.org\/en\/"},{"@type":"ListItem","position":2,"name":"Appel \u00e0 b\u00e9n\u00e9voles &#8211; Corv\u00e9e communautaire pour les sans-abri le mardi 24 mars"}]},{"@type":"WebSite","@id":"https:\/\/www.asf-quebec.org\/en\/#website","url":"https:\/\/www.asf-quebec.org\/en\/","name":"Architecture sans fronti\u00e8res Qu\u00e9bec","description":"ASFQ","publisher":{"@id":"https:\/\/www.asf-quebec.org\/en\/#organization"},"potentialAction":[{"@type":"SearchAction","target":{"@type":"EntryPoint","urlTemplate":"https:\/\/www.asf-quebec.org\/en\/?s={search_term_string}"},"query-input":{"@type":"PropertyValueSpecification","valueRequired":true,"valueName":"search_term_string"}}],"inLanguage":"en-US"},{"@type":"Organization","@id":"https:\/\/www.asf-quebec.org\/en\/#organization","name":"Architecture sans fronti\u00e8res Qu\u00e9bec (ASFQ)","url":"https:\/\/www.asf-quebec.org\/en\/","logo":{"@type":"ImageObject","inLanguage":"en-US","@id":"https:\/\/www.asf-quebec.org\/en\/#\/schema\/logo\/image\/","url":"https:\/\/www.asf-quebec.org\/wp-content\/uploads\/2019\/07\/Logo-asfq-retina.jpg","contentUrl":"https:\/\/www.asf-quebec.org\/wp-content\/uploads\/2019\/07\/Logo-asfq-retina.jpg","width":564,"height":219,"caption":"Architecture sans fronti\u00e8res Qu\u00e9bec (ASFQ)"},"image":{"@id":"https:\/\/www.asf-quebec.org\/en\/#\/schema\/logo\/image\/"},"sameAs":["https:\/\/www.facebook.com\/architecturesansfrontieres\/","https:\/\/www.instagram.com\/asfquebec\/","https:\/\/www.linkedin.com\/company\/asf-quebec\/"]},{"@type":"Person","@id":"https:\/\/www.asf-quebec.org\/en\/#\/schema\/person\/9655911da321e5e7c39708ae5de28d6a","name":"asf-quebec","image":{"@type":"ImageObject","inLanguage":"en-US","@id":"https:\/\/www.asf-quebec.org\/en\/#\/schema\/person\/image\/","url":"https:\/\/secure.gravatar.com\/avatar\/e855b116ca919b157a426c59781443a8d88f6c286252b6e0fed2bef83833541c?s=96&d=mm&r=g","contentUrl":"https:\/\/secure.gravatar.com\/avatar\/e855b116ca919b157a426c59781443a8d88f6c286252b6e0fed2bef83833541c?s=96&d=mm&r=g","caption":"asf-quebec"}}]}},"_links":{"self":[{"href":"https:\/\/www.asf-quebec.org\/en\/wp-json\/wp\/v2\/posts\/951263","targetHints":{"allow":["GET"]}}],"collection":[{"href":"https:\/\/www.asf-quebec.org\/en\/wp-json\/wp\/v2\/posts"}],"about":[{"href":"https:\/\/www.asf-quebec.org\/en\/wp-json\/wp\/v2\/types\/post"}],"author":[{"embeddable":true,"href":"https:\/\/www.asf-quebec.org\/en\/wp-json\/wp\/v2\/users\/2"}],"replies":[{"embeddable":true,"href":"https:\/\/www.asf-quebec.org\/en\/wp-json\/wp\/v2\/comments?post=951263"}],"version-history":[{"count":0,"href":"https:\/\/www.asf-quebec.org\/en\/wp-json\/wp\/v2\/posts\/951263\/revisions"}],"wp:featuredmedia":[{"embeddable":true,"href":"https:\/\/www.asf-quebec.org\/en\/wp-json\/wp\/v2\/media\/302311"}],"wp:attachment":[{"href":"https:\/\/www.asf-quebec.org\/en\/wp-json\/wp\/v2\/media?parent=951263"}],"wp:term":[{"taxonomy":"category","embeddable":true,"href":"https:\/\/www.asf-quebec.org\/en\/wp-json\/wp\/v2\/categories?post=951263"},{"taxonomy":"post_tag","embeddable":true,"href":"https:\/\/www.asf-quebec.org\/en\/wp-json\/wp\/v2\/tags?post=951263"}],"curies":[{"name":"wp","href":"https:\/\/api.w.org\/{rel}","templated":true}]}}