{"id":951261,"date":"2020-03-29T18:22:23","date_gmt":"2020-03-29T18:22:23","guid":{"rendered":"https:\/\/www.asf-quebec.org\/courrez-pour-asfq-lors-du-defi-caritatif-banque-scotia\/"},"modified":"2020-03-29T18:22:23","modified_gmt":"2020-03-29T18:22:23","slug":"courrez-pour-asfq-lors-du-defi-caritatif-banque-scotia","status":"publish","type":"post","link":"https:\/\/www.asf-quebec.org\/en\/courrez-pour-asfq-lors-du-defi-caritatif-banque-scotia\/","title":{"rendered":"<div><div class=\"portfolio-subtitle\">26-27 septembre<\/div>Courez pour ASFQ lors du D\u00e9fi caritatif Banque Scotia 2020<\/div>"},"content":{"rendered":"<div class=\"contentEditableContainer contentTextEditable\">\n<div class=\"contentEditable\">\n<div>Vous \u00eates sportif, un peu, beaucoup ou passionn\u00e9ment ? Les 26 et 27 septembre, participez au d\u00e9fi caritatif Banque Scotia. Venez courir, ou marcher, <strong>avec l\u2019\u00e9quipe de l\u2019<a href=\"https:\/\/www.oaq.com\/\">Ordre des Architectes du Qu\u00e9bec (OAQ)<\/a><\/strong>\u00a0sur une distance de\u00a0<strong>5K,10K, ou 21K<\/strong>, afin de lever des fonds\u00a0<strong>pour ASFQ<\/strong> !<\/div>\n<div><\/div>\n<div>Architectes ou non, vous \u00eates tous bienvenus! Et si vous pr\u00e9f\u00e9rez encourager que courir, d\u00e9couvrez qui sont nos valeureux-ses coureurs-ses et aidez-les \u00e0 atteindre leurs objectifs de lev\u00e9e de fonds !<\/div>\n<div>\n<p>Les enfants ont aussi leur course sur 1K \u2013 Avec les parents de 2 \u00e0 8 ans, et seuls pour les 9 \u00e0 13ans.Le principe ?\u00a0<a href=\"https:\/\/raceroster.com\/26578?aff=ZKWF5\">Enregistrez-vous ici\u00a0<\/a>pour la distance de votre choix, fixez en ligne un objectif de lev\u00e9e de fond, communiquez \u00e0 vos amis le lien ci-dessous.<\/p>\n<p>Pour appuyez nos intr\u00e9pides coureurs et coureuses : <a href=\"https:\/\/raceroster.com\/events\/2020\/26578\/banque-scotia-21k-de-montreal-2020\/pledge\/team\/236866\" target=\"_blank\" rel=\"noopener noreferrer\">Voyez la page de notre \u00e9quipe<\/a><\/p>\n<p>Initialement pr\u00e9vu les 25 et 26 avril, l&#8217;\u00e9v\u00e9nement a \u00e9t\u00e9 report\u00e9 les 26 et 27 septembre en raison de la crise de la COVID-19. Mais ce n\u2019est que partie remise, gardez le rythme, continuez les \u00e9tirements, \u00e0 la maison! Et continuez \u00e0 soutenir nos champions qui vont courir en septembre!<\/p>\n<p>Le D\u00e9fi Banque Scotia sera un jalon important pour soutenir notre lev\u00e9e de fonds et aider \u00e0 traverser cette ann\u00e9e marqu\u00e9e par la crise sanitaire et la crise \u00e9conomique qui s\u2019en suivra. Nous remercions celles et ceux qui se sont joints au D\u00e9fi. \u00c0 tous les employ\u00e9s de l&#8217;OAQ, du Fonds de l&#8217;OAQ et les personnes externes qui se sont ajout\u00e9es derni\u00e8rement, merci de votre solidarit\u00e9.<\/p>\n<\/div>\n<\/div>\n<\/div>\n","protected":false},"excerpt":{"rendered":"<p>Vous \u00eates sportif, un peu, beaucoup ou passionn\u00e9ment ? Les <a href=\"https:\/\/www.asf-quebec.org\/en\/courrez-pour-asfq-lors-du-defi-caritatif-banque-scotia\/\"> [&#8230;]<\/a><\/p>\n","protected":false},"author":2,"featured_media":302315,"comment_status":"closed","ping_status":"closed","sticky":false,"template":"","format":"standard","meta":{"_acf_changed":false,"footnotes":""},"categories":[30],"tags":[],"class_list":["post-951261","post","type-post","status-publish","format-standard","has-post-thumbnail","hentry","category-uncategorized"],"acf":[],"yoast_head":"<!-- This site is optimized with the Yoast SEO plugin v26.8 - https:\/\/yoast.com\/product\/yoast-seo-wordpress\/ -->\n<title>Courez pour ASFQ lors du D\u00e9fi caritatif Banque Scotia 2020 - Architecture Sans Fronti\u00e8res Qu\u00e9bec %<\/title>\n<meta name=\"description\" content=\"Courez pour ASFQ lors du D\u00e9fi caritatif Banque Scotia 2020\" \/>\n<meta name=\"robots\" content=\"index, follow, max-snippet:-1, max-image-preview:large, max-video-preview:-1\" \/>\n<link rel=\"canonical\" href=\"https:\/\/www.asf-quebec.org\/en\/courrez-pour-asfq-lors-du-defi-caritatif-banque-scotia\/\" \/>\n<meta property=\"og:locale\" content=\"en_US\" \/>\n<meta property=\"og:type\" content=\"article\" \/>\n<meta property=\"og:title\" content=\"Courez pour ASFQ lors du D\u00e9fi caritatif Banque Scotia 2020 - Architecture Sans Fronti\u00e8res Qu\u00e9bec %\" \/>\n<meta property=\"og:description\" content=\"Courez pour ASFQ lors du D\u00e9fi caritatif Banque Scotia 2020\" \/>\n<meta property=\"og:url\" content=\"https:\/\/www.asf-quebec.org\/en\/courrez-pour-asfq-lors-du-defi-caritatif-banque-scotia\/\" \/>\n<meta property=\"og:site_name\" content=\"Architecture Sans Fronti\u00e8res Qu\u00e9bec\" \/>\n<meta property=\"article:publisher\" content=\"https:\/\/www.facebook.com\/architecturesansfrontieres\/\" \/>\n<meta property=\"article:published_time\" content=\"2020-03-29T18:22:23+00:00\" \/>\n<meta name=\"author\" content=\"asf-quebec\" \/>\n<meta name=\"twitter:card\" content=\"summary_large_image\" \/>\n<meta name=\"twitter:label1\" content=\"Written by\" \/>\n\t<meta name=\"twitter:data1\" content=\"asf-quebec\" \/>\n\t<meta name=\"twitter:label2\" content=\"Est. reading time\" \/>\n\t<meta name=\"twitter:data2\" content=\"1 minute\" \/>\n<script type=\"application\/ld+json\" class=\"yoast-schema-graph\">{\"@context\":\"https:\/\/schema.org\",\"@graph\":[{\"@type\":\"Article\",\"@id\":\"https:\/\/www.asf-quebec.org\/en\/courrez-pour-asfq-lors-du-defi-caritatif-banque-scotia\/#article\",\"isPartOf\":{\"@id\":\"https:\/\/www.asf-quebec.org\/en\/courrez-pour-asfq-lors-du-defi-caritatif-banque-scotia\/\"},\"author\":{\"name\":\"asf-quebec\",\"@id\":\"https:\/\/www.asf-quebec.org\/en\/#\/schema\/person\/9655911da321e5e7c39708ae5de28d6a\"},\"headline\":\"26-27 septembre Courez pour ASFQ lors du D\u00e9fi caritatif Banque Scotia 2020\",\"datePublished\":\"2020-03-29T18:22:23+00:00\",\"mainEntityOfPage\":{\"@id\":\"https:\/\/www.asf-quebec.org\/en\/courrez-pour-asfq-lors-du-defi-caritatif-banque-scotia\/\"},\"wordCount\":274,\"publisher\":{\"@id\":\"https:\/\/www.asf-quebec.org\/en\/#organization\"},\"image\":{\"@id\":\"https:\/\/www.asf-quebec.org\/en\/courrez-pour-asfq-lors-du-defi-caritatif-banque-scotia\/#primaryimage\"},\"thumbnailUrl\":\"https:\/\/www.asf-quebec.org\/wp-content\/uploads\/2020\/03\/unnamed.jpg\",\"inLanguage\":\"en-US\"},{\"@type\":\"WebPage\",\"@id\":\"https:\/\/www.asf-quebec.org\/en\/courrez-pour-asfq-lors-du-defi-caritatif-banque-scotia\/\",\"url\":\"https:\/\/www.asf-quebec.org\/en\/courrez-pour-asfq-lors-du-defi-caritatif-banque-scotia\/\",\"name\":\"Courez pour ASFQ lors du D\u00e9fi caritatif Banque Scotia 2020 - Architecture Sans Fronti\u00e8res Qu\u00e9bec %\",\"isPartOf\":{\"@id\":\"https:\/\/www.asf-quebec.org\/en\/#website\"},\"primaryImageOfPage\":{\"@id\":\"https:\/\/www.asf-quebec.org\/en\/courrez-pour-asfq-lors-du-defi-caritatif-banque-scotia\/#primaryimage\"},\"image\":{\"@id\":\"https:\/\/www.asf-quebec.org\/en\/courrez-pour-asfq-lors-du-defi-caritatif-banque-scotia\/#primaryimage\"},\"thumbnailUrl\":\"https:\/\/www.asf-quebec.org\/wp-content\/uploads\/2020\/03\/unnamed.jpg\",\"datePublished\":\"2020-03-29T18:22:23+00:00\",\"description\":\"Courez pour ASFQ lors du D\u00e9fi caritatif Banque Scotia 2020\",\"breadcrumb\":{\"@id\":\"https:\/\/www.asf-quebec.org\/en\/courrez-pour-asfq-lors-du-defi-caritatif-banque-scotia\/#breadcrumb\"},\"inLanguage\":\"en-US\",\"potentialAction\":[{\"@type\":\"ReadAction\",\"target\":[\"https:\/\/www.asf-quebec.org\/en\/courrez-pour-asfq-lors-du-defi-caritatif-banque-scotia\/\"]}]},{\"@type\":\"ImageObject\",\"inLanguage\":\"en-US\",\"@id\":\"https:\/\/www.asf-quebec.org\/en\/courrez-pour-asfq-lors-du-defi-caritatif-banque-scotia\/#primaryimage\",\"url\":\"https:\/\/www.asf-quebec.org\/wp-content\/uploads\/2020\/03\/unnamed.jpg\",\"contentUrl\":\"https:\/\/www.asf-quebec.org\/wp-content\/uploads\/2020\/03\/unnamed.jpg\",\"width\":2777,\"height\":1404},{\"@type\":\"BreadcrumbList\",\"@id\":\"https:\/\/www.asf-quebec.org\/en\/courrez-pour-asfq-lors-du-defi-caritatif-banque-scotia\/#breadcrumb\",\"itemListElement\":[{\"@type\":\"ListItem\",\"position\":1,\"name\":\"Accueil\",\"item\":\"https:\/\/www.asf-quebec.org\/en\/\"},{\"@type\":\"ListItem\",\"position\":2,\"name\":\"Courez pour ASFQ lors du D\u00e9fi caritatif Banque Scotia 2020\"}]},{\"@type\":\"WebSite\",\"@id\":\"https:\/\/www.asf-quebec.org\/en\/#website\",\"url\":\"https:\/\/www.asf-quebec.org\/en\/\",\"name\":\"Architecture sans fronti\u00e8res Qu\u00e9bec\",\"description\":\"ASFQ\",\"publisher\":{\"@id\":\"https:\/\/www.asf-quebec.org\/en\/#organization\"},\"potentialAction\":[{\"@type\":\"SearchAction\",\"target\":{\"@type\":\"EntryPoint\",\"urlTemplate\":\"https:\/\/www.asf-quebec.org\/en\/?s={search_term_string}\"},\"query-input\":{\"@type\":\"PropertyValueSpecification\",\"valueRequired\":true,\"valueName\":\"search_term_string\"}}],\"inLanguage\":\"en-US\"},{\"@type\":\"Organization\",\"@id\":\"https:\/\/www.asf-quebec.org\/en\/#organization\",\"name\":\"Architecture sans fronti\u00e8res Qu\u00e9bec (ASFQ)\",\"url\":\"https:\/\/www.asf-quebec.org\/en\/\",\"logo\":{\"@type\":\"ImageObject\",\"inLanguage\":\"en-US\",\"@id\":\"https:\/\/www.asf-quebec.org\/en\/#\/schema\/logo\/image\/\",\"url\":\"https:\/\/www.asf-quebec.org\/wp-content\/uploads\/2019\/07\/Logo-asfq-retina.jpg\",\"contentUrl\":\"https:\/\/www.asf-quebec.org\/wp-content\/uploads\/2019\/07\/Logo-asfq-retina.jpg\",\"width\":564,\"height\":219,\"caption\":\"Architecture sans fronti\u00e8res Qu\u00e9bec (ASFQ)\"},\"image\":{\"@id\":\"https:\/\/www.asf-quebec.org\/en\/#\/schema\/logo\/image\/\"},\"sameAs\":[\"https:\/\/www.facebook.com\/architecturesansfrontieres\/\",\"https:\/\/www.instagram.com\/asfquebec\/\",\"https:\/\/www.linkedin.com\/company\/asf-quebec\/\"]},{\"@type\":\"Person\",\"@id\":\"https:\/\/www.asf-quebec.org\/en\/#\/schema\/person\/9655911da321e5e7c39708ae5de28d6a\",\"name\":\"asf-quebec\",\"image\":{\"@type\":\"ImageObject\",\"inLanguage\":\"en-US\",\"@id\":\"https:\/\/www.asf-quebec.org\/en\/#\/schema\/person\/image\/\",\"url\":\"https:\/\/secure.gravatar.com\/avatar\/e855b116ca919b157a426c59781443a8d88f6c286252b6e0fed2bef83833541c?s=96&d=mm&r=g\",\"contentUrl\":\"https:\/\/secure.gravatar.com\/avatar\/e855b116ca919b157a426c59781443a8d88f6c286252b6e0fed2bef83833541c?s=96&d=mm&r=g\",\"caption\":\"asf-quebec\"}}]}<\/script>\n<!-- \/ Yoast SEO plugin. -->","yoast_head_json":{"title":"Courez pour ASFQ lors du D\u00e9fi caritatif Banque Scotia 2020 - Architecture Sans Fronti\u00e8res Qu\u00e9bec %","description":"Courez pour ASFQ lors du D\u00e9fi caritatif Banque Scotia 2020","robots":{"index":"index","follow":"follow","max-snippet":"max-snippet:-1","max-image-preview":"max-image-preview:large","max-video-preview":"max-video-preview:-1"},"canonical":"https:\/\/www.asf-quebec.org\/en\/courrez-pour-asfq-lors-du-defi-caritatif-banque-scotia\/","og_locale":"en_US","og_type":"article","og_title":"Courez pour ASFQ lors du D\u00e9fi caritatif Banque Scotia 2020 - Architecture Sans Fronti\u00e8res Qu\u00e9bec %","og_description":"Courez pour ASFQ lors du D\u00e9fi caritatif Banque Scotia 2020","og_url":"https:\/\/www.asf-quebec.org\/en\/courrez-pour-asfq-lors-du-defi-caritatif-banque-scotia\/","og_site_name":"Architecture Sans Fronti\u00e8res Qu\u00e9bec","article_publisher":"https:\/\/www.facebook.com\/architecturesansfrontieres\/","article_published_time":"2020-03-29T18:22:23+00:00","author":"asf-quebec","twitter_card":"summary_large_image","twitter_misc":{"Written by":"asf-quebec","Est. reading time":"1 minute"},"schema":{"@context":"https:\/\/schema.org","@graph":[{"@type":"Article","@id":"https:\/\/www.asf-quebec.org\/en\/courrez-pour-asfq-lors-du-defi-caritatif-banque-scotia\/#article","isPartOf":{"@id":"https:\/\/www.asf-quebec.org\/en\/courrez-pour-asfq-lors-du-defi-caritatif-banque-scotia\/"},"author":{"name":"asf-quebec","@id":"https:\/\/www.asf-quebec.org\/en\/#\/schema\/person\/9655911da321e5e7c39708ae5de28d6a"},"headline":"26-27 septembre Courez pour ASFQ lors du D\u00e9fi caritatif Banque Scotia 2020","datePublished":"2020-03-29T18:22:23+00:00","mainEntityOfPage":{"@id":"https:\/\/www.asf-quebec.org\/en\/courrez-pour-asfq-lors-du-defi-caritatif-banque-scotia\/"},"wordCount":274,"publisher":{"@id":"https:\/\/www.asf-quebec.org\/en\/#organization"},"image":{"@id":"https:\/\/www.asf-quebec.org\/en\/courrez-pour-asfq-lors-du-defi-caritatif-banque-scotia\/#primaryimage"},"thumbnailUrl":"https:\/\/www.asf-quebec.org\/wp-content\/uploads\/2020\/03\/unnamed.jpg","inLanguage":"en-US"},{"@type":"WebPage","@id":"https:\/\/www.asf-quebec.org\/en\/courrez-pour-asfq-lors-du-defi-caritatif-banque-scotia\/","url":"https:\/\/www.asf-quebec.org\/en\/courrez-pour-asfq-lors-du-defi-caritatif-banque-scotia\/","name":"Courez pour ASFQ lors du D\u00e9fi caritatif Banque Scotia 2020 - Architecture Sans Fronti\u00e8res Qu\u00e9bec %","isPartOf":{"@id":"https:\/\/www.asf-quebec.org\/en\/#website"},"primaryImageOfPage":{"@id":"https:\/\/www.asf-quebec.org\/en\/courrez-pour-asfq-lors-du-defi-caritatif-banque-scotia\/#primaryimage"},"image":{"@id":"https:\/\/www.asf-quebec.org\/en\/courrez-pour-asfq-lors-du-defi-caritatif-banque-scotia\/#primaryimage"},"thumbnailUrl":"https:\/\/www.asf-quebec.org\/wp-content\/uploads\/2020\/03\/unnamed.jpg","datePublished":"2020-03-29T18:22:23+00:00","description":"Courez pour ASFQ lors du D\u00e9fi caritatif Banque Scotia 2020","breadcrumb":{"@id":"https:\/\/www.asf-quebec.org\/en\/courrez-pour-asfq-lors-du-defi-caritatif-banque-scotia\/#breadcrumb"},"inLanguage":"en-US","potentialAction":[{"@type":"ReadAction","target":["https:\/\/www.asf-quebec.org\/en\/courrez-pour-asfq-lors-du-defi-caritatif-banque-scotia\/"]}]},{"@type":"ImageObject","inLanguage":"en-US","@id":"https:\/\/www.asf-quebec.org\/en\/courrez-pour-asfq-lors-du-defi-caritatif-banque-scotia\/#primaryimage","url":"https:\/\/www.asf-quebec.org\/wp-content\/uploads\/2020\/03\/unnamed.jpg","contentUrl":"https:\/\/www.asf-quebec.org\/wp-content\/uploads\/2020\/03\/unnamed.jpg","width":2777,"height":1404},{"@type":"BreadcrumbList","@id":"https:\/\/www.asf-quebec.org\/en\/courrez-pour-asfq-lors-du-defi-caritatif-banque-scotia\/#breadcrumb","itemListElement":[{"@type":"ListItem","position":1,"name":"Accueil","item":"https:\/\/www.asf-quebec.org\/en\/"},{"@type":"ListItem","position":2,"name":"Courez pour ASFQ lors du D\u00e9fi caritatif Banque Scotia 2020"}]},{"@type":"WebSite","@id":"https:\/\/www.asf-quebec.org\/en\/#website","url":"https:\/\/www.asf-quebec.org\/en\/","name":"Architecture sans fronti\u00e8res Qu\u00e9bec","description":"ASFQ","publisher":{"@id":"https:\/\/www.asf-quebec.org\/en\/#organization"},"potentialAction":[{"@type":"SearchAction","target":{"@type":"EntryPoint","urlTemplate":"https:\/\/www.asf-quebec.org\/en\/?s={search_term_string}"},"query-input":{"@type":"PropertyValueSpecification","valueRequired":true,"valueName":"search_term_string"}}],"inLanguage":"en-US"},{"@type":"Organization","@id":"https:\/\/www.asf-quebec.org\/en\/#organization","name":"Architecture sans fronti\u00e8res Qu\u00e9bec (ASFQ)","url":"https:\/\/www.asf-quebec.org\/en\/","logo":{"@type":"ImageObject","inLanguage":"en-US","@id":"https:\/\/www.asf-quebec.org\/en\/#\/schema\/logo\/image\/","url":"https:\/\/www.asf-quebec.org\/wp-content\/uploads\/2019\/07\/Logo-asfq-retina.jpg","contentUrl":"https:\/\/www.asf-quebec.org\/wp-content\/uploads\/2019\/07\/Logo-asfq-retina.jpg","width":564,"height":219,"caption":"Architecture sans fronti\u00e8res Qu\u00e9bec (ASFQ)"},"image":{"@id":"https:\/\/www.asf-quebec.org\/en\/#\/schema\/logo\/image\/"},"sameAs":["https:\/\/www.facebook.com\/architecturesansfrontieres\/","https:\/\/www.instagram.com\/asfquebec\/","https:\/\/www.linkedin.com\/company\/asf-quebec\/"]},{"@type":"Person","@id":"https:\/\/www.asf-quebec.org\/en\/#\/schema\/person\/9655911da321e5e7c39708ae5de28d6a","name":"asf-quebec","image":{"@type":"ImageObject","inLanguage":"en-US","@id":"https:\/\/www.asf-quebec.org\/en\/#\/schema\/person\/image\/","url":"https:\/\/secure.gravatar.com\/avatar\/e855b116ca919b157a426c59781443a8d88f6c286252b6e0fed2bef83833541c?s=96&d=mm&r=g","contentUrl":"https:\/\/secure.gravatar.com\/avatar\/e855b116ca919b157a426c59781443a8d88f6c286252b6e0fed2bef83833541c?s=96&d=mm&r=g","caption":"asf-quebec"}}]}},"_links":{"self":[{"href":"https:\/\/www.asf-quebec.org\/en\/wp-json\/wp\/v2\/posts\/951261","targetHints":{"allow":["GET"]}}],"collection":[{"href":"https:\/\/www.asf-quebec.org\/en\/wp-json\/wp\/v2\/posts"}],"about":[{"href":"https:\/\/www.asf-quebec.org\/en\/wp-json\/wp\/v2\/types\/post"}],"author":[{"embeddable":true,"href":"https:\/\/www.asf-quebec.org\/en\/wp-json\/wp\/v2\/users\/2"}],"replies":[{"embeddable":true,"href":"https:\/\/www.asf-quebec.org\/en\/wp-json\/wp\/v2\/comments?post=951261"}],"version-history":[{"count":0,"href":"https:\/\/www.asf-quebec.org\/en\/wp-json\/wp\/v2\/posts\/951261\/revisions"}],"wp:featuredmedia":[{"embeddable":true,"href":"https:\/\/www.asf-quebec.org\/en\/wp-json\/wp\/v2\/media\/302315"}],"wp:attachment":[{"href":"https:\/\/www.asf-quebec.org\/en\/wp-json\/wp\/v2\/media?parent=951261"}],"wp:term":[{"taxonomy":"category","embeddable":true,"href":"https:\/\/www.asf-quebec.org\/en\/wp-json\/wp\/v2\/categories?post=951261"},{"taxonomy":"post_tag","embeddable":true,"href":"https:\/\/www.asf-quebec.org\/en\/wp-json\/wp\/v2\/tags?post=951261"}],"curies":[{"name":"wp","href":"https:\/\/api.w.org\/{rel}","templated":true}]}}