{"id":951258,"date":"2020-04-22T00:11:29","date_gmt":"2020-04-22T00:11:29","guid":{"rendered":"https:\/\/www.asf-quebec.org\/appel-a-benevoles-amenagements-durgence-covid19\/"},"modified":"2020-04-22T00:11:29","modified_gmt":"2020-04-22T00:11:29","slug":"appel-a-benevoles-amenagements-durgence-covid19","status":"publish","type":"post","link":"https:\/\/www.asf-quebec.org\/en\/appel-a-benevoles-amenagements-durgence-covid19\/","title":{"rendered":"Appel \u00e0 b\u00e9n\u00e9voles \u2013 am\u00e9nagements d\u2019urgence COVID19"},"content":{"rendered":"<header class=\"post-header\">\n<div class=\"clear\">Rejoignez l\u2019\u00e9quipe de volontaire d\u2019Architecture Sans Fronti\u00e8res Qu\u00e9bec pour nous aider dans la lutte contre la propagation de la Covid19. Votre savoir-faire est utile pour le bien-\u00eatre de la communaut\u00e9 et pour contribuer, ensemble, \u00e0 un monde plus inclusif et plus rassurant.<\/div>\n<div><\/div>\n<div class=\"clear\"><b>Contexte<\/b><\/div>\n<\/header>\n<div class=\"gdlr-blog-content\">\n<p>En cette crise sanitaire, il est urgent d\u2019am\u00e9nager les espaces d\u2019accueil des personnes les plus d\u00e9favoris\u00e9es de Montr\u00e9al (organismes communautaires et petits commerces). C\u2019est pourquoi ASFQ mobilise une \u00e9quipe sp\u00e9cialis\u00e9e dans l\u2019am\u00e9nagement int\u00e9rieur d\u2019urgence. Le travail \u00e0 d\u00e9j\u00e0 commenc\u00e9 et nous anticipons un besoin important de volontaires motiv\u00e9s pour les prochaines semaines. Le travail se fera dans le respect des consignes de pr\u00e9vention : masque, gants, distanciation.<\/p>\n<p><b>Domaines d\u2019expertise recherch\u00e9s :\u00a0<\/b>am\u00e9nagement, design, construction<br \/>\n<b><br \/>\n<\/b><b>Aptitudes requises :<br \/>\n<\/b><\/p>\n<ul>\n<li>Travail manuel<\/li>\n<li>Esprit d\u2019\u00e9quipe<\/li>\n<li>Interaction avec d\u2019autres b\u00e9n\u00e9voles et le personnel des organismes b\u00e9n\u00e9ficiaires<\/li>\n<\/ul>\n<p><b>Disponibilit\u00e9s :<\/b><\/p>\n<ul>\n<li>Le jour en semaine<\/li>\n<li>\u00catre en mesure de se d\u00e9placer sur les lieux d\u2019intervention (Montr\u00e9al)<\/li>\n<\/ul>\n<p><strong>Pour devenir b\u00e9n\u00e9vole :\u00a0<a href=\"https:\/\/forms.gle\/Hz8wgjV3HfLYiVNN8\">remplissez le formulaire suivant.<\/a><\/strong><a href=\"https:\/\/forms.gle\/Hz8wgjV3HfLYiVNN8\"><strong><br \/>\n<\/strong><\/a><\/p>\n<p>Soyez des n\u00f4tres! Agissez maintenant, pour que le monde d\u2019apr\u00e8s la crise soit un monde meilleur !<\/p>\n<\/div>\n","protected":false},"excerpt":{"rendered":"<p>Rejoignez l\u2019\u00e9quipe de volontaire d\u2019Architecture Sans Fronti\u00e8res Qu\u00e9bec pour nous <a href=\"https:\/\/www.asf-quebec.org\/en\/appel-a-benevoles-amenagements-durgence-covid19\/\"> [&#8230;]<\/a><\/p>\n","protected":false},"author":2,"featured_media":302369,"comment_status":"closed","ping_status":"open","sticky":false,"template":"","format":"standard","meta":{"_acf_changed":false,"footnotes":""},"categories":[37],"tags":[46],"class_list":["post-951258","post","type-post","status-publish","format-standard","has-post-thumbnail","hentry","category-news","tag-su-en"],"acf":[],"yoast_head":"<!-- This site is optimized with the Yoast SEO plugin v26.8 - https:\/\/yoast.com\/product\/yoast-seo-wordpress\/ -->\n<title>Appel \u00e0 b\u00e9n\u00e9voles \u2013 am\u00e9nagements d\u2019urgence COVID19 - Architecture Sans Fronti\u00e8res Qu\u00e9bec %<\/title>\n<meta name=\"description\" content=\"Appel \u00e0 b\u00e9n\u00e9voles \u2013 am\u00e9nagements d\u2019urgence COVID19\" \/>\n<meta name=\"robots\" content=\"index, follow, max-snippet:-1, max-image-preview:large, max-video-preview:-1\" \/>\n<link rel=\"canonical\" href=\"https:\/\/www.asf-quebec.org\/en\/appel-a-benevoles-amenagements-durgence-covid19\/\" \/>\n<meta property=\"og:locale\" content=\"en_US\" \/>\n<meta property=\"og:type\" content=\"article\" \/>\n<meta property=\"og:title\" content=\"Appel \u00e0 b\u00e9n\u00e9voles \u2013 am\u00e9nagements d\u2019urgence COVID19 - Architecture Sans Fronti\u00e8res Qu\u00e9bec %\" \/>\n<meta property=\"og:description\" content=\"Appel \u00e0 b\u00e9n\u00e9voles \u2013 am\u00e9nagements d\u2019urgence COVID19\" \/>\n<meta property=\"og:url\" content=\"https:\/\/www.asf-quebec.org\/en\/appel-a-benevoles-amenagements-durgence-covid19\/\" \/>\n<meta property=\"og:site_name\" content=\"Architecture Sans Fronti\u00e8res Qu\u00e9bec\" \/>\n<meta property=\"article:publisher\" content=\"https:\/\/www.facebook.com\/architecturesansfrontieres\/\" \/>\n<meta property=\"article:published_time\" content=\"2020-04-22T00:11:29+00:00\" \/>\n<meta name=\"author\" content=\"asf-quebec\" \/>\n<meta name=\"twitter:card\" content=\"summary_large_image\" \/>\n<meta name=\"twitter:label1\" content=\"Written by\" \/>\n\t<meta name=\"twitter:data1\" content=\"asf-quebec\" \/>\n\t<meta name=\"twitter:label2\" content=\"Est. reading time\" \/>\n\t<meta name=\"twitter:data2\" content=\"1 minute\" \/>\n<script type=\"application\/ld+json\" class=\"yoast-schema-graph\">{\"@context\":\"https:\/\/schema.org\",\"@graph\":[{\"@type\":\"Article\",\"@id\":\"https:\/\/www.asf-quebec.org\/en\/appel-a-benevoles-amenagements-durgence-covid19\/#article\",\"isPartOf\":{\"@id\":\"https:\/\/www.asf-quebec.org\/en\/appel-a-benevoles-amenagements-durgence-covid19\/\"},\"author\":{\"name\":\"asf-quebec\",\"@id\":\"https:\/\/www.asf-quebec.org\/en\/#\/schema\/person\/9655911da321e5e7c39708ae5de28d6a\"},\"headline\":\"Appel \u00e0 b\u00e9n\u00e9voles \u2013 am\u00e9nagements d\u2019urgence COVID19\",\"datePublished\":\"2020-04-22T00:11:29+00:00\",\"mainEntityOfPage\":{\"@id\":\"https:\/\/www.asf-quebec.org\/en\/appel-a-benevoles-amenagements-durgence-covid19\/\"},\"wordCount\":216,\"publisher\":{\"@id\":\"https:\/\/www.asf-quebec.org\/en\/#organization\"},\"image\":{\"@id\":\"https:\/\/www.asf-quebec.org\/en\/appel-a-benevoles-amenagements-durgence-covid19\/#primaryimage\"},\"thumbnailUrl\":\"https:\/\/www.asf-quebec.org\/wp-content\/uploads\/2020\/04\/Visuel-Appel-Be\u0301ne\u0301voles_site-06-750x330.jpg\",\"keywords\":[\"SU\"],\"articleSection\":[\"News\"],\"inLanguage\":\"en-US\"},{\"@type\":\"WebPage\",\"@id\":\"https:\/\/www.asf-quebec.org\/en\/appel-a-benevoles-amenagements-durgence-covid19\/\",\"url\":\"https:\/\/www.asf-quebec.org\/en\/appel-a-benevoles-amenagements-durgence-covid19\/\",\"name\":\"Appel \u00e0 b\u00e9n\u00e9voles \u2013 am\u00e9nagements d\u2019urgence COVID19 - Architecture Sans Fronti\u00e8res Qu\u00e9bec %\",\"isPartOf\":{\"@id\":\"https:\/\/www.asf-quebec.org\/en\/#website\"},\"primaryImageOfPage\":{\"@id\":\"https:\/\/www.asf-quebec.org\/en\/appel-a-benevoles-amenagements-durgence-covid19\/#primaryimage\"},\"image\":{\"@id\":\"https:\/\/www.asf-quebec.org\/en\/appel-a-benevoles-amenagements-durgence-covid19\/#primaryimage\"},\"thumbnailUrl\":\"https:\/\/www.asf-quebec.org\/wp-content\/uploads\/2020\/04\/Visuel-Appel-Be\u0301ne\u0301voles_site-06-750x330.jpg\",\"datePublished\":\"2020-04-22T00:11:29+00:00\",\"description\":\"Appel \u00e0 b\u00e9n\u00e9voles \u2013 am\u00e9nagements d\u2019urgence COVID19\",\"breadcrumb\":{\"@id\":\"https:\/\/www.asf-quebec.org\/en\/appel-a-benevoles-amenagements-durgence-covid19\/#breadcrumb\"},\"inLanguage\":\"en-US\",\"potentialAction\":[{\"@type\":\"ReadAction\",\"target\":[\"https:\/\/www.asf-quebec.org\/en\/appel-a-benevoles-amenagements-durgence-covid19\/\"]}]},{\"@type\":\"ImageObject\",\"inLanguage\":\"en-US\",\"@id\":\"https:\/\/www.asf-quebec.org\/en\/appel-a-benevoles-amenagements-durgence-covid19\/#primaryimage\",\"url\":\"https:\/\/www.asf-quebec.org\/wp-content\/uploads\/2020\/04\/Visuel-Appel-Be\u0301ne\u0301voles_site-06-750x330.jpg\",\"contentUrl\":\"https:\/\/www.asf-quebec.org\/wp-content\/uploads\/2020\/04\/Visuel-Appel-Be\u0301ne\u0301voles_site-06-750x330.jpg\",\"width\":750,\"height\":330},{\"@type\":\"BreadcrumbList\",\"@id\":\"https:\/\/www.asf-quebec.org\/en\/appel-a-benevoles-amenagements-durgence-covid19\/#breadcrumb\",\"itemListElement\":[{\"@type\":\"ListItem\",\"position\":1,\"name\":\"Accueil\",\"item\":\"https:\/\/www.asf-quebec.org\/en\/\"},{\"@type\":\"ListItem\",\"position\":2,\"name\":\"Appel \u00e0 b\u00e9n\u00e9voles \u2013 am\u00e9nagements d\u2019urgence COVID19\"}]},{\"@type\":\"WebSite\",\"@id\":\"https:\/\/www.asf-quebec.org\/en\/#website\",\"url\":\"https:\/\/www.asf-quebec.org\/en\/\",\"name\":\"Architecture sans fronti\u00e8res Qu\u00e9bec\",\"description\":\"ASFQ\",\"publisher\":{\"@id\":\"https:\/\/www.asf-quebec.org\/en\/#organization\"},\"potentialAction\":[{\"@type\":\"SearchAction\",\"target\":{\"@type\":\"EntryPoint\",\"urlTemplate\":\"https:\/\/www.asf-quebec.org\/en\/?s={search_term_string}\"},\"query-input\":{\"@type\":\"PropertyValueSpecification\",\"valueRequired\":true,\"valueName\":\"search_term_string\"}}],\"inLanguage\":\"en-US\"},{\"@type\":\"Organization\",\"@id\":\"https:\/\/www.asf-quebec.org\/en\/#organization\",\"name\":\"Architecture sans fronti\u00e8res Qu\u00e9bec (ASFQ)\",\"url\":\"https:\/\/www.asf-quebec.org\/en\/\",\"logo\":{\"@type\":\"ImageObject\",\"inLanguage\":\"en-US\",\"@id\":\"https:\/\/www.asf-quebec.org\/en\/#\/schema\/logo\/image\/\",\"url\":\"https:\/\/www.asf-quebec.org\/wp-content\/uploads\/2019\/07\/Logo-asfq-retina.jpg\",\"contentUrl\":\"https:\/\/www.asf-quebec.org\/wp-content\/uploads\/2019\/07\/Logo-asfq-retina.jpg\",\"width\":564,\"height\":219,\"caption\":\"Architecture sans fronti\u00e8res Qu\u00e9bec (ASFQ)\"},\"image\":{\"@id\":\"https:\/\/www.asf-quebec.org\/en\/#\/schema\/logo\/image\/\"},\"sameAs\":[\"https:\/\/www.facebook.com\/architecturesansfrontieres\/\",\"https:\/\/www.instagram.com\/asfquebec\/\",\"https:\/\/www.linkedin.com\/company\/asf-quebec\/\"]},{\"@type\":\"Person\",\"@id\":\"https:\/\/www.asf-quebec.org\/en\/#\/schema\/person\/9655911da321e5e7c39708ae5de28d6a\",\"name\":\"asf-quebec\",\"image\":{\"@type\":\"ImageObject\",\"inLanguage\":\"en-US\",\"@id\":\"https:\/\/www.asf-quebec.org\/en\/#\/schema\/person\/image\/\",\"url\":\"https:\/\/secure.gravatar.com\/avatar\/e855b116ca919b157a426c59781443a8d88f6c286252b6e0fed2bef83833541c?s=96&d=mm&r=g\",\"contentUrl\":\"https:\/\/secure.gravatar.com\/avatar\/e855b116ca919b157a426c59781443a8d88f6c286252b6e0fed2bef83833541c?s=96&d=mm&r=g\",\"caption\":\"asf-quebec\"}}]}<\/script>\n<!-- \/ Yoast SEO plugin. -->","yoast_head_json":{"title":"Appel \u00e0 b\u00e9n\u00e9voles \u2013 am\u00e9nagements d\u2019urgence COVID19 - Architecture Sans Fronti\u00e8res Qu\u00e9bec %","description":"Appel \u00e0 b\u00e9n\u00e9voles \u2013 am\u00e9nagements d\u2019urgence COVID19","robots":{"index":"index","follow":"follow","max-snippet":"max-snippet:-1","max-image-preview":"max-image-preview:large","max-video-preview":"max-video-preview:-1"},"canonical":"https:\/\/www.asf-quebec.org\/en\/appel-a-benevoles-amenagements-durgence-covid19\/","og_locale":"en_US","og_type":"article","og_title":"Appel \u00e0 b\u00e9n\u00e9voles \u2013 am\u00e9nagements d\u2019urgence COVID19 - Architecture Sans Fronti\u00e8res Qu\u00e9bec %","og_description":"Appel \u00e0 b\u00e9n\u00e9voles \u2013 am\u00e9nagements d\u2019urgence COVID19","og_url":"https:\/\/www.asf-quebec.org\/en\/appel-a-benevoles-amenagements-durgence-covid19\/","og_site_name":"Architecture Sans Fronti\u00e8res Qu\u00e9bec","article_publisher":"https:\/\/www.facebook.com\/architecturesansfrontieres\/","article_published_time":"2020-04-22T00:11:29+00:00","author":"asf-quebec","twitter_card":"summary_large_image","twitter_misc":{"Written by":"asf-quebec","Est. reading time":"1 minute"},"schema":{"@context":"https:\/\/schema.org","@graph":[{"@type":"Article","@id":"https:\/\/www.asf-quebec.org\/en\/appel-a-benevoles-amenagements-durgence-covid19\/#article","isPartOf":{"@id":"https:\/\/www.asf-quebec.org\/en\/appel-a-benevoles-amenagements-durgence-covid19\/"},"author":{"name":"asf-quebec","@id":"https:\/\/www.asf-quebec.org\/en\/#\/schema\/person\/9655911da321e5e7c39708ae5de28d6a"},"headline":"Appel \u00e0 b\u00e9n\u00e9voles \u2013 am\u00e9nagements d\u2019urgence COVID19","datePublished":"2020-04-22T00:11:29+00:00","mainEntityOfPage":{"@id":"https:\/\/www.asf-quebec.org\/en\/appel-a-benevoles-amenagements-durgence-covid19\/"},"wordCount":216,"publisher":{"@id":"https:\/\/www.asf-quebec.org\/en\/#organization"},"image":{"@id":"https:\/\/www.asf-quebec.org\/en\/appel-a-benevoles-amenagements-durgence-covid19\/#primaryimage"},"thumbnailUrl":"https:\/\/www.asf-quebec.org\/wp-content\/uploads\/2020\/04\/Visuel-Appel-Be\u0301ne\u0301voles_site-06-750x330.jpg","keywords":["SU"],"articleSection":["News"],"inLanguage":"en-US"},{"@type":"WebPage","@id":"https:\/\/www.asf-quebec.org\/en\/appel-a-benevoles-amenagements-durgence-covid19\/","url":"https:\/\/www.asf-quebec.org\/en\/appel-a-benevoles-amenagements-durgence-covid19\/","name":"Appel \u00e0 b\u00e9n\u00e9voles \u2013 am\u00e9nagements d\u2019urgence COVID19 - Architecture Sans Fronti\u00e8res Qu\u00e9bec %","isPartOf":{"@id":"https:\/\/www.asf-quebec.org\/en\/#website"},"primaryImageOfPage":{"@id":"https:\/\/www.asf-quebec.org\/en\/appel-a-benevoles-amenagements-durgence-covid19\/#primaryimage"},"image":{"@id":"https:\/\/www.asf-quebec.org\/en\/appel-a-benevoles-amenagements-durgence-covid19\/#primaryimage"},"thumbnailUrl":"https:\/\/www.asf-quebec.org\/wp-content\/uploads\/2020\/04\/Visuel-Appel-Be\u0301ne\u0301voles_site-06-750x330.jpg","datePublished":"2020-04-22T00:11:29+00:00","description":"Appel \u00e0 b\u00e9n\u00e9voles \u2013 am\u00e9nagements d\u2019urgence COVID19","breadcrumb":{"@id":"https:\/\/www.asf-quebec.org\/en\/appel-a-benevoles-amenagements-durgence-covid19\/#breadcrumb"},"inLanguage":"en-US","potentialAction":[{"@type":"ReadAction","target":["https:\/\/www.asf-quebec.org\/en\/appel-a-benevoles-amenagements-durgence-covid19\/"]}]},{"@type":"ImageObject","inLanguage":"en-US","@id":"https:\/\/www.asf-quebec.org\/en\/appel-a-benevoles-amenagements-durgence-covid19\/#primaryimage","url":"https:\/\/www.asf-quebec.org\/wp-content\/uploads\/2020\/04\/Visuel-Appel-Be\u0301ne\u0301voles_site-06-750x330.jpg","contentUrl":"https:\/\/www.asf-quebec.org\/wp-content\/uploads\/2020\/04\/Visuel-Appel-Be\u0301ne\u0301voles_site-06-750x330.jpg","width":750,"height":330},{"@type":"BreadcrumbList","@id":"https:\/\/www.asf-quebec.org\/en\/appel-a-benevoles-amenagements-durgence-covid19\/#breadcrumb","itemListElement":[{"@type":"ListItem","position":1,"name":"Accueil","item":"https:\/\/www.asf-quebec.org\/en\/"},{"@type":"ListItem","position":2,"name":"Appel \u00e0 b\u00e9n\u00e9voles \u2013 am\u00e9nagements d\u2019urgence COVID19"}]},{"@type":"WebSite","@id":"https:\/\/www.asf-quebec.org\/en\/#website","url":"https:\/\/www.asf-quebec.org\/en\/","name":"Architecture sans fronti\u00e8res Qu\u00e9bec","description":"ASFQ","publisher":{"@id":"https:\/\/www.asf-quebec.org\/en\/#organization"},"potentialAction":[{"@type":"SearchAction","target":{"@type":"EntryPoint","urlTemplate":"https:\/\/www.asf-quebec.org\/en\/?s={search_term_string}"},"query-input":{"@type":"PropertyValueSpecification","valueRequired":true,"valueName":"search_term_string"}}],"inLanguage":"en-US"},{"@type":"Organization","@id":"https:\/\/www.asf-quebec.org\/en\/#organization","name":"Architecture sans fronti\u00e8res Qu\u00e9bec (ASFQ)","url":"https:\/\/www.asf-quebec.org\/en\/","logo":{"@type":"ImageObject","inLanguage":"en-US","@id":"https:\/\/www.asf-quebec.org\/en\/#\/schema\/logo\/image\/","url":"https:\/\/www.asf-quebec.org\/wp-content\/uploads\/2019\/07\/Logo-asfq-retina.jpg","contentUrl":"https:\/\/www.asf-quebec.org\/wp-content\/uploads\/2019\/07\/Logo-asfq-retina.jpg","width":564,"height":219,"caption":"Architecture sans fronti\u00e8res Qu\u00e9bec (ASFQ)"},"image":{"@id":"https:\/\/www.asf-quebec.org\/en\/#\/schema\/logo\/image\/"},"sameAs":["https:\/\/www.facebook.com\/architecturesansfrontieres\/","https:\/\/www.instagram.com\/asfquebec\/","https:\/\/www.linkedin.com\/company\/asf-quebec\/"]},{"@type":"Person","@id":"https:\/\/www.asf-quebec.org\/en\/#\/schema\/person\/9655911da321e5e7c39708ae5de28d6a","name":"asf-quebec","image":{"@type":"ImageObject","inLanguage":"en-US","@id":"https:\/\/www.asf-quebec.org\/en\/#\/schema\/person\/image\/","url":"https:\/\/secure.gravatar.com\/avatar\/e855b116ca919b157a426c59781443a8d88f6c286252b6e0fed2bef83833541c?s=96&d=mm&r=g","contentUrl":"https:\/\/secure.gravatar.com\/avatar\/e855b116ca919b157a426c59781443a8d88f6c286252b6e0fed2bef83833541c?s=96&d=mm&r=g","caption":"asf-quebec"}}]}},"_links":{"self":[{"href":"https:\/\/www.asf-quebec.org\/en\/wp-json\/wp\/v2\/posts\/951258","targetHints":{"allow":["GET"]}}],"collection":[{"href":"https:\/\/www.asf-quebec.org\/en\/wp-json\/wp\/v2\/posts"}],"about":[{"href":"https:\/\/www.asf-quebec.org\/en\/wp-json\/wp\/v2\/types\/post"}],"author":[{"embeddable":true,"href":"https:\/\/www.asf-quebec.org\/en\/wp-json\/wp\/v2\/users\/2"}],"replies":[{"embeddable":true,"href":"https:\/\/www.asf-quebec.org\/en\/wp-json\/wp\/v2\/comments?post=951258"}],"version-history":[{"count":0,"href":"https:\/\/www.asf-quebec.org\/en\/wp-json\/wp\/v2\/posts\/951258\/revisions"}],"wp:featuredmedia":[{"embeddable":true,"href":"https:\/\/www.asf-quebec.org\/en\/wp-json\/wp\/v2\/media\/302369"}],"wp:attachment":[{"href":"https:\/\/www.asf-quebec.org\/en\/wp-json\/wp\/v2\/media?parent=951258"}],"wp:term":[{"taxonomy":"category","embeddable":true,"href":"https:\/\/www.asf-quebec.org\/en\/wp-json\/wp\/v2\/categories?post=951258"},{"taxonomy":"post_tag","embeddable":true,"href":"https:\/\/www.asf-quebec.org\/en\/wp-json\/wp\/v2\/tags?post=951258"}],"curies":[{"name":"wp","href":"https:\/\/api.w.org\/{rel}","templated":true}]}}