{"id":951257,"date":"2020-04-29T19:23:19","date_gmt":"2020-04-29T19:23:19","guid":{"rendered":"https:\/\/www.asf-quebec.org\/amenagement-anti-covid-19-du-pavillon-patricia-makenzie-de-la-mission-old-brewery\/"},"modified":"2020-04-29T19:23:19","modified_gmt":"2020-04-29T19:23:19","slug":"amenagement-anti-covid-19-du-pavillon-patricia-makenzie-de-la-mission-old-brewery","status":"publish","type":"post","link":"https:\/\/www.asf-quebec.org\/en\/amenagement-anti-covid-19-du-pavillon-patricia-makenzie-de-la-mission-old-brewery\/","title":{"rendered":"Am\u00e9nagement anti-COVID-19 du Pavillon Patricia Makenzie de la Mission Old Brewery"},"content":{"rendered":"<p>Un article de Cl\u00e9mentine Viel, r\u00e9dactrice b\u00e9n\u00e9vole.<\/p>\n<p><b>Le pavillon Patricia Mackenzie est un lieu d\u2019accueil d\u2019urgence d\u00e9di\u00e9 aux femmes \u00e0 Montr\u00e9al. <a href=\"https:\/\/www.missionoldbrewery.ca\/fr\/\">La Mission Old Brewery<\/a> existe depuis plus de 100 ans et s\u2019engage \u00e0 mettre fin \u00e0 l\u2019itin\u00e9rance chronique en accueillant pr\u00e8s de 600 femmes par an. Face \u00e0 la crise sanitaire du COVID-19, une \u00e9quipe de b\u00e9n\u00e9voles f\u00e9minine d\u2019ASFQ est intervenue afin d\u2019am\u00e9nager les lieux durant 6 jours.<\/b><\/p>\n<p><b>Des am\u00e9nagements d\u2019urgences durant cette crise sanitaire<\/b><\/p>\n<p><span style=\"font-weight: 400;\">Avec une capacit\u00e9 d\u2019accueil de 55 personnes, le pavillon a d\u00fb subir un certain nombre d\u2019am\u00e9nagement pour r\u00e9pondre aux exigences sanitaires minimales en cette crise du COVID-19. \u00abNous avons constat\u00e9 que le lieu n\u2019\u00e9tait pas adapt\u00e9 pour respecter de simples mesures de distanciations par exemple. ASFQ s\u2019est montr\u00e9 tr\u00e8s r\u00e9actif en venant nous pr\u00eater main forte afin de r\u00e9am\u00e9nager ces espaces.\u00bb <\/span><span style=\"font-weight: 400;\">En effet, 4 b\u00e9n\u00e9voles d\u2019<\/span><span style=\"font-weight: 400;\">ASFQ encadr\u00e9es par Maude Ledoux notre coordonnatrice de projet ont travaill\u00e9 avec l\u2019\u00e9quipe du Pavillon Patricia<\/span><span style=\"font-weight: 400;\"> Makenzie au r\u00e9am\u00e9nagement des dortoirs et \u00e0 la modification des \u00e9chelles des lits superpos\u00e9s afin d\u2019assurer la distanciation sociale ad\u00e9quate entre chaque lit, ceci afin de permettre une meilleure circulation des b\u00e9n\u00e9ficiaires. P<\/span><span style=\"font-weight: 400;\">our cela, il a fallu r\u00e9duire le nombre de lits et la capacit\u00e9 d\u2019accueil \u00e0 35 pour le respect des r\u00e8gles impos\u00e9es.<\/span><\/p>\n<p><b>\u00a0Une \u00e9quipe unie et de nouveaux b\u00e9n\u00e9voles<\/b><\/p>\n<p><span style=\"font-weight: 400;\">Le pavillon Patricia Mackenzie offre un accueil d\u2019urgence aux femmes. Les intervenants accompagnent les b\u00e9n\u00e9ficiaires dans une logique de r\u00e9insertion sociale.<\/span> <span style=\"font-weight: 400;\">L\u2019\u00e9quipe aux multiples comp\u00e9tences de Florence Portes, directrice du pavillon Mackenzie, est l\u2019\u00e9l\u00e9ment moteur de cette organisation. Au total, 28 personnes travaillent pour l\u2019organisation, avec pour but commun de trouver des portes de sortie \u00e0 l\u2019itin\u00e9rance selon chaque profil. \u00ab Positionner les femmes dans un objectif de r\u00e9insertion et y croire en m\u00eame temps qu\u2019elles, c\u2019est le c\u0153ur de notre mission \u00bb souligne Florence.<\/span><\/p>\n<p><span style=\"font-weight: 400;\">\u00ab Depuis le d\u00e9but de la pand\u00e9mie, de nombreux b\u00e9n\u00e9voles nous ont rejoint. Ces personnes qui sont dans l\u2019incapacit\u00e9 de travailler, profitent de cette p\u00e9riode pour offrir de leurs temps. Nous avons donc des enseignants, des ing\u00e9nieurs qui pr\u00e9parent le d\u00e9jeuner des femmes et c\u2019est une tr\u00e8s belle initiative de leurs parts. C\u2019est certain, on souhaite que la crise sanitaire s\u2019ach\u00e8ve mais en revanche, on a beaucoup de peine de voir nos nouveaux b\u00e9n\u00e9voles repartir &#8230; \u00bb<\/span><\/p>\n<p><b>Une r\u00e9elle vocation\u00a0\u00a0<\/b><\/p>\n<p><span style=\"font-weight: 400;\">Apr\u00e8s une carri\u00e8re de journaliste dans le milieu artistique montr\u00e9alais, Florence s\u2019est tout naturellement dirig\u00e9e vers le b\u00e9n\u00e9volat. Cela fait maintenant 20 ans qu\u2019elle s\u2019est engag\u00e9e en pla\u00e7ant l\u2019humain et les valeurs sociales au c\u0153ur de ses projets. En 2000, elle rejoignit l\u2019accueil Bonneau dans le cadre d\u2019un projet artistico-culturel avec le mus\u00e9e des Beaux-arts o\u00f9 elle travailla en collaboration avec 49 hommes en situation de vuln\u00e9rabilit\u00e9. Elle eut ensuite une opportunit\u00e9 pour la mission Old Brewery pour travailler au service aux femmes, qui la mena jusqu\u2019\u00e0 la direction du pavillon Patricia Mackenzie.<\/span><\/p>\n<p><b>Comment avez-vous connu ASFQ ?<\/b><\/p>\n<p><span style=\"font-weight: 400;\">\u00ab Je m\u2019int\u00e9resse \u00e0 l\u2019architecture depuis longtemps et consid\u00e8re d\u2019ailleurs qu\u2019elle fait partie int\u00e9grante de notre m\u00e9tier d\u2019intervention en contribuant \u00e0 la notion d\u2019accueil. Ayant supervis\u00e9 plusieurs projets de r\u00e9novation \u00e0 des fins d\u2019accueil d\u2019urgence \u00e0 Montr\u00e9al, je suis les diff\u00e9rentes interventions humanitaires internationales et intra-Qu\u00e9bec. J\u2019ai donc connu ASFQ par le biais des r\u00e9seaux sociaux qui interviennent sur ce type de projets. \u00bb<\/span><\/p>\n<p><span style=\"font-weight: 400;\">\u00a0<\/span><span style=\"font-weight: 400;\">ASFQ est fier d\u2019avoir particip\u00e9 \u00e0 cet am\u00e9nagement et au bien \u00eatre des b\u00e9n\u00e9ficiaires du Pavillon Makenzie. Nous remercions nos b\u00e9n\u00e9voles pour leur implication et leur r\u00e9activit\u00e9: Carolyne Fontaine, Claire Davenport, Florence Dostie, Amal Elhamdouchi.<\/span><\/p>\n<p>D\u00e9couvrez les photos dans <a href=\"https:\/\/www.facebook.com\/pg\/architecturesansfrontieres\/photos\/?tab=album&amp;album_id=10158307218328967\">notre album Facebook<\/a><\/p>\n<p><img decoding=\"async\" class=\"lazyload alignnone size-full wp-image-302395\" src=\"https:\/\/www.asf-quebec.org\/wp-content\/uploads\/2020\/04\/IMMM2.jpg\" data-orig-src=\"https:\/\/www.asf-quebec.org\/wp-content\/uploads\/2020\/04\/IMMM2.jpg\" alt=\"\" width=\"1512\" height=\"1285\" srcset=\"data:image\/svg+xml,%3Csvg%20xmlns%3D%27http%3A%2F%2Fwww.w3.org%2F2000%2Fsvg%27%20width%3D%271512%27%20height%3D%271285%27%20viewBox%3D%270%200%201512%201285%27%3E%3Crect%20width%3D%271512%27%20height%3D%271285%27%20fill-opacity%3D%220%22%2F%3E%3C%2Fsvg%3E\" data-srcset=\"https:\/\/www.asf-quebec.org\/wp-content\/uploads\/2020\/04\/IMMM2-200x170.jpg 200w, https:\/\/www.asf-quebec.org\/wp-content\/uploads\/2020\/04\/IMMM2-300x255.jpg 300w, https:\/\/www.asf-quebec.org\/wp-content\/uploads\/2020\/04\/IMMM2-400x340.jpg 400w, https:\/\/www.asf-quebec.org\/wp-content\/uploads\/2020\/04\/IMMM2-600x510.jpg 600w, https:\/\/www.asf-quebec.org\/wp-content\/uploads\/2020\/04\/IMMM2-768x653.jpg 768w, https:\/\/www.asf-quebec.org\/wp-content\/uploads\/2020\/04\/IMMM2-800x680.jpg 800w, https:\/\/www.asf-quebec.org\/wp-content\/uploads\/2020\/04\/IMMM2-1024x870.jpg 1024w, https:\/\/www.asf-quebec.org\/wp-content\/uploads\/2020\/04\/IMMM2-1200x1020.jpg 1200w, https:\/\/www.asf-quebec.org\/wp-content\/uploads\/2020\/04\/IMMM2.jpg 1512w\" data-sizes=\"auto\" data-orig-sizes=\"(max-width: 1512px) 100vw, 1512px\" \/> <img decoding=\"async\" class=\"lazyload alignnone size-full wp-image-302396\" src=\"https:\/\/www.asf-quebec.org\/wp-content\/uploads\/2020\/04\/Croquis-e\u0301chelle.jpg\" data-orig-src=\"https:\/\/www.asf-quebec.org\/wp-content\/uploads\/2020\/04\/Croquis-e\u0301chelle.jpg\" alt=\"\" width=\"2186\" height=\"1440\" srcset=\"data:image\/svg+xml,%3Csvg%20xmlns%3D%27http%3A%2F%2Fwww.w3.org%2F2000%2Fsvg%27%20width%3D%272186%27%20height%3D%271440%27%20viewBox%3D%270%200%202186%201440%27%3E%3Crect%20width%3D%272186%27%20height%3D%271440%27%20fill-opacity%3D%220%22%2F%3E%3C%2Fsvg%3E\" data-srcset=\"https:\/\/www.asf-quebec.org\/wp-content\/uploads\/2020\/04\/Croquis-e\u0301chelle-200x132.jpg 200w, https:\/\/www.asf-quebec.org\/wp-content\/uploads\/2020\/04\/Croquis-e\u0301chelle-300x198.jpg 300w, https:\/\/www.asf-quebec.org\/wp-content\/uploads\/2020\/04\/Croquis-e\u0301chelle-400x263.jpg 400w, https:\/\/www.asf-quebec.org\/wp-content\/uploads\/2020\/04\/Croquis-e\u0301chelle-600x395.jpg 600w, https:\/\/www.asf-quebec.org\/wp-content\/uploads\/2020\/04\/Croquis-e\u0301chelle-768x506.jpg 768w, https:\/\/www.asf-quebec.org\/wp-content\/uploads\/2020\/04\/Croquis-e\u0301chelle-800x527.jpg 800w, https:\/\/www.asf-quebec.org\/wp-content\/uploads\/2020\/04\/Croquis-e\u0301chelle-1024x675.jpg 1024w, https:\/\/www.asf-quebec.org\/wp-content\/uploads\/2020\/04\/Croquis-e\u0301chelle-1200x790.jpg 1200w, https:\/\/www.asf-quebec.org\/wp-content\/uploads\/2020\/04\/Croquis-e\u0301chelle.jpg 2186w\" data-sizes=\"auto\" data-orig-sizes=\"(max-width: 2186px) 100vw, 2186px\" \/><\/p>\n","protected":false},"excerpt":{"rendered":"<p>Un article de Cl\u00e9mentine Viel, r\u00e9dactrice b\u00e9n\u00e9vole. Le pavillon Patricia <a href=\"https:\/\/www.asf-quebec.org\/en\/amenagement-anti-covid-19-du-pavillon-patricia-makenzie-de-la-mission-old-brewery\/\"> [&#8230;]<\/a><\/p>\n","protected":false},"author":2,"featured_media":302394,"comment_status":"closed","ping_status":"open","sticky":false,"template":"","format":"standard","meta":{"_acf_changed":false,"footnotes":""},"categories":[37],"tags":[50,46],"class_list":["post-951257","post","type-post","status-publish","format-standard","has-post-thumbnail","hentry","category-news","tag-eb-en","tag-su-en"],"acf":[],"yoast_head":"<!-- This site is optimized with the Yoast SEO plugin v26.8 - https:\/\/yoast.com\/product\/yoast-seo-wordpress\/ -->\n<title>Am\u00e9nagement anti-COVID-19 du Pavillon Patricia Makenzie de la Mission Old Brewery - Architecture Sans Fronti\u00e8res Qu\u00e9bec %<\/title>\n<meta name=\"description\" content=\"Am\u00e9nagement anti-COVID-19 du Pavillon Patricia Makenzie de la Mission Old Brewery\" \/>\n<meta name=\"robots\" content=\"index, follow, max-snippet:-1, max-image-preview:large, max-video-preview:-1\" \/>\n<link rel=\"canonical\" href=\"https:\/\/www.asf-quebec.org\/en\/amenagement-anti-covid-19-du-pavillon-patricia-makenzie-de-la-mission-old-brewery\/\" \/>\n<meta property=\"og:locale\" content=\"en_US\" \/>\n<meta property=\"og:type\" content=\"article\" \/>\n<meta property=\"og:title\" content=\"Am\u00e9nagement anti-COVID-19 du Pavillon Patricia Makenzie de la Mission Old Brewery - Architecture Sans Fronti\u00e8res Qu\u00e9bec %\" \/>\n<meta property=\"og:description\" content=\"Am\u00e9nagement anti-COVID-19 du Pavillon Patricia Makenzie de la Mission Old Brewery\" \/>\n<meta property=\"og:url\" content=\"https:\/\/www.asf-quebec.org\/en\/amenagement-anti-covid-19-du-pavillon-patricia-makenzie-de-la-mission-old-brewery\/\" \/>\n<meta property=\"og:site_name\" content=\"Architecture Sans Fronti\u00e8res Qu\u00e9bec\" \/>\n<meta property=\"article:publisher\" content=\"https:\/\/www.facebook.com\/architecturesansfrontieres\/\" \/>\n<meta property=\"article:published_time\" content=\"2020-04-29T19:23:19+00:00\" \/>\n<meta property=\"og:image\" content=\"https:\/\/www.asf-quebec.org\/wp-content\/uploads\/2020\/04\/IMMM2.jpg\" \/>\n<meta name=\"author\" content=\"asf-quebec\" \/>\n<meta name=\"twitter:card\" content=\"summary_large_image\" \/>\n<meta name=\"twitter:label1\" content=\"Written by\" \/>\n\t<meta name=\"twitter:data1\" content=\"asf-quebec\" \/>\n\t<meta name=\"twitter:label2\" content=\"Est. reading time\" \/>\n\t<meta name=\"twitter:data2\" content=\"3 minutes\" \/>\n<script type=\"application\/ld+json\" class=\"yoast-schema-graph\">{\"@context\":\"https:\/\/schema.org\",\"@graph\":[{\"@type\":\"Article\",\"@id\":\"https:\/\/www.asf-quebec.org\/en\/amenagement-anti-covid-19-du-pavillon-patricia-makenzie-de-la-mission-old-brewery\/#article\",\"isPartOf\":{\"@id\":\"https:\/\/www.asf-quebec.org\/en\/amenagement-anti-covid-19-du-pavillon-patricia-makenzie-de-la-mission-old-brewery\/\"},\"author\":{\"name\":\"asf-quebec\",\"@id\":\"https:\/\/www.asf-quebec.org\/en\/#\/schema\/person\/9655911da321e5e7c39708ae5de28d6a\"},\"headline\":\"Am\u00e9nagement anti-COVID-19 du Pavillon Patricia Makenzie de la Mission Old Brewery\",\"datePublished\":\"2020-04-29T19:23:19+00:00\",\"mainEntityOfPage\":{\"@id\":\"https:\/\/www.asf-quebec.org\/en\/amenagement-anti-covid-19-du-pavillon-patricia-makenzie-de-la-mission-old-brewery\/\"},\"wordCount\":695,\"publisher\":{\"@id\":\"https:\/\/www.asf-quebec.org\/en\/#organization\"},\"image\":{\"@id\":\"https:\/\/www.asf-quebec.org\/en\/amenagement-anti-covid-19-du-pavillon-patricia-makenzie-de-la-mission-old-brewery\/#primaryimage\"},\"thumbnailUrl\":\"https:\/\/www.asf-quebec.org\/wp-content\/uploads\/2020\/04\/Pavillon-Makenzie_Murale.jpg\",\"keywords\":[\"EB\",\"SU\"],\"articleSection\":[\"News\"],\"inLanguage\":\"en-US\"},{\"@type\":\"WebPage\",\"@id\":\"https:\/\/www.asf-quebec.org\/en\/amenagement-anti-covid-19-du-pavillon-patricia-makenzie-de-la-mission-old-brewery\/\",\"url\":\"https:\/\/www.asf-quebec.org\/en\/amenagement-anti-covid-19-du-pavillon-patricia-makenzie-de-la-mission-old-brewery\/\",\"name\":\"Am\u00e9nagement anti-COVID-19 du Pavillon Patricia Makenzie de la Mission Old Brewery - Architecture Sans Fronti\u00e8res Qu\u00e9bec %\",\"isPartOf\":{\"@id\":\"https:\/\/www.asf-quebec.org\/en\/#website\"},\"primaryImageOfPage\":{\"@id\":\"https:\/\/www.asf-quebec.org\/en\/amenagement-anti-covid-19-du-pavillon-patricia-makenzie-de-la-mission-old-brewery\/#primaryimage\"},\"image\":{\"@id\":\"https:\/\/www.asf-quebec.org\/en\/amenagement-anti-covid-19-du-pavillon-patricia-makenzie-de-la-mission-old-brewery\/#primaryimage\"},\"thumbnailUrl\":\"https:\/\/www.asf-quebec.org\/wp-content\/uploads\/2020\/04\/Pavillon-Makenzie_Murale.jpg\",\"datePublished\":\"2020-04-29T19:23:19+00:00\",\"description\":\"Am\u00e9nagement anti-COVID-19 du Pavillon Patricia Makenzie de la Mission Old Brewery\",\"breadcrumb\":{\"@id\":\"https:\/\/www.asf-quebec.org\/en\/amenagement-anti-covid-19-du-pavillon-patricia-makenzie-de-la-mission-old-brewery\/#breadcrumb\"},\"inLanguage\":\"en-US\",\"potentialAction\":[{\"@type\":\"ReadAction\",\"target\":[\"https:\/\/www.asf-quebec.org\/en\/amenagement-anti-covid-19-du-pavillon-patricia-makenzie-de-la-mission-old-brewery\/\"]}]},{\"@type\":\"ImageObject\",\"inLanguage\":\"en-US\",\"@id\":\"https:\/\/www.asf-quebec.org\/en\/amenagement-anti-covid-19-du-pavillon-patricia-makenzie-de-la-mission-old-brewery\/#primaryimage\",\"url\":\"https:\/\/www.asf-quebec.org\/wp-content\/uploads\/2020\/04\/Pavillon-Makenzie_Murale.jpg\",\"contentUrl\":\"https:\/\/www.asf-quebec.org\/wp-content\/uploads\/2020\/04\/Pavillon-Makenzie_Murale.jpg\",\"width\":1496,\"height\":550},{\"@type\":\"BreadcrumbList\",\"@id\":\"https:\/\/www.asf-quebec.org\/en\/amenagement-anti-covid-19-du-pavillon-patricia-makenzie-de-la-mission-old-brewery\/#breadcrumb\",\"itemListElement\":[{\"@type\":\"ListItem\",\"position\":1,\"name\":\"Accueil\",\"item\":\"https:\/\/www.asf-quebec.org\/en\/\"},{\"@type\":\"ListItem\",\"position\":2,\"name\":\"Am\u00e9nagement anti-COVID-19 du Pavillon Patricia Makenzie de la Mission Old Brewery\"}]},{\"@type\":\"WebSite\",\"@id\":\"https:\/\/www.asf-quebec.org\/en\/#website\",\"url\":\"https:\/\/www.asf-quebec.org\/en\/\",\"name\":\"Architecture sans fronti\u00e8res Qu\u00e9bec\",\"description\":\"ASFQ\",\"publisher\":{\"@id\":\"https:\/\/www.asf-quebec.org\/en\/#organization\"},\"potentialAction\":[{\"@type\":\"SearchAction\",\"target\":{\"@type\":\"EntryPoint\",\"urlTemplate\":\"https:\/\/www.asf-quebec.org\/en\/?s={search_term_string}\"},\"query-input\":{\"@type\":\"PropertyValueSpecification\",\"valueRequired\":true,\"valueName\":\"search_term_string\"}}],\"inLanguage\":\"en-US\"},{\"@type\":\"Organization\",\"@id\":\"https:\/\/www.asf-quebec.org\/en\/#organization\",\"name\":\"Architecture sans fronti\u00e8res Qu\u00e9bec (ASFQ)\",\"url\":\"https:\/\/www.asf-quebec.org\/en\/\",\"logo\":{\"@type\":\"ImageObject\",\"inLanguage\":\"en-US\",\"@id\":\"https:\/\/www.asf-quebec.org\/en\/#\/schema\/logo\/image\/\",\"url\":\"https:\/\/www.asf-quebec.org\/wp-content\/uploads\/2019\/07\/Logo-asfq-retina.jpg\",\"contentUrl\":\"https:\/\/www.asf-quebec.org\/wp-content\/uploads\/2019\/07\/Logo-asfq-retina.jpg\",\"width\":564,\"height\":219,\"caption\":\"Architecture sans fronti\u00e8res Qu\u00e9bec (ASFQ)\"},\"image\":{\"@id\":\"https:\/\/www.asf-quebec.org\/en\/#\/schema\/logo\/image\/\"},\"sameAs\":[\"https:\/\/www.facebook.com\/architecturesansfrontieres\/\",\"https:\/\/www.instagram.com\/asfquebec\/\",\"https:\/\/www.linkedin.com\/company\/asf-quebec\/\"]},{\"@type\":\"Person\",\"@id\":\"https:\/\/www.asf-quebec.org\/en\/#\/schema\/person\/9655911da321e5e7c39708ae5de28d6a\",\"name\":\"asf-quebec\",\"image\":{\"@type\":\"ImageObject\",\"inLanguage\":\"en-US\",\"@id\":\"https:\/\/www.asf-quebec.org\/en\/#\/schema\/person\/image\/\",\"url\":\"https:\/\/secure.gravatar.com\/avatar\/e855b116ca919b157a426c59781443a8d88f6c286252b6e0fed2bef83833541c?s=96&d=mm&r=g\",\"contentUrl\":\"https:\/\/secure.gravatar.com\/avatar\/e855b116ca919b157a426c59781443a8d88f6c286252b6e0fed2bef83833541c?s=96&d=mm&r=g\",\"caption\":\"asf-quebec\"}}]}<\/script>\n<!-- \/ Yoast SEO plugin. -->","yoast_head_json":{"title":"Am\u00e9nagement anti-COVID-19 du Pavillon Patricia Makenzie de la Mission Old Brewery - Architecture Sans Fronti\u00e8res Qu\u00e9bec %","description":"Am\u00e9nagement anti-COVID-19 du Pavillon Patricia Makenzie de la Mission Old Brewery","robots":{"index":"index","follow":"follow","max-snippet":"max-snippet:-1","max-image-preview":"max-image-preview:large","max-video-preview":"max-video-preview:-1"},"canonical":"https:\/\/www.asf-quebec.org\/en\/amenagement-anti-covid-19-du-pavillon-patricia-makenzie-de-la-mission-old-brewery\/","og_locale":"en_US","og_type":"article","og_title":"Am\u00e9nagement anti-COVID-19 du Pavillon Patricia Makenzie de la Mission Old Brewery - Architecture Sans Fronti\u00e8res Qu\u00e9bec %","og_description":"Am\u00e9nagement anti-COVID-19 du Pavillon Patricia Makenzie de la Mission Old Brewery","og_url":"https:\/\/www.asf-quebec.org\/en\/amenagement-anti-covid-19-du-pavillon-patricia-makenzie-de-la-mission-old-brewery\/","og_site_name":"Architecture Sans Fronti\u00e8res Qu\u00e9bec","article_publisher":"https:\/\/www.facebook.com\/architecturesansfrontieres\/","article_published_time":"2020-04-29T19:23:19+00:00","og_image":[{"url":"https:\/\/www.asf-quebec.org\/wp-content\/uploads\/2020\/04\/IMMM2.jpg","type":"","width":"","height":""}],"author":"asf-quebec","twitter_card":"summary_large_image","twitter_misc":{"Written by":"asf-quebec","Est. reading time":"3 minutes"},"schema":{"@context":"https:\/\/schema.org","@graph":[{"@type":"Article","@id":"https:\/\/www.asf-quebec.org\/en\/amenagement-anti-covid-19-du-pavillon-patricia-makenzie-de-la-mission-old-brewery\/#article","isPartOf":{"@id":"https:\/\/www.asf-quebec.org\/en\/amenagement-anti-covid-19-du-pavillon-patricia-makenzie-de-la-mission-old-brewery\/"},"author":{"name":"asf-quebec","@id":"https:\/\/www.asf-quebec.org\/en\/#\/schema\/person\/9655911da321e5e7c39708ae5de28d6a"},"headline":"Am\u00e9nagement anti-COVID-19 du Pavillon Patricia Makenzie de la Mission Old Brewery","datePublished":"2020-04-29T19:23:19+00:00","mainEntityOfPage":{"@id":"https:\/\/www.asf-quebec.org\/en\/amenagement-anti-covid-19-du-pavillon-patricia-makenzie-de-la-mission-old-brewery\/"},"wordCount":695,"publisher":{"@id":"https:\/\/www.asf-quebec.org\/en\/#organization"},"image":{"@id":"https:\/\/www.asf-quebec.org\/en\/amenagement-anti-covid-19-du-pavillon-patricia-makenzie-de-la-mission-old-brewery\/#primaryimage"},"thumbnailUrl":"https:\/\/www.asf-quebec.org\/wp-content\/uploads\/2020\/04\/Pavillon-Makenzie_Murale.jpg","keywords":["EB","SU"],"articleSection":["News"],"inLanguage":"en-US"},{"@type":"WebPage","@id":"https:\/\/www.asf-quebec.org\/en\/amenagement-anti-covid-19-du-pavillon-patricia-makenzie-de-la-mission-old-brewery\/","url":"https:\/\/www.asf-quebec.org\/en\/amenagement-anti-covid-19-du-pavillon-patricia-makenzie-de-la-mission-old-brewery\/","name":"Am\u00e9nagement anti-COVID-19 du Pavillon Patricia Makenzie de la Mission Old Brewery - Architecture Sans Fronti\u00e8res Qu\u00e9bec %","isPartOf":{"@id":"https:\/\/www.asf-quebec.org\/en\/#website"},"primaryImageOfPage":{"@id":"https:\/\/www.asf-quebec.org\/en\/amenagement-anti-covid-19-du-pavillon-patricia-makenzie-de-la-mission-old-brewery\/#primaryimage"},"image":{"@id":"https:\/\/www.asf-quebec.org\/en\/amenagement-anti-covid-19-du-pavillon-patricia-makenzie-de-la-mission-old-brewery\/#primaryimage"},"thumbnailUrl":"https:\/\/www.asf-quebec.org\/wp-content\/uploads\/2020\/04\/Pavillon-Makenzie_Murale.jpg","datePublished":"2020-04-29T19:23:19+00:00","description":"Am\u00e9nagement anti-COVID-19 du Pavillon Patricia Makenzie de la Mission Old Brewery","breadcrumb":{"@id":"https:\/\/www.asf-quebec.org\/en\/amenagement-anti-covid-19-du-pavillon-patricia-makenzie-de-la-mission-old-brewery\/#breadcrumb"},"inLanguage":"en-US","potentialAction":[{"@type":"ReadAction","target":["https:\/\/www.asf-quebec.org\/en\/amenagement-anti-covid-19-du-pavillon-patricia-makenzie-de-la-mission-old-brewery\/"]}]},{"@type":"ImageObject","inLanguage":"en-US","@id":"https:\/\/www.asf-quebec.org\/en\/amenagement-anti-covid-19-du-pavillon-patricia-makenzie-de-la-mission-old-brewery\/#primaryimage","url":"https:\/\/www.asf-quebec.org\/wp-content\/uploads\/2020\/04\/Pavillon-Makenzie_Murale.jpg","contentUrl":"https:\/\/www.asf-quebec.org\/wp-content\/uploads\/2020\/04\/Pavillon-Makenzie_Murale.jpg","width":1496,"height":550},{"@type":"BreadcrumbList","@id":"https:\/\/www.asf-quebec.org\/en\/amenagement-anti-covid-19-du-pavillon-patricia-makenzie-de-la-mission-old-brewery\/#breadcrumb","itemListElement":[{"@type":"ListItem","position":1,"name":"Accueil","item":"https:\/\/www.asf-quebec.org\/en\/"},{"@type":"ListItem","position":2,"name":"Am\u00e9nagement anti-COVID-19 du Pavillon Patricia Makenzie de la Mission Old Brewery"}]},{"@type":"WebSite","@id":"https:\/\/www.asf-quebec.org\/en\/#website","url":"https:\/\/www.asf-quebec.org\/en\/","name":"Architecture sans fronti\u00e8res Qu\u00e9bec","description":"ASFQ","publisher":{"@id":"https:\/\/www.asf-quebec.org\/en\/#organization"},"potentialAction":[{"@type":"SearchAction","target":{"@type":"EntryPoint","urlTemplate":"https:\/\/www.asf-quebec.org\/en\/?s={search_term_string}"},"query-input":{"@type":"PropertyValueSpecification","valueRequired":true,"valueName":"search_term_string"}}],"inLanguage":"en-US"},{"@type":"Organization","@id":"https:\/\/www.asf-quebec.org\/en\/#organization","name":"Architecture sans fronti\u00e8res Qu\u00e9bec (ASFQ)","url":"https:\/\/www.asf-quebec.org\/en\/","logo":{"@type":"ImageObject","inLanguage":"en-US","@id":"https:\/\/www.asf-quebec.org\/en\/#\/schema\/logo\/image\/","url":"https:\/\/www.asf-quebec.org\/wp-content\/uploads\/2019\/07\/Logo-asfq-retina.jpg","contentUrl":"https:\/\/www.asf-quebec.org\/wp-content\/uploads\/2019\/07\/Logo-asfq-retina.jpg","width":564,"height":219,"caption":"Architecture sans fronti\u00e8res Qu\u00e9bec (ASFQ)"},"image":{"@id":"https:\/\/www.asf-quebec.org\/en\/#\/schema\/logo\/image\/"},"sameAs":["https:\/\/www.facebook.com\/architecturesansfrontieres\/","https:\/\/www.instagram.com\/asfquebec\/","https:\/\/www.linkedin.com\/company\/asf-quebec\/"]},{"@type":"Person","@id":"https:\/\/www.asf-quebec.org\/en\/#\/schema\/person\/9655911da321e5e7c39708ae5de28d6a","name":"asf-quebec","image":{"@type":"ImageObject","inLanguage":"en-US","@id":"https:\/\/www.asf-quebec.org\/en\/#\/schema\/person\/image\/","url":"https:\/\/secure.gravatar.com\/avatar\/e855b116ca919b157a426c59781443a8d88f6c286252b6e0fed2bef83833541c?s=96&d=mm&r=g","contentUrl":"https:\/\/secure.gravatar.com\/avatar\/e855b116ca919b157a426c59781443a8d88f6c286252b6e0fed2bef83833541c?s=96&d=mm&r=g","caption":"asf-quebec"}}]}},"_links":{"self":[{"href":"https:\/\/www.asf-quebec.org\/en\/wp-json\/wp\/v2\/posts\/951257","targetHints":{"allow":["GET"]}}],"collection":[{"href":"https:\/\/www.asf-quebec.org\/en\/wp-json\/wp\/v2\/posts"}],"about":[{"href":"https:\/\/www.asf-quebec.org\/en\/wp-json\/wp\/v2\/types\/post"}],"author":[{"embeddable":true,"href":"https:\/\/www.asf-quebec.org\/en\/wp-json\/wp\/v2\/users\/2"}],"replies":[{"embeddable":true,"href":"https:\/\/www.asf-quebec.org\/en\/wp-json\/wp\/v2\/comments?post=951257"}],"version-history":[{"count":0,"href":"https:\/\/www.asf-quebec.org\/en\/wp-json\/wp\/v2\/posts\/951257\/revisions"}],"wp:featuredmedia":[{"embeddable":true,"href":"https:\/\/www.asf-quebec.org\/en\/wp-json\/wp\/v2\/media\/302394"}],"wp:attachment":[{"href":"https:\/\/www.asf-quebec.org\/en\/wp-json\/wp\/v2\/media?parent=951257"}],"wp:term":[{"taxonomy":"category","embeddable":true,"href":"https:\/\/www.asf-quebec.org\/en\/wp-json\/wp\/v2\/categories?post=951257"},{"taxonomy":"post_tag","embeddable":true,"href":"https:\/\/www.asf-quebec.org\/en\/wp-json\/wp\/v2\/tags?post=951257"}],"curies":[{"name":"wp","href":"https:\/\/api.w.org\/{rel}","templated":true}]}}