{"id":951253,"date":"2020-05-04T19:06:17","date_gmt":"2020-05-04T19:06:17","guid":{"rendered":"https:\/\/www.asf-quebec.org\/offres-demplois-3-professionnels-recherches-a-montreal-projet-urgence-covid\/"},"modified":"2020-05-04T19:06:17","modified_gmt":"2020-05-04T19:06:17","slug":"offres-demplois-3-professionnels-recherches-a-montreal-projet-urgence-covid","status":"publish","type":"post","link":"https:\/\/www.asf-quebec.org\/en\/offres-demplois-3-professionnels-recherches-a-montreal-projet-urgence-covid\/","title":{"rendered":"Offres d\u2019emplois\u00a0: 3 professionnels recherch\u00e9s \u00e0 Montr\u00e9al \u2013 Projet Urgence COVID"},"content":{"rendered":"<p><em>Architecture sans fronti\u00e8res Qu\u00e9bec est \u00e0 la recherche de trois professionnels pr\u00eats \u00e0 s\u2019engager dans une d\u00e9marche de solidarit\u00e9 hors de l\u2019ordinaire pour lutter contre la COVID-19 et soutenir la relance \u00e9conomique de Montr\u00e9al.<\/em><\/p>\n<div class=\"gdlr-blog-content\">\n<p><strong>Postes offerts :<\/strong><\/p>\n<ol>\n<li><a href=\"https:\/\/www.asf-quebec.org\/wp-content\/uploads\/2020\/05\/200430-Offre-demploi-Charge%CC%81-de-projet-et-de-recherche-Urgence-COVID.pdf\" target=\"_blank\" rel=\"noopener noreferrer\">Charg\u00e9.e de projet et de recherche \u2013 Adaptation et d\u2019am\u00e9nagement anti-COVID<\/a><\/li>\n<li><a href=\"https:\/\/www.asf-quebec.org\/wp-content\/uploads\/2020\/05\/200430-Offre-demploi-Chef-du-soutien-technique-Urgence-COVID-1.pdf\" target=\"_blank\" rel=\"noopener noreferrer\">Professionnel.le de l\u2019architecture interm\u00e9diaire \u2013 Chef du soutien technique<\/a><\/li>\n<li><a href=\"https:\/\/www.asf-quebec.org\/wp-content\/uploads\/2020\/05\/200430-Offre-demploi-Adjoint-au-soutien-technique-Urgence-COVID.pdf\" target=\"_blank\" rel=\"noopener noreferrer\">Professionnel.le junior \u2013 Adjoint au soutien technique<\/a><\/li>\n<\/ol>\n<p><strong>Contexte des embauches<\/strong>\u00a0:<\/p>\n<p>Le projet Urgence-COVID consiste \u00e0 offrir aux petits commerces montr\u00e9alais un soutien technique pour l\u2019audit et l\u2019adaptation sanitaire de leurs espaces avec des r\u00e9am\u00e9nagements l\u00e9gers requis pour la sant\u00e9-s\u00e9curit\u00e9 du personnel et de la client\u00e8le. ASFQ offre d\u00e9j\u00e0 ce service depuis la fin mars \u00e0 des organismes communautaires affect\u00e9s par la crise. Le projet ci-pr\u00e9sent consiste \u00e0 continuer ce service en l\u2019\u00e9largissant aux petits commerces dans le besoin et en \u00e9laborant un guide d\u2019adaptation produit et diffus\u00e9 rapidement. Rendu possible gr\u00e2ce \u00e0 la contribution financi\u00e8re de la Ville de Montr\u00e9al afin d\u2019appuyer la relance \u00e9conomique, le projet sera r\u00e9alis\u00e9 en mode d\u2019urgence sur une dur\u00e9e pr\u00e9vue de 5 mois, soit de mai \u00e0 septembre. Pour op\u00e9rer ce service, ASFQ cherche \u00e0 embaucher d\u00e8s que possible 3 professionnels de l\u2019architecture qualifi\u00e9s et hautement motiv\u00e9s. L\u2019\u00e9quipe embauch\u00e9e pourra compter sur l\u2019appui de b\u00e9n\u00e9voles professionnels, qui pourront \u00eatre mobilis\u00e9 au besoin.<\/p>\n<p><strong>Pour postuler\u00a0:<\/strong><\/p>\n<p>Faites parvenir votre candidature en format PDF, avec les pi\u00e8ces jointes requises, \u00e0\u00a0<a href=\"mailto:dotation@asf-quebec.org\" target=\"_blank\" rel=\"noopener noreferrer\">dotation@asf-quebec.org<\/a>\u00a0avant lundi 11 mai 10h AM,\u00a0<u>en indiquant bien le titre du poste<\/u>\u00a0dans l\u2019objet de votre courriel.<\/p>\n<p>Toutes les candidatures seront \u00e9valu\u00e9es et seules les personnes retenues seront contact\u00e9es. Les entrevues auront lieu durant la semaine du 11 mai et l\u2019entr\u00e9e en poste pourrait avoir lieu d\u00e8s lieu la semaine suivante.<\/p>\n<\/div>\n","protected":false},"excerpt":{"rendered":"<p>Architecture sans fronti\u00e8res Qu\u00e9bec est \u00e0 la recherche de trois <a href=\"https:\/\/www.asf-quebec.org\/en\/offres-demplois-3-professionnels-recherches-a-montreal-projet-urgence-covid\/\"> [&#8230;]<\/a><\/p>\n","protected":false},"author":2,"featured_media":302403,"comment_status":"closed","ping_status":"open","sticky":false,"template":"","format":"standard","meta":{"_acf_changed":false,"footnotes":""},"categories":[37],"tags":[],"class_list":["post-951253","post","type-post","status-publish","format-standard","has-post-thumbnail","hentry","category-news"],"acf":[],"yoast_head":"<!-- This site is optimized with the Yoast SEO plugin v26.8 - https:\/\/yoast.com\/product\/yoast-seo-wordpress\/ -->\n<title>Offres d\u2019emplois\u00a0: 3 professionnels recherch\u00e9s \u00e0 Montr\u00e9al \u2013 Projet Urgence COVID - Architecture Sans Fronti\u00e8res Qu\u00e9bec %<\/title>\n<meta name=\"description\" content=\"Offres d\u2019emplois\u00a0: 3 professionnels recherch\u00e9s \u00e0 Montr\u00e9al \u2013 Projet Urgence COVID\" \/>\n<meta name=\"robots\" content=\"index, follow, max-snippet:-1, max-image-preview:large, max-video-preview:-1\" \/>\n<link rel=\"canonical\" href=\"https:\/\/www.asf-quebec.org\/en\/offres-demplois-3-professionnels-recherches-a-montreal-projet-urgence-covid\/\" \/>\n<meta property=\"og:locale\" content=\"en_US\" \/>\n<meta property=\"og:type\" content=\"article\" \/>\n<meta property=\"og:title\" content=\"Offres d\u2019emplois\u00a0: 3 professionnels recherch\u00e9s \u00e0 Montr\u00e9al \u2013 Projet Urgence COVID - Architecture Sans Fronti\u00e8res Qu\u00e9bec %\" \/>\n<meta property=\"og:description\" content=\"Offres d\u2019emplois\u00a0: 3 professionnels recherch\u00e9s \u00e0 Montr\u00e9al \u2013 Projet Urgence COVID\" \/>\n<meta property=\"og:url\" content=\"https:\/\/www.asf-quebec.org\/en\/offres-demplois-3-professionnels-recherches-a-montreal-projet-urgence-covid\/\" \/>\n<meta property=\"og:site_name\" content=\"Architecture Sans Fronti\u00e8res Qu\u00e9bec\" \/>\n<meta property=\"article:publisher\" content=\"https:\/\/www.facebook.com\/architecturesansfrontieres\/\" \/>\n<meta property=\"article:published_time\" content=\"2020-05-04T19:06:17+00:00\" \/>\n<meta name=\"author\" content=\"asf-quebec\" \/>\n<meta name=\"twitter:card\" content=\"summary_large_image\" \/>\n<meta name=\"twitter:label1\" content=\"Written by\" \/>\n\t<meta name=\"twitter:data1\" content=\"asf-quebec\" \/>\n\t<meta name=\"twitter:label2\" content=\"Est. reading time\" \/>\n\t<meta name=\"twitter:data2\" content=\"2 minutes\" \/>\n<script type=\"application\/ld+json\" class=\"yoast-schema-graph\">{\"@context\":\"https:\/\/schema.org\",\"@graph\":[{\"@type\":\"Article\",\"@id\":\"https:\/\/www.asf-quebec.org\/en\/offres-demplois-3-professionnels-recherches-a-montreal-projet-urgence-covid\/#article\",\"isPartOf\":{\"@id\":\"https:\/\/www.asf-quebec.org\/en\/offres-demplois-3-professionnels-recherches-a-montreal-projet-urgence-covid\/\"},\"author\":{\"name\":\"asf-quebec\",\"@id\":\"https:\/\/www.asf-quebec.org\/en\/#\/schema\/person\/9655911da321e5e7c39708ae5de28d6a\"},\"headline\":\"Offres d\u2019emplois\u00a0: 3 professionnels recherch\u00e9s \u00e0 Montr\u00e9al \u2013 Projet Urgence COVID\",\"datePublished\":\"2020-05-04T19:06:17+00:00\",\"mainEntityOfPage\":{\"@id\":\"https:\/\/www.asf-quebec.org\/en\/offres-demplois-3-professionnels-recherches-a-montreal-projet-urgence-covid\/\"},\"wordCount\":332,\"publisher\":{\"@id\":\"https:\/\/www.asf-quebec.org\/en\/#organization\"},\"image\":{\"@id\":\"https:\/\/www.asf-quebec.org\/en\/offres-demplois-3-professionnels-recherches-a-montreal-projet-urgence-covid\/#primaryimage\"},\"thumbnailUrl\":\"https:\/\/www.asf-quebec.org\/wp-content\/uploads\/2020\/05\/Visuel-offresEmploi_2BD-03.jpg\",\"articleSection\":[\"News\"],\"inLanguage\":\"en-US\"},{\"@type\":\"WebPage\",\"@id\":\"https:\/\/www.asf-quebec.org\/en\/offres-demplois-3-professionnels-recherches-a-montreal-projet-urgence-covid\/\",\"url\":\"https:\/\/www.asf-quebec.org\/en\/offres-demplois-3-professionnels-recherches-a-montreal-projet-urgence-covid\/\",\"name\":\"Offres d\u2019emplois\u00a0: 3 professionnels recherch\u00e9s \u00e0 Montr\u00e9al \u2013 Projet Urgence COVID - Architecture Sans Fronti\u00e8res Qu\u00e9bec %\",\"isPartOf\":{\"@id\":\"https:\/\/www.asf-quebec.org\/en\/#website\"},\"primaryImageOfPage\":{\"@id\":\"https:\/\/www.asf-quebec.org\/en\/offres-demplois-3-professionnels-recherches-a-montreal-projet-urgence-covid\/#primaryimage\"},\"image\":{\"@id\":\"https:\/\/www.asf-quebec.org\/en\/offres-demplois-3-professionnels-recherches-a-montreal-projet-urgence-covid\/#primaryimage\"},\"thumbnailUrl\":\"https:\/\/www.asf-quebec.org\/wp-content\/uploads\/2020\/05\/Visuel-offresEmploi_2BD-03.jpg\",\"datePublished\":\"2020-05-04T19:06:17+00:00\",\"description\":\"Offres d\u2019emplois\u00a0: 3 professionnels recherch\u00e9s \u00e0 Montr\u00e9al \u2013 Projet Urgence COVID\",\"breadcrumb\":{\"@id\":\"https:\/\/www.asf-quebec.org\/en\/offres-demplois-3-professionnels-recherches-a-montreal-projet-urgence-covid\/#breadcrumb\"},\"inLanguage\":\"en-US\",\"potentialAction\":[{\"@type\":\"ReadAction\",\"target\":[\"https:\/\/www.asf-quebec.org\/en\/offres-demplois-3-professionnels-recherches-a-montreal-projet-urgence-covid\/\"]}]},{\"@type\":\"ImageObject\",\"inLanguage\":\"en-US\",\"@id\":\"https:\/\/www.asf-quebec.org\/en\/offres-demplois-3-professionnels-recherches-a-montreal-projet-urgence-covid\/#primaryimage\",\"url\":\"https:\/\/www.asf-quebec.org\/wp-content\/uploads\/2020\/05\/Visuel-offresEmploi_2BD-03.jpg\",\"contentUrl\":\"https:\/\/www.asf-quebec.org\/wp-content\/uploads\/2020\/05\/Visuel-offresEmploi_2BD-03.jpg\",\"width\":3579,\"height\":1900},{\"@type\":\"BreadcrumbList\",\"@id\":\"https:\/\/www.asf-quebec.org\/en\/offres-demplois-3-professionnels-recherches-a-montreal-projet-urgence-covid\/#breadcrumb\",\"itemListElement\":[{\"@type\":\"ListItem\",\"position\":1,\"name\":\"Accueil\",\"item\":\"https:\/\/www.asf-quebec.org\/en\/\"},{\"@type\":\"ListItem\",\"position\":2,\"name\":\"Offres d\u2019emplois\u00a0: 3 professionnels recherch\u00e9s \u00e0 Montr\u00e9al \u2013 Projet Urgence COVID\"}]},{\"@type\":\"WebSite\",\"@id\":\"https:\/\/www.asf-quebec.org\/en\/#website\",\"url\":\"https:\/\/www.asf-quebec.org\/en\/\",\"name\":\"Architecture sans fronti\u00e8res Qu\u00e9bec\",\"description\":\"ASFQ\",\"publisher\":{\"@id\":\"https:\/\/www.asf-quebec.org\/en\/#organization\"},\"potentialAction\":[{\"@type\":\"SearchAction\",\"target\":{\"@type\":\"EntryPoint\",\"urlTemplate\":\"https:\/\/www.asf-quebec.org\/en\/?s={search_term_string}\"},\"query-input\":{\"@type\":\"PropertyValueSpecification\",\"valueRequired\":true,\"valueName\":\"search_term_string\"}}],\"inLanguage\":\"en-US\"},{\"@type\":\"Organization\",\"@id\":\"https:\/\/www.asf-quebec.org\/en\/#organization\",\"name\":\"Architecture sans fronti\u00e8res Qu\u00e9bec (ASFQ)\",\"url\":\"https:\/\/www.asf-quebec.org\/en\/\",\"logo\":{\"@type\":\"ImageObject\",\"inLanguage\":\"en-US\",\"@id\":\"https:\/\/www.asf-quebec.org\/en\/#\/schema\/logo\/image\/\",\"url\":\"https:\/\/www.asf-quebec.org\/wp-content\/uploads\/2019\/07\/Logo-asfq-retina.jpg\",\"contentUrl\":\"https:\/\/www.asf-quebec.org\/wp-content\/uploads\/2019\/07\/Logo-asfq-retina.jpg\",\"width\":564,\"height\":219,\"caption\":\"Architecture sans fronti\u00e8res Qu\u00e9bec (ASFQ)\"},\"image\":{\"@id\":\"https:\/\/www.asf-quebec.org\/en\/#\/schema\/logo\/image\/\"},\"sameAs\":[\"https:\/\/www.facebook.com\/architecturesansfrontieres\/\",\"https:\/\/www.instagram.com\/asfquebec\/\",\"https:\/\/www.linkedin.com\/company\/asf-quebec\/\"]},{\"@type\":\"Person\",\"@id\":\"https:\/\/www.asf-quebec.org\/en\/#\/schema\/person\/9655911da321e5e7c39708ae5de28d6a\",\"name\":\"asf-quebec\",\"image\":{\"@type\":\"ImageObject\",\"inLanguage\":\"en-US\",\"@id\":\"https:\/\/www.asf-quebec.org\/en\/#\/schema\/person\/image\/\",\"url\":\"https:\/\/secure.gravatar.com\/avatar\/e855b116ca919b157a426c59781443a8d88f6c286252b6e0fed2bef83833541c?s=96&d=mm&r=g\",\"contentUrl\":\"https:\/\/secure.gravatar.com\/avatar\/e855b116ca919b157a426c59781443a8d88f6c286252b6e0fed2bef83833541c?s=96&d=mm&r=g\",\"caption\":\"asf-quebec\"}}]}<\/script>\n<!-- \/ Yoast SEO plugin. -->","yoast_head_json":{"title":"Offres d\u2019emplois\u00a0: 3 professionnels recherch\u00e9s \u00e0 Montr\u00e9al \u2013 Projet Urgence COVID - Architecture Sans Fronti\u00e8res Qu\u00e9bec %","description":"Offres d\u2019emplois\u00a0: 3 professionnels recherch\u00e9s \u00e0 Montr\u00e9al \u2013 Projet Urgence COVID","robots":{"index":"index","follow":"follow","max-snippet":"max-snippet:-1","max-image-preview":"max-image-preview:large","max-video-preview":"max-video-preview:-1"},"canonical":"https:\/\/www.asf-quebec.org\/en\/offres-demplois-3-professionnels-recherches-a-montreal-projet-urgence-covid\/","og_locale":"en_US","og_type":"article","og_title":"Offres d\u2019emplois\u00a0: 3 professionnels recherch\u00e9s \u00e0 Montr\u00e9al \u2013 Projet Urgence COVID - Architecture Sans Fronti\u00e8res Qu\u00e9bec %","og_description":"Offres d\u2019emplois\u00a0: 3 professionnels recherch\u00e9s \u00e0 Montr\u00e9al \u2013 Projet Urgence COVID","og_url":"https:\/\/www.asf-quebec.org\/en\/offres-demplois-3-professionnels-recherches-a-montreal-projet-urgence-covid\/","og_site_name":"Architecture Sans Fronti\u00e8res Qu\u00e9bec","article_publisher":"https:\/\/www.facebook.com\/architecturesansfrontieres\/","article_published_time":"2020-05-04T19:06:17+00:00","author":"asf-quebec","twitter_card":"summary_large_image","twitter_misc":{"Written by":"asf-quebec","Est. reading time":"2 minutes"},"schema":{"@context":"https:\/\/schema.org","@graph":[{"@type":"Article","@id":"https:\/\/www.asf-quebec.org\/en\/offres-demplois-3-professionnels-recherches-a-montreal-projet-urgence-covid\/#article","isPartOf":{"@id":"https:\/\/www.asf-quebec.org\/en\/offres-demplois-3-professionnels-recherches-a-montreal-projet-urgence-covid\/"},"author":{"name":"asf-quebec","@id":"https:\/\/www.asf-quebec.org\/en\/#\/schema\/person\/9655911da321e5e7c39708ae5de28d6a"},"headline":"Offres d\u2019emplois\u00a0: 3 professionnels recherch\u00e9s \u00e0 Montr\u00e9al \u2013 Projet Urgence COVID","datePublished":"2020-05-04T19:06:17+00:00","mainEntityOfPage":{"@id":"https:\/\/www.asf-quebec.org\/en\/offres-demplois-3-professionnels-recherches-a-montreal-projet-urgence-covid\/"},"wordCount":332,"publisher":{"@id":"https:\/\/www.asf-quebec.org\/en\/#organization"},"image":{"@id":"https:\/\/www.asf-quebec.org\/en\/offres-demplois-3-professionnels-recherches-a-montreal-projet-urgence-covid\/#primaryimage"},"thumbnailUrl":"https:\/\/www.asf-quebec.org\/wp-content\/uploads\/2020\/05\/Visuel-offresEmploi_2BD-03.jpg","articleSection":["News"],"inLanguage":"en-US"},{"@type":"WebPage","@id":"https:\/\/www.asf-quebec.org\/en\/offres-demplois-3-professionnels-recherches-a-montreal-projet-urgence-covid\/","url":"https:\/\/www.asf-quebec.org\/en\/offres-demplois-3-professionnels-recherches-a-montreal-projet-urgence-covid\/","name":"Offres d\u2019emplois\u00a0: 3 professionnels recherch\u00e9s \u00e0 Montr\u00e9al \u2013 Projet Urgence COVID - Architecture Sans Fronti\u00e8res Qu\u00e9bec %","isPartOf":{"@id":"https:\/\/www.asf-quebec.org\/en\/#website"},"primaryImageOfPage":{"@id":"https:\/\/www.asf-quebec.org\/en\/offres-demplois-3-professionnels-recherches-a-montreal-projet-urgence-covid\/#primaryimage"},"image":{"@id":"https:\/\/www.asf-quebec.org\/en\/offres-demplois-3-professionnels-recherches-a-montreal-projet-urgence-covid\/#primaryimage"},"thumbnailUrl":"https:\/\/www.asf-quebec.org\/wp-content\/uploads\/2020\/05\/Visuel-offresEmploi_2BD-03.jpg","datePublished":"2020-05-04T19:06:17+00:00","description":"Offres d\u2019emplois\u00a0: 3 professionnels recherch\u00e9s \u00e0 Montr\u00e9al \u2013 Projet Urgence COVID","breadcrumb":{"@id":"https:\/\/www.asf-quebec.org\/en\/offres-demplois-3-professionnels-recherches-a-montreal-projet-urgence-covid\/#breadcrumb"},"inLanguage":"en-US","potentialAction":[{"@type":"ReadAction","target":["https:\/\/www.asf-quebec.org\/en\/offres-demplois-3-professionnels-recherches-a-montreal-projet-urgence-covid\/"]}]},{"@type":"ImageObject","inLanguage":"en-US","@id":"https:\/\/www.asf-quebec.org\/en\/offres-demplois-3-professionnels-recherches-a-montreal-projet-urgence-covid\/#primaryimage","url":"https:\/\/www.asf-quebec.org\/wp-content\/uploads\/2020\/05\/Visuel-offresEmploi_2BD-03.jpg","contentUrl":"https:\/\/www.asf-quebec.org\/wp-content\/uploads\/2020\/05\/Visuel-offresEmploi_2BD-03.jpg","width":3579,"height":1900},{"@type":"BreadcrumbList","@id":"https:\/\/www.asf-quebec.org\/en\/offres-demplois-3-professionnels-recherches-a-montreal-projet-urgence-covid\/#breadcrumb","itemListElement":[{"@type":"ListItem","position":1,"name":"Accueil","item":"https:\/\/www.asf-quebec.org\/en\/"},{"@type":"ListItem","position":2,"name":"Offres d\u2019emplois\u00a0: 3 professionnels recherch\u00e9s \u00e0 Montr\u00e9al \u2013 Projet Urgence COVID"}]},{"@type":"WebSite","@id":"https:\/\/www.asf-quebec.org\/en\/#website","url":"https:\/\/www.asf-quebec.org\/en\/","name":"Architecture sans fronti\u00e8res Qu\u00e9bec","description":"ASFQ","publisher":{"@id":"https:\/\/www.asf-quebec.org\/en\/#organization"},"potentialAction":[{"@type":"SearchAction","target":{"@type":"EntryPoint","urlTemplate":"https:\/\/www.asf-quebec.org\/en\/?s={search_term_string}"},"query-input":{"@type":"PropertyValueSpecification","valueRequired":true,"valueName":"search_term_string"}}],"inLanguage":"en-US"},{"@type":"Organization","@id":"https:\/\/www.asf-quebec.org\/en\/#organization","name":"Architecture sans fronti\u00e8res Qu\u00e9bec (ASFQ)","url":"https:\/\/www.asf-quebec.org\/en\/","logo":{"@type":"ImageObject","inLanguage":"en-US","@id":"https:\/\/www.asf-quebec.org\/en\/#\/schema\/logo\/image\/","url":"https:\/\/www.asf-quebec.org\/wp-content\/uploads\/2019\/07\/Logo-asfq-retina.jpg","contentUrl":"https:\/\/www.asf-quebec.org\/wp-content\/uploads\/2019\/07\/Logo-asfq-retina.jpg","width":564,"height":219,"caption":"Architecture sans fronti\u00e8res Qu\u00e9bec (ASFQ)"},"image":{"@id":"https:\/\/www.asf-quebec.org\/en\/#\/schema\/logo\/image\/"},"sameAs":["https:\/\/www.facebook.com\/architecturesansfrontieres\/","https:\/\/www.instagram.com\/asfquebec\/","https:\/\/www.linkedin.com\/company\/asf-quebec\/"]},{"@type":"Person","@id":"https:\/\/www.asf-quebec.org\/en\/#\/schema\/person\/9655911da321e5e7c39708ae5de28d6a","name":"asf-quebec","image":{"@type":"ImageObject","inLanguage":"en-US","@id":"https:\/\/www.asf-quebec.org\/en\/#\/schema\/person\/image\/","url":"https:\/\/secure.gravatar.com\/avatar\/e855b116ca919b157a426c59781443a8d88f6c286252b6e0fed2bef83833541c?s=96&d=mm&r=g","contentUrl":"https:\/\/secure.gravatar.com\/avatar\/e855b116ca919b157a426c59781443a8d88f6c286252b6e0fed2bef83833541c?s=96&d=mm&r=g","caption":"asf-quebec"}}]}},"_links":{"self":[{"href":"https:\/\/www.asf-quebec.org\/en\/wp-json\/wp\/v2\/posts\/951253","targetHints":{"allow":["GET"]}}],"collection":[{"href":"https:\/\/www.asf-quebec.org\/en\/wp-json\/wp\/v2\/posts"}],"about":[{"href":"https:\/\/www.asf-quebec.org\/en\/wp-json\/wp\/v2\/types\/post"}],"author":[{"embeddable":true,"href":"https:\/\/www.asf-quebec.org\/en\/wp-json\/wp\/v2\/users\/2"}],"replies":[{"embeddable":true,"href":"https:\/\/www.asf-quebec.org\/en\/wp-json\/wp\/v2\/comments?post=951253"}],"version-history":[{"count":0,"href":"https:\/\/www.asf-quebec.org\/en\/wp-json\/wp\/v2\/posts\/951253\/revisions"}],"wp:featuredmedia":[{"embeddable":true,"href":"https:\/\/www.asf-quebec.org\/en\/wp-json\/wp\/v2\/media\/302403"}],"wp:attachment":[{"href":"https:\/\/www.asf-quebec.org\/en\/wp-json\/wp\/v2\/media?parent=951253"}],"wp:term":[{"taxonomy":"category","embeddable":true,"href":"https:\/\/www.asf-quebec.org\/en\/wp-json\/wp\/v2\/categories?post=951253"},{"taxonomy":"post_tag","embeddable":true,"href":"https:\/\/www.asf-quebec.org\/en\/wp-json\/wp\/v2\/tags?post=951253"}],"curies":[{"name":"wp","href":"https:\/\/api.w.org\/{rel}","templated":true}]}}