{"id":951237,"date":"2020-09-29T15:10:47","date_gmt":"2020-09-29T15:10:47","guid":{"rendered":"https:\/\/www.asf-quebec.org\/communique-lancement-du-projet-covidesign\/"},"modified":"2020-09-29T15:10:47","modified_gmt":"2020-09-29T15:10:47","slug":"communique-lancement-du-projet-covidesign","status":"publish","type":"post","link":"https:\/\/www.asf-quebec.org\/en\/communique-lancement-du-projet-covidesign\/","title":{"rendered":"Communiqu\u00e9 : lancement du projet COVIDesign"},"content":{"rendered":"<h3><span style=\"font-weight: 400;\"><strong>ASFQ lance avec le Bureau du design de la Ville de Montr\u00e9al le projet de recherche appliqu\u00e9e <\/strong><\/span><span style=\"font-weight: 400;\"><strong>\u00ab COVIDesign \u00bb pour repenser en profondeur et de fa\u00e7on p\u00e9renne le design de commerces en contexte de pand\u00e9mie.<\/strong> <\/span><\/h3>\n<p><span style=\"font-weight: 400;\">Ce projet est la suite logique des interventions de soutien technique <a href=\"https:\/\/www.asf-quebec.org\/soutien-technique-anti-covid-pour-petits-commerces-et-organismes\/\">\u00ab Urgence COVID \u00bb<\/a> et la continuit\u00e9 directe du <\/span><a href=\"https:\/\/designmontreal.com\/nouvelles\/urgence-covid-19-architecture-sans-frontieres-quebec-lance-un-nouveau-guide-dadaptation\"><span style=\"font-weight: 400;\">guide d\u2019adaptation<\/span><\/a><span style=\"font-weight: 400;\">, deux initiatives d\u00e9ploy\u00e9es par ASFQ depuis d\u00e9j\u00e0 plusieurs mois en partenariat avec la m\u00e9tropole. <\/span><span style=\"font-weight: 400;\">En juillet dernier, des dizaines professionnel.les de toutes les sph\u00e8res du design et de l\u2019architecture avaient r\u00e9pondu \u00e0 un <a href=\"https:\/\/designmontreal.com\/nouvelles\/appel-a-professions-experts-recherches-pour-repenser-le-design-de-commerces\">appel \u00e0 professions<\/a> lanc\u00e9 en pr\u00e9paration de ce projet. Huit personnes ont \u00e9t\u00e9 s\u00e9lectionn\u00e9es pour constituer un groupe d&#8217;experts interdisciplinaires qui se penchera sur l\u2019adaptation anti-pand\u00e9mique des commerces de d\u00e9tail, de l\u2019alimentation et de la restauration. <\/span><\/p>\n<p><span style=\"font-weight: 400;\">Aliment\u00e9 par des conseillers sectoriels et des chercheurs, ce groupe de travail prendra part \u00e0 un processus de recherche, d\u2019id\u00e9ation et d\u2019innovation en design pour proposer des concepts d\u2019am\u00e9nagement et des mod\u00e8les d\u2019affaires commerciaux renouvel\u00e9s. \u00a0Le fruit de leur r\u00e9flexion est attendu \u00e0 la fin de l\u2019hiver sous la forme d\u2019un guide de design et de mod\u00e9lisations 3D, qui serviront \u00e0 orienter les commer\u00e7ants et les professionnels, le tout dans une vision de r\u00e9silience sanitaire, sociale, \u00e9cologique et \u00e9conomique \u00e0 long terme. Un <a href=\"https:\/\/www.asf-quebec.org\/appel-a-idees-design-anti-pandemique-et-transformation-a-long-terme-des-commerces\/\">appel \u00e0 id\u00e9es<\/a>, en vigueur jusqu&#8217;au 19 octobre, permettra aussi d&#8217;enrichir leur travail en donnant l&#8217;occasion \u00e0 l&#8217;ensemble des professionnels du design et des secteurs commerciaux concern\u00e9s de s&#8217;exprimer sur la question.<\/span><\/p>\n<p><span style=\"font-weight: 400;\">\u00c0 titre de bras humanitaire de l\u2019<a href=\"https:\/\/www.oaq.com\/\">Ordre des architectes du Qu\u00e9bec<\/a>, ASFQ est fier d\u2019\u00eatre partenaire d\u2019une telle entreprise. Alors que nous entrons dans la deuxi\u00e8me vague de la COVID, le projet COVIDesign montre comment les disciplines de l\u2019am\u00e9nagement et les professionnels peuvent s\u2019unir pour trouver des solutions dans le contexte d\u2019une crise sans pr\u00e9c\u00e9dent.<\/span><\/p>\n<p>&nbsp;<\/p>\n<h3><strong>Composition du groupe d&#8217;experts :<\/strong><\/h3>\n<p>&nbsp;<\/p>\n<p><img decoding=\"async\" class=\"lazyload wp-image-302462 alignleft\" src=\"data:image\/svg+xml,%3Csvg%20xmlns%3D%27http%3A%2F%2Fwww.w3.org%2F2000%2Fsvg%27%20width%3D%27123%27%20height%3D%27108%27%20viewBox%3D%270%200%20123%20108%27%3E%3Crect%20width%3D%27123%27%20height%3D%27108%27%20fill-opacity%3D%220%22%2F%3E%3C%2Fsvg%3E\" data-orig-src=\"https:\/\/www.asf-quebec.org\/wp-content\/uploads\/2020\/09\/Experts8-01.jpg\" alt=\"\" width=\"123\" height=\"108\" \/><b><\/b><\/p>\n<p><b>Michel Lauzon<\/b>,<br \/>\n<span style=\"font-weight: 400;\">architecte, designer urbain, Fellow IRAC,<br \/>\npr\u00e9sident fondateur et chef de la cr\u00e9ation de LAAB<br \/>\n<\/span><\/p>\n<p>\u00ab Je suis anim\u00e9 par cette initiative conjointe de Design Montr\u00e9al et ASFQ pour aider nos commer\u00e7ants et nos rues commerciales \u00e0 faire face aux s\u00e9quelles de la pand\u00e9mie sur leurs affaires. Ces acteurs locaux sont une partie essentielle de nos vies de quartier et contribuent \u00e0 leur mani\u00e8re \u00e0 notre ADN collectif. Je suis particuli\u00e8rement interpell\u00e9 par l\u2019intention de mobiliser les cr\u00e9ateurs et les concepteurs comme un \u00ab service essentiel \u00bb pour stimuler la relance des activit\u00e9s commerciales et encourager une occupation s\u00e9curitaire, optimale et r\u00e9siliente de ces espaces. \u00bb<\/p>\n<p>&nbsp;<\/p>\n<p><img decoding=\"async\" class=\"lazyload wp-image-302463 alignleft\" src=\"https:\/\/www.asf-quebec.org\/wp-content\/uploads\/2020\/09\/Experts8-02.jpg\" data-orig-src=\"https:\/\/www.asf-quebec.org\/wp-content\/uploads\/2020\/09\/Experts8-02.jpg\" alt=\"\" width=\"124\" height=\"122\" srcset=\"data:image\/svg+xml,%3Csvg%20xmlns%3D%27http%3A%2F%2Fwww.w3.org%2F2000%2Fsvg%27%20width%3D%27124%27%20height%3D%27122%27%20viewBox%3D%270%200%20124%20122%27%3E%3Crect%20width%3D%27124%27%20height%3D%27122%27%20fill-opacity%3D%220%22%2F%3E%3C%2Fsvg%3E\" data-srcset=\"https:\/\/www.asf-quebec.org\/wp-content\/uploads\/2020\/09\/Experts8-02-66x66.jpg 66w, https:\/\/www.asf-quebec.org\/wp-content\/uploads\/2020\/09\/Experts8-02.jpg 777w\" data-sizes=\"auto\" data-orig-sizes=\"(max-width: 124px) 100vw, 124px\" \/><b><\/b><\/p>\n<p><b>Evelyne Paris<\/b><span style=\"font-weight: 400;\">, <\/span><span style=\"font-weight: 400;\"><br \/>\n<\/span><span style=\"font-weight: 400;\">architecte, associ\u00e9e, directrice de projets<br \/>\net directrice du march\u00e9 divertissement<\/span><b>, <\/b><span style=\"font-weight: 400;\">Lemay<\/span><\/p>\n<p><span style=\"font-weight: 400;\">\u00ab La pand\u00e9mie a un impact imm\u00e9diat sur l&#8217;exp\u00e9rience de vente au d\u00e9tail et les espaces exp\u00e9rientiels. Les interactions personnelles entre les humains sont encore plus convoit\u00e9es, et il est important que le design des espaces commerciaux et exp\u00e9rientiels r\u00e9ponde \u00e0 ce besoin. En tant que cr\u00e9ateurs des environnements b\u00e2tis, il nous appartient de r\u00e9pondre aux attentes en proposant des exp\u00e9riences inspirantes, attrayantes, durables et rassurantes. C\u2019est ici que le projet COVIDesign prend tout son sens \u00bb.<\/span><\/p>\n<p>&nbsp;<\/p>\n<p><img decoding=\"async\" class=\"lazyload wp-image-302460 alignleft\" src=\"https:\/\/www.asf-quebec.org\/wp-content\/uploads\/2020\/09\/Experts8-07.jpg\" data-orig-src=\"https:\/\/www.asf-quebec.org\/wp-content\/uploads\/2020\/09\/Experts8-07.jpg\" alt=\"\" width=\"127\" height=\"126\" srcset=\"data:image\/svg+xml,%3Csvg%20xmlns%3D%27http%3A%2F%2Fwww.w3.org%2F2000%2Fsvg%27%20width%3D%27127%27%20height%3D%27126%27%20viewBox%3D%270%200%20127%20126%27%3E%3Crect%20width%3D%27127%27%20height%3D%27126%27%20fill-opacity%3D%220%22%2F%3E%3C%2Fsvg%3E\" data-srcset=\"https:\/\/www.asf-quebec.org\/wp-content\/uploads\/2020\/09\/Experts8-07-66x66.jpg 66w, https:\/\/www.asf-quebec.org\/wp-content\/uploads\/2020\/09\/Experts8-07-150x150.jpg 150w, https:\/\/www.asf-quebec.org\/wp-content\/uploads\/2020\/09\/Experts8-07-200x200.jpg 200w, https:\/\/www.asf-quebec.org\/wp-content\/uploads\/2020\/09\/Experts8-07-300x300.jpg 300w, https:\/\/www.asf-quebec.org\/wp-content\/uploads\/2020\/09\/Experts8-07-400x400.jpg 400w, https:\/\/www.asf-quebec.org\/wp-content\/uploads\/2020\/09\/Experts8-07-600x600.jpg 600w, https:\/\/www.asf-quebec.org\/wp-content\/uploads\/2020\/09\/Experts8-07-768x768.jpg 768w, https:\/\/www.asf-quebec.org\/wp-content\/uploads\/2020\/09\/Experts8-07.jpg 777w\" data-sizes=\"auto\" data-orig-sizes=\"(max-width: 127px) 100vw, 127px\" \/><b><\/b><\/p>\n<p><b>\u00c9tienne Bernier<\/b><span style=\"font-weight: 400;\">, <\/span><span style=\"font-weight: 400;\"><br \/>\n<\/span><span style=\"font-weight: 400;\">architecte chez \u00c9tienne Bernier Architecture,<\/span><span style=\"font-weight: 400;\"><br \/>\n<\/span><span style=\"font-weight: 400;\">charg\u00e9 d\u2019enseignement \u00e0 l\u2019\u00c9cole d\u2019architecture <\/span><span style=\"font-weight: 400;\">de l\u2019Universit\u00e9 Laval<\/span><\/p>\n<p><span style=\"font-weight: 400;\">\u00ab <\/span><span style=\"font-weight: 400;\">Notre mani\u00e8re d&#8217;habiter les espaces publics et commerciaux a radicalement chang\u00e9. Avant, les am\u00e9nagements cherchaient \u00e0 r\u00e9unir, \u00e0 rassembler, \u00e0 susciter l&#8217;\u00e9change. On cherchait la proximit\u00e9. Depuis quelques mois, ces codes sont boulevers\u00e9s et doivent \u00eatre fondamentalement revus. COVIDesign c&#8217;est la chance de repenser en profondeur ce paradoxe: isoler et s\u00e9parer les gens pour les prot\u00e9ger, tout en conservant une exp\u00e9rience communautaire significative. Nous proposerons des solutions cr\u00e9atives et concr\u00e8te, nourries de notre exp\u00e9rience commerciale.<\/span><span style=\"font-weight: 400;\"> \u00bb<\/span><\/p>\n<p>&nbsp;<\/p>\n<p><img decoding=\"async\" class=\"lazyload wp-image-302465 alignleft\" src=\"https:\/\/www.asf-quebec.org\/wp-content\/uploads\/2020\/09\/Experts8-04.jpg\" data-orig-src=\"https:\/\/www.asf-quebec.org\/wp-content\/uploads\/2020\/09\/Experts8-04.jpg\" alt=\"\" width=\"124\" height=\"123\" srcset=\"data:image\/svg+xml,%3Csvg%20xmlns%3D%27http%3A%2F%2Fwww.w3.org%2F2000%2Fsvg%27%20width%3D%27124%27%20height%3D%27123%27%20viewBox%3D%270%200%20124%20123%27%3E%3Crect%20width%3D%27124%27%20height%3D%27123%27%20fill-opacity%3D%220%22%2F%3E%3C%2Fsvg%3E\" data-srcset=\"https:\/\/www.asf-quebec.org\/wp-content\/uploads\/2020\/09\/Experts8-04-66x66.jpg 66w, https:\/\/www.asf-quebec.org\/wp-content\/uploads\/2020\/09\/Experts8-04-150x150.jpg 150w, https:\/\/www.asf-quebec.org\/wp-content\/uploads\/2020\/09\/Experts8-04-200x200.jpg 200w, https:\/\/www.asf-quebec.org\/wp-content\/uploads\/2020\/09\/Experts8-04-300x300.jpg 300w, https:\/\/www.asf-quebec.org\/wp-content\/uploads\/2020\/09\/Experts8-04-400x400.jpg 400w, https:\/\/www.asf-quebec.org\/wp-content\/uploads\/2020\/09\/Experts8-04-600x600.jpg 600w, https:\/\/www.asf-quebec.org\/wp-content\/uploads\/2020\/09\/Experts8-04-768x768.jpg 768w, https:\/\/www.asf-quebec.org\/wp-content\/uploads\/2020\/09\/Experts8-04.jpg 777w\" data-sizes=\"auto\" data-orig-sizes=\"(max-width: 124px) 100vw, 124px\" \/><b>Jennylie Harel<\/b><span style=\"font-weight: 400;\">, <\/span><span style=\"font-weight: 400;\"><br \/>\n<\/span>directrice artistique, designer graphique sp\u00e9cialis\u00e9e en signal\u00e9tique chez B\u00e9langer design<\/p>\n<p><span style=\"font-weight: 400;\">\u00ab \u00c0 l\u2019heure actuelle, nous vivons une tourmente qui \u00e9branle nos rep\u00e8res et qui am\u00e8ne la soci\u00e9t\u00e9 \u00e0 se reprogrammer.\u00a0COVIDesign se veut un catalyseur de changement positif pour les citoyens et le porte-\u00e9tendard des commer\u00e7ants montr\u00e9alais. Nous bonifierons l\u2019exp\u00e9rience utilisateur en adoptant une approche innovatrice qui tentera le plus possible, de conserver un sentiment de normalit\u00e9. Ma contribution au sein du groupe consistera \u00e0 r\u00e9fl\u00e9chir \u00e0 la fonction des lieux, \u00e0 soumettre des propositions conceptuelles originales et \u00e0 synth\u00e9tiser les besoins gr\u00e2ce \u00e0 des solutions graphiques et immersives. \u00bb<\/span><\/p>\n<p>&nbsp;<\/p>\n<p><img decoding=\"async\" class=\"lazyload wp-image-302461 alignleft\" src=\"https:\/\/www.asf-quebec.org\/wp-content\/uploads\/2020\/09\/Experts8-08.jpg\" data-orig-src=\"https:\/\/www.asf-quebec.org\/wp-content\/uploads\/2020\/09\/Experts8-08.jpg\" alt=\"\" width=\"127\" height=\"127\" srcset=\"data:image\/svg+xml,%3Csvg%20xmlns%3D%27http%3A%2F%2Fwww.w3.org%2F2000%2Fsvg%27%20width%3D%27127%27%20height%3D%27127%27%20viewBox%3D%270%200%20127%20127%27%3E%3Crect%20width%3D%27127%27%20height%3D%27127%27%20fill-opacity%3D%220%22%2F%3E%3C%2Fsvg%3E\" data-srcset=\"https:\/\/www.asf-quebec.org\/wp-content\/uploads\/2020\/09\/Experts8-08-66x66.jpg 66w, https:\/\/www.asf-quebec.org\/wp-content\/uploads\/2020\/09\/Experts8-08-150x150.jpg 150w, https:\/\/www.asf-quebec.org\/wp-content\/uploads\/2020\/09\/Experts8-08-200x200.jpg 200w, https:\/\/www.asf-quebec.org\/wp-content\/uploads\/2020\/09\/Experts8-08-300x300.jpg 300w, https:\/\/www.asf-quebec.org\/wp-content\/uploads\/2020\/09\/Experts8-08-400x400.jpg 400w, https:\/\/www.asf-quebec.org\/wp-content\/uploads\/2020\/09\/Experts8-08-600x600.jpg 600w, https:\/\/www.asf-quebec.org\/wp-content\/uploads\/2020\/09\/Experts8-08-768x768.jpg 768w, https:\/\/www.asf-quebec.org\/wp-content\/uploads\/2020\/09\/Experts8-08.jpg 777w\" data-sizes=\"auto\" data-orig-sizes=\"(max-width: 127px) 100vw, 127px\" \/><b>Vincent Clarizio<\/b><span style=\"font-weight: 400;\">, <\/span><span style=\"font-weight: 400;\"><br \/>\n<\/span><span style=\"font-weight: 400;\">designer industriel, directeur <\/span><span style=\"font-weight: 400;\">de cr\u00e9ation et associ\u00e9<br \/>\nchez <\/span><span style=\"font-weight: 400;\">Signature Design Communication<\/span><\/p>\n<p><span style=\"font-weight: 400;\">\u00ab <\/span><span style=\"font-weight: 400;\">Cette crise sanitaire am\u00e8ne des changements sans pr\u00e9c\u00e9dents dans notre quotidien, je crois qu\u2019il est de notre responsabilit\u00e9 \u00e0 tous de travailler conjointement sur des solutions innovantes, pour repenser l\u2019ensemble des lieux urbains et offrir des espaces invitants, s\u00e9curitaires et inclusifs.<\/span><span style=\"font-weight: 400;\"> \u00bb<\/span><\/p>\n<p>&nbsp;<\/p>\n<p><img decoding=\"async\" class=\"lazyload wp-image-302467 alignleft\" src=\"https:\/\/www.asf-quebec.org\/wp-content\/uploads\/2020\/09\/Experts8-06.jpg\" data-orig-src=\"https:\/\/www.asf-quebec.org\/wp-content\/uploads\/2020\/09\/Experts8-06.jpg\" alt=\"\" width=\"127\" height=\"126\" srcset=\"data:image\/svg+xml,%3Csvg%20xmlns%3D%27http%3A%2F%2Fwww.w3.org%2F2000%2Fsvg%27%20width%3D%27127%27%20height%3D%27126%27%20viewBox%3D%270%200%20127%20126%27%3E%3Crect%20width%3D%27127%27%20height%3D%27126%27%20fill-opacity%3D%220%22%2F%3E%3C%2Fsvg%3E\" data-srcset=\"https:\/\/www.asf-quebec.org\/wp-content\/uploads\/2020\/09\/Experts8-06-66x66.jpg 66w, https:\/\/www.asf-quebec.org\/wp-content\/uploads\/2020\/09\/Experts8-06-150x150.jpg 150w, https:\/\/www.asf-quebec.org\/wp-content\/uploads\/2020\/09\/Experts8-06-200x200.jpg 200w, https:\/\/www.asf-quebec.org\/wp-content\/uploads\/2020\/09\/Experts8-06-300x300.jpg 300w, https:\/\/www.asf-quebec.org\/wp-content\/uploads\/2020\/09\/Experts8-06-400x400.jpg 400w, https:\/\/www.asf-quebec.org\/wp-content\/uploads\/2020\/09\/Experts8-06-600x600.jpg 600w, https:\/\/www.asf-quebec.org\/wp-content\/uploads\/2020\/09\/Experts8-06-768x768.jpg 768w, https:\/\/www.asf-quebec.org\/wp-content\/uploads\/2020\/09\/Experts8-06.jpg 777w\" data-sizes=\"auto\" data-orig-sizes=\"(max-width: 127px) 100vw, 127px\" \/><b><\/b><\/p>\n<p><b>Imen Ben Youssef Zorgati<\/b><span style=\"font-weight: 400;\">, <\/span><span style=\"font-weight: 400;\"><br \/>\n<\/span><span style=\"font-weight: 400;\">designer d\u2019int\u00e9rieur, professeure en design \u00e0 l&#8217;Universit\u00e9 de Tunis- Institut Sup\u00e9rieur des Beaux-Arts de Tunis, chercheuse au sein du groupe de recherche Design et soci\u00e9t\u00e9 de l\u2019Universit\u00e9 de Montr\u00e9al<\/span><\/p>\n<p><span style=\"font-weight: 400;\">\u00ab Covid19 est une crise globale qui a boulevers\u00e9 l&#8217;Humanit\u00e9. COVIDesign est un projet unique en son genre projetant des id\u00e9es viables, responsables et durables pour r\u00e9organiser les espaces commerciaux dans la ville de Montr\u00e9al. Ce projet par, pour et sur le design est une projection communautaire visant une approche \u00e9cosociale. Entre \u00e9tude, analyse, id\u00e9ation et conception, ma contribution dans ce syst\u00e8me de pens\u00e9e pluridisciplinaire est d&#8217;apporter via le design un nouveau v\u00e9cu spatial \u00bb.<br \/>\n<\/span><\/p>\n<p>&nbsp;<\/p>\n<p><img decoding=\"async\" class=\"lazyload wp-image-302466 alignleft\" src=\"https:\/\/www.asf-quebec.org\/wp-content\/uploads\/2020\/09\/Experts8-05.jpg\" data-orig-src=\"https:\/\/www.asf-quebec.org\/wp-content\/uploads\/2020\/09\/Experts8-05.jpg\" alt=\"\" width=\"135\" height=\"135\" srcset=\"data:image\/svg+xml,%3Csvg%20xmlns%3D%27http%3A%2F%2Fwww.w3.org%2F2000%2Fsvg%27%20width%3D%27135%27%20height%3D%27135%27%20viewBox%3D%270%200%20135%20135%27%3E%3Crect%20width%3D%27135%27%20height%3D%27135%27%20fill-opacity%3D%220%22%2F%3E%3C%2Fsvg%3E\" data-srcset=\"https:\/\/www.asf-quebec.org\/wp-content\/uploads\/2020\/09\/Experts8-05-66x66.jpg 66w, https:\/\/www.asf-quebec.org\/wp-content\/uploads\/2020\/09\/Experts8-05-150x150.jpg 150w, https:\/\/www.asf-quebec.org\/wp-content\/uploads\/2020\/09\/Experts8-05-200x200.jpg 200w, https:\/\/www.asf-quebec.org\/wp-content\/uploads\/2020\/09\/Experts8-05-300x300.jpg 300w, https:\/\/www.asf-quebec.org\/wp-content\/uploads\/2020\/09\/Experts8-05-400x400.jpg 400w, https:\/\/www.asf-quebec.org\/wp-content\/uploads\/2020\/09\/Experts8-05-600x600.jpg 600w, https:\/\/www.asf-quebec.org\/wp-content\/uploads\/2020\/09\/Experts8-05-768x768.jpg 768w, https:\/\/www.asf-quebec.org\/wp-content\/uploads\/2020\/09\/Experts8-05.jpg 777w\" data-sizes=\"auto\" data-orig-sizes=\"(max-width: 135px) 100vw, 135px\" \/><b><\/b><\/p>\n<p><b>Julien Delannoy<\/b><span style=\"font-weight: 400;\">, <\/span><span style=\"font-weight: 400;\"><br \/>\n<\/span><span style=\"font-weight: 400;\">designer d\u2019int\u00e9rieur, <\/span><span style=\"font-weight: 400;\">sp\u00e9cialis\u00e9 dans les domaines corporatif, commercial, r\u00e9sidentiel ainsi qu\u2019en sc\u00e9nographie d\u2019exposition,<\/span><span style=\"font-weight: 400;\"><br \/>\n<\/span><span style=\"font-weight: 400;\">charg\u00e9 de formation pratique \u00e0 l&#8217;Universit\u00e9 de Montr\u00e9al<\/span><\/p>\n<p><span style=\"font-weight: 400;\">\u00ab <\/span><span style=\"font-weight: 400;\">Nous vivons dans une \u00e9poque sans pr\u00e9c\u00e9dent, une crise sanitaire au beau milieu d&#8217;une crise \u00e9cologique et sociale. Du jamais vu. A travers cette co-cr\u00e9ation multidisciplinaire, nous avons une opportunit\u00e9 de d\u00e9montrer le r\u00f4le du design comme un puissant vecteur de changement et un outil b\u00e9n\u00e9fique \u00e0 la soci\u00e9t\u00e9 et aux enjeux actuels qu&#8217;il faut approcher de mani\u00e8re sensible, innovatrice et positive. Un gros OUI pour des commerces r\u00e9silients, adaptables, durables, inclusifs et rassembleurs qui contribuent au bien-\u00eatre de l&#8217;individu et de l\u2019environnement.<\/span><span style=\"font-weight: 400;\"> \u00bb<\/span><\/p>\n<p>&nbsp;<\/p>\n<p><img decoding=\"async\" class=\"lazyload wp-image-302464 alignleft\" src=\"https:\/\/www.asf-quebec.org\/wp-content\/uploads\/2020\/09\/Experts8-03.jpg\" data-orig-src=\"https:\/\/www.asf-quebec.org\/wp-content\/uploads\/2020\/09\/Experts8-03.jpg\" alt=\"\" width=\"137\" height=\"137\" srcset=\"data:image\/svg+xml,%3Csvg%20xmlns%3D%27http%3A%2F%2Fwww.w3.org%2F2000%2Fsvg%27%20width%3D%27137%27%20height%3D%27137%27%20viewBox%3D%270%200%20137%20137%27%3E%3Crect%20width%3D%27137%27%20height%3D%27137%27%20fill-opacity%3D%220%22%2F%3E%3C%2Fsvg%3E\" data-srcset=\"https:\/\/www.asf-quebec.org\/wp-content\/uploads\/2020\/09\/Experts8-03-66x66.jpg 66w, https:\/\/www.asf-quebec.org\/wp-content\/uploads\/2020\/09\/Experts8-03-150x150.jpg 150w, https:\/\/www.asf-quebec.org\/wp-content\/uploads\/2020\/09\/Experts8-03-200x200.jpg 200w, https:\/\/www.asf-quebec.org\/wp-content\/uploads\/2020\/09\/Experts8-03-300x300.jpg 300w, https:\/\/www.asf-quebec.org\/wp-content\/uploads\/2020\/09\/Experts8-03-400x400.jpg 400w, https:\/\/www.asf-quebec.org\/wp-content\/uploads\/2020\/09\/Experts8-03-600x600.jpg 600w, https:\/\/www.asf-quebec.org\/wp-content\/uploads\/2020\/09\/Experts8-03-768x768.jpg 768w, https:\/\/www.asf-quebec.org\/wp-content\/uploads\/2020\/09\/Experts8-03.jpg 777w\" data-sizes=\"auto\" data-orig-sizes=\"(max-width: 137px) 100vw, 137px\" \/><\/p>\n<p><b>Fran\u00e7ois Desrosiers<\/b><span style=\"font-weight: 400;\">, <\/span><span style=\"font-weight: 400;\"><br \/>\n<\/span><span style=\"font-weight: 400;\">BAA et MBA, pr\u00e9sident d\u2019Interim Marketing, <\/span><span style=\"font-weight: 400;\">charg\u00e9 de cours \u00e0 HEC Montr\u00e9al en tendances <\/span><span style=\"font-weight: 400;\">et strat\u00e9gies en commerce de d\u00e9tail et en marchandisage,<\/span><span style=\"font-weight: 400;\"><br \/>\n<\/span><span style=\"font-weight: 400;\">charg\u00e9 de cours \u00e0 l&#8217;Universit\u00e9 de Montr\u00e9al en publicit\u00e9 pour commerces de d\u00e9tail<\/span><\/p>\n<p><span style=\"font-weight: 400;\">\u00ab <\/span><span style=\"font-weight: 400;\">Cette crise mondiale am\u00e8ne son lot de perturbations alors que les d\u00e9taillants assument le pr\u00e9sent et appr\u00e9hendent l\u2019avenir. \u00c0 cet \u00e9gard, le projet COVIDesign est d\u2019une grande pertinence en proposant une d\u00e9marche rigoureuse qui arrime recherche et expertise avec les bonnes ressources au bon moment. Les imp\u00e9ratifs auxquels les d\u00e9taillants sont assujettis m\u2019interpellent grandement et je suis heureux de mettre \u00e0 contribution mon exp\u00e9rience et mes connaissances en commerce de d\u00e9tail.<\/span><span style=\"font-weight: 400;\"> \u00bb<\/span><\/p>\n<p>&nbsp;<\/p>\n<p><b>Pour de plus amples d\u00e9tails, consultez le site du Bureau de design de la Ville de Montr\u00e9al : <a href=\"https:\/\/designmontreal.com\/\">designmontreal.com<\/a><\/b><\/p>\n<p><strong>Pour contribuer au travail du groupe d&#8217;experts, <a href=\"https:\/\/www.asf-quebec.org\/appel-a-idees-design-anti-pandemique-et-transformation-a-long-terme-des-commerces\/\">r\u00e9pondez \u00e0 l&#8217;appel \u00e0 id\u00e9es<\/a> lanc\u00e9 dans le cadre du projet.<\/strong><\/p>\n","protected":false},"excerpt":{"rendered":"<p>ASFQ lance avec le Bureau du design de la Ville <a href=\"https:\/\/www.asf-quebec.org\/en\/communique-lancement-du-projet-covidesign\/\"> [&#8230;]<\/a><\/p>\n","protected":false},"author":2,"featured_media":302459,"comment_status":"closed","ping_status":"closed","sticky":false,"template":"","format":"standard","meta":{"_acf_changed":false,"footnotes":""},"categories":[37],"tags":[46],"class_list":["post-951237","post","type-post","status-publish","format-standard","has-post-thumbnail","hentry","category-news","tag-su-en"],"acf":[],"yoast_head":"<!-- This site is optimized with the Yoast SEO plugin v26.8 - https:\/\/yoast.com\/product\/yoast-seo-wordpress\/ -->\n<title>Communiqu\u00e9 : lancement du projet COVIDesign - Architecture Sans Fronti\u00e8res Qu\u00e9bec %<\/title>\n<meta name=\"description\" content=\"Communiqu\u00e9 : lancement du projet COVIDesign\" \/>\n<meta name=\"robots\" content=\"index, follow, max-snippet:-1, max-image-preview:large, max-video-preview:-1\" \/>\n<link rel=\"canonical\" href=\"https:\/\/www.asf-quebec.org\/en\/communique-lancement-du-projet-covidesign\/\" \/>\n<meta property=\"og:locale\" content=\"en_US\" \/>\n<meta property=\"og:type\" content=\"article\" \/>\n<meta property=\"og:title\" content=\"Communiqu\u00e9 : lancement du projet COVIDesign - Architecture Sans Fronti\u00e8res Qu\u00e9bec %\" \/>\n<meta property=\"og:description\" content=\"Communiqu\u00e9 : lancement du projet COVIDesign\" \/>\n<meta property=\"og:url\" content=\"https:\/\/www.asf-quebec.org\/en\/communique-lancement-du-projet-covidesign\/\" \/>\n<meta property=\"og:site_name\" content=\"Architecture Sans Fronti\u00e8res Qu\u00e9bec\" \/>\n<meta property=\"article:publisher\" content=\"https:\/\/www.facebook.com\/architecturesansfrontieres\/\" \/>\n<meta property=\"article:published_time\" content=\"2020-09-29T15:10:47+00:00\" \/>\n<meta property=\"og:image\" content=\"https:\/\/www.asf-quebec.org\/wp-content\/uploads\/2020\/09\/Experts8-01.jpg\" \/>\n<meta name=\"author\" content=\"asf-quebec\" \/>\n<meta name=\"twitter:card\" content=\"summary_large_image\" \/>\n<meta name=\"twitter:label1\" content=\"Written by\" \/>\n\t<meta name=\"twitter:data1\" content=\"asf-quebec\" \/>\n\t<meta name=\"twitter:label2\" content=\"Est. reading time\" \/>\n\t<meta name=\"twitter:data2\" content=\"6 minutes\" \/>\n<script type=\"application\/ld+json\" class=\"yoast-schema-graph\">{\"@context\":\"https:\/\/schema.org\",\"@graph\":[{\"@type\":\"Article\",\"@id\":\"https:\/\/www.asf-quebec.org\/en\/communique-lancement-du-projet-covidesign\/#article\",\"isPartOf\":{\"@id\":\"https:\/\/www.asf-quebec.org\/en\/communique-lancement-du-projet-covidesign\/\"},\"author\":{\"name\":\"asf-quebec\",\"@id\":\"https:\/\/www.asf-quebec.org\/en\/#\/schema\/person\/9655911da321e5e7c39708ae5de28d6a\"},\"headline\":\"Communiqu\u00e9 : lancement du projet COVIDesign\",\"datePublished\":\"2020-09-29T15:10:47+00:00\",\"mainEntityOfPage\":{\"@id\":\"https:\/\/www.asf-quebec.org\/en\/communique-lancement-du-projet-covidesign\/\"},\"wordCount\":1261,\"publisher\":{\"@id\":\"https:\/\/www.asf-quebec.org\/en\/#organization\"},\"image\":{\"@id\":\"https:\/\/www.asf-quebec.org\/en\/communique-lancement-du-projet-covidesign\/#primaryimage\"},\"thumbnailUrl\":\"https:\/\/www.asf-quebec.org\/wp-content\/uploads\/2020\/09\/Experts8-09.jpg\",\"keywords\":[\"SU\"],\"articleSection\":[\"News\"],\"inLanguage\":\"en-US\"},{\"@type\":\"WebPage\",\"@id\":\"https:\/\/www.asf-quebec.org\/en\/communique-lancement-du-projet-covidesign\/\",\"url\":\"https:\/\/www.asf-quebec.org\/en\/communique-lancement-du-projet-covidesign\/\",\"name\":\"Communiqu\u00e9 : lancement du projet COVIDesign - Architecture Sans Fronti\u00e8res Qu\u00e9bec %\",\"isPartOf\":{\"@id\":\"https:\/\/www.asf-quebec.org\/en\/#website\"},\"primaryImageOfPage\":{\"@id\":\"https:\/\/www.asf-quebec.org\/en\/communique-lancement-du-projet-covidesign\/#primaryimage\"},\"image\":{\"@id\":\"https:\/\/www.asf-quebec.org\/en\/communique-lancement-du-projet-covidesign\/#primaryimage\"},\"thumbnailUrl\":\"https:\/\/www.asf-quebec.org\/wp-content\/uploads\/2020\/09\/Experts8-09.jpg\",\"datePublished\":\"2020-09-29T15:10:47+00:00\",\"description\":\"Communiqu\u00e9 : lancement du projet COVIDesign\",\"breadcrumb\":{\"@id\":\"https:\/\/www.asf-quebec.org\/en\/communique-lancement-du-projet-covidesign\/#breadcrumb\"},\"inLanguage\":\"en-US\",\"potentialAction\":[{\"@type\":\"ReadAction\",\"target\":[\"https:\/\/www.asf-quebec.org\/en\/communique-lancement-du-projet-covidesign\/\"]}]},{\"@type\":\"ImageObject\",\"inLanguage\":\"en-US\",\"@id\":\"https:\/\/www.asf-quebec.org\/en\/communique-lancement-du-projet-covidesign\/#primaryimage\",\"url\":\"https:\/\/www.asf-quebec.org\/wp-content\/uploads\/2020\/09\/Experts8-09.jpg\",\"contentUrl\":\"https:\/\/www.asf-quebec.org\/wp-content\/uploads\/2020\/09\/Experts8-09.jpg\",\"width\":4369,\"height\":2144},{\"@type\":\"BreadcrumbList\",\"@id\":\"https:\/\/www.asf-quebec.org\/en\/communique-lancement-du-projet-covidesign\/#breadcrumb\",\"itemListElement\":[{\"@type\":\"ListItem\",\"position\":1,\"name\":\"Accueil\",\"item\":\"https:\/\/www.asf-quebec.org\/en\/\"},{\"@type\":\"ListItem\",\"position\":2,\"name\":\"Communiqu\u00e9 : lancement du projet COVIDesign\"}]},{\"@type\":\"WebSite\",\"@id\":\"https:\/\/www.asf-quebec.org\/en\/#website\",\"url\":\"https:\/\/www.asf-quebec.org\/en\/\",\"name\":\"Architecture sans fronti\u00e8res Qu\u00e9bec\",\"description\":\"ASFQ\",\"publisher\":{\"@id\":\"https:\/\/www.asf-quebec.org\/en\/#organization\"},\"potentialAction\":[{\"@type\":\"SearchAction\",\"target\":{\"@type\":\"EntryPoint\",\"urlTemplate\":\"https:\/\/www.asf-quebec.org\/en\/?s={search_term_string}\"},\"query-input\":{\"@type\":\"PropertyValueSpecification\",\"valueRequired\":true,\"valueName\":\"search_term_string\"}}],\"inLanguage\":\"en-US\"},{\"@type\":\"Organization\",\"@id\":\"https:\/\/www.asf-quebec.org\/en\/#organization\",\"name\":\"Architecture sans fronti\u00e8res Qu\u00e9bec (ASFQ)\",\"url\":\"https:\/\/www.asf-quebec.org\/en\/\",\"logo\":{\"@type\":\"ImageObject\",\"inLanguage\":\"en-US\",\"@id\":\"https:\/\/www.asf-quebec.org\/en\/#\/schema\/logo\/image\/\",\"url\":\"https:\/\/www.asf-quebec.org\/wp-content\/uploads\/2019\/07\/Logo-asfq-retina.jpg\",\"contentUrl\":\"https:\/\/www.asf-quebec.org\/wp-content\/uploads\/2019\/07\/Logo-asfq-retina.jpg\",\"width\":564,\"height\":219,\"caption\":\"Architecture sans fronti\u00e8res Qu\u00e9bec (ASFQ)\"},\"image\":{\"@id\":\"https:\/\/www.asf-quebec.org\/en\/#\/schema\/logo\/image\/\"},\"sameAs\":[\"https:\/\/www.facebook.com\/architecturesansfrontieres\/\",\"https:\/\/www.instagram.com\/asfquebec\/\",\"https:\/\/www.linkedin.com\/company\/asf-quebec\/\"]},{\"@type\":\"Person\",\"@id\":\"https:\/\/www.asf-quebec.org\/en\/#\/schema\/person\/9655911da321e5e7c39708ae5de28d6a\",\"name\":\"asf-quebec\",\"image\":{\"@type\":\"ImageObject\",\"inLanguage\":\"en-US\",\"@id\":\"https:\/\/www.asf-quebec.org\/en\/#\/schema\/person\/image\/\",\"url\":\"https:\/\/secure.gravatar.com\/avatar\/e855b116ca919b157a426c59781443a8d88f6c286252b6e0fed2bef83833541c?s=96&d=mm&r=g\",\"contentUrl\":\"https:\/\/secure.gravatar.com\/avatar\/e855b116ca919b157a426c59781443a8d88f6c286252b6e0fed2bef83833541c?s=96&d=mm&r=g\",\"caption\":\"asf-quebec\"}}]}<\/script>\n<!-- \/ Yoast SEO plugin. -->","yoast_head_json":{"title":"Communiqu\u00e9 : lancement du projet COVIDesign - Architecture Sans Fronti\u00e8res Qu\u00e9bec %","description":"Communiqu\u00e9 : lancement du projet COVIDesign","robots":{"index":"index","follow":"follow","max-snippet":"max-snippet:-1","max-image-preview":"max-image-preview:large","max-video-preview":"max-video-preview:-1"},"canonical":"https:\/\/www.asf-quebec.org\/en\/communique-lancement-du-projet-covidesign\/","og_locale":"en_US","og_type":"article","og_title":"Communiqu\u00e9 : lancement du projet COVIDesign - Architecture Sans Fronti\u00e8res Qu\u00e9bec %","og_description":"Communiqu\u00e9 : lancement du projet COVIDesign","og_url":"https:\/\/www.asf-quebec.org\/en\/communique-lancement-du-projet-covidesign\/","og_site_name":"Architecture Sans Fronti\u00e8res Qu\u00e9bec","article_publisher":"https:\/\/www.facebook.com\/architecturesansfrontieres\/","article_published_time":"2020-09-29T15:10:47+00:00","og_image":[{"url":"https:\/\/www.asf-quebec.org\/wp-content\/uploads\/2020\/09\/Experts8-01.jpg","type":"","width":"","height":""}],"author":"asf-quebec","twitter_card":"summary_large_image","twitter_misc":{"Written by":"asf-quebec","Est. reading time":"6 minutes"},"schema":{"@context":"https:\/\/schema.org","@graph":[{"@type":"Article","@id":"https:\/\/www.asf-quebec.org\/en\/communique-lancement-du-projet-covidesign\/#article","isPartOf":{"@id":"https:\/\/www.asf-quebec.org\/en\/communique-lancement-du-projet-covidesign\/"},"author":{"name":"asf-quebec","@id":"https:\/\/www.asf-quebec.org\/en\/#\/schema\/person\/9655911da321e5e7c39708ae5de28d6a"},"headline":"Communiqu\u00e9 : lancement du projet COVIDesign","datePublished":"2020-09-29T15:10:47+00:00","mainEntityOfPage":{"@id":"https:\/\/www.asf-quebec.org\/en\/communique-lancement-du-projet-covidesign\/"},"wordCount":1261,"publisher":{"@id":"https:\/\/www.asf-quebec.org\/en\/#organization"},"image":{"@id":"https:\/\/www.asf-quebec.org\/en\/communique-lancement-du-projet-covidesign\/#primaryimage"},"thumbnailUrl":"https:\/\/www.asf-quebec.org\/wp-content\/uploads\/2020\/09\/Experts8-09.jpg","keywords":["SU"],"articleSection":["News"],"inLanguage":"en-US"},{"@type":"WebPage","@id":"https:\/\/www.asf-quebec.org\/en\/communique-lancement-du-projet-covidesign\/","url":"https:\/\/www.asf-quebec.org\/en\/communique-lancement-du-projet-covidesign\/","name":"Communiqu\u00e9 : lancement du projet COVIDesign - Architecture Sans Fronti\u00e8res Qu\u00e9bec %","isPartOf":{"@id":"https:\/\/www.asf-quebec.org\/en\/#website"},"primaryImageOfPage":{"@id":"https:\/\/www.asf-quebec.org\/en\/communique-lancement-du-projet-covidesign\/#primaryimage"},"image":{"@id":"https:\/\/www.asf-quebec.org\/en\/communique-lancement-du-projet-covidesign\/#primaryimage"},"thumbnailUrl":"https:\/\/www.asf-quebec.org\/wp-content\/uploads\/2020\/09\/Experts8-09.jpg","datePublished":"2020-09-29T15:10:47+00:00","description":"Communiqu\u00e9 : lancement du projet COVIDesign","breadcrumb":{"@id":"https:\/\/www.asf-quebec.org\/en\/communique-lancement-du-projet-covidesign\/#breadcrumb"},"inLanguage":"en-US","potentialAction":[{"@type":"ReadAction","target":["https:\/\/www.asf-quebec.org\/en\/communique-lancement-du-projet-covidesign\/"]}]},{"@type":"ImageObject","inLanguage":"en-US","@id":"https:\/\/www.asf-quebec.org\/en\/communique-lancement-du-projet-covidesign\/#primaryimage","url":"https:\/\/www.asf-quebec.org\/wp-content\/uploads\/2020\/09\/Experts8-09.jpg","contentUrl":"https:\/\/www.asf-quebec.org\/wp-content\/uploads\/2020\/09\/Experts8-09.jpg","width":4369,"height":2144},{"@type":"BreadcrumbList","@id":"https:\/\/www.asf-quebec.org\/en\/communique-lancement-du-projet-covidesign\/#breadcrumb","itemListElement":[{"@type":"ListItem","position":1,"name":"Accueil","item":"https:\/\/www.asf-quebec.org\/en\/"},{"@type":"ListItem","position":2,"name":"Communiqu\u00e9 : lancement du projet COVIDesign"}]},{"@type":"WebSite","@id":"https:\/\/www.asf-quebec.org\/en\/#website","url":"https:\/\/www.asf-quebec.org\/en\/","name":"Architecture sans fronti\u00e8res Qu\u00e9bec","description":"ASFQ","publisher":{"@id":"https:\/\/www.asf-quebec.org\/en\/#organization"},"potentialAction":[{"@type":"SearchAction","target":{"@type":"EntryPoint","urlTemplate":"https:\/\/www.asf-quebec.org\/en\/?s={search_term_string}"},"query-input":{"@type":"PropertyValueSpecification","valueRequired":true,"valueName":"search_term_string"}}],"inLanguage":"en-US"},{"@type":"Organization","@id":"https:\/\/www.asf-quebec.org\/en\/#organization","name":"Architecture sans fronti\u00e8res Qu\u00e9bec (ASFQ)","url":"https:\/\/www.asf-quebec.org\/en\/","logo":{"@type":"ImageObject","inLanguage":"en-US","@id":"https:\/\/www.asf-quebec.org\/en\/#\/schema\/logo\/image\/","url":"https:\/\/www.asf-quebec.org\/wp-content\/uploads\/2019\/07\/Logo-asfq-retina.jpg","contentUrl":"https:\/\/www.asf-quebec.org\/wp-content\/uploads\/2019\/07\/Logo-asfq-retina.jpg","width":564,"height":219,"caption":"Architecture sans fronti\u00e8res Qu\u00e9bec (ASFQ)"},"image":{"@id":"https:\/\/www.asf-quebec.org\/en\/#\/schema\/logo\/image\/"},"sameAs":["https:\/\/www.facebook.com\/architecturesansfrontieres\/","https:\/\/www.instagram.com\/asfquebec\/","https:\/\/www.linkedin.com\/company\/asf-quebec\/"]},{"@type":"Person","@id":"https:\/\/www.asf-quebec.org\/en\/#\/schema\/person\/9655911da321e5e7c39708ae5de28d6a","name":"asf-quebec","image":{"@type":"ImageObject","inLanguage":"en-US","@id":"https:\/\/www.asf-quebec.org\/en\/#\/schema\/person\/image\/","url":"https:\/\/secure.gravatar.com\/avatar\/e855b116ca919b157a426c59781443a8d88f6c286252b6e0fed2bef83833541c?s=96&d=mm&r=g","contentUrl":"https:\/\/secure.gravatar.com\/avatar\/e855b116ca919b157a426c59781443a8d88f6c286252b6e0fed2bef83833541c?s=96&d=mm&r=g","caption":"asf-quebec"}}]}},"_links":{"self":[{"href":"https:\/\/www.asf-quebec.org\/en\/wp-json\/wp\/v2\/posts\/951237","targetHints":{"allow":["GET"]}}],"collection":[{"href":"https:\/\/www.asf-quebec.org\/en\/wp-json\/wp\/v2\/posts"}],"about":[{"href":"https:\/\/www.asf-quebec.org\/en\/wp-json\/wp\/v2\/types\/post"}],"author":[{"embeddable":true,"href":"https:\/\/www.asf-quebec.org\/en\/wp-json\/wp\/v2\/users\/2"}],"replies":[{"embeddable":true,"href":"https:\/\/www.asf-quebec.org\/en\/wp-json\/wp\/v2\/comments?post=951237"}],"version-history":[{"count":0,"href":"https:\/\/www.asf-quebec.org\/en\/wp-json\/wp\/v2\/posts\/951237\/revisions"}],"wp:featuredmedia":[{"embeddable":true,"href":"https:\/\/www.asf-quebec.org\/en\/wp-json\/wp\/v2\/media\/302459"}],"wp:attachment":[{"href":"https:\/\/www.asf-quebec.org\/en\/wp-json\/wp\/v2\/media?parent=951237"}],"wp:term":[{"taxonomy":"category","embeddable":true,"href":"https:\/\/www.asf-quebec.org\/en\/wp-json\/wp\/v2\/categories?post=951237"},{"taxonomy":"post_tag","embeddable":true,"href":"https:\/\/www.asf-quebec.org\/en\/wp-json\/wp\/v2\/tags?post=951237"}],"curies":[{"name":"wp","href":"https:\/\/api.w.org\/{rel}","templated":true}]}}