{"id":951228,"date":"2020-12-01T06:59:04","date_gmt":"2020-12-01T06:59:04","guid":{"rendered":"https:\/\/www.asf-quebec.org\/journee-mondiale-de-la-generosite-asfq-a-besoin-de-vous\/"},"modified":"2020-12-01T06:59:04","modified_gmt":"2020-12-01T06:59:04","slug":"journee-mondiale-de-la-generosite-asfq-a-besoin-de-vous","status":"publish","type":"post","link":"https:\/\/www.asf-quebec.org\/en\/journee-mondiale-de-la-generosite-asfq-a-besoin-de-vous\/","title":{"rendered":"DONNEZ : Journ\u00e9e mondiale de la g\u00e9n\u00e9rosit\u00e9, ASFQ a besoin de vous !"},"content":{"rendered":"<h3><b>Joignez-vous au grand mouvement mondial <\/b><b><i>Mardi je donne<\/i><\/b><b> et appuyez la campagne de dons d\u2019ASFQ !<\/b><\/h3>\n<p><span style=\"font-weight: 400;\"><strong>En ce mardi 1er d\u00e9cembre, c\u00e9l\u00e9brez avec nous la <i>Journ\u00e9e mondiale de la g\u00e9n\u00e9rosit\u00e9 et de la solidarit\u00e9<\/i>.\u00a0 <\/strong>L&#8217;architecture est indispensable \u00e0 la construction d&#8217;\u00e9coles, de centres de sant\u00e9, de centres communautaires et plus largement d&#8217;un cadre b\u00e2ti garantissant le bien \u00eatre de toutes les populations. Ann\u00e9e apr\u00e8s ann\u00e9e depuis 2007, notre \u00e9quipe intervient au Qu\u00e9bec et dans le monde aupr\u00e8s de communaut\u00e9s victimes de crises, de catastrophes ou d\u2019in\u00e9galit\u00e9s sociales. Qu\u2019il s\u2019agisse de la pand\u00e9mie, de l\u2019itin\u00e9rance, des inondations ou du logement autochtone, ASFQ s\u2019affaire chaque ann\u00e9e <\/span><span style=\"font-weight: 400;\">pour trouver des solutions! <\/span><span style=\"font-weight: 400;\">Partout l\u2019architecture a un r\u00f4le \u00e0 jouer et notre action d\u00e9pend de votre g\u00e9n\u00e9rosit\u00e9.<\/span><\/p>\n<p><span style=\"font-weight: 400;\"><strong>La campagne est lanc\u00e9e en ce mardi 1er d\u00e9cembre. Faites un don et aidez-vous \u00e0 atteindre notre objectif de 10 000$ d&#8217;ici mardi prochain le 8 d\u00e9cembre !<\/strong><\/span><\/p>\n<p>&nbsp;<\/p>\n<p><script id=\"ch_cdn_embed\" type='text\/javascript' src=\"https:\/\/www.canadahelps.org\/secure\/js\/cdf_embed.js\" charset='utf-8' data-language=\"fr\" data-page-id=\"56976\" data-root-url=\"https:\/\/www.canadahelps.org\" data-formtype=\"0\" data-cfasync=\"false\"><\/script><\/p>\n","protected":false},"excerpt":{"rendered":"<p>Joignez-vous au grand mouvement mondial Mardi je donne et appuyez <a href=\"https:\/\/www.asf-quebec.org\/en\/journee-mondiale-de-la-generosite-asfq-a-besoin-de-vous\/\"> [&#8230;]<\/a><\/p>\n","protected":false},"author":2,"featured_media":302488,"comment_status":"closed","ping_status":"closed","sticky":false,"template":"","format":"standard","meta":{"_acf_changed":false,"footnotes":""},"categories":[37],"tags":[],"class_list":["post-951228","post","type-post","status-publish","format-standard","has-post-thumbnail","hentry","category-news"],"acf":[],"yoast_head":"<!-- This site is optimized with the Yoast SEO plugin v26.8 - https:\/\/yoast.com\/product\/yoast-seo-wordpress\/ -->\n<title>DONNEZ : Journ\u00e9e mondiale de la g\u00e9n\u00e9rosit\u00e9, ASFQ a besoin de vous ! - Architecture Sans Fronti\u00e8res Qu\u00e9bec %<\/title>\n<meta name=\"description\" content=\"DONNEZ : Journ\u00e9e mondiale de la g\u00e9n\u00e9rosit\u00e9, ASFQ a besoin de vous !\" \/>\n<meta name=\"robots\" content=\"index, follow, max-snippet:-1, max-image-preview:large, max-video-preview:-1\" \/>\n<link rel=\"canonical\" href=\"https:\/\/www.asf-quebec.org\/en\/journee-mondiale-de-la-generosite-asfq-a-besoin-de-vous\/\" \/>\n<meta property=\"og:locale\" content=\"en_US\" \/>\n<meta property=\"og:type\" content=\"article\" \/>\n<meta property=\"og:title\" content=\"DONNEZ : Journ\u00e9e mondiale de la g\u00e9n\u00e9rosit\u00e9, ASFQ a besoin de vous ! - Architecture Sans Fronti\u00e8res Qu\u00e9bec %\" \/>\n<meta property=\"og:description\" content=\"DONNEZ : Journ\u00e9e mondiale de la g\u00e9n\u00e9rosit\u00e9, ASFQ a besoin de vous !\" \/>\n<meta property=\"og:url\" content=\"https:\/\/www.asf-quebec.org\/en\/journee-mondiale-de-la-generosite-asfq-a-besoin-de-vous\/\" \/>\n<meta property=\"og:site_name\" content=\"Architecture Sans Fronti\u00e8res Qu\u00e9bec\" \/>\n<meta property=\"article:publisher\" content=\"https:\/\/www.facebook.com\/architecturesansfrontieres\/\" \/>\n<meta property=\"article:published_time\" content=\"2020-12-01T06:59:04+00:00\" \/>\n<meta name=\"author\" content=\"asf-quebec\" \/>\n<meta name=\"twitter:card\" content=\"summary_large_image\" \/>\n<meta name=\"twitter:label1\" content=\"Written by\" \/>\n\t<meta name=\"twitter:data1\" content=\"asf-quebec\" \/>\n\t<meta name=\"twitter:label2\" content=\"Est. reading time\" \/>\n\t<meta name=\"twitter:data2\" content=\"1 minute\" \/>\n<script type=\"application\/ld+json\" class=\"yoast-schema-graph\">{\"@context\":\"https:\/\/schema.org\",\"@graph\":[{\"@type\":\"Article\",\"@id\":\"https:\/\/www.asf-quebec.org\/en\/journee-mondiale-de-la-generosite-asfq-a-besoin-de-vous\/#article\",\"isPartOf\":{\"@id\":\"https:\/\/www.asf-quebec.org\/en\/journee-mondiale-de-la-generosite-asfq-a-besoin-de-vous\/\"},\"author\":{\"name\":\"asf-quebec\",\"@id\":\"https:\/\/www.asf-quebec.org\/en\/#\/schema\/person\/9655911da321e5e7c39708ae5de28d6a\"},\"headline\":\"DONNEZ : Journ\u00e9e mondiale de la g\u00e9n\u00e9rosit\u00e9, ASFQ a besoin de vous !\",\"datePublished\":\"2020-12-01T06:59:04+00:00\",\"mainEntityOfPage\":{\"@id\":\"https:\/\/www.asf-quebec.org\/en\/journee-mondiale-de-la-generosite-asfq-a-besoin-de-vous\/\"},\"wordCount\":192,\"publisher\":{\"@id\":\"https:\/\/www.asf-quebec.org\/en\/#organization\"},\"image\":{\"@id\":\"https:\/\/www.asf-quebec.org\/en\/journee-mondiale-de-la-generosite-asfq-a-besoin-de-vous\/#primaryimage\"},\"thumbnailUrl\":\"https:\/\/www.asf-quebec.org\/wp-content\/uploads\/2020\/12\/Mardi_Je-donne-13.jpg\",\"articleSection\":[\"News\"],\"inLanguage\":\"en-US\"},{\"@type\":\"WebPage\",\"@id\":\"https:\/\/www.asf-quebec.org\/en\/journee-mondiale-de-la-generosite-asfq-a-besoin-de-vous\/\",\"url\":\"https:\/\/www.asf-quebec.org\/en\/journee-mondiale-de-la-generosite-asfq-a-besoin-de-vous\/\",\"name\":\"DONNEZ : Journ\u00e9e mondiale de la g\u00e9n\u00e9rosit\u00e9, ASFQ a besoin de vous ! - Architecture Sans Fronti\u00e8res Qu\u00e9bec %\",\"isPartOf\":{\"@id\":\"https:\/\/www.asf-quebec.org\/en\/#website\"},\"primaryImageOfPage\":{\"@id\":\"https:\/\/www.asf-quebec.org\/en\/journee-mondiale-de-la-generosite-asfq-a-besoin-de-vous\/#primaryimage\"},\"image\":{\"@id\":\"https:\/\/www.asf-quebec.org\/en\/journee-mondiale-de-la-generosite-asfq-a-besoin-de-vous\/#primaryimage\"},\"thumbnailUrl\":\"https:\/\/www.asf-quebec.org\/wp-content\/uploads\/2020\/12\/Mardi_Je-donne-13.jpg\",\"datePublished\":\"2020-12-01T06:59:04+00:00\",\"description\":\"DONNEZ : Journ\u00e9e mondiale de la g\u00e9n\u00e9rosit\u00e9, ASFQ a besoin de vous !\",\"breadcrumb\":{\"@id\":\"https:\/\/www.asf-quebec.org\/en\/journee-mondiale-de-la-generosite-asfq-a-besoin-de-vous\/#breadcrumb\"},\"inLanguage\":\"en-US\",\"potentialAction\":[{\"@type\":\"ReadAction\",\"target\":[\"https:\/\/www.asf-quebec.org\/en\/journee-mondiale-de-la-generosite-asfq-a-besoin-de-vous\/\"]}]},{\"@type\":\"ImageObject\",\"inLanguage\":\"en-US\",\"@id\":\"https:\/\/www.asf-quebec.org\/en\/journee-mondiale-de-la-generosite-asfq-a-besoin-de-vous\/#primaryimage\",\"url\":\"https:\/\/www.asf-quebec.org\/wp-content\/uploads\/2020\/12\/Mardi_Je-donne-13.jpg\",\"contentUrl\":\"https:\/\/www.asf-quebec.org\/wp-content\/uploads\/2020\/12\/Mardi_Je-donne-13.jpg\",\"width\":1461,\"height\":769},{\"@type\":\"BreadcrumbList\",\"@id\":\"https:\/\/www.asf-quebec.org\/en\/journee-mondiale-de-la-generosite-asfq-a-besoin-de-vous\/#breadcrumb\",\"itemListElement\":[{\"@type\":\"ListItem\",\"position\":1,\"name\":\"Accueil\",\"item\":\"https:\/\/www.asf-quebec.org\/en\/\"},{\"@type\":\"ListItem\",\"position\":2,\"name\":\"DONNEZ : Journ\u00e9e mondiale de la g\u00e9n\u00e9rosit\u00e9, ASFQ a besoin de vous !\"}]},{\"@type\":\"WebSite\",\"@id\":\"https:\/\/www.asf-quebec.org\/en\/#website\",\"url\":\"https:\/\/www.asf-quebec.org\/en\/\",\"name\":\"Architecture sans fronti\u00e8res Qu\u00e9bec\",\"description\":\"ASFQ\",\"publisher\":{\"@id\":\"https:\/\/www.asf-quebec.org\/en\/#organization\"},\"potentialAction\":[{\"@type\":\"SearchAction\",\"target\":{\"@type\":\"EntryPoint\",\"urlTemplate\":\"https:\/\/www.asf-quebec.org\/en\/?s={search_term_string}\"},\"query-input\":{\"@type\":\"PropertyValueSpecification\",\"valueRequired\":true,\"valueName\":\"search_term_string\"}}],\"inLanguage\":\"en-US\"},{\"@type\":\"Organization\",\"@id\":\"https:\/\/www.asf-quebec.org\/en\/#organization\",\"name\":\"Architecture sans fronti\u00e8res Qu\u00e9bec (ASFQ)\",\"url\":\"https:\/\/www.asf-quebec.org\/en\/\",\"logo\":{\"@type\":\"ImageObject\",\"inLanguage\":\"en-US\",\"@id\":\"https:\/\/www.asf-quebec.org\/en\/#\/schema\/logo\/image\/\",\"url\":\"https:\/\/www.asf-quebec.org\/wp-content\/uploads\/2019\/07\/Logo-asfq-retina.jpg\",\"contentUrl\":\"https:\/\/www.asf-quebec.org\/wp-content\/uploads\/2019\/07\/Logo-asfq-retina.jpg\",\"width\":564,\"height\":219,\"caption\":\"Architecture sans fronti\u00e8res Qu\u00e9bec (ASFQ)\"},\"image\":{\"@id\":\"https:\/\/www.asf-quebec.org\/en\/#\/schema\/logo\/image\/\"},\"sameAs\":[\"https:\/\/www.facebook.com\/architecturesansfrontieres\/\",\"https:\/\/www.instagram.com\/asfquebec\/\",\"https:\/\/www.linkedin.com\/company\/asf-quebec\/\"]},{\"@type\":\"Person\",\"@id\":\"https:\/\/www.asf-quebec.org\/en\/#\/schema\/person\/9655911da321e5e7c39708ae5de28d6a\",\"name\":\"asf-quebec\",\"image\":{\"@type\":\"ImageObject\",\"inLanguage\":\"en-US\",\"@id\":\"https:\/\/www.asf-quebec.org\/en\/#\/schema\/person\/image\/\",\"url\":\"https:\/\/secure.gravatar.com\/avatar\/e855b116ca919b157a426c59781443a8d88f6c286252b6e0fed2bef83833541c?s=96&d=mm&r=g\",\"contentUrl\":\"https:\/\/secure.gravatar.com\/avatar\/e855b116ca919b157a426c59781443a8d88f6c286252b6e0fed2bef83833541c?s=96&d=mm&r=g\",\"caption\":\"asf-quebec\"}}]}<\/script>\n<!-- \/ Yoast SEO plugin. -->","yoast_head_json":{"title":"DONNEZ : Journ\u00e9e mondiale de la g\u00e9n\u00e9rosit\u00e9, ASFQ a besoin de vous ! - Architecture Sans Fronti\u00e8res Qu\u00e9bec %","description":"DONNEZ : Journ\u00e9e mondiale de la g\u00e9n\u00e9rosit\u00e9, ASFQ a besoin de vous !","robots":{"index":"index","follow":"follow","max-snippet":"max-snippet:-1","max-image-preview":"max-image-preview:large","max-video-preview":"max-video-preview:-1"},"canonical":"https:\/\/www.asf-quebec.org\/en\/journee-mondiale-de-la-generosite-asfq-a-besoin-de-vous\/","og_locale":"en_US","og_type":"article","og_title":"DONNEZ : Journ\u00e9e mondiale de la g\u00e9n\u00e9rosit\u00e9, ASFQ a besoin de vous ! - Architecture Sans Fronti\u00e8res Qu\u00e9bec %","og_description":"DONNEZ : Journ\u00e9e mondiale de la g\u00e9n\u00e9rosit\u00e9, ASFQ a besoin de vous !","og_url":"https:\/\/www.asf-quebec.org\/en\/journee-mondiale-de-la-generosite-asfq-a-besoin-de-vous\/","og_site_name":"Architecture Sans Fronti\u00e8res Qu\u00e9bec","article_publisher":"https:\/\/www.facebook.com\/architecturesansfrontieres\/","article_published_time":"2020-12-01T06:59:04+00:00","author":"asf-quebec","twitter_card":"summary_large_image","twitter_misc":{"Written by":"asf-quebec","Est. reading time":"1 minute"},"schema":{"@context":"https:\/\/schema.org","@graph":[{"@type":"Article","@id":"https:\/\/www.asf-quebec.org\/en\/journee-mondiale-de-la-generosite-asfq-a-besoin-de-vous\/#article","isPartOf":{"@id":"https:\/\/www.asf-quebec.org\/en\/journee-mondiale-de-la-generosite-asfq-a-besoin-de-vous\/"},"author":{"name":"asf-quebec","@id":"https:\/\/www.asf-quebec.org\/en\/#\/schema\/person\/9655911da321e5e7c39708ae5de28d6a"},"headline":"DONNEZ : Journ\u00e9e mondiale de la g\u00e9n\u00e9rosit\u00e9, ASFQ a besoin de vous !","datePublished":"2020-12-01T06:59:04+00:00","mainEntityOfPage":{"@id":"https:\/\/www.asf-quebec.org\/en\/journee-mondiale-de-la-generosite-asfq-a-besoin-de-vous\/"},"wordCount":192,"publisher":{"@id":"https:\/\/www.asf-quebec.org\/en\/#organization"},"image":{"@id":"https:\/\/www.asf-quebec.org\/en\/journee-mondiale-de-la-generosite-asfq-a-besoin-de-vous\/#primaryimage"},"thumbnailUrl":"https:\/\/www.asf-quebec.org\/wp-content\/uploads\/2020\/12\/Mardi_Je-donne-13.jpg","articleSection":["News"],"inLanguage":"en-US"},{"@type":"WebPage","@id":"https:\/\/www.asf-quebec.org\/en\/journee-mondiale-de-la-generosite-asfq-a-besoin-de-vous\/","url":"https:\/\/www.asf-quebec.org\/en\/journee-mondiale-de-la-generosite-asfq-a-besoin-de-vous\/","name":"DONNEZ : Journ\u00e9e mondiale de la g\u00e9n\u00e9rosit\u00e9, ASFQ a besoin de vous ! - Architecture Sans Fronti\u00e8res Qu\u00e9bec %","isPartOf":{"@id":"https:\/\/www.asf-quebec.org\/en\/#website"},"primaryImageOfPage":{"@id":"https:\/\/www.asf-quebec.org\/en\/journee-mondiale-de-la-generosite-asfq-a-besoin-de-vous\/#primaryimage"},"image":{"@id":"https:\/\/www.asf-quebec.org\/en\/journee-mondiale-de-la-generosite-asfq-a-besoin-de-vous\/#primaryimage"},"thumbnailUrl":"https:\/\/www.asf-quebec.org\/wp-content\/uploads\/2020\/12\/Mardi_Je-donne-13.jpg","datePublished":"2020-12-01T06:59:04+00:00","description":"DONNEZ : Journ\u00e9e mondiale de la g\u00e9n\u00e9rosit\u00e9, ASFQ a besoin de vous !","breadcrumb":{"@id":"https:\/\/www.asf-quebec.org\/en\/journee-mondiale-de-la-generosite-asfq-a-besoin-de-vous\/#breadcrumb"},"inLanguage":"en-US","potentialAction":[{"@type":"ReadAction","target":["https:\/\/www.asf-quebec.org\/en\/journee-mondiale-de-la-generosite-asfq-a-besoin-de-vous\/"]}]},{"@type":"ImageObject","inLanguage":"en-US","@id":"https:\/\/www.asf-quebec.org\/en\/journee-mondiale-de-la-generosite-asfq-a-besoin-de-vous\/#primaryimage","url":"https:\/\/www.asf-quebec.org\/wp-content\/uploads\/2020\/12\/Mardi_Je-donne-13.jpg","contentUrl":"https:\/\/www.asf-quebec.org\/wp-content\/uploads\/2020\/12\/Mardi_Je-donne-13.jpg","width":1461,"height":769},{"@type":"BreadcrumbList","@id":"https:\/\/www.asf-quebec.org\/en\/journee-mondiale-de-la-generosite-asfq-a-besoin-de-vous\/#breadcrumb","itemListElement":[{"@type":"ListItem","position":1,"name":"Accueil","item":"https:\/\/www.asf-quebec.org\/en\/"},{"@type":"ListItem","position":2,"name":"DONNEZ : Journ\u00e9e mondiale de la g\u00e9n\u00e9rosit\u00e9, ASFQ a besoin de vous !"}]},{"@type":"WebSite","@id":"https:\/\/www.asf-quebec.org\/en\/#website","url":"https:\/\/www.asf-quebec.org\/en\/","name":"Architecture sans fronti\u00e8res Qu\u00e9bec","description":"ASFQ","publisher":{"@id":"https:\/\/www.asf-quebec.org\/en\/#organization"},"potentialAction":[{"@type":"SearchAction","target":{"@type":"EntryPoint","urlTemplate":"https:\/\/www.asf-quebec.org\/en\/?s={search_term_string}"},"query-input":{"@type":"PropertyValueSpecification","valueRequired":true,"valueName":"search_term_string"}}],"inLanguage":"en-US"},{"@type":"Organization","@id":"https:\/\/www.asf-quebec.org\/en\/#organization","name":"Architecture sans fronti\u00e8res Qu\u00e9bec (ASFQ)","url":"https:\/\/www.asf-quebec.org\/en\/","logo":{"@type":"ImageObject","inLanguage":"en-US","@id":"https:\/\/www.asf-quebec.org\/en\/#\/schema\/logo\/image\/","url":"https:\/\/www.asf-quebec.org\/wp-content\/uploads\/2019\/07\/Logo-asfq-retina.jpg","contentUrl":"https:\/\/www.asf-quebec.org\/wp-content\/uploads\/2019\/07\/Logo-asfq-retina.jpg","width":564,"height":219,"caption":"Architecture sans fronti\u00e8res Qu\u00e9bec (ASFQ)"},"image":{"@id":"https:\/\/www.asf-quebec.org\/en\/#\/schema\/logo\/image\/"},"sameAs":["https:\/\/www.facebook.com\/architecturesansfrontieres\/","https:\/\/www.instagram.com\/asfquebec\/","https:\/\/www.linkedin.com\/company\/asf-quebec\/"]},{"@type":"Person","@id":"https:\/\/www.asf-quebec.org\/en\/#\/schema\/person\/9655911da321e5e7c39708ae5de28d6a","name":"asf-quebec","image":{"@type":"ImageObject","inLanguage":"en-US","@id":"https:\/\/www.asf-quebec.org\/en\/#\/schema\/person\/image\/","url":"https:\/\/secure.gravatar.com\/avatar\/e855b116ca919b157a426c59781443a8d88f6c286252b6e0fed2bef83833541c?s=96&d=mm&r=g","contentUrl":"https:\/\/secure.gravatar.com\/avatar\/e855b116ca919b157a426c59781443a8d88f6c286252b6e0fed2bef83833541c?s=96&d=mm&r=g","caption":"asf-quebec"}}]}},"_links":{"self":[{"href":"https:\/\/www.asf-quebec.org\/en\/wp-json\/wp\/v2\/posts\/951228","targetHints":{"allow":["GET"]}}],"collection":[{"href":"https:\/\/www.asf-quebec.org\/en\/wp-json\/wp\/v2\/posts"}],"about":[{"href":"https:\/\/www.asf-quebec.org\/en\/wp-json\/wp\/v2\/types\/post"}],"author":[{"embeddable":true,"href":"https:\/\/www.asf-quebec.org\/en\/wp-json\/wp\/v2\/users\/2"}],"replies":[{"embeddable":true,"href":"https:\/\/www.asf-quebec.org\/en\/wp-json\/wp\/v2\/comments?post=951228"}],"version-history":[{"count":0,"href":"https:\/\/www.asf-quebec.org\/en\/wp-json\/wp\/v2\/posts\/951228\/revisions"}],"wp:featuredmedia":[{"embeddable":true,"href":"https:\/\/www.asf-quebec.org\/en\/wp-json\/wp\/v2\/media\/302488"}],"wp:attachment":[{"href":"https:\/\/www.asf-quebec.org\/en\/wp-json\/wp\/v2\/media?parent=951228"}],"wp:term":[{"taxonomy":"category","embeddable":true,"href":"https:\/\/www.asf-quebec.org\/en\/wp-json\/wp\/v2\/categories?post=951228"},{"taxonomy":"post_tag","embeddable":true,"href":"https:\/\/www.asf-quebec.org\/en\/wp-json\/wp\/v2\/tags?post=951228"}],"curies":[{"name":"wp","href":"https:\/\/api.w.org\/{rel}","templated":true}]}}