{"id":951227,"date":"2020-12-08T15:42:27","date_gmt":"2020-12-08T15:42:27","guid":{"rendered":"https:\/\/www.asf-quebec.org\/webinaire-gratuit-larchitecture-sans-frontieres-au-service-des-communautes\/"},"modified":"2022-11-29T18:07:06","modified_gmt":"2022-11-29T18:07:06","slug":"webinaire-gratuit-larchitecture-sans-frontieres-au-service-des-communautes","status":"publish","type":"post","link":"https:\/\/www.asf-quebec.org\/en\/webinaire-gratuit-larchitecture-sans-frontieres-au-service-des-communautes\/","title":{"rendered":"Webinaire gratuit &#8211; L\u2019architecture sans fronti\u00e8res : au service des communaut\u00e9s"},"content":{"rendered":"<p><span style=\"font-weight: 400;\">L\u2019\u00e9quipe DCC \u2013 Section de Montr\u00e9al vous convie \u00e0 son prochain \u00e9v\u00e8nement sur le th\u00e8me de l\u2019architecture au service des communaut\u00e9s. A cette occasion, Maude Ledoux et Sarah Bengle, membres de notre \u00e9quipe, d\u00e9tailleront l\u2019action d\u2019Architecture Sans Fronti\u00e8res Qu\u00e9bec, \u00e0 l\u2019\u00e9tranger comme au Qu\u00e9bec, visant \u00e0 am\u00e9liorer les conditions de vie des communaut\u00e9s rendues vuln\u00e9rables. Cette pr\u00e9sentation vous permettra de mieux comprendre la mission,\u00a0 les projets et les programmes de l\u2019organisme, une exploration sp\u00e9cifique sera faite autour des projets li\u00e9s au secteur communautaire et au milieu de l\u2019itin\u00e9rance.<\/span><span style=\"font-weight: 400;\"><br \/>\n<\/span><span style=\"font-weight: 400;\"><br \/>\n<\/span><span style=\"font-weight: 400;\">Trois horaires s\u2019offrent \u00e0 vous afin d\u2019y participer:<\/span><span style=\"font-weight: 400;\"><br \/>\n<\/span><span style=\"font-weight: 400;\">Une pr\u00e9sentation en direct : Lors de cette plage horaire, vous pourrez poser des questions \u00e0 la fin de la pr\u00e9sentation.Deux rediffusions o\u00f9 l\u2019enregistrement de la s\u00e9ance en direct sera pr\u00e9sent\u00e9. Cliquez sur l\u2019option qui vous convient pour vous y inscrire:<\/span><\/p>\n<p><a href=\"http:\/\/r20.rs6.net\/tn.jsp?f=001tQewLF0YqSRrfKiLaY4e4X5i4yb0Jrt15JlnJOhxhH1CuZhRWoXP4cjtIWoKdYOZSYXOZf785tm4fxPixyPNaXgd92cKIiXL-ln2xDv-0OW_CQmuEqAudsuPKXV8qv6Ml4Dr_pU2OLxGNXqHWm2nQJGPciZzIl2smCDzWQI-zIQXXlXDNEFfeFOLJp6cWp_wcN7BwQ1EgG9N_DzZFin-Ga4ur7SqWyPgkHe1B4Xtg1TpY81zvSkePTYqDtQU4b-o&amp;c=A06FziT-EoLLDs-YOZQ-7LLA4hxaaonIB3-I4KLFISrr6zlwM1GiYw==&amp;ch=bxgF7PodQHIVVWcr5jodPqS4FBVXhYNhDXDu_Vhg1etMrt6fXtWYEg==\"><span style=\"font-weight: 400;\">En direct: 9 D\u00e9cembre, 8h<\/span><\/a><\/p>\n<p><a href=\"http:\/\/r20.rs6.net\/tn.jsp?f=001tQewLF0YqSRrfKiLaY4e4X5i4yb0Jrt15JlnJOhxhH1CuZhRWoXP4cjtIWoKdYOZRY_yFKHmZwLiKRSxyRqgjvH02gGSmmuhZ7orhCLxK8pq00u-LkKEVAjj6ic2Z2IAHNEyBy1MhAp3YJrE0bIdQz8jsDcjQH655LKKfdh3I6nmCf_SLtfwIv_0efIt-jrsAQe9EEc9sO3bmaX9dleiJaLJ9hB7V1SdJhtD7GF_q-RWuzioIjIOwHrFU-5zPZiu&amp;c=A06FziT-EoLLDs-YOZQ-7LLA4hxaaonIB3-I4KLFISrr6zlwM1GiYw==&amp;ch=bxgF7PodQHIVVWcr5jodPqS4FBVXhYNhDXDu_Vhg1etMrt6fXtWYEg==\"><span style=\"font-weight: 400;\">Rediffusion: 10 D\u00e9cembre, 16h<\/span><\/a><\/p>\n<p><a href=\"http:\/\/r20.rs6.net\/tn.jsp?f=001tQewLF0YqSRrfKiLaY4e4X5i4yb0Jrt15JlnJOhxhH1CuZhRWoXP4cjtIWoKdYOZ0mGik1zF-JRdcTInzU1a_gO0DpwJff-5QVRjcPdUZ0886L3AEwsokq83tIzNsPvmxcvREyxScRvSrf6C5A6uolbGbZrmdDN69kbN0ztaq0E0SYpFaQkQUsvjc9o4nos-u_NW_dyAg7X5k2eJUyLg33yQAcYSDNsS6jPdvgKvxog2M3HesqFhLkNw7g1AnK8g&amp;c=A06FziT-EoLLDs-YOZQ-7LLA4hxaaonIB3-I4KLFISrr6zlwM1GiYw==&amp;ch=bxgF7PodQHIVVWcr5jodPqS4FBVXhYNhDXDu_Vhg1etMrt6fXtWYEg==\"><span style=\"font-weight: 400;\">Rediffusion: 14 D\u00e9cembre, 11h<\/span><\/a><\/p>\n<p><strong>Les conf\u00e9rences de DCC sont admissibles comme activit\u00e9 de formation dirig\u00e9e selon les exigences de formation continue obligatoire de l\u2019OAQ, OIQ, OPTQ et APDIQ.<\/strong><span style=\"font-weight: 400;\"><br \/>\n<\/span><span style=\"font-weight: 400;\"><br \/>\n<\/span><span style=\"font-weight: 400;\">Gratuit pour tous \/ Les places sont limit\u00e9es.<\/span><span style=\"font-weight: 400;\"><br \/>\n<\/span><span style=\"font-weight: 400;\">INSCRIPTION OBLIGATOIRE<\/span><\/p>\n<p><span style=\"font-weight: 400;\">Nos conf\u00e9renci\u00e8res:<\/span><span style=\"font-weight: 400;\"><br \/>\n<\/span><span style=\"font-weight: 400;\"><br \/>\n<\/span><b>Maude Ledoux<\/b><span style=\"font-weight: 400;\"> est architecte et sc\u00e9nographe coordonnatrice de projet chez ASFQ. Elle a travaill\u00e9 au Qu\u00e9bec et \u00e0 l\u2019\u00e9tranger (S\u00e9n\u00e9gal, N\u00e9pal). Form\u00e9e en construction \u00e9cologique, elle valorise l\u2019architecture comme solution aux enjeux environnementaux et comme outil de communication centr\u00e9 sur l\u2019humain.<\/span><span style=\"font-weight: 400;\"><br \/>\n<\/span><span style=\"font-weight: 400;\"><br \/>\n<\/span><b>Sarah Bengle<\/b><span style=\"font-weight: 400;\"> est designer, charg\u00e9e de projets. Form\u00e9e en design de l\u2019environnement, elle a co-fond\u00e9 une entreprise en design d\u2019am\u00e9nagement travaillant \u00e0 diverses \u00e9chelles. Son exp\u00e9rience en cin\u00e9ma lui a valu une expertise tr\u00e8s technique. Elle a rejoint ASFQ dans le cadre du projet Urgence-COVID.<\/span><span style=\"font-weight: 400;\"><br \/>\n<\/span><span style=\"font-weight: 400;\"><br \/>\n<\/span><span style=\"font-weight: 400;\"><strong>DCC (Devis de construction Canada)<\/strong> est une association nationale et multidisciplinaire sans but lucratif ayant des sections r\u00e9gionales \u00e0 travers le Canada. L\u2019association est vou\u00e9e \u00e0 l&#8217;am\u00e9lioration des communications, des documents contractuels et de l&#8217;information technique dans l&#8217;industrie de la construction.<\/span><\/p>\n","protected":false},"excerpt":{"rendered":"<p>L\u2019\u00e9quipe DCC \u2013 Section de Montr\u00e9al vous convie \u00e0 son <a href=\"https:\/\/www.asf-quebec.org\/en\/webinaire-gratuit-larchitecture-sans-frontieres-au-service-des-communautes\/\"> [&#8230;]<\/a><\/p>\n","protected":false},"author":2,"featured_media":302489,"comment_status":"closed","ping_status":"closed","sticky":false,"template":"","format":"standard","meta":{"_acf_changed":false,"footnotes":""},"categories":[38],"tags":[40,46],"class_list":["post-951227","post","type-post","status-publish","format-standard","has-post-thumbnail","hentry","category-events","tag-ea-en","tag-su-en"],"acf":[],"yoast_head":"<!-- This site is optimized with the Yoast SEO plugin v26.8 - https:\/\/yoast.com\/product\/yoast-seo-wordpress\/ -->\n<title>Webinaire gratuit - L\u2019architecture sans fronti\u00e8res : au service des communaut\u00e9s - Architecture Sans Fronti\u00e8res Qu\u00e9bec %<\/title>\n<meta name=\"description\" content=\"Webinaire gratuit - L\u2019architecture sans fronti\u00e8res : au service des communaut\u00e9s\" \/>\n<meta name=\"robots\" content=\"index, follow, max-snippet:-1, max-image-preview:large, max-video-preview:-1\" \/>\n<link rel=\"canonical\" href=\"https:\/\/www.asf-quebec.org\/en\/webinaire-gratuit-larchitecture-sans-frontieres-au-service-des-communautes\/\" \/>\n<meta property=\"og:locale\" content=\"en_US\" \/>\n<meta property=\"og:type\" content=\"article\" \/>\n<meta property=\"og:title\" content=\"Webinaire gratuit - L\u2019architecture sans fronti\u00e8res : au service des communaut\u00e9s - Architecture Sans Fronti\u00e8res Qu\u00e9bec %\" \/>\n<meta property=\"og:description\" content=\"Webinaire gratuit - L\u2019architecture sans fronti\u00e8res : au service des communaut\u00e9s\" \/>\n<meta property=\"og:url\" content=\"https:\/\/www.asf-quebec.org\/en\/webinaire-gratuit-larchitecture-sans-frontieres-au-service-des-communautes\/\" \/>\n<meta property=\"og:site_name\" content=\"Architecture Sans Fronti\u00e8res Qu\u00e9bec\" \/>\n<meta property=\"article:publisher\" content=\"https:\/\/www.facebook.com\/architecturesansfrontieres\/\" \/>\n<meta property=\"article:published_time\" content=\"2020-12-08T15:42:27+00:00\" \/>\n<meta property=\"article:modified_time\" content=\"2022-11-29T18:07:06+00:00\" \/>\n<meta property=\"og:image\" content=\"https:\/\/www.asf-quebec.org\/wp-content\/uploads\/2020\/12\/PortraitsMaudeSarah-01-01.jpg\" \/>\n\t<meta property=\"og:image:width\" content=\"1583\" \/>\n\t<meta property=\"og:image:height\" content=\"618\" \/>\n\t<meta property=\"og:image:type\" content=\"image\/jpeg\" \/>\n<meta name=\"author\" content=\"asf-quebec\" \/>\n<meta name=\"twitter:card\" content=\"summary_large_image\" \/>\n<meta name=\"twitter:label1\" content=\"Written by\" \/>\n\t<meta name=\"twitter:data1\" content=\"asf-quebec\" \/>\n\t<meta name=\"twitter:label2\" content=\"Est. reading time\" \/>\n\t<meta name=\"twitter:data2\" content=\"2 minutes\" \/>\n<script type=\"application\/ld+json\" class=\"yoast-schema-graph\">{\"@context\":\"https:\/\/schema.org\",\"@graph\":[{\"@type\":\"Article\",\"@id\":\"https:\/\/www.asf-quebec.org\/en\/webinaire-gratuit-larchitecture-sans-frontieres-au-service-des-communautes\/#article\",\"isPartOf\":{\"@id\":\"https:\/\/www.asf-quebec.org\/en\/webinaire-gratuit-larchitecture-sans-frontieres-au-service-des-communautes\/\"},\"author\":{\"name\":\"asf-quebec\",\"@id\":\"https:\/\/www.asf-quebec.org\/en\/#\/schema\/person\/9655911da321e5e7c39708ae5de28d6a\"},\"headline\":\"Webinaire gratuit &#8211; L\u2019architecture sans fronti\u00e8res : au service des communaut\u00e9s\",\"datePublished\":\"2020-12-08T15:42:27+00:00\",\"dateModified\":\"2022-11-29T18:07:06+00:00\",\"mainEntityOfPage\":{\"@id\":\"https:\/\/www.asf-quebec.org\/en\/webinaire-gratuit-larchitecture-sans-frontieres-au-service-des-communautes\/\"},\"wordCount\":375,\"publisher\":{\"@id\":\"https:\/\/www.asf-quebec.org\/en\/#organization\"},\"image\":{\"@id\":\"https:\/\/www.asf-quebec.org\/en\/webinaire-gratuit-larchitecture-sans-frontieres-au-service-des-communautes\/#primaryimage\"},\"thumbnailUrl\":\"https:\/\/www.asf-quebec.org\/wp-content\/uploads\/2020\/12\/PortraitsMaudeSarah-01-01.jpg\",\"keywords\":[\"EA\",\"SU\"],\"articleSection\":[\"Events\"],\"inLanguage\":\"en-US\"},{\"@type\":\"WebPage\",\"@id\":\"https:\/\/www.asf-quebec.org\/en\/webinaire-gratuit-larchitecture-sans-frontieres-au-service-des-communautes\/\",\"url\":\"https:\/\/www.asf-quebec.org\/en\/webinaire-gratuit-larchitecture-sans-frontieres-au-service-des-communautes\/\",\"name\":\"Webinaire gratuit - L\u2019architecture sans fronti\u00e8res : au service des communaut\u00e9s - Architecture Sans Fronti\u00e8res Qu\u00e9bec %\",\"isPartOf\":{\"@id\":\"https:\/\/www.asf-quebec.org\/en\/#website\"},\"primaryImageOfPage\":{\"@id\":\"https:\/\/www.asf-quebec.org\/en\/webinaire-gratuit-larchitecture-sans-frontieres-au-service-des-communautes\/#primaryimage\"},\"image\":{\"@id\":\"https:\/\/www.asf-quebec.org\/en\/webinaire-gratuit-larchitecture-sans-frontieres-au-service-des-communautes\/#primaryimage\"},\"thumbnailUrl\":\"https:\/\/www.asf-quebec.org\/wp-content\/uploads\/2020\/12\/PortraitsMaudeSarah-01-01.jpg\",\"datePublished\":\"2020-12-08T15:42:27+00:00\",\"dateModified\":\"2022-11-29T18:07:06+00:00\",\"description\":\"Webinaire gratuit - L\u2019architecture sans fronti\u00e8res : au service des communaut\u00e9s\",\"breadcrumb\":{\"@id\":\"https:\/\/www.asf-quebec.org\/en\/webinaire-gratuit-larchitecture-sans-frontieres-au-service-des-communautes\/#breadcrumb\"},\"inLanguage\":\"en-US\",\"potentialAction\":[{\"@type\":\"ReadAction\",\"target\":[\"https:\/\/www.asf-quebec.org\/en\/webinaire-gratuit-larchitecture-sans-frontieres-au-service-des-communautes\/\"]}]},{\"@type\":\"ImageObject\",\"inLanguage\":\"en-US\",\"@id\":\"https:\/\/www.asf-quebec.org\/en\/webinaire-gratuit-larchitecture-sans-frontieres-au-service-des-communautes\/#primaryimage\",\"url\":\"https:\/\/www.asf-quebec.org\/wp-content\/uploads\/2020\/12\/PortraitsMaudeSarah-01-01.jpg\",\"contentUrl\":\"https:\/\/www.asf-quebec.org\/wp-content\/uploads\/2020\/12\/PortraitsMaudeSarah-01-01.jpg\",\"width\":1583,\"height\":618},{\"@type\":\"BreadcrumbList\",\"@id\":\"https:\/\/www.asf-quebec.org\/en\/webinaire-gratuit-larchitecture-sans-frontieres-au-service-des-communautes\/#breadcrumb\",\"itemListElement\":[{\"@type\":\"ListItem\",\"position\":1,\"name\":\"Accueil\",\"item\":\"https:\/\/www.asf-quebec.org\/en\/\"},{\"@type\":\"ListItem\",\"position\":2,\"name\":\"Webinaire gratuit &#8211; L\u2019architecture sans fronti\u00e8res : au service des communaut\u00e9s\"}]},{\"@type\":\"WebSite\",\"@id\":\"https:\/\/www.asf-quebec.org\/en\/#website\",\"url\":\"https:\/\/www.asf-quebec.org\/en\/\",\"name\":\"Architecture sans fronti\u00e8res Qu\u00e9bec\",\"description\":\"ASFQ\",\"publisher\":{\"@id\":\"https:\/\/www.asf-quebec.org\/en\/#organization\"},\"potentialAction\":[{\"@type\":\"SearchAction\",\"target\":{\"@type\":\"EntryPoint\",\"urlTemplate\":\"https:\/\/www.asf-quebec.org\/en\/?s={search_term_string}\"},\"query-input\":{\"@type\":\"PropertyValueSpecification\",\"valueRequired\":true,\"valueName\":\"search_term_string\"}}],\"inLanguage\":\"en-US\"},{\"@type\":\"Organization\",\"@id\":\"https:\/\/www.asf-quebec.org\/en\/#organization\",\"name\":\"Architecture sans fronti\u00e8res Qu\u00e9bec (ASFQ)\",\"url\":\"https:\/\/www.asf-quebec.org\/en\/\",\"logo\":{\"@type\":\"ImageObject\",\"inLanguage\":\"en-US\",\"@id\":\"https:\/\/www.asf-quebec.org\/en\/#\/schema\/logo\/image\/\",\"url\":\"https:\/\/www.asf-quebec.org\/wp-content\/uploads\/2019\/07\/Logo-asfq-retina.jpg\",\"contentUrl\":\"https:\/\/www.asf-quebec.org\/wp-content\/uploads\/2019\/07\/Logo-asfq-retina.jpg\",\"width\":564,\"height\":219,\"caption\":\"Architecture sans fronti\u00e8res Qu\u00e9bec (ASFQ)\"},\"image\":{\"@id\":\"https:\/\/www.asf-quebec.org\/en\/#\/schema\/logo\/image\/\"},\"sameAs\":[\"https:\/\/www.facebook.com\/architecturesansfrontieres\/\",\"https:\/\/www.instagram.com\/asfquebec\/\",\"https:\/\/www.linkedin.com\/company\/asf-quebec\/\"]},{\"@type\":\"Person\",\"@id\":\"https:\/\/www.asf-quebec.org\/en\/#\/schema\/person\/9655911da321e5e7c39708ae5de28d6a\",\"name\":\"asf-quebec\",\"image\":{\"@type\":\"ImageObject\",\"inLanguage\":\"en-US\",\"@id\":\"https:\/\/www.asf-quebec.org\/en\/#\/schema\/person\/image\/\",\"url\":\"https:\/\/secure.gravatar.com\/avatar\/e855b116ca919b157a426c59781443a8d88f6c286252b6e0fed2bef83833541c?s=96&d=mm&r=g\",\"contentUrl\":\"https:\/\/secure.gravatar.com\/avatar\/e855b116ca919b157a426c59781443a8d88f6c286252b6e0fed2bef83833541c?s=96&d=mm&r=g\",\"caption\":\"asf-quebec\"}}]}<\/script>\n<!-- \/ Yoast SEO plugin. -->","yoast_head_json":{"title":"Webinaire gratuit - L\u2019architecture sans fronti\u00e8res : au service des communaut\u00e9s - Architecture Sans Fronti\u00e8res Qu\u00e9bec %","description":"Webinaire gratuit - L\u2019architecture sans fronti\u00e8res : au service des communaut\u00e9s","robots":{"index":"index","follow":"follow","max-snippet":"max-snippet:-1","max-image-preview":"max-image-preview:large","max-video-preview":"max-video-preview:-1"},"canonical":"https:\/\/www.asf-quebec.org\/en\/webinaire-gratuit-larchitecture-sans-frontieres-au-service-des-communautes\/","og_locale":"en_US","og_type":"article","og_title":"Webinaire gratuit - L\u2019architecture sans fronti\u00e8res : au service des communaut\u00e9s - Architecture Sans Fronti\u00e8res Qu\u00e9bec %","og_description":"Webinaire gratuit - L\u2019architecture sans fronti\u00e8res : au service des communaut\u00e9s","og_url":"https:\/\/www.asf-quebec.org\/en\/webinaire-gratuit-larchitecture-sans-frontieres-au-service-des-communautes\/","og_site_name":"Architecture Sans Fronti\u00e8res Qu\u00e9bec","article_publisher":"https:\/\/www.facebook.com\/architecturesansfrontieres\/","article_published_time":"2020-12-08T15:42:27+00:00","article_modified_time":"2022-11-29T18:07:06+00:00","og_image":[{"width":1583,"height":618,"url":"https:\/\/www.asf-quebec.org\/wp-content\/uploads\/2020\/12\/PortraitsMaudeSarah-01-01.jpg","type":"image\/jpeg"}],"author":"asf-quebec","twitter_card":"summary_large_image","twitter_misc":{"Written by":"asf-quebec","Est. reading time":"2 minutes"},"schema":{"@context":"https:\/\/schema.org","@graph":[{"@type":"Article","@id":"https:\/\/www.asf-quebec.org\/en\/webinaire-gratuit-larchitecture-sans-frontieres-au-service-des-communautes\/#article","isPartOf":{"@id":"https:\/\/www.asf-quebec.org\/en\/webinaire-gratuit-larchitecture-sans-frontieres-au-service-des-communautes\/"},"author":{"name":"asf-quebec","@id":"https:\/\/www.asf-quebec.org\/en\/#\/schema\/person\/9655911da321e5e7c39708ae5de28d6a"},"headline":"Webinaire gratuit &#8211; L\u2019architecture sans fronti\u00e8res : au service des communaut\u00e9s","datePublished":"2020-12-08T15:42:27+00:00","dateModified":"2022-11-29T18:07:06+00:00","mainEntityOfPage":{"@id":"https:\/\/www.asf-quebec.org\/en\/webinaire-gratuit-larchitecture-sans-frontieres-au-service-des-communautes\/"},"wordCount":375,"publisher":{"@id":"https:\/\/www.asf-quebec.org\/en\/#organization"},"image":{"@id":"https:\/\/www.asf-quebec.org\/en\/webinaire-gratuit-larchitecture-sans-frontieres-au-service-des-communautes\/#primaryimage"},"thumbnailUrl":"https:\/\/www.asf-quebec.org\/wp-content\/uploads\/2020\/12\/PortraitsMaudeSarah-01-01.jpg","keywords":["EA","SU"],"articleSection":["Events"],"inLanguage":"en-US"},{"@type":"WebPage","@id":"https:\/\/www.asf-quebec.org\/en\/webinaire-gratuit-larchitecture-sans-frontieres-au-service-des-communautes\/","url":"https:\/\/www.asf-quebec.org\/en\/webinaire-gratuit-larchitecture-sans-frontieres-au-service-des-communautes\/","name":"Webinaire gratuit - L\u2019architecture sans fronti\u00e8res : au service des communaut\u00e9s - Architecture Sans Fronti\u00e8res Qu\u00e9bec %","isPartOf":{"@id":"https:\/\/www.asf-quebec.org\/en\/#website"},"primaryImageOfPage":{"@id":"https:\/\/www.asf-quebec.org\/en\/webinaire-gratuit-larchitecture-sans-frontieres-au-service-des-communautes\/#primaryimage"},"image":{"@id":"https:\/\/www.asf-quebec.org\/en\/webinaire-gratuit-larchitecture-sans-frontieres-au-service-des-communautes\/#primaryimage"},"thumbnailUrl":"https:\/\/www.asf-quebec.org\/wp-content\/uploads\/2020\/12\/PortraitsMaudeSarah-01-01.jpg","datePublished":"2020-12-08T15:42:27+00:00","dateModified":"2022-11-29T18:07:06+00:00","description":"Webinaire gratuit - L\u2019architecture sans fronti\u00e8res : au service des communaut\u00e9s","breadcrumb":{"@id":"https:\/\/www.asf-quebec.org\/en\/webinaire-gratuit-larchitecture-sans-frontieres-au-service-des-communautes\/#breadcrumb"},"inLanguage":"en-US","potentialAction":[{"@type":"ReadAction","target":["https:\/\/www.asf-quebec.org\/en\/webinaire-gratuit-larchitecture-sans-frontieres-au-service-des-communautes\/"]}]},{"@type":"ImageObject","inLanguage":"en-US","@id":"https:\/\/www.asf-quebec.org\/en\/webinaire-gratuit-larchitecture-sans-frontieres-au-service-des-communautes\/#primaryimage","url":"https:\/\/www.asf-quebec.org\/wp-content\/uploads\/2020\/12\/PortraitsMaudeSarah-01-01.jpg","contentUrl":"https:\/\/www.asf-quebec.org\/wp-content\/uploads\/2020\/12\/PortraitsMaudeSarah-01-01.jpg","width":1583,"height":618},{"@type":"BreadcrumbList","@id":"https:\/\/www.asf-quebec.org\/en\/webinaire-gratuit-larchitecture-sans-frontieres-au-service-des-communautes\/#breadcrumb","itemListElement":[{"@type":"ListItem","position":1,"name":"Accueil","item":"https:\/\/www.asf-quebec.org\/en\/"},{"@type":"ListItem","position":2,"name":"Webinaire gratuit &#8211; L\u2019architecture sans fronti\u00e8res : au service des communaut\u00e9s"}]},{"@type":"WebSite","@id":"https:\/\/www.asf-quebec.org\/en\/#website","url":"https:\/\/www.asf-quebec.org\/en\/","name":"Architecture sans fronti\u00e8res Qu\u00e9bec","description":"ASFQ","publisher":{"@id":"https:\/\/www.asf-quebec.org\/en\/#organization"},"potentialAction":[{"@type":"SearchAction","target":{"@type":"EntryPoint","urlTemplate":"https:\/\/www.asf-quebec.org\/en\/?s={search_term_string}"},"query-input":{"@type":"PropertyValueSpecification","valueRequired":true,"valueName":"search_term_string"}}],"inLanguage":"en-US"},{"@type":"Organization","@id":"https:\/\/www.asf-quebec.org\/en\/#organization","name":"Architecture sans fronti\u00e8res Qu\u00e9bec (ASFQ)","url":"https:\/\/www.asf-quebec.org\/en\/","logo":{"@type":"ImageObject","inLanguage":"en-US","@id":"https:\/\/www.asf-quebec.org\/en\/#\/schema\/logo\/image\/","url":"https:\/\/www.asf-quebec.org\/wp-content\/uploads\/2019\/07\/Logo-asfq-retina.jpg","contentUrl":"https:\/\/www.asf-quebec.org\/wp-content\/uploads\/2019\/07\/Logo-asfq-retina.jpg","width":564,"height":219,"caption":"Architecture sans fronti\u00e8res Qu\u00e9bec (ASFQ)"},"image":{"@id":"https:\/\/www.asf-quebec.org\/en\/#\/schema\/logo\/image\/"},"sameAs":["https:\/\/www.facebook.com\/architecturesansfrontieres\/","https:\/\/www.instagram.com\/asfquebec\/","https:\/\/www.linkedin.com\/company\/asf-quebec\/"]},{"@type":"Person","@id":"https:\/\/www.asf-quebec.org\/en\/#\/schema\/person\/9655911da321e5e7c39708ae5de28d6a","name":"asf-quebec","image":{"@type":"ImageObject","inLanguage":"en-US","@id":"https:\/\/www.asf-quebec.org\/en\/#\/schema\/person\/image\/","url":"https:\/\/secure.gravatar.com\/avatar\/e855b116ca919b157a426c59781443a8d88f6c286252b6e0fed2bef83833541c?s=96&d=mm&r=g","contentUrl":"https:\/\/secure.gravatar.com\/avatar\/e855b116ca919b157a426c59781443a8d88f6c286252b6e0fed2bef83833541c?s=96&d=mm&r=g","caption":"asf-quebec"}}]}},"_links":{"self":[{"href":"https:\/\/www.asf-quebec.org\/en\/wp-json\/wp\/v2\/posts\/951227","targetHints":{"allow":["GET"]}}],"collection":[{"href":"https:\/\/www.asf-quebec.org\/en\/wp-json\/wp\/v2\/posts"}],"about":[{"href":"https:\/\/www.asf-quebec.org\/en\/wp-json\/wp\/v2\/types\/post"}],"author":[{"embeddable":true,"href":"https:\/\/www.asf-quebec.org\/en\/wp-json\/wp\/v2\/users\/2"}],"replies":[{"embeddable":true,"href":"https:\/\/www.asf-quebec.org\/en\/wp-json\/wp\/v2\/comments?post=951227"}],"version-history":[{"count":1,"href":"https:\/\/www.asf-quebec.org\/en\/wp-json\/wp\/v2\/posts\/951227\/revisions"}],"predecessor-version":[{"id":1117830,"href":"https:\/\/www.asf-quebec.org\/en\/wp-json\/wp\/v2\/posts\/951227\/revisions\/1117830"}],"wp:featuredmedia":[{"embeddable":true,"href":"https:\/\/www.asf-quebec.org\/en\/wp-json\/wp\/v2\/media\/302489"}],"wp:attachment":[{"href":"https:\/\/www.asf-quebec.org\/en\/wp-json\/wp\/v2\/media?parent=951227"}],"wp:term":[{"taxonomy":"category","embeddable":true,"href":"https:\/\/www.asf-quebec.org\/en\/wp-json\/wp\/v2\/categories?post=951227"},{"taxonomy":"post_tag","embeddable":true,"href":"https:\/\/www.asf-quebec.org\/en\/wp-json\/wp\/v2\/tags?post=951227"}],"curies":[{"name":"wp","href":"https:\/\/api.w.org\/{rel}","templated":true}]}}