{"id":951226,"date":"2020-12-16T20:02:04","date_gmt":"2020-12-16T20:02:04","guid":{"rendered":"https:\/\/www.asf-quebec.org\/conference-sur-larchitecture-et-itinerance\/"},"modified":"2020-12-16T20:02:04","modified_gmt":"2020-12-16T20:02:04","slug":"conference-sur-larchitecture-et-itinerance","status":"publish","type":"post","link":"https:\/\/www.asf-quebec.org\/en\/conference-sur-larchitecture-et-itinerance\/","title":{"rendered":"Conf\u00e9rence sur l&#8217;architecture et l&#8217;itin\u00e9rance"},"content":{"rendered":"<p class=\"fusion-responsive-typography-calculated\" data-fontsize=\"26\" data-lineheight=\"39px\">Le 26 novembre 2020,\u00a0 suite \u00e0 la projection publique du documentaire <em>What It Takes to Make a Home, <\/em>le Centre canadien d\u2019architecture (CCA), en partenariat avec ASFQ, organise un panel en direct avec Charlotte Biddle-Bocan, Edith Cyr et Maya Cousineau Mollen, et anim\u00e9 par Carolyne Grimard, pour \u00e9changer \u00e0 propos des enjeux de l\u2019hostilit\u00e9 urbaine, des politiques d\u2019itin\u00e9rance et des \u00e9v\u00e9nements r\u00e9cents \u00e0 Montr\u00e9al.<\/p>\n<p>Visionnez ici la conf\u00e9rence :<\/p>\n<div class=\"video-shortcode\"><iframe title=\"What It Takes to Make a Home \u2013 Une conversation sur le sans-abrisme \u00e0 Montr\u00e9al\" width=\"1480\" height=\"833\" src=\"https:\/\/www.youtube.com\/embed\/yddaG_6XHDc?feature=oembed\" frameborder=\"0\" allow=\"accelerometer; autoplay; clipboard-write; encrypted-media; gyroscope; picture-in-picture\" allowfullscreen><\/iframe><\/div>\n<ul>\n<li><strong>Edith Cyr<\/strong>\u00a0travaille dans le logement communautaire depuis plus de 40 ans. Elle est directrice g\u00e9n\u00e9rale de\u00a0<em>B\u00e2tir son quartier<\/em>, un acteur incontournable de l\u2019immobilier communautaire au Qu\u00e9bec et la principale ressource communautaire en d\u00e9veloppement immobilier au Canada. Elle est \u00e9galement directrice g\u00e9n\u00e9rale de\u00a0<em>G\u00e9rer son quartier<\/em>, une organisation \u00e0 but non lucratif fond\u00e9e en 1996.<br \/>\n<span style=\"color: #ffffff;\">ooo<\/span><\/li>\n<li><strong>Maya Cousineau Mollen<\/strong>\u00a0est une po\u00e8te de la nation Innue Montagnaise. Depuis 2017, Maya s\u2019implique aupr\u00e8s de\u00a0<em>Projets Autochtones du Qu\u00e9bec<\/em>, qui propose des logements et des services adapt\u00e9s aux cultures des Premi\u00e8res Nations, des Inuits et des M\u00e9tis vivant en situation de pr\u00e9carit\u00e9 ou en transition. Elle est \u00e9galement conseill\u00e8re en d\u00e9veloppement communautaire des Premi\u00e8res Nations et des Inuits pour EVOQ Architecture.<br \/>\n<span style=\"color: #ffffff;\">ooo<\/span><\/li>\n<li><strong>Carolyne Grimard<\/strong> est professeure et chercheuse \u00e0 l\u2019\u00c9cole de travail social de l\u2019Universit\u00e9 de Montr\u00e9al. Elle est \u00e9galement partenaire du programme de recherche-action-diffusion d\u2019Architecture sans fronti\u00e8res Qu\u00e9bec sur l\u2019architecture et l\u2019itin\u00e9rance. Ses travaux de recherche portent sur l\u2019extr\u00eame pauvret\u00e9, ainsi que sur les processus de fid\u00e9lisation aux dispositifs d\u2019aide (refuges, aide sociale, programmes de r\u00e9insertion, etc.) que connaissent les personnes en situation d\u2019itin\u00e9rance. De mani\u00e8re plus large, elle s\u2019int\u00e9resse aux tensions qui naissent de la cohabitation entre ces personnes, les institutions, les politiques sociales, les organismes communautaires et les quartiers qui les entourent.<\/li>\n<\/ul>\n<p>&nbsp;<\/p>\n<p><strong>Le documentaire :<\/strong><br \/>\nLe film documentaire <em><a href=\"https:\/\/www.youtube.com\/watch?v=r83X-mtHt8o&amp;t=1175s\">What it takes to Make a Home<\/a>\u00a0<\/em>suit une conversation entre deux architectes, Michael Maltzan (Los Angeles) et Alexander Hagner (Vienne), qui se sont attaqu\u00e9s aux questions d&#8217;itin\u00e9rance des ann\u00e9es durant, au fil de divers projets. Le film s\u2019interroge sur l\u2019implication des architectes dans la r\u00e9solution du probl\u00e8me de stigmatisation des sans-abris et la reconstruction de villes plus inclusives.2019 | 29 min \u2013\u00a0<b>Canada \u2013 Film num\u00e9rique \u2013 <\/b><\/p>\n<p><b>Produit par le CCA<br \/>\nPremier film d\u2019une s\u00e9rie documentaire en trois parties<br \/>\nCon\u00e7u par Giovanna Borasi \u2013 R\u00e9alis\u00e9 par Daniel Schwartz<\/b><\/p>\n","protected":false},"excerpt":{"rendered":"<p>Le 26 novembre 2020,\u00a0 suite \u00e0 la projection publique du <a href=\"https:\/\/www.asf-quebec.org\/en\/conference-sur-larchitecture-et-itinerance\/\"> [&#8230;]<\/a><\/p>\n","protected":false},"author":2,"featured_media":302512,"comment_status":"closed","ping_status":"closed","sticky":false,"template":"","format":"standard","meta":{"_acf_changed":false,"footnotes":""},"categories":[37],"tags":[40,46],"class_list":["post-951226","post","type-post","status-publish","format-standard","has-post-thumbnail","hentry","category-news","tag-ea-en","tag-su-en"],"acf":[],"yoast_head":"<!-- This site is optimized with the Yoast SEO plugin v26.8 - https:\/\/yoast.com\/product\/yoast-seo-wordpress\/ -->\n<title>Conf\u00e9rence sur l&#039;architecture et l&#039;itin\u00e9rance - Architecture Sans Fronti\u00e8res Qu\u00e9bec %<\/title>\n<meta name=\"description\" content=\"Conf\u00e9rence sur l&#039;architecture et l&#039;itin\u00e9rance\" \/>\n<meta name=\"robots\" content=\"index, follow, max-snippet:-1, max-image-preview:large, max-video-preview:-1\" \/>\n<link rel=\"canonical\" href=\"https:\/\/www.asf-quebec.org\/en\/conference-sur-larchitecture-et-itinerance\/\" \/>\n<meta property=\"og:locale\" content=\"en_US\" \/>\n<meta property=\"og:type\" content=\"article\" \/>\n<meta property=\"og:title\" content=\"Conf\u00e9rence sur l&#039;architecture et l&#039;itin\u00e9rance - Architecture Sans Fronti\u00e8res Qu\u00e9bec %\" \/>\n<meta property=\"og:description\" content=\"Conf\u00e9rence sur l&#039;architecture et l&#039;itin\u00e9rance\" \/>\n<meta property=\"og:url\" content=\"https:\/\/www.asf-quebec.org\/en\/conference-sur-larchitecture-et-itinerance\/\" \/>\n<meta property=\"og:site_name\" content=\"Architecture Sans Fronti\u00e8res Qu\u00e9bec\" \/>\n<meta property=\"article:publisher\" content=\"https:\/\/www.facebook.com\/architecturesansfrontieres\/\" \/>\n<meta property=\"article:published_time\" content=\"2020-12-16T20:02:04+00:00\" \/>\n<meta name=\"author\" content=\"asf-quebec\" \/>\n<meta name=\"twitter:card\" content=\"summary_large_image\" \/>\n<meta name=\"twitter:label1\" content=\"Written by\" \/>\n\t<meta name=\"twitter:data1\" content=\"asf-quebec\" \/>\n\t<meta name=\"twitter:label2\" content=\"Est. reading time\" \/>\n\t<meta name=\"twitter:data2\" content=\"2 minutes\" \/>\n<script type=\"application\/ld+json\" class=\"yoast-schema-graph\">{\"@context\":\"https:\/\/schema.org\",\"@graph\":[{\"@type\":\"Article\",\"@id\":\"https:\/\/www.asf-quebec.org\/en\/conference-sur-larchitecture-et-itinerance\/#article\",\"isPartOf\":{\"@id\":\"https:\/\/www.asf-quebec.org\/en\/conference-sur-larchitecture-et-itinerance\/\"},\"author\":{\"name\":\"asf-quebec\",\"@id\":\"https:\/\/www.asf-quebec.org\/en\/#\/schema\/person\/9655911da321e5e7c39708ae5de28d6a\"},\"headline\":\"Conf\u00e9rence sur l&#8217;architecture et l&#8217;itin\u00e9rance\",\"datePublished\":\"2020-12-16T20:02:04+00:00\",\"mainEntityOfPage\":{\"@id\":\"https:\/\/www.asf-quebec.org\/en\/conference-sur-larchitecture-et-itinerance\/\"},\"wordCount\":444,\"publisher\":{\"@id\":\"https:\/\/www.asf-quebec.org\/en\/#organization\"},\"image\":{\"@id\":\"https:\/\/www.asf-quebec.org\/en\/conference-sur-larchitecture-et-itinerance\/#primaryimage\"},\"thumbnailUrl\":\"https:\/\/www.asf-quebec.org\/wp-content\/uploads\/2020\/12\/Capture-de\u0301cran-le-2020-12-22-a\u0300-09.27.52.jpg\",\"keywords\":[\"EA\",\"SU\"],\"articleSection\":[\"News\"],\"inLanguage\":\"en-US\"},{\"@type\":\"WebPage\",\"@id\":\"https:\/\/www.asf-quebec.org\/en\/conference-sur-larchitecture-et-itinerance\/\",\"url\":\"https:\/\/www.asf-quebec.org\/en\/conference-sur-larchitecture-et-itinerance\/\",\"name\":\"Conf\u00e9rence sur l'architecture et l'itin\u00e9rance - Architecture Sans Fronti\u00e8res Qu\u00e9bec %\",\"isPartOf\":{\"@id\":\"https:\/\/www.asf-quebec.org\/en\/#website\"},\"primaryImageOfPage\":{\"@id\":\"https:\/\/www.asf-quebec.org\/en\/conference-sur-larchitecture-et-itinerance\/#primaryimage\"},\"image\":{\"@id\":\"https:\/\/www.asf-quebec.org\/en\/conference-sur-larchitecture-et-itinerance\/#primaryimage\"},\"thumbnailUrl\":\"https:\/\/www.asf-quebec.org\/wp-content\/uploads\/2020\/12\/Capture-de\u0301cran-le-2020-12-22-a\u0300-09.27.52.jpg\",\"datePublished\":\"2020-12-16T20:02:04+00:00\",\"description\":\"Conf\u00e9rence sur l'architecture et l'itin\u00e9rance\",\"breadcrumb\":{\"@id\":\"https:\/\/www.asf-quebec.org\/en\/conference-sur-larchitecture-et-itinerance\/#breadcrumb\"},\"inLanguage\":\"en-US\",\"potentialAction\":[{\"@type\":\"ReadAction\",\"target\":[\"https:\/\/www.asf-quebec.org\/en\/conference-sur-larchitecture-et-itinerance\/\"]}]},{\"@type\":\"ImageObject\",\"inLanguage\":\"en-US\",\"@id\":\"https:\/\/www.asf-quebec.org\/en\/conference-sur-larchitecture-et-itinerance\/#primaryimage\",\"url\":\"https:\/\/www.asf-quebec.org\/wp-content\/uploads\/2020\/12\/Capture-de\u0301cran-le-2020-12-22-a\u0300-09.27.52.jpg\",\"contentUrl\":\"https:\/\/www.asf-quebec.org\/wp-content\/uploads\/2020\/12\/Capture-de\u0301cran-le-2020-12-22-a\u0300-09.27.52.jpg\",\"width\":1440,\"height\":900},{\"@type\":\"BreadcrumbList\",\"@id\":\"https:\/\/www.asf-quebec.org\/en\/conference-sur-larchitecture-et-itinerance\/#breadcrumb\",\"itemListElement\":[{\"@type\":\"ListItem\",\"position\":1,\"name\":\"Accueil\",\"item\":\"https:\/\/www.asf-quebec.org\/en\/\"},{\"@type\":\"ListItem\",\"position\":2,\"name\":\"Conf\u00e9rence sur l&rsquo;architecture et l&rsquo;itin\u00e9rance\"}]},{\"@type\":\"WebSite\",\"@id\":\"https:\/\/www.asf-quebec.org\/en\/#website\",\"url\":\"https:\/\/www.asf-quebec.org\/en\/\",\"name\":\"Architecture sans fronti\u00e8res Qu\u00e9bec\",\"description\":\"ASFQ\",\"publisher\":{\"@id\":\"https:\/\/www.asf-quebec.org\/en\/#organization\"},\"potentialAction\":[{\"@type\":\"SearchAction\",\"target\":{\"@type\":\"EntryPoint\",\"urlTemplate\":\"https:\/\/www.asf-quebec.org\/en\/?s={search_term_string}\"},\"query-input\":{\"@type\":\"PropertyValueSpecification\",\"valueRequired\":true,\"valueName\":\"search_term_string\"}}],\"inLanguage\":\"en-US\"},{\"@type\":\"Organization\",\"@id\":\"https:\/\/www.asf-quebec.org\/en\/#organization\",\"name\":\"Architecture sans fronti\u00e8res Qu\u00e9bec (ASFQ)\",\"url\":\"https:\/\/www.asf-quebec.org\/en\/\",\"logo\":{\"@type\":\"ImageObject\",\"inLanguage\":\"en-US\",\"@id\":\"https:\/\/www.asf-quebec.org\/en\/#\/schema\/logo\/image\/\",\"url\":\"https:\/\/www.asf-quebec.org\/wp-content\/uploads\/2019\/07\/Logo-asfq-retina.jpg\",\"contentUrl\":\"https:\/\/www.asf-quebec.org\/wp-content\/uploads\/2019\/07\/Logo-asfq-retina.jpg\",\"width\":564,\"height\":219,\"caption\":\"Architecture sans fronti\u00e8res Qu\u00e9bec (ASFQ)\"},\"image\":{\"@id\":\"https:\/\/www.asf-quebec.org\/en\/#\/schema\/logo\/image\/\"},\"sameAs\":[\"https:\/\/www.facebook.com\/architecturesansfrontieres\/\",\"https:\/\/www.instagram.com\/asfquebec\/\",\"https:\/\/www.linkedin.com\/company\/asf-quebec\/\"]},{\"@type\":\"Person\",\"@id\":\"https:\/\/www.asf-quebec.org\/en\/#\/schema\/person\/9655911da321e5e7c39708ae5de28d6a\",\"name\":\"asf-quebec\",\"image\":{\"@type\":\"ImageObject\",\"inLanguage\":\"en-US\",\"@id\":\"https:\/\/www.asf-quebec.org\/en\/#\/schema\/person\/image\/\",\"url\":\"https:\/\/secure.gravatar.com\/avatar\/e855b116ca919b157a426c59781443a8d88f6c286252b6e0fed2bef83833541c?s=96&d=mm&r=g\",\"contentUrl\":\"https:\/\/secure.gravatar.com\/avatar\/e855b116ca919b157a426c59781443a8d88f6c286252b6e0fed2bef83833541c?s=96&d=mm&r=g\",\"caption\":\"asf-quebec\"}}]}<\/script>\n<!-- \/ Yoast SEO plugin. -->","yoast_head_json":{"title":"Conf\u00e9rence sur l'architecture et l'itin\u00e9rance - Architecture Sans Fronti\u00e8res Qu\u00e9bec %","description":"Conf\u00e9rence sur l'architecture et l'itin\u00e9rance","robots":{"index":"index","follow":"follow","max-snippet":"max-snippet:-1","max-image-preview":"max-image-preview:large","max-video-preview":"max-video-preview:-1"},"canonical":"https:\/\/www.asf-quebec.org\/en\/conference-sur-larchitecture-et-itinerance\/","og_locale":"en_US","og_type":"article","og_title":"Conf\u00e9rence sur l'architecture et l'itin\u00e9rance - Architecture Sans Fronti\u00e8res Qu\u00e9bec %","og_description":"Conf\u00e9rence sur l'architecture et l'itin\u00e9rance","og_url":"https:\/\/www.asf-quebec.org\/en\/conference-sur-larchitecture-et-itinerance\/","og_site_name":"Architecture Sans Fronti\u00e8res Qu\u00e9bec","article_publisher":"https:\/\/www.facebook.com\/architecturesansfrontieres\/","article_published_time":"2020-12-16T20:02:04+00:00","author":"asf-quebec","twitter_card":"summary_large_image","twitter_misc":{"Written by":"asf-quebec","Est. reading time":"2 minutes"},"schema":{"@context":"https:\/\/schema.org","@graph":[{"@type":"Article","@id":"https:\/\/www.asf-quebec.org\/en\/conference-sur-larchitecture-et-itinerance\/#article","isPartOf":{"@id":"https:\/\/www.asf-quebec.org\/en\/conference-sur-larchitecture-et-itinerance\/"},"author":{"name":"asf-quebec","@id":"https:\/\/www.asf-quebec.org\/en\/#\/schema\/person\/9655911da321e5e7c39708ae5de28d6a"},"headline":"Conf\u00e9rence sur l&#8217;architecture et l&#8217;itin\u00e9rance","datePublished":"2020-12-16T20:02:04+00:00","mainEntityOfPage":{"@id":"https:\/\/www.asf-quebec.org\/en\/conference-sur-larchitecture-et-itinerance\/"},"wordCount":444,"publisher":{"@id":"https:\/\/www.asf-quebec.org\/en\/#organization"},"image":{"@id":"https:\/\/www.asf-quebec.org\/en\/conference-sur-larchitecture-et-itinerance\/#primaryimage"},"thumbnailUrl":"https:\/\/www.asf-quebec.org\/wp-content\/uploads\/2020\/12\/Capture-de\u0301cran-le-2020-12-22-a\u0300-09.27.52.jpg","keywords":["EA","SU"],"articleSection":["News"],"inLanguage":"en-US"},{"@type":"WebPage","@id":"https:\/\/www.asf-quebec.org\/en\/conference-sur-larchitecture-et-itinerance\/","url":"https:\/\/www.asf-quebec.org\/en\/conference-sur-larchitecture-et-itinerance\/","name":"Conf\u00e9rence sur l'architecture et l'itin\u00e9rance - Architecture Sans Fronti\u00e8res Qu\u00e9bec %","isPartOf":{"@id":"https:\/\/www.asf-quebec.org\/en\/#website"},"primaryImageOfPage":{"@id":"https:\/\/www.asf-quebec.org\/en\/conference-sur-larchitecture-et-itinerance\/#primaryimage"},"image":{"@id":"https:\/\/www.asf-quebec.org\/en\/conference-sur-larchitecture-et-itinerance\/#primaryimage"},"thumbnailUrl":"https:\/\/www.asf-quebec.org\/wp-content\/uploads\/2020\/12\/Capture-de\u0301cran-le-2020-12-22-a\u0300-09.27.52.jpg","datePublished":"2020-12-16T20:02:04+00:00","description":"Conf\u00e9rence sur l'architecture et l'itin\u00e9rance","breadcrumb":{"@id":"https:\/\/www.asf-quebec.org\/en\/conference-sur-larchitecture-et-itinerance\/#breadcrumb"},"inLanguage":"en-US","potentialAction":[{"@type":"ReadAction","target":["https:\/\/www.asf-quebec.org\/en\/conference-sur-larchitecture-et-itinerance\/"]}]},{"@type":"ImageObject","inLanguage":"en-US","@id":"https:\/\/www.asf-quebec.org\/en\/conference-sur-larchitecture-et-itinerance\/#primaryimage","url":"https:\/\/www.asf-quebec.org\/wp-content\/uploads\/2020\/12\/Capture-de\u0301cran-le-2020-12-22-a\u0300-09.27.52.jpg","contentUrl":"https:\/\/www.asf-quebec.org\/wp-content\/uploads\/2020\/12\/Capture-de\u0301cran-le-2020-12-22-a\u0300-09.27.52.jpg","width":1440,"height":900},{"@type":"BreadcrumbList","@id":"https:\/\/www.asf-quebec.org\/en\/conference-sur-larchitecture-et-itinerance\/#breadcrumb","itemListElement":[{"@type":"ListItem","position":1,"name":"Accueil","item":"https:\/\/www.asf-quebec.org\/en\/"},{"@type":"ListItem","position":2,"name":"Conf\u00e9rence sur l&rsquo;architecture et l&rsquo;itin\u00e9rance"}]},{"@type":"WebSite","@id":"https:\/\/www.asf-quebec.org\/en\/#website","url":"https:\/\/www.asf-quebec.org\/en\/","name":"Architecture sans fronti\u00e8res Qu\u00e9bec","description":"ASFQ","publisher":{"@id":"https:\/\/www.asf-quebec.org\/en\/#organization"},"potentialAction":[{"@type":"SearchAction","target":{"@type":"EntryPoint","urlTemplate":"https:\/\/www.asf-quebec.org\/en\/?s={search_term_string}"},"query-input":{"@type":"PropertyValueSpecification","valueRequired":true,"valueName":"search_term_string"}}],"inLanguage":"en-US"},{"@type":"Organization","@id":"https:\/\/www.asf-quebec.org\/en\/#organization","name":"Architecture sans fronti\u00e8res Qu\u00e9bec (ASFQ)","url":"https:\/\/www.asf-quebec.org\/en\/","logo":{"@type":"ImageObject","inLanguage":"en-US","@id":"https:\/\/www.asf-quebec.org\/en\/#\/schema\/logo\/image\/","url":"https:\/\/www.asf-quebec.org\/wp-content\/uploads\/2019\/07\/Logo-asfq-retina.jpg","contentUrl":"https:\/\/www.asf-quebec.org\/wp-content\/uploads\/2019\/07\/Logo-asfq-retina.jpg","width":564,"height":219,"caption":"Architecture sans fronti\u00e8res Qu\u00e9bec (ASFQ)"},"image":{"@id":"https:\/\/www.asf-quebec.org\/en\/#\/schema\/logo\/image\/"},"sameAs":["https:\/\/www.facebook.com\/architecturesansfrontieres\/","https:\/\/www.instagram.com\/asfquebec\/","https:\/\/www.linkedin.com\/company\/asf-quebec\/"]},{"@type":"Person","@id":"https:\/\/www.asf-quebec.org\/en\/#\/schema\/person\/9655911da321e5e7c39708ae5de28d6a","name":"asf-quebec","image":{"@type":"ImageObject","inLanguage":"en-US","@id":"https:\/\/www.asf-quebec.org\/en\/#\/schema\/person\/image\/","url":"https:\/\/secure.gravatar.com\/avatar\/e855b116ca919b157a426c59781443a8d88f6c286252b6e0fed2bef83833541c?s=96&d=mm&r=g","contentUrl":"https:\/\/secure.gravatar.com\/avatar\/e855b116ca919b157a426c59781443a8d88f6c286252b6e0fed2bef83833541c?s=96&d=mm&r=g","caption":"asf-quebec"}}]}},"_links":{"self":[{"href":"https:\/\/www.asf-quebec.org\/en\/wp-json\/wp\/v2\/posts\/951226","targetHints":{"allow":["GET"]}}],"collection":[{"href":"https:\/\/www.asf-quebec.org\/en\/wp-json\/wp\/v2\/posts"}],"about":[{"href":"https:\/\/www.asf-quebec.org\/en\/wp-json\/wp\/v2\/types\/post"}],"author":[{"embeddable":true,"href":"https:\/\/www.asf-quebec.org\/en\/wp-json\/wp\/v2\/users\/2"}],"replies":[{"embeddable":true,"href":"https:\/\/www.asf-quebec.org\/en\/wp-json\/wp\/v2\/comments?post=951226"}],"version-history":[{"count":0,"href":"https:\/\/www.asf-quebec.org\/en\/wp-json\/wp\/v2\/posts\/951226\/revisions"}],"wp:featuredmedia":[{"embeddable":true,"href":"https:\/\/www.asf-quebec.org\/en\/wp-json\/wp\/v2\/media\/302512"}],"wp:attachment":[{"href":"https:\/\/www.asf-quebec.org\/en\/wp-json\/wp\/v2\/media?parent=951226"}],"wp:term":[{"taxonomy":"category","embeddable":true,"href":"https:\/\/www.asf-quebec.org\/en\/wp-json\/wp\/v2\/categories?post=951226"},{"taxonomy":"post_tag","embeddable":true,"href":"https:\/\/www.asf-quebec.org\/en\/wp-json\/wp\/v2\/tags?post=951226"}],"curies":[{"name":"wp","href":"https:\/\/api.w.org\/{rel}","templated":true}]}}