{"id":951224,"date":"2021-01-28T17:42:04","date_gmt":"2021-01-28T17:42:04","guid":{"rendered":"https:\/\/www.asf-quebec.org\/architecture-resiliente-aux-inondations-nouveau-projet-dasfq-avec-luniversite-de-montreal\/"},"modified":"2021-01-28T17:42:04","modified_gmt":"2021-01-28T17:42:04","slug":"architecture-resiliente-aux-inondations-nouveau-projet-dasfq-avec-luniversite-de-montreal","status":"publish","type":"post","link":"https:\/\/www.asf-quebec.org\/en\/architecture-resiliente-aux-inondations-nouveau-projet-dasfq-avec-luniversite-de-montreal\/","title":{"rendered":"Architecture r\u00e9siliente aux inondations : nouveau projet d\u2019ASFQ avec l\u2019Universit\u00e9 de Montr\u00e9al"},"content":{"rendered":"<p><span style=\"font-weight: 400;\">Le travail d\u2019ASFQ sur l\u2019architecture r\u00e9siliente aux inondations &#8211; d\u00e9but\u00e9 en mars 2020 &#8211; se poursuivra jusqu\u2019en 2022 dans le cadre du projet <b>\u201cArchitecture r\u00e9siliente aux inondations : d\u00e9veloppement d\u2019expertise et transfert de connaissances\u201d. <\/b>\u00c9labor\u00e9 en partenariat avec <a href=\"http:\/\/suivi.lnk01.com\/c\/443\/313787b7167bd72cfae56e1cf342f9e130eebb57ffebe4fb0b370a0e57316c2f\">Isabelle Thomas<\/a>, professeure titulaire \u00e0 la Facult\u00e9 de l&#8217;am\u00e9nagement de l\u2019Universit\u00e9 de Montr\u00e9al et Pascale Biron, professeure \u00e0 l&#8217;Universit\u00e9 Concordia, ce projet a pour objectifs de g\u00e9n\u00e9rer un savoir nouveau sur les mesures d\u2019adaptation du cadre b\u00e2ti aux inondations et de le diffuser aupr\u00e8s des propri\u00e9taires, concepteurs, constructeurs, d\u00e9cideurs et gestionnaires de b\u00e2timents. Premier en son genre, ce projet marquera l\u2019entr\u00e9e officielle de l\u2019architecture dans la r\u00e9flexion qu\u00e9b\u00e9coise entourant la probl\u00e9matique des inondations !<\/span><\/p>\n<p><img decoding=\"async\" class=\"lazyload alignnone size-full wp-image-302513\" src=\"https:\/\/www.asf-quebec.org\/wp-content\/uploads\/2021\/01\/Flikr_flood_S.C.-Air-National-Guard-e1611853167720.jpg\" data-orig-src=\"https:\/\/www.asf-quebec.org\/wp-content\/uploads\/2021\/01\/Flikr_flood_S.C.-Air-National-Guard-e1611853167720.jpg\" alt=\"\" width=\"2048\" height=\"901\" srcset=\"data:image\/svg+xml,%3Csvg%20xmlns%3D%27http%3A%2F%2Fwww.w3.org%2F2000%2Fsvg%27%20width%3D%272048%27%20height%3D%27901%27%20viewBox%3D%270%200%202048%20901%27%3E%3Crect%20width%3D%272048%27%20height%3D%27901%27%20fill-opacity%3D%220%22%2F%3E%3C%2Fsvg%3E\" data-srcset=\"https:\/\/www.asf-quebec.org\/wp-content\/uploads\/2021\/01\/Flikr_flood_S.C.-Air-National-Guard-e1611853167720-200x88.jpg 200w, https:\/\/www.asf-quebec.org\/wp-content\/uploads\/2021\/01\/Flikr_flood_S.C.-Air-National-Guard-e1611853167720-300x132.jpg 300w, https:\/\/www.asf-quebec.org\/wp-content\/uploads\/2021\/01\/Flikr_flood_S.C.-Air-National-Guard-e1611853167720-400x176.jpg 400w, https:\/\/www.asf-quebec.org\/wp-content\/uploads\/2021\/01\/Flikr_flood_S.C.-Air-National-Guard-e1611853167720-600x264.jpg 600w, https:\/\/www.asf-quebec.org\/wp-content\/uploads\/2021\/01\/Flikr_flood_S.C.-Air-National-Guard-e1611853167720-768x338.jpg 768w, https:\/\/www.asf-quebec.org\/wp-content\/uploads\/2021\/01\/Flikr_flood_S.C.-Air-National-Guard-e1611853167720-800x352.jpg 800w, https:\/\/www.asf-quebec.org\/wp-content\/uploads\/2021\/01\/Flikr_flood_S.C.-Air-National-Guard-e1611853167720-1024x451.jpg 1024w, https:\/\/www.asf-quebec.org\/wp-content\/uploads\/2021\/01\/Flikr_flood_S.C.-Air-National-Guard-e1611853167720-1200x528.jpg 1200w, https:\/\/www.asf-quebec.org\/wp-content\/uploads\/2021\/01\/Flikr_flood_S.C.-Air-National-Guard-e1611853167720-1536x676.jpg 1536w, https:\/\/www.asf-quebec.org\/wp-content\/uploads\/2021\/01\/Flikr_flood_S.C.-Air-National-Guard-e1611853167720.jpg 2048w\" data-sizes=\"auto\" data-orig-sizes=\"(max-width: 2048px) 100vw, 2048px\" \/><\/p>\n<p><span style=\"font-weight: 400;\">S\u00e9lectionn\u00e9 par le <a href=\"http:\/\/suivi.lnk01.com\/c\/443\/313787b7167bd72cfae56e1cf342f9e130eebb57ffebe4fb4401c5e21423af87\">R\u00e9seau Inondations InterSectoriel du Qu\u00e9bec (RIISQ)<\/a> et financ\u00e9 par une subvention de 92 000$ du <a href=\"http:\/\/suivi.lnk01.com\/c\/443\/313787b7167bd72cfae56e1cf342f9e130eebb57ffebe4fb52dc2aaaa7fff6dc\">Fonds de recherche du Qu\u00e9bec<\/a>, le projet est appuy\u00e9 par la <a href=\"http:\/\/suivi.lnk01.com\/c\/443\/313787b7167bd72cfae56e1cf342f9e130eebb57ffebe4fb2632b7eaba8ea084\">Communaut\u00e9 m\u00e9tropolitaine de Montr\u00e9al<\/a> (CMM), <a href=\"http:\/\/suivi.lnk01.com\/c\/443\/313787b7167bd72cfae56e1cf342f9e130eebb57ffebe4fb5acedcc3112784e3\">la Soci\u00e9t\u00e9 qu\u00e9b\u00e9coise des infrastructure<\/a> SQI), <a href=\"http:\/\/suivi.lnk01.com\/c\/443\/313787b7167bd72cfae56e1cf342f9e130eebb57ffebe4fb439c2c57eb52242e\">la Soci\u00e9t\u00e9 d\u2019habitation du Qu\u00e9bec<\/a> (SHQ) et l\u2019<a href=\"http:\/\/suivi.lnk01.com\/c\/443\/313787b7167bd72cfae56e1cf342f9e130eebb57ffebe4fbabc4f6e6157ce31b\">Ordre des architectes du Qu\u00e9bec<\/a> (OAQ). Par ailleurs, tel que mentionn\u00e9 par Laurie Cantin Towner de la SHQ,\u00a0 nos organisations respectives partagent des objectifs communs quant au d\u00e9veloppement des connaissances portant sur la r\u00e9silience du b\u00e2ti face aux inondations au Qu\u00e9bec. En effet, la SHQ \u00e9tant responsable de la mission Habitation dans le cadre du Plan d\u2019action national de s\u00e9curit\u00e9 civile, elle s\u2019int\u00e9resse \u00e0 l\u2019adaptation des b\u00e2timents face aux inondations dans un contexte de changements climatiques. \u201cLa Soci\u00e9t\u00e9 d\u2019habitation du Qu\u00e9bec a le plaisir de collaborer \u00e0 ce projet appuy\u00e9 par le R\u00e9seau Inondations InterSectoriel du Qu\u00e9bec.\u201d &#8211; Laurie Cantin-Towner<b> &#8211; <\/b>Conseill\u00e8re en environnement b\u00e2ti, Soci\u00e9t\u00e9 d\u2019habitation du Qu\u00e9bec (SHQ)<\/span><\/p>\n<p><span style=\"font-weight: 400;\">Ce projet est significatif et compl\u00e9mentaire d\u2019autres \u00e9tudes de recherche action men\u00e9es par Isabelle Thomas et son \u00e9quipe de recherche ARIACTION (ARIACTION.com) de la Facult\u00e9 d\u2019am\u00e9nagement de l\u2019Universit\u00e9 de Montr\u00e9al (UdeM). <\/span><span style=\"font-weight: 400;\">Leurs travaux se situent au carrefour de la recherche fondamentale et de la recherche action. Leurs r\u00e9alisations s\u2019arriment \u00e0 la recherche centr\u00e9e sur l\u2019urbanisme durable, sur la planification environnementale viable ainsi que sur les enjeux de vuln\u00e9rabilit\u00e9 et d\u2019adaptation aux changements climatiques pour construire des communaut\u00e9s r\u00e9silientes face aux risques naturels et anthropiques. <\/span><span style=\"font-weight: 400;\">Au cours des derni\u00e8res ann\u00e9es, il est devenu \u00e9vident que les inondations constituent un enjeu majeur au Qu\u00e9bec dans le contexte des changements climatiques. Plusieurs analyses ont \u00e9t\u00e9 men\u00e9es par l\u2019\u00e9quipe d\u2019ARIACTION\u00a0 tant pour comprendre la vuln\u00e9rabilit\u00e9 des territoires par des diagnostics rigoureux que les besoins en termes de communications, culture du risque. Chemin faisant, il est apparu fondamental de r\u00e9fl\u00e9chir \u00e0 la construction r\u00e9siliente, du b\u00e2timent au quartier.\u00a0<\/span><span style=\"font-weight: 400;\">Selon Isabelle Thomas,\u00a0 <\/span><span style=\"font-weight: 400;\">\u201cCe projet se veut int\u00e9grateur et va permettre de r\u00e9pondre \u00e0 un besoin crucial d\u2019information sur les mani\u00e8res d\u2019habiter en zone inondable constructible au Qu\u00e9bec. Jusqu\u2019\u00e0 pr\u00e9sent, de nombreux efforts se sont concentr\u00e9s sur la connaissance du risque. Cependant au-del\u00e0 des cartes et des diagnostics, il est fondamental de r\u00e9fl\u00e9chir aux savoir-faire et \u00e0 la mise en \u0153uvre de la r\u00e9silience au niveau du b\u00e2timent et des quartiers. L\u2019objectif de ce partenariat est non seulement de faire avancer les connaissances en termes de construction r\u00e9siliente en zone inondable \u00e0 diff\u00e9rentes \u00e9chelles, mais aussi les processus de mise en \u0153uvre en travaillant sur des projets pilotes.\u201d La compl\u00e9mentarit\u00e9 des expertises de <a href=\"https:\/\/www.ariaction.com\/notre-equipe\">l\u2019\u00e9quipe ARIACTION <\/a><\/span><span style=\"font-weight: 400;\">&#8211; dirig\u00e9e par Isabelle Thomas et d\u2019 Architecture Sans Fronti\u00e8res Qu\u00e9bec, \u00e9tablit un lien entre <\/span><span style=\"font-weight: 400;\">les \u00e9chelles des modes d\u2019habiter, du b\u00e2timent, au quartier et \u00e0 la collectivit\u00e9.<\/span><\/p>\n<p><span style=\"font-weight: 400;\">Au Qu\u00e9bec, la facture des crues printani\u00e8res de 2011, 2017 et 2019 se chiffre en milliards de dollars pour l\u2019\u00c9tat et les citoyens. Non seulement les co\u00fbts li\u00e9s aux d\u00e9g\u00e2ts et aux indemnisations ont-ils \u00e9t\u00e9 importants, mais la gestion de la crise et du r\u00e9tablissement a aussi repr\u00e9sent\u00e9 un gouffre financier. Ces inondations ont mis en \u00e9vidence la grande vuln\u00e9rabilit\u00e9 des municipalit\u00e9s qu\u00e9b\u00e9coises et, \u00e9galement, les vuln\u00e9rabilit\u00e9s sociales et territoriales. Les vuln\u00e9rabilit\u00e9s sociales comportent certaines caract\u00e9ristiques comme l&#8217;\u00e2ge, le revenu. Les jeunes familles vivant dans des quartiers expos\u00e9s aux al\u00e9as peuvent, par exemple, \u00eatre vuln\u00e9rables si leur foyer est dot\u00e9 de chambres au sous-sol. Quant aux vuln\u00e9rabilit\u00e9s territoriales, elles impliquent la pr\u00e9sence de b\u00e2timents, d&#8217;infrastructures essentielles, de routes en zone inondable. Or, si des m\u00e9thodes d&#8217;analyse de la vuln\u00e9rabilit\u00e9 et des outils de diagnostic comme la cartographie de l&#8217;al\u00e9a existent, aucune analyse et mesure d\u2019adaptation des b\u00e2timents n&#8217;est disponible. Le Qu\u00e9bec ne s\u2019est pas encore dot\u00e9 d\u2019outils favorisant la pr\u00e9vention et le r\u00e9tablissement \u00e0 l\u2019\u00e9chelle du b\u00e2timent. Le projet men\u00e9 conjointement par l\u2019\u00e9quipe d\u2019Isabelle Thomas et ASFQ\u00a0 propose de combler ce manque majeur au Qu\u00e9bec. Il r\u00e9pond \u00e0 un besoin latent. Il concerne aussi un march\u00e9 \u00e0 d\u00e9velopper et un champ d\u2019innovation professionnel inexplor\u00e9 au Qu\u00e9bec. <\/span><span style=\"font-weight: 400;\">Selon le Bureau d\u2019assurances du Canada (<a href=\"https:\/\/bac-quebec.qc.ca\/fr\/enjeux-en-assurance-de-dommages\/inondations\/\">BAC<\/a>), au moins 20 % de la population est expos\u00e9e aux inondations. L\u2019adaptation des b\u00e2timents aux inondations ne concerne pas que les zones \u00e0 risque d&#8217;inondation c\u00f4ti\u00e8re ou fluviale (ou zones inondables en eaux libres) d\u00e9j\u00e0 bien identifi\u00e9es (une carte interactive est disponible sur le site du Minist\u00e8re de l\u2019Environnement et de la Lutte contre les changements climatiques (<a href=\"https:\/\/www.cehq.gouv.qc.ca\/zones-inond\/carte-esri\/index.html\">MELCC<\/a>). <\/span><span style=\"font-weight: 400;\">Des secteurs peuvent \u00eatre inond\u00e9s suite \u00e0 la d\u00e9faillance d&#8217;un dispositif de protection (pensons \u00e0 Saint-Marthe-sur-le-Lac), d\u2019un syst\u00e8me de drainage par pompage ou au blocage d&#8217;un \u00e9gout de surface (inondations urbaines lors d\u2019importantes pr\u00e9cipitations). Ainsi, les travaux entrepris par ASFQ concernent beaucoup plus de monde qu\u2019on pourrait, a priori, penser. Ils trouvent leur pertinence devant l&#8217;urgence d&#8217;adapter le cadre b\u00e2ti &#8211; en g\u00e9n\u00e9ral &#8211; aux inondations et aux crises diluviennes qui risquent de continuer de s\u00e9vir dans les d\u00e9cennies \u00e0 venir. C\u2019est en mobilisant le point de vue de l&#8217;architecture &#8211; un secteur qui, jusqu&#8217;\u00e0 pr\u00e9sent, n&#8217;a pas pu apporter sa pleine contribution dans l&#8217;\u00e9ventail des diff\u00e9rentes mesures que requi\u00e8rent une probl\u00e9matique aussi complexe &#8211; qu\u2019ASFQ participe \u00e0 l\u2019augmentation de la capacit\u00e9 de r\u00e9silience des b\u00e2timents aux inondations<\/span><\/p>\n<p><span style=\"font-weight: 400;\">Au-del\u00e0, la r\u00e9silience du cadre b\u00e2ti aux inondations ne concerne pas seulement la protection du b\u00e2timent lui-m\u00eame. Les avantages potentiels de la conception r\u00e9siliente aux inondations sont nombreux :<\/span><\/p>\n<ul>\n<li style=\"list-style-type: none;\">\n<ul>\n<li style=\"font-weight: 400;\" aria-level=\"1\"><span style=\"font-weight: 400;\">l\u2019augmentation de la s\u00e9curit\u00e9 des personnes;\u00a0<\/span><\/li>\n<li style=\"font-weight: 400;\" aria-level=\"1\"><span style=\"font-weight: 400;\">l\u2019augmentation du sentiment de s\u00e9curit\u00e9 des personnes;<\/span><\/li>\n<li style=\"font-weight: 400;\" aria-level=\"1\"><span style=\"font-weight: 400;\">la pr\u00e9servation de la sant\u00e9 et du dynamisme communautaire <\/span><span style=\"font-weight: 400;\">suite \u00e0 un sinistre<\/span><span style=\"font-weight: 400;\">;<\/span><\/li>\n<li style=\"font-weight: 400;\" aria-level=\"1\"><span style=\"font-weight: 400;\">la pr\u00e9servation du tissu urbain<\/span><\/li>\n<li style=\"font-weight: 400;\" aria-level=\"1\"><span style=\"font-weight: 400;\">la r\u00e9duction potentielle de la prime d\u2019assurance;\u00a0<\/span><\/li>\n<li style=\"font-weight: 400;\" aria-level=\"1\"><span style=\"font-weight: 400;\">la r\u00e9duction de la facture de l\u2019\u00c9tat;\u00a0<\/span><\/li>\n<li style=\"font-weight: 400;\" aria-level=\"1\"><span style=\"font-weight: 400;\">l\u2019augmentation des avantages environnementaux, sociaux et \u00e9conomiques, conform\u00e9ment aux principes de d\u00e9veloppement durable.<\/span><\/li>\n<\/ul>\n<\/li>\n<\/ul>\n<p><span style=\"font-weight: 400;\"><br \/>\n<\/span><b><\/b><\/p>\n<h6>Cr\u00e9dits photos<br \/>\n&#8211; Bloc sanitaire au Nouveau Brunswick &#8211; Flickr : Stephen MacGillivray Photography &amp; Video &#8211; <a href=\"http:\/\/www.atwphoto.com\/\" rel=\"noreferrer nofollow\">www.atwphoto.com<\/a><br \/>\n&#8211; inondation vue du ciel &#8211; Flickr ; S.C. Air National Guard<\/h6>\n<p>&nbsp;<\/p>\n","protected":false},"excerpt":{"rendered":"<p>Le travail d\u2019ASFQ sur l\u2019architecture r\u00e9siliente aux inondations &#8211; d\u00e9but\u00e9 <a href=\"https:\/\/www.asf-quebec.org\/en\/architecture-resiliente-aux-inondations-nouveau-projet-dasfq-avec-luniversite-de-montreal\/\"> [&#8230;]<\/a><\/p>\n","protected":false},"author":2,"featured_media":302514,"comment_status":"closed","ping_status":"closed","sticky":false,"template":"","format":"standard","meta":{"_acf_changed":false,"footnotes":""},"categories":[37],"tags":[39],"class_list":["post-951224","post","type-post","status-publish","format-standard","has-post-thumbnail","hentry","category-news","tag-rd-en"],"acf":[],"yoast_head":"<!-- This site is optimized with the Yoast SEO plugin v26.8 - https:\/\/yoast.com\/product\/yoast-seo-wordpress\/ -->\n<title>Architecture r\u00e9siliente aux inondations : nouveau projet d\u2019ASFQ avec l\u2019Universit\u00e9 de Montr\u00e9al - Architecture Sans Fronti\u00e8res Qu\u00e9bec %<\/title>\n<meta name=\"description\" content=\"Architecture r\u00e9siliente aux inondations : nouveau projet d\u2019ASFQ avec l\u2019Universit\u00e9 de Montr\u00e9al\" \/>\n<meta name=\"robots\" content=\"index, follow, max-snippet:-1, max-image-preview:large, max-video-preview:-1\" \/>\n<link rel=\"canonical\" href=\"https:\/\/www.asf-quebec.org\/en\/architecture-resiliente-aux-inondations-nouveau-projet-dasfq-avec-luniversite-de-montreal\/\" \/>\n<meta property=\"og:locale\" content=\"en_US\" \/>\n<meta property=\"og:type\" content=\"article\" \/>\n<meta property=\"og:title\" content=\"Architecture r\u00e9siliente aux inondations : nouveau projet d\u2019ASFQ avec l\u2019Universit\u00e9 de Montr\u00e9al - Architecture Sans Fronti\u00e8res Qu\u00e9bec %\" \/>\n<meta property=\"og:description\" content=\"Architecture r\u00e9siliente aux inondations : nouveau projet d\u2019ASFQ avec l\u2019Universit\u00e9 de Montr\u00e9al\" \/>\n<meta property=\"og:url\" content=\"https:\/\/www.asf-quebec.org\/en\/architecture-resiliente-aux-inondations-nouveau-projet-dasfq-avec-luniversite-de-montreal\/\" \/>\n<meta property=\"og:site_name\" content=\"Architecture Sans Fronti\u00e8res Qu\u00e9bec\" \/>\n<meta property=\"article:publisher\" content=\"https:\/\/www.facebook.com\/architecturesansfrontieres\/\" \/>\n<meta property=\"article:published_time\" content=\"2021-01-28T17:42:04+00:00\" \/>\n<meta property=\"og:image\" content=\"https:\/\/www.asf-quebec.org\/wp-content\/uploads\/2021\/01\/Flikr_flood_S.C.-Air-National-Guard-e1611853167720.jpg\" \/>\n<meta name=\"author\" content=\"asf-quebec\" \/>\n<meta name=\"twitter:card\" content=\"summary_large_image\" \/>\n<meta name=\"twitter:label1\" content=\"Written by\" \/>\n\t<meta name=\"twitter:data1\" content=\"asf-quebec\" \/>\n\t<meta name=\"twitter:label2\" content=\"Est. reading time\" \/>\n\t<meta name=\"twitter:data2\" content=\"6 minutes\" \/>\n<script type=\"application\/ld+json\" class=\"yoast-schema-graph\">{\"@context\":\"https:\/\/schema.org\",\"@graph\":[{\"@type\":\"Article\",\"@id\":\"https:\/\/www.asf-quebec.org\/en\/architecture-resiliente-aux-inondations-nouveau-projet-dasfq-avec-luniversite-de-montreal\/#article\",\"isPartOf\":{\"@id\":\"https:\/\/www.asf-quebec.org\/en\/architecture-resiliente-aux-inondations-nouveau-projet-dasfq-avec-luniversite-de-montreal\/\"},\"author\":{\"name\":\"asf-quebec\",\"@id\":\"https:\/\/www.asf-quebec.org\/en\/#\/schema\/person\/9655911da321e5e7c39708ae5de28d6a\"},\"headline\":\"Architecture r\u00e9siliente aux inondations : nouveau projet d\u2019ASFQ avec l\u2019Universit\u00e9 de Montr\u00e9al\",\"datePublished\":\"2021-01-28T17:42:04+00:00\",\"mainEntityOfPage\":{\"@id\":\"https:\/\/www.asf-quebec.org\/en\/architecture-resiliente-aux-inondations-nouveau-projet-dasfq-avec-luniversite-de-montreal\/\"},\"wordCount\":1285,\"publisher\":{\"@id\":\"https:\/\/www.asf-quebec.org\/en\/#organization\"},\"image\":{\"@id\":\"https:\/\/www.asf-quebec.org\/en\/architecture-resiliente-aux-inondations-nouveau-projet-dasfq-avec-luniversite-de-montreal\/#primaryimage\"},\"thumbnailUrl\":\"https:\/\/www.asf-quebec.org\/wp-content\/uploads\/2021\/01\/Stephen-MacGillivray-Photography-Video.jpg\",\"keywords\":[\"RD\"],\"articleSection\":[\"News\"],\"inLanguage\":\"en-US\"},{\"@type\":\"WebPage\",\"@id\":\"https:\/\/www.asf-quebec.org\/en\/architecture-resiliente-aux-inondations-nouveau-projet-dasfq-avec-luniversite-de-montreal\/\",\"url\":\"https:\/\/www.asf-quebec.org\/en\/architecture-resiliente-aux-inondations-nouveau-projet-dasfq-avec-luniversite-de-montreal\/\",\"name\":\"Architecture r\u00e9siliente aux inondations : nouveau projet d\u2019ASFQ avec l\u2019Universit\u00e9 de Montr\u00e9al - Architecture Sans Fronti\u00e8res Qu\u00e9bec %\",\"isPartOf\":{\"@id\":\"https:\/\/www.asf-quebec.org\/en\/#website\"},\"primaryImageOfPage\":{\"@id\":\"https:\/\/www.asf-quebec.org\/en\/architecture-resiliente-aux-inondations-nouveau-projet-dasfq-avec-luniversite-de-montreal\/#primaryimage\"},\"image\":{\"@id\":\"https:\/\/www.asf-quebec.org\/en\/architecture-resiliente-aux-inondations-nouveau-projet-dasfq-avec-luniversite-de-montreal\/#primaryimage\"},\"thumbnailUrl\":\"https:\/\/www.asf-quebec.org\/wp-content\/uploads\/2021\/01\/Stephen-MacGillivray-Photography-Video.jpg\",\"datePublished\":\"2021-01-28T17:42:04+00:00\",\"description\":\"Architecture r\u00e9siliente aux inondations : nouveau projet d\u2019ASFQ avec l\u2019Universit\u00e9 de Montr\u00e9al\",\"breadcrumb\":{\"@id\":\"https:\/\/www.asf-quebec.org\/en\/architecture-resiliente-aux-inondations-nouveau-projet-dasfq-avec-luniversite-de-montreal\/#breadcrumb\"},\"inLanguage\":\"en-US\",\"potentialAction\":[{\"@type\":\"ReadAction\",\"target\":[\"https:\/\/www.asf-quebec.org\/en\/architecture-resiliente-aux-inondations-nouveau-projet-dasfq-avec-luniversite-de-montreal\/\"]}]},{\"@type\":\"ImageObject\",\"inLanguage\":\"en-US\",\"@id\":\"https:\/\/www.asf-quebec.org\/en\/architecture-resiliente-aux-inondations-nouveau-projet-dasfq-avec-luniversite-de-montreal\/#primaryimage\",\"url\":\"https:\/\/www.asf-quebec.org\/wp-content\/uploads\/2021\/01\/Stephen-MacGillivray-Photography-Video.jpg\",\"contentUrl\":\"https:\/\/www.asf-quebec.org\/wp-content\/uploads\/2021\/01\/Stephen-MacGillivray-Photography-Video.jpg\",\"width\":2048,\"height\":1367},{\"@type\":\"BreadcrumbList\",\"@id\":\"https:\/\/www.asf-quebec.org\/en\/architecture-resiliente-aux-inondations-nouveau-projet-dasfq-avec-luniversite-de-montreal\/#breadcrumb\",\"itemListElement\":[{\"@type\":\"ListItem\",\"position\":1,\"name\":\"Accueil\",\"item\":\"https:\/\/www.asf-quebec.org\/en\/\"},{\"@type\":\"ListItem\",\"position\":2,\"name\":\"Architecture r\u00e9siliente aux inondations : nouveau projet d\u2019ASFQ avec l\u2019Universit\u00e9 de Montr\u00e9al\"}]},{\"@type\":\"WebSite\",\"@id\":\"https:\/\/www.asf-quebec.org\/en\/#website\",\"url\":\"https:\/\/www.asf-quebec.org\/en\/\",\"name\":\"Architecture sans fronti\u00e8res Qu\u00e9bec\",\"description\":\"ASFQ\",\"publisher\":{\"@id\":\"https:\/\/www.asf-quebec.org\/en\/#organization\"},\"potentialAction\":[{\"@type\":\"SearchAction\",\"target\":{\"@type\":\"EntryPoint\",\"urlTemplate\":\"https:\/\/www.asf-quebec.org\/en\/?s={search_term_string}\"},\"query-input\":{\"@type\":\"PropertyValueSpecification\",\"valueRequired\":true,\"valueName\":\"search_term_string\"}}],\"inLanguage\":\"en-US\"},{\"@type\":\"Organization\",\"@id\":\"https:\/\/www.asf-quebec.org\/en\/#organization\",\"name\":\"Architecture sans fronti\u00e8res Qu\u00e9bec (ASFQ)\",\"url\":\"https:\/\/www.asf-quebec.org\/en\/\",\"logo\":{\"@type\":\"ImageObject\",\"inLanguage\":\"en-US\",\"@id\":\"https:\/\/www.asf-quebec.org\/en\/#\/schema\/logo\/image\/\",\"url\":\"https:\/\/www.asf-quebec.org\/wp-content\/uploads\/2019\/07\/Logo-asfq-retina.jpg\",\"contentUrl\":\"https:\/\/www.asf-quebec.org\/wp-content\/uploads\/2019\/07\/Logo-asfq-retina.jpg\",\"width\":564,\"height\":219,\"caption\":\"Architecture sans fronti\u00e8res Qu\u00e9bec (ASFQ)\"},\"image\":{\"@id\":\"https:\/\/www.asf-quebec.org\/en\/#\/schema\/logo\/image\/\"},\"sameAs\":[\"https:\/\/www.facebook.com\/architecturesansfrontieres\/\",\"https:\/\/www.instagram.com\/asfquebec\/\",\"https:\/\/www.linkedin.com\/company\/asf-quebec\/\"]},{\"@type\":\"Person\",\"@id\":\"https:\/\/www.asf-quebec.org\/en\/#\/schema\/person\/9655911da321e5e7c39708ae5de28d6a\",\"name\":\"asf-quebec\",\"image\":{\"@type\":\"ImageObject\",\"inLanguage\":\"en-US\",\"@id\":\"https:\/\/www.asf-quebec.org\/en\/#\/schema\/person\/image\/\",\"url\":\"https:\/\/secure.gravatar.com\/avatar\/e855b116ca919b157a426c59781443a8d88f6c286252b6e0fed2bef83833541c?s=96&d=mm&r=g\",\"contentUrl\":\"https:\/\/secure.gravatar.com\/avatar\/e855b116ca919b157a426c59781443a8d88f6c286252b6e0fed2bef83833541c?s=96&d=mm&r=g\",\"caption\":\"asf-quebec\"}}]}<\/script>\n<!-- \/ Yoast SEO plugin. -->","yoast_head_json":{"title":"Architecture r\u00e9siliente aux inondations : nouveau projet d\u2019ASFQ avec l\u2019Universit\u00e9 de Montr\u00e9al - Architecture Sans Fronti\u00e8res Qu\u00e9bec %","description":"Architecture r\u00e9siliente aux inondations : nouveau projet d\u2019ASFQ avec l\u2019Universit\u00e9 de Montr\u00e9al","robots":{"index":"index","follow":"follow","max-snippet":"max-snippet:-1","max-image-preview":"max-image-preview:large","max-video-preview":"max-video-preview:-1"},"canonical":"https:\/\/www.asf-quebec.org\/en\/architecture-resiliente-aux-inondations-nouveau-projet-dasfq-avec-luniversite-de-montreal\/","og_locale":"en_US","og_type":"article","og_title":"Architecture r\u00e9siliente aux inondations : nouveau projet d\u2019ASFQ avec l\u2019Universit\u00e9 de Montr\u00e9al - Architecture Sans Fronti\u00e8res Qu\u00e9bec %","og_description":"Architecture r\u00e9siliente aux inondations : nouveau projet d\u2019ASFQ avec l\u2019Universit\u00e9 de Montr\u00e9al","og_url":"https:\/\/www.asf-quebec.org\/en\/architecture-resiliente-aux-inondations-nouveau-projet-dasfq-avec-luniversite-de-montreal\/","og_site_name":"Architecture Sans Fronti\u00e8res Qu\u00e9bec","article_publisher":"https:\/\/www.facebook.com\/architecturesansfrontieres\/","article_published_time":"2021-01-28T17:42:04+00:00","og_image":[{"url":"https:\/\/www.asf-quebec.org\/wp-content\/uploads\/2021\/01\/Flikr_flood_S.C.-Air-National-Guard-e1611853167720.jpg","type":"","width":"","height":""}],"author":"asf-quebec","twitter_card":"summary_large_image","twitter_misc":{"Written by":"asf-quebec","Est. reading time":"6 minutes"},"schema":{"@context":"https:\/\/schema.org","@graph":[{"@type":"Article","@id":"https:\/\/www.asf-quebec.org\/en\/architecture-resiliente-aux-inondations-nouveau-projet-dasfq-avec-luniversite-de-montreal\/#article","isPartOf":{"@id":"https:\/\/www.asf-quebec.org\/en\/architecture-resiliente-aux-inondations-nouveau-projet-dasfq-avec-luniversite-de-montreal\/"},"author":{"name":"asf-quebec","@id":"https:\/\/www.asf-quebec.org\/en\/#\/schema\/person\/9655911da321e5e7c39708ae5de28d6a"},"headline":"Architecture r\u00e9siliente aux inondations : nouveau projet d\u2019ASFQ avec l\u2019Universit\u00e9 de Montr\u00e9al","datePublished":"2021-01-28T17:42:04+00:00","mainEntityOfPage":{"@id":"https:\/\/www.asf-quebec.org\/en\/architecture-resiliente-aux-inondations-nouveau-projet-dasfq-avec-luniversite-de-montreal\/"},"wordCount":1285,"publisher":{"@id":"https:\/\/www.asf-quebec.org\/en\/#organization"},"image":{"@id":"https:\/\/www.asf-quebec.org\/en\/architecture-resiliente-aux-inondations-nouveau-projet-dasfq-avec-luniversite-de-montreal\/#primaryimage"},"thumbnailUrl":"https:\/\/www.asf-quebec.org\/wp-content\/uploads\/2021\/01\/Stephen-MacGillivray-Photography-Video.jpg","keywords":["RD"],"articleSection":["News"],"inLanguage":"en-US"},{"@type":"WebPage","@id":"https:\/\/www.asf-quebec.org\/en\/architecture-resiliente-aux-inondations-nouveau-projet-dasfq-avec-luniversite-de-montreal\/","url":"https:\/\/www.asf-quebec.org\/en\/architecture-resiliente-aux-inondations-nouveau-projet-dasfq-avec-luniversite-de-montreal\/","name":"Architecture r\u00e9siliente aux inondations : nouveau projet d\u2019ASFQ avec l\u2019Universit\u00e9 de Montr\u00e9al - Architecture Sans Fronti\u00e8res Qu\u00e9bec %","isPartOf":{"@id":"https:\/\/www.asf-quebec.org\/en\/#website"},"primaryImageOfPage":{"@id":"https:\/\/www.asf-quebec.org\/en\/architecture-resiliente-aux-inondations-nouveau-projet-dasfq-avec-luniversite-de-montreal\/#primaryimage"},"image":{"@id":"https:\/\/www.asf-quebec.org\/en\/architecture-resiliente-aux-inondations-nouveau-projet-dasfq-avec-luniversite-de-montreal\/#primaryimage"},"thumbnailUrl":"https:\/\/www.asf-quebec.org\/wp-content\/uploads\/2021\/01\/Stephen-MacGillivray-Photography-Video.jpg","datePublished":"2021-01-28T17:42:04+00:00","description":"Architecture r\u00e9siliente aux inondations : nouveau projet d\u2019ASFQ avec l\u2019Universit\u00e9 de Montr\u00e9al","breadcrumb":{"@id":"https:\/\/www.asf-quebec.org\/en\/architecture-resiliente-aux-inondations-nouveau-projet-dasfq-avec-luniversite-de-montreal\/#breadcrumb"},"inLanguage":"en-US","potentialAction":[{"@type":"ReadAction","target":["https:\/\/www.asf-quebec.org\/en\/architecture-resiliente-aux-inondations-nouveau-projet-dasfq-avec-luniversite-de-montreal\/"]}]},{"@type":"ImageObject","inLanguage":"en-US","@id":"https:\/\/www.asf-quebec.org\/en\/architecture-resiliente-aux-inondations-nouveau-projet-dasfq-avec-luniversite-de-montreal\/#primaryimage","url":"https:\/\/www.asf-quebec.org\/wp-content\/uploads\/2021\/01\/Stephen-MacGillivray-Photography-Video.jpg","contentUrl":"https:\/\/www.asf-quebec.org\/wp-content\/uploads\/2021\/01\/Stephen-MacGillivray-Photography-Video.jpg","width":2048,"height":1367},{"@type":"BreadcrumbList","@id":"https:\/\/www.asf-quebec.org\/en\/architecture-resiliente-aux-inondations-nouveau-projet-dasfq-avec-luniversite-de-montreal\/#breadcrumb","itemListElement":[{"@type":"ListItem","position":1,"name":"Accueil","item":"https:\/\/www.asf-quebec.org\/en\/"},{"@type":"ListItem","position":2,"name":"Architecture r\u00e9siliente aux inondations : nouveau projet d\u2019ASFQ avec l\u2019Universit\u00e9 de Montr\u00e9al"}]},{"@type":"WebSite","@id":"https:\/\/www.asf-quebec.org\/en\/#website","url":"https:\/\/www.asf-quebec.org\/en\/","name":"Architecture sans fronti\u00e8res Qu\u00e9bec","description":"ASFQ","publisher":{"@id":"https:\/\/www.asf-quebec.org\/en\/#organization"},"potentialAction":[{"@type":"SearchAction","target":{"@type":"EntryPoint","urlTemplate":"https:\/\/www.asf-quebec.org\/en\/?s={search_term_string}"},"query-input":{"@type":"PropertyValueSpecification","valueRequired":true,"valueName":"search_term_string"}}],"inLanguage":"en-US"},{"@type":"Organization","@id":"https:\/\/www.asf-quebec.org\/en\/#organization","name":"Architecture sans fronti\u00e8res Qu\u00e9bec (ASFQ)","url":"https:\/\/www.asf-quebec.org\/en\/","logo":{"@type":"ImageObject","inLanguage":"en-US","@id":"https:\/\/www.asf-quebec.org\/en\/#\/schema\/logo\/image\/","url":"https:\/\/www.asf-quebec.org\/wp-content\/uploads\/2019\/07\/Logo-asfq-retina.jpg","contentUrl":"https:\/\/www.asf-quebec.org\/wp-content\/uploads\/2019\/07\/Logo-asfq-retina.jpg","width":564,"height":219,"caption":"Architecture sans fronti\u00e8res Qu\u00e9bec (ASFQ)"},"image":{"@id":"https:\/\/www.asf-quebec.org\/en\/#\/schema\/logo\/image\/"},"sameAs":["https:\/\/www.facebook.com\/architecturesansfrontieres\/","https:\/\/www.instagram.com\/asfquebec\/","https:\/\/www.linkedin.com\/company\/asf-quebec\/"]},{"@type":"Person","@id":"https:\/\/www.asf-quebec.org\/en\/#\/schema\/person\/9655911da321e5e7c39708ae5de28d6a","name":"asf-quebec","image":{"@type":"ImageObject","inLanguage":"en-US","@id":"https:\/\/www.asf-quebec.org\/en\/#\/schema\/person\/image\/","url":"https:\/\/secure.gravatar.com\/avatar\/e855b116ca919b157a426c59781443a8d88f6c286252b6e0fed2bef83833541c?s=96&d=mm&r=g","contentUrl":"https:\/\/secure.gravatar.com\/avatar\/e855b116ca919b157a426c59781443a8d88f6c286252b6e0fed2bef83833541c?s=96&d=mm&r=g","caption":"asf-quebec"}}]}},"_links":{"self":[{"href":"https:\/\/www.asf-quebec.org\/en\/wp-json\/wp\/v2\/posts\/951224","targetHints":{"allow":["GET"]}}],"collection":[{"href":"https:\/\/www.asf-quebec.org\/en\/wp-json\/wp\/v2\/posts"}],"about":[{"href":"https:\/\/www.asf-quebec.org\/en\/wp-json\/wp\/v2\/types\/post"}],"author":[{"embeddable":true,"href":"https:\/\/www.asf-quebec.org\/en\/wp-json\/wp\/v2\/users\/2"}],"replies":[{"embeddable":true,"href":"https:\/\/www.asf-quebec.org\/en\/wp-json\/wp\/v2\/comments?post=951224"}],"version-history":[{"count":0,"href":"https:\/\/www.asf-quebec.org\/en\/wp-json\/wp\/v2\/posts\/951224\/revisions"}],"wp:featuredmedia":[{"embeddable":true,"href":"https:\/\/www.asf-quebec.org\/en\/wp-json\/wp\/v2\/media\/302514"}],"wp:attachment":[{"href":"https:\/\/www.asf-quebec.org\/en\/wp-json\/wp\/v2\/media?parent=951224"}],"wp:term":[{"taxonomy":"category","embeddable":true,"href":"https:\/\/www.asf-quebec.org\/en\/wp-json\/wp\/v2\/categories?post=951224"},{"taxonomy":"post_tag","embeddable":true,"href":"https:\/\/www.asf-quebec.org\/en\/wp-json\/wp\/v2\/tags?post=951224"}],"curies":[{"name":"wp","href":"https:\/\/api.w.org\/{rel}","templated":true}]}}