{"id":951223,"date":"2021-03-16T16:18:15","date_gmt":"2021-03-16T16:18:15","guid":{"rendered":"https:\/\/www.asf-quebec.org\/entretien-avec-joan-razafimaharo-architecte-malgache-engagee\/"},"modified":"2021-03-16T16:18:15","modified_gmt":"2021-03-16T16:18:15","slug":"entretien-avec-joan-razafimaharo-architecte-malgache-engagee","status":"publish","type":"post","link":"https:\/\/www.asf-quebec.org\/en\/entretien-avec-joan-razafimaharo-architecte-malgache-engagee\/","title":{"rendered":"Portrait de Joan Razafimaharo, architecte malgache engag\u00e9e"},"content":{"rendered":"<h4><span style=\"font-weight: 400;\">Pour Joan, travailler sur le projet d\u2019Ambatofotsy avec ASFQ est un retour aux sources, <\/span><span style=\"font-weight: 400;\">non seulement parce qu\u2019il se situe \u00e0 Madagascar, sa terre natale, mais aussi parce qu\u2019il ravive les souvenirs de 2007, \u00e0 la fois ann\u00e9e de l\u2019obtention de son dipl\u00f4me d\u2019architecture \u00e0 l\u2019Universit\u00e9 de Montr\u00e9al et du lancement d\u2019ASFQ \u00e0 laquelle elle \u00e9tait pr\u00e9sente.<\/span><\/h4>\n<h4><span style=\"font-weight: 400;\"><br \/>\n<\/span><span style=\"font-weight: 400;\">C\u2019est lors de son dernier passage \u00e0 Montr\u00e9al en 2020, qu\u2019elle en profite pour reprendre contact avec ASFQ et se proposer comme architecte b\u00e9n\u00e9vole sur d\u2019\u00e9ventuels projets dans la r\u00e9gion de l\u2019Oc\u00e9an Indien. Sa participation \u00e0 la deuxi\u00e8me phase du projet d\u2019Ambatofotsy se discute autour d\u2019un caf\u00e9 un matin t\u00f4t, avec notre directeur Bruno Demers, (\u00e0 une \u00e9poque o\u00f9 cela \u00e9tait encore possible). Une belle rencontre avec une architecte au parcours exceptionnel.<\/span><\/h4>\n<h6><span style=\"font-weight: 400;\"><br \/>\n<\/span><span style=\"font-weight: 400;\"><br \/>\n<img decoding=\"async\" class=\"lazyload alignnone size-full wp-image-302523\" src=\"https:\/\/www.asf-quebec.org\/wp-content\/uploads\/2021\/03\/Ambatofotsy2-2.jpg\" data-orig-src=\"https:\/\/www.asf-quebec.org\/wp-content\/uploads\/2021\/03\/Ambatofotsy2-2.jpg\" alt=\"\" width=\"1417\" height=\"914\" srcset=\"data:image\/svg+xml,%3Csvg%20xmlns%3D%27http%3A%2F%2Fwww.w3.org%2F2000%2Fsvg%27%20width%3D%271417%27%20height%3D%27914%27%20viewBox%3D%270%200%201417%20914%27%3E%3Crect%20width%3D%271417%27%20height%3D%27914%27%20fill-opacity%3D%220%22%2F%3E%3C%2Fsvg%3E\" data-srcset=\"https:\/\/www.asf-quebec.org\/wp-content\/uploads\/2021\/03\/Ambatofotsy2-2-200x129.jpg 200w, https:\/\/www.asf-quebec.org\/wp-content\/uploads\/2021\/03\/Ambatofotsy2-2-300x194.jpg 300w, https:\/\/www.asf-quebec.org\/wp-content\/uploads\/2021\/03\/Ambatofotsy2-2-400x258.jpg 400w, https:\/\/www.asf-quebec.org\/wp-content\/uploads\/2021\/03\/Ambatofotsy2-2-600x387.jpg 600w, https:\/\/www.asf-quebec.org\/wp-content\/uploads\/2021\/03\/Ambatofotsy2-2-768x495.jpg 768w, https:\/\/www.asf-quebec.org\/wp-content\/uploads\/2021\/03\/Ambatofotsy2-2-800x516.jpg 800w, https:\/\/www.asf-quebec.org\/wp-content\/uploads\/2021\/03\/Ambatofotsy2-2-1024x661.jpg 1024w, https:\/\/www.asf-quebec.org\/wp-content\/uploads\/2021\/03\/Ambatofotsy2-2-1200x774.jpg 1200w, https:\/\/www.asf-quebec.org\/wp-content\/uploads\/2021\/03\/Ambatofotsy2-2.jpg 1417w\" data-sizes=\"auto\" data-orig-sizes=\"(max-width: 1417px) 100vw, 1417px\" \/><\/span><b><\/b><b><\/b><span style=\"font-weight: 400;\">Centre de sant\u00e9 d&#8217;Ambatofotsy<\/span><\/h6>\n<h4><b><br \/>\n<\/b><b>Une citoyenne du monde<\/b><b><br \/>\n<\/b><span style=\"font-weight: 400;\">L\u2019int\u00e9r\u00eat pour l\u2019architecture lui est venu tr\u00e8s t\u00f4t. Petite fille, dans les ann\u00e9es 80, alors qu\u2019elle et ses parents r\u00e9sidaient aux \u00c9tats-Unis, elle se souvient d\u2019apr\u00e8s-midis entiers pass\u00e9s \u00e0 feuilleter des magazines illustr\u00e9s de plans de maisons. Pourtant personne de sa famille ne travaillait dans ce domaine. La provenance myst\u00e9rieuse de ces magazines, m\u00eal\u00e9s \u00e0 la fascination pour\u00a0 les magnifiques croquis de perspectives dessin\u00e9es \u00e0 la main, marqua si profond\u00e9ment son imagination qu\u2019elle lui donna l\u2019\u00e9nergie de surmonter toutes les contraintes qui tent\u00e8rent de l\u2019\u00e9carter de cette voie. Au Lyc\u00e9e Fran\u00e7ais d\u2019Antananarivo, un professeur de dessin lui exposa l\u2019impossibilit\u00e9 d\u2019une carri\u00e8re d\u2019architecte en raison de son niveau en dessin et de son cursus dans une s\u00e9rie litt\u00e9raire. Sa r\u00e9action f\u00fbt contraire, puisque Joan se fixa alors cet objectif comme un d\u00e9fi personnel.\u00a0 <\/span><span style=\"font-weight: 400;\"><br \/>\n<\/span><span style=\"font-weight: 400;\"><br \/>\n<\/span><b>Retour aux antipodes<\/b><b><br \/>\n<\/b><span style=\"font-weight: 400;\">Arriv\u00e9e \u00e0 Montr\u00e9al en Septembre 2000, Joan passa comme pr\u00e9vu son Baccalaur\u00e9at puis sa Ma\u00eetrise en architecture. Elle \u00e9voque dans ses souvenirs l\u2019intensit\u00e9 des charrettes, les 5 \u00e0 7 m\u00e9morables dans les salles d\u2019atelier, des critiques qui lui ont parfois fait douter de ses choix de carri\u00e8re et du soulagement \u00e0 l\u2019obtention de son dipl\u00f4me en 2007. Elle choisit alors de rester au Qu\u00e9bec pour travailler dans la firme o\u00f9 elle avait commenc\u00e9 son stage d\u00e8s le d\u00e9but de sa Ma\u00eetrise et elle poursuivit pour cela les proc\u00e9dures pour int\u00e9grer l\u2019Ordre des Architectes du Qu\u00e9bec. Cependant des obligations familiales l\u2019oblig\u00e8rent \u00e0 rentrer \u00e0 Madagascar en 2012. Forte de son exp\u00e9rience au Canada elle s\u2019inscrivit \u00e0 l\u2019Ordre des Architectes Malagasy. Pourtant, malgr\u00e9 plusieurs mois pass\u00e9s \u00e0 collaborer dans des firmes locales pour mieux conna\u00eetre l\u2019environnement de travail la r\u00e9adaptation au contexte architectural local se r\u00e9v\u00e9l\u00e8rent plus difficiles que pr\u00e9vu. De plus, beaucoup de sites ne sont pas desservis par le r\u00e9seau a\u00e9rien ce qui la mena \u00e0 parcourir plus de 2000 km par mois en voiture.<\/span><span style=\"font-weight: 400;\"><br \/>\n<\/span><span style=\"font-weight: 400;\"><br \/>\n<\/span><b>Une architecte reconnue<\/b><b><br \/>\n<\/b><span style=\"font-weight: 400;\">Aujourd\u2019hui Joan g\u00e8re une \u00e9quipe de 8 personnes, qui travaille majoritairement au service de groupes industriels et commerciaux sur l\u2019am\u00e9nagement de boutiques et des bureaux et plus r\u00e9cemment sur des projets d\u2019\u00e9quipements (banques, maisons centrales, tribunaux). <\/span><span style=\"font-weight: 400;\">Un des grands d\u00e9fis \u00e0 Madagascar est le faible nombre d\u2019architectes, que les ma\u00eetres d\u2019ouvrage confondent souvent avec les ing\u00e9nieurs. <\/span><span style=\"font-weight: 400;\">Le nom de son entreprise <\/span><a href=\"http:\/\/www.trano.mg\/\"><b>Trano Architecture<\/b><\/a><span style=\"font-weight: 400;\"> se r\u00e9f\u00e8re \u00e0 \u201cTrano Gasy\u201d qui signifie Maison Malgache. Celle-ci \u00e9tait originellement construite en bois selon le mod\u00e8le austron\u00e9sien (Indon\u00e9sie) <\/span><span style=\"font-weight: 400;\">\u00e0 base carr\u00e9e ou rectangulaire<\/span><span style=\"font-weight: 400;\">, puis l\u2019argile et la brique se sont impos\u00e9es en raison des m\u00e9tissages de cultures ainsi que du manque de ressources d\u00fb \u00e0 la d\u00e9forestation. Dans cette \u201cmaison\u201d, Joan accepte ouvertement des stagiaires de tous horizons afin de transmettre son exp\u00e9rience. <\/span><span style=\"font-weight: 400;\">Elle est aussi tr\u00e8s active au sein de l\u2019Ordre des Architectes Malagasy. Elle participe b\u00e9n\u00e9volement \u00e0 plusieurs commissions pour mieux comprendre les rouages de l\u2019administration publique, les processus d\u2019attribution de march\u00e9s et les expertises de chacun. Deux ann\u00e9es de consultation en tant qu\u2019Architecte-B\u00e9n\u00e9vole au sein de l\u2019Instruction du Permis de Construire \u00e0 la Commune Urbaine d\u2019Antananarivo ont \u00e9t\u00e9 tr\u00e8s formatrices. <\/span><span style=\"font-weight: 400;\">En <\/span><span style=\"font-weight: 400;\">2018<\/span><span style=\"font-weight: 400;\">, accompagn\u00e9e de 2 autres architectes, elle lance <a href=\"https:\/\/www.facebook.com\/MaisonArchitectureMalagasy\/?eid=ARDucZItvrhq35ZovkIip14NvP02y_IR9AgULhaNBH1r9-AeWVh812L0-Fn6eff901Z1VQBH04sEr0IO&amp;fref=mentions&amp;__xts__[0]=68.ARD0FK22kaW0yUBmC7r28W2VqYhDXDWIlLk7uIfuVBNcJOC64SuwUmK37I2H0VO91npWXMshbcu0-9ZAJmy_M2WKE3TyPrHcFX88g8BhFM__3HeuDSZGfp-caJHqIIqBjBdSKF2r85XWKvOVBh_EnG2Op0WDaM0SFlYhwI5WubtLqFbwwA85KIt_79v7r8oInpCrjknUcjjAi8hatqrFJ7nXieH3BDhVsDYfmrAFB-xwoZuoQeN2zsTjomrM7v2ARhTzvg\">la Maison de l\u2019Architecture Malagasy<\/a> pour v\u00e9hiculer le message culturel et les fondements de l\u2019architecture, afin de sensibiliser le public sur l\u2019environnement b\u00e2ti dans un pays o\u00f9 beaucoup est encore \u00e0 construire. <\/span><span style=\"font-weight: 400;\">En poste en 2020 <\/span><i><span style=\"font-weight: 400;\">au Minist\u00e8re de l\u2019Am\u00e9nagement du Territoire et des Travaux Publics, <\/span><\/i><span style=\"font-weight: 400;\">Joan a organis\u00e9 avec le WWF le <a href=\"https:\/\/www.facebook.com\/WWFMadagascar\/videos\/995500550968706\">1er concours sur le Logement \u00c9cologique \u00e0 Madagascar<\/a>.\u00a0\u00a0<\/span><\/h4>\n<h6><img decoding=\"async\" class=\"lazyload alignnone size-full wp-image-147456\" src=\"https:\/\/www.asf-quebec.org\/wp-content\/uploads\/2021\/03\/Trano1.jpg\" data-orig-src=\"https:\/\/www.asf-quebec.org\/wp-content\/uploads\/2021\/03\/Trano1.jpg\" alt=\"\" width=\"1417\" height=\"797\" srcset=\"data:image\/svg+xml,%3Csvg%20xmlns%3D%27http%3A%2F%2Fwww.w3.org%2F2000%2Fsvg%27%20width%3D%271417%27%20height%3D%27797%27%20viewBox%3D%270%200%201417%20797%27%3E%3Crect%20width%3D%271417%27%20height%3D%27797%27%20fill-opacity%3D%220%22%2F%3E%3C%2Fsvg%3E\" data-srcset=\"https:\/\/www.asf-quebec.org\/wp-content\/uploads\/2021\/03\/Trano1-200x112.jpg 200w, https:\/\/www.asf-quebec.org\/wp-content\/uploads\/2021\/03\/Trano1-300x169.jpg 300w, https:\/\/www.asf-quebec.org\/wp-content\/uploads\/2021\/03\/Trano1-400x225.jpg 400w, https:\/\/www.asf-quebec.org\/wp-content\/uploads\/2021\/03\/Trano1-600x337.jpg 600w, https:\/\/www.asf-quebec.org\/wp-content\/uploads\/2021\/03\/Trano1-768x432.jpg 768w, https:\/\/www.asf-quebec.org\/wp-content\/uploads\/2021\/03\/Trano1-800x450.jpg 800w, https:\/\/www.asf-quebec.org\/wp-content\/uploads\/2021\/03\/Trano1-1024x576.jpg 1024w, https:\/\/www.asf-quebec.org\/wp-content\/uploads\/2021\/03\/Trano1-1200x675.jpg 1200w, https:\/\/www.asf-quebec.org\/wp-content\/uploads\/2021\/03\/Trano1.jpg 1417w\" data-sizes=\"auto\" data-orig-sizes=\"(max-width: 1417px) 100vw, 1417px\" \/><br \/>\nTrano architecture<\/h6>\n<p><b><br \/>\nLa mission \u00e0 Ambatofotsy<br \/>\n<\/b><span style=\"font-weight: 400;\">Ambatofotsy se trouve \u00e0 l\u2019ouest de la capitale Antananarivo, dans le Bongolava, une r\u00e9gion riche en production de riz et de bovins, mais qui ne poss\u00e8de pas d&#8217;infrastructures pour sortir sa population de la pauvret\u00e9. Pourtant habitu\u00e9e aux routes malgaches, Joan avoue avoir sous-estim\u00e9 au d\u00e9but du projet l\u2019enclavement du site : 4 heures de trajet sur piste en pleine saison des pluies ont \u00e9t\u00e9 n\u00e9cessaires pour s\u2019y rendre. Le travail des Soeurs de l&#8217;immacul\u00e9e conception dans ces sites est indispensable. Plus de 35 personnes des villages environnants viennent se faire soigner et certains restent la nuit. Les cas les plus courants sont le paludisme et sans m\u00e9dicaments et soins appropri\u00e9s des centaines de personnes d\u00e9c\u00e8dent tous les ans dans la r\u00e9gion. Les soignants pr\u00e9sents sur le site sont totalement investis dans leurs t\u00e2ches, bien que leur travail n\u2019ait pu d\u00e9buter que depuis l\u2019arriv\u00e9e du Dr Dahlia, il y a quelques mois. La deuxi\u00e8me phase du projet consiste \u00e0 construire pour ces soignants un logement afin de lib\u00e9rer la salle du dispensaire qu\u2019ils occupent. Plusieurs chambres sont pr\u00e9vues pour les infirmiers dans un appartement \u00e9quip\u00e9 en cuisine et toilettes. Un logement sp\u00e9cifique sera r\u00e9serv\u00e9 au m\u00e9decin et \u00e0 ses proches. L\u2019objectif est aussi de travailler avec des techniciens capables d\u2019am\u00e9liorer des principes constructifs d\u00e9j\u00e0 traditionnellement utilis\u00e9s dans la r\u00e9gion.<\/span><\/p>\n<p><span style=\"font-weight: 400;\"><br \/>\n<\/span><span style=\"font-weight: 400;\">Comme mat\u00e9riau, il est classique d\u2019utiliser la lat\u00e9rite, une terre rouge omnipr\u00e9sente sur le sol malgache et caract\u00e9ristique de l\u2019architecture locale. On en trouve tout autour du village. Ses principes thermiques sont exploit\u00e9s en le m\u00e9langeant traditionnellement avec de la chaux et des v\u00e9g\u00e9taux (des fois animaux). Le travail est pouss\u00e9 jusqu\u2019\u00e0 l\u2019enduit qui donne des finis tr\u00e8s chaleureux. Les m\u00e9thodes de r\u00e9alisation du projet sont encore en cours de r\u00e9flexion.<\/span><\/p>\n<h6><span style=\"font-weight: 400;\"><br \/>\n<\/span><span style=\"font-weight: 400;\"><br \/>\n<img decoding=\"async\" class=\"lazyload alignnone size-full wp-image-302524\" src=\"https:\/\/www.asf-quebec.org\/wp-content\/uploads\/2021\/03\/Ambatofotsy3.jpg\" data-orig-src=\"https:\/\/www.asf-quebec.org\/wp-content\/uploads\/2021\/03\/Ambatofotsy3.jpg\" alt=\"\" width=\"1417\" height=\"1073\" srcset=\"data:image\/svg+xml,%3Csvg%20xmlns%3D%27http%3A%2F%2Fwww.w3.org%2F2000%2Fsvg%27%20width%3D%271417%27%20height%3D%271073%27%20viewBox%3D%270%200%201417%201073%27%3E%3Crect%20width%3D%271417%27%20height%3D%271073%27%20fill-opacity%3D%220%22%2F%3E%3C%2Fsvg%3E\" data-srcset=\"https:\/\/www.asf-quebec.org\/wp-content\/uploads\/2021\/03\/Ambatofotsy3-200x151.jpg 200w, https:\/\/www.asf-quebec.org\/wp-content\/uploads\/2021\/03\/Ambatofotsy3-300x227.jpg 300w, https:\/\/www.asf-quebec.org\/wp-content\/uploads\/2021\/03\/Ambatofotsy3-400x303.jpg 400w, https:\/\/www.asf-quebec.org\/wp-content\/uploads\/2021\/03\/Ambatofotsy3-600x454.jpg 600w, https:\/\/www.asf-quebec.org\/wp-content\/uploads\/2021\/03\/Ambatofotsy3-768x582.jpg 768w, https:\/\/www.asf-quebec.org\/wp-content\/uploads\/2021\/03\/Ambatofotsy3-800x606.jpg 800w, https:\/\/www.asf-quebec.org\/wp-content\/uploads\/2021\/03\/Ambatofotsy3-1024x775.jpg 1024w, https:\/\/www.asf-quebec.org\/wp-content\/uploads\/2021\/03\/Ambatofotsy3-1200x909.jpg 1200w, https:\/\/www.asf-quebec.org\/wp-content\/uploads\/2021\/03\/Ambatofotsy3.jpg 1417w\" data-sizes=\"auto\" data-orig-sizes=\"(max-width: 1417px) 100vw, 1417px\" \/><\/span><span style=\"font-weight: 400;\">Soeur Robine (centre), Joan (droite), Safidy Ranaivoarimanana (stagiaire, droite)<\/span><\/h6>\n<p><b><br \/>\nValim-babena<br \/>\n<\/b><span style=\"font-weight: 400;\">Cette expression se traduit par \u201crendre ce qu\u2019on lui doit \u00e0 la communaut\u00e9 qui nous a port\u00e9s sur son dos\u201d. Joan consid\u00e8re ce projet comme une opportunit\u00e9 de montrer sa gratitude envers les 2 pays o\u00f9 elle apprit et pratiqu\u00e9 l\u2019architecture.\u00a0<\/span><\/p>\n<p><span style=\"font-weight: 400;\">Au-del\u00e0 de sa profession d\u2019architecte, Joan est aussi m\u00e8re de 4 enfants, ce qui la confronte \u00e0 des dilemmes auxquels la majorit\u00e9 des femmes font face. Mais le choix de passer parfois du temps loin de sa famille, est justifi\u00e9 par le sens et l\u2019impact des projets sur lesquels elle s\u2019investit. \u00c0 Ambatofotsy en particulier, l\u2019apport de solutions \u00e0 des enjeux techniques pourrait transformer la vie de populations vuln\u00e9rables dans une r\u00e9gion enclav\u00e9e de Madagascar. \u201cJ\u2019encourage les architectes qui ont des attaches dans des pays en d\u00e9veloppement de s\u2019engager encore plus dans des activit\u00e9s de coop\u00e9ration et d\u2019\u00e9changes de comp\u00e9tences et de connaissances.\u201d<\/span><\/p>\n","protected":false},"excerpt":{"rendered":"<p>Pour Joan, travailler sur le projet d\u2019Ambatofotsy avec ASFQ est <a href=\"https:\/\/www.asf-quebec.org\/en\/entretien-avec-joan-razafimaharo-architecte-malgache-engagee\/\"> [&#8230;]<\/a><\/p>\n","protected":false},"author":2,"featured_media":302520,"comment_status":"closed","ping_status":"closed","sticky":false,"template":"","format":"standard","meta":{"_acf_changed":false,"footnotes":""},"categories":[37],"tags":[49,50],"class_list":["post-951223","post","type-post","status-publish","format-standard","has-post-thumbnail","hentry","category-news","tag-ci-en","tag-eb-en"],"acf":[],"yoast_head":"<!-- This site is optimized with the Yoast SEO plugin v26.8 - https:\/\/yoast.com\/product\/yoast-seo-wordpress\/ -->\n<title>Portrait de Joan Razafimaharo, architecte malgache engag\u00e9e - Architecture Sans Fronti\u00e8res Qu\u00e9bec %<\/title>\n<meta name=\"description\" content=\"Portrait de Joan Razafimaharo, architecte malgache engag\u00e9e\" \/>\n<meta name=\"robots\" content=\"index, follow, max-snippet:-1, max-image-preview:large, max-video-preview:-1\" \/>\n<link rel=\"canonical\" href=\"https:\/\/www.asf-quebec.org\/en\/entretien-avec-joan-razafimaharo-architecte-malgache-engagee\/\" \/>\n<meta property=\"og:locale\" content=\"en_US\" \/>\n<meta property=\"og:type\" content=\"article\" \/>\n<meta property=\"og:title\" content=\"Portrait de Joan Razafimaharo, architecte malgache engag\u00e9e - Architecture Sans Fronti\u00e8res Qu\u00e9bec %\" \/>\n<meta property=\"og:description\" content=\"Portrait de Joan Razafimaharo, architecte malgache engag\u00e9e\" \/>\n<meta property=\"og:url\" content=\"https:\/\/www.asf-quebec.org\/en\/entretien-avec-joan-razafimaharo-architecte-malgache-engagee\/\" \/>\n<meta property=\"og:site_name\" content=\"Architecture Sans Fronti\u00e8res Qu\u00e9bec\" \/>\n<meta property=\"article:publisher\" content=\"https:\/\/www.facebook.com\/architecturesansfrontieres\/\" \/>\n<meta property=\"article:published_time\" content=\"2021-03-16T16:18:15+00:00\" \/>\n<meta property=\"og:image\" content=\"https:\/\/www.asf-quebec.org\/wp-content\/uploads\/2021\/03\/Ambatofotsy2-2.jpg\" \/>\n<meta name=\"author\" content=\"asf-quebec\" \/>\n<meta name=\"twitter:card\" content=\"summary_large_image\" \/>\n<meta name=\"twitter:label1\" content=\"Written by\" \/>\n\t<meta name=\"twitter:data1\" content=\"asf-quebec\" \/>\n\t<meta name=\"twitter:label2\" content=\"Est. reading time\" \/>\n\t<meta name=\"twitter:data2\" content=\"7 minutes\" \/>\n<script type=\"application\/ld+json\" class=\"yoast-schema-graph\">{\"@context\":\"https:\/\/schema.org\",\"@graph\":[{\"@type\":\"Article\",\"@id\":\"https:\/\/www.asf-quebec.org\/en\/entretien-avec-joan-razafimaharo-architecte-malgache-engagee\/#article\",\"isPartOf\":{\"@id\":\"https:\/\/www.asf-quebec.org\/en\/entretien-avec-joan-razafimaharo-architecte-malgache-engagee\/\"},\"author\":{\"name\":\"asf-quebec\",\"@id\":\"https:\/\/www.asf-quebec.org\/en\/#\/schema\/person\/9655911da321e5e7c39708ae5de28d6a\"},\"headline\":\"Portrait de Joan Razafimaharo, architecte malgache engag\u00e9e\",\"datePublished\":\"2021-03-16T16:18:15+00:00\",\"mainEntityOfPage\":{\"@id\":\"https:\/\/www.asf-quebec.org\/en\/entretien-avec-joan-razafimaharo-architecte-malgache-engagee\/\"},\"wordCount\":1321,\"publisher\":{\"@id\":\"https:\/\/www.asf-quebec.org\/en\/#organization\"},\"image\":{\"@id\":\"https:\/\/www.asf-quebec.org\/en\/entretien-avec-joan-razafimaharo-architecte-malgache-engagee\/#primaryimage\"},\"thumbnailUrl\":\"https:\/\/www.asf-quebec.org\/wp-content\/uploads\/2021\/03\/Joan2.jpg\",\"keywords\":[\"CI\",\"EB\"],\"articleSection\":[\"News\"],\"inLanguage\":\"en-US\"},{\"@type\":\"WebPage\",\"@id\":\"https:\/\/www.asf-quebec.org\/en\/entretien-avec-joan-razafimaharo-architecte-malgache-engagee\/\",\"url\":\"https:\/\/www.asf-quebec.org\/en\/entretien-avec-joan-razafimaharo-architecte-malgache-engagee\/\",\"name\":\"Portrait de Joan Razafimaharo, architecte malgache engag\u00e9e - Architecture Sans Fronti\u00e8res Qu\u00e9bec %\",\"isPartOf\":{\"@id\":\"https:\/\/www.asf-quebec.org\/en\/#website\"},\"primaryImageOfPage\":{\"@id\":\"https:\/\/www.asf-quebec.org\/en\/entretien-avec-joan-razafimaharo-architecte-malgache-engagee\/#primaryimage\"},\"image\":{\"@id\":\"https:\/\/www.asf-quebec.org\/en\/entretien-avec-joan-razafimaharo-architecte-malgache-engagee\/#primaryimage\"},\"thumbnailUrl\":\"https:\/\/www.asf-quebec.org\/wp-content\/uploads\/2021\/03\/Joan2.jpg\",\"datePublished\":\"2021-03-16T16:18:15+00:00\",\"description\":\"Portrait de Joan Razafimaharo, architecte malgache engag\u00e9e\",\"breadcrumb\":{\"@id\":\"https:\/\/www.asf-quebec.org\/en\/entretien-avec-joan-razafimaharo-architecte-malgache-engagee\/#breadcrumb\"},\"inLanguage\":\"en-US\",\"potentialAction\":[{\"@type\":\"ReadAction\",\"target\":[\"https:\/\/www.asf-quebec.org\/en\/entretien-avec-joan-razafimaharo-architecte-malgache-engagee\/\"]}]},{\"@type\":\"ImageObject\",\"inLanguage\":\"en-US\",\"@id\":\"https:\/\/www.asf-quebec.org\/en\/entretien-avec-joan-razafimaharo-architecte-malgache-engagee\/#primaryimage\",\"url\":\"https:\/\/www.asf-quebec.org\/wp-content\/uploads\/2021\/03\/Joan2.jpg\",\"contentUrl\":\"https:\/\/www.asf-quebec.org\/wp-content\/uploads\/2021\/03\/Joan2.jpg\",\"width\":1936,\"height\":1195},{\"@type\":\"BreadcrumbList\",\"@id\":\"https:\/\/www.asf-quebec.org\/en\/entretien-avec-joan-razafimaharo-architecte-malgache-engagee\/#breadcrumb\",\"itemListElement\":[{\"@type\":\"ListItem\",\"position\":1,\"name\":\"Accueil\",\"item\":\"https:\/\/www.asf-quebec.org\/en\/\"},{\"@type\":\"ListItem\",\"position\":2,\"name\":\"Portrait de Joan Razafimaharo, architecte malgache engag\u00e9e\"}]},{\"@type\":\"WebSite\",\"@id\":\"https:\/\/www.asf-quebec.org\/en\/#website\",\"url\":\"https:\/\/www.asf-quebec.org\/en\/\",\"name\":\"Architecture sans fronti\u00e8res Qu\u00e9bec\",\"description\":\"ASFQ\",\"publisher\":{\"@id\":\"https:\/\/www.asf-quebec.org\/en\/#organization\"},\"potentialAction\":[{\"@type\":\"SearchAction\",\"target\":{\"@type\":\"EntryPoint\",\"urlTemplate\":\"https:\/\/www.asf-quebec.org\/en\/?s={search_term_string}\"},\"query-input\":{\"@type\":\"PropertyValueSpecification\",\"valueRequired\":true,\"valueName\":\"search_term_string\"}}],\"inLanguage\":\"en-US\"},{\"@type\":\"Organization\",\"@id\":\"https:\/\/www.asf-quebec.org\/en\/#organization\",\"name\":\"Architecture sans fronti\u00e8res Qu\u00e9bec (ASFQ)\",\"url\":\"https:\/\/www.asf-quebec.org\/en\/\",\"logo\":{\"@type\":\"ImageObject\",\"inLanguage\":\"en-US\",\"@id\":\"https:\/\/www.asf-quebec.org\/en\/#\/schema\/logo\/image\/\",\"url\":\"https:\/\/www.asf-quebec.org\/wp-content\/uploads\/2019\/07\/Logo-asfq-retina.jpg\",\"contentUrl\":\"https:\/\/www.asf-quebec.org\/wp-content\/uploads\/2019\/07\/Logo-asfq-retina.jpg\",\"width\":564,\"height\":219,\"caption\":\"Architecture sans fronti\u00e8res Qu\u00e9bec (ASFQ)\"},\"image\":{\"@id\":\"https:\/\/www.asf-quebec.org\/en\/#\/schema\/logo\/image\/\"},\"sameAs\":[\"https:\/\/www.facebook.com\/architecturesansfrontieres\/\",\"https:\/\/www.instagram.com\/asfquebec\/\",\"https:\/\/www.linkedin.com\/company\/asf-quebec\/\"]},{\"@type\":\"Person\",\"@id\":\"https:\/\/www.asf-quebec.org\/en\/#\/schema\/person\/9655911da321e5e7c39708ae5de28d6a\",\"name\":\"asf-quebec\",\"image\":{\"@type\":\"ImageObject\",\"inLanguage\":\"en-US\",\"@id\":\"https:\/\/www.asf-quebec.org\/en\/#\/schema\/person\/image\/\",\"url\":\"https:\/\/secure.gravatar.com\/avatar\/e855b116ca919b157a426c59781443a8d88f6c286252b6e0fed2bef83833541c?s=96&d=mm&r=g\",\"contentUrl\":\"https:\/\/secure.gravatar.com\/avatar\/e855b116ca919b157a426c59781443a8d88f6c286252b6e0fed2bef83833541c?s=96&d=mm&r=g\",\"caption\":\"asf-quebec\"}}]}<\/script>\n<!-- \/ Yoast SEO plugin. -->","yoast_head_json":{"title":"Portrait de Joan Razafimaharo, architecte malgache engag\u00e9e - Architecture Sans Fronti\u00e8res Qu\u00e9bec %","description":"Portrait de Joan Razafimaharo, architecte malgache engag\u00e9e","robots":{"index":"index","follow":"follow","max-snippet":"max-snippet:-1","max-image-preview":"max-image-preview:large","max-video-preview":"max-video-preview:-1"},"canonical":"https:\/\/www.asf-quebec.org\/en\/entretien-avec-joan-razafimaharo-architecte-malgache-engagee\/","og_locale":"en_US","og_type":"article","og_title":"Portrait de Joan Razafimaharo, architecte malgache engag\u00e9e - Architecture Sans Fronti\u00e8res Qu\u00e9bec %","og_description":"Portrait de Joan Razafimaharo, architecte malgache engag\u00e9e","og_url":"https:\/\/www.asf-quebec.org\/en\/entretien-avec-joan-razafimaharo-architecte-malgache-engagee\/","og_site_name":"Architecture Sans Fronti\u00e8res Qu\u00e9bec","article_publisher":"https:\/\/www.facebook.com\/architecturesansfrontieres\/","article_published_time":"2021-03-16T16:18:15+00:00","og_image":[{"url":"https:\/\/www.asf-quebec.org\/wp-content\/uploads\/2021\/03\/Ambatofotsy2-2.jpg","type":"","width":"","height":""}],"author":"asf-quebec","twitter_card":"summary_large_image","twitter_misc":{"Written by":"asf-quebec","Est. reading time":"7 minutes"},"schema":{"@context":"https:\/\/schema.org","@graph":[{"@type":"Article","@id":"https:\/\/www.asf-quebec.org\/en\/entretien-avec-joan-razafimaharo-architecte-malgache-engagee\/#article","isPartOf":{"@id":"https:\/\/www.asf-quebec.org\/en\/entretien-avec-joan-razafimaharo-architecte-malgache-engagee\/"},"author":{"name":"asf-quebec","@id":"https:\/\/www.asf-quebec.org\/en\/#\/schema\/person\/9655911da321e5e7c39708ae5de28d6a"},"headline":"Portrait de Joan Razafimaharo, architecte malgache engag\u00e9e","datePublished":"2021-03-16T16:18:15+00:00","mainEntityOfPage":{"@id":"https:\/\/www.asf-quebec.org\/en\/entretien-avec-joan-razafimaharo-architecte-malgache-engagee\/"},"wordCount":1321,"publisher":{"@id":"https:\/\/www.asf-quebec.org\/en\/#organization"},"image":{"@id":"https:\/\/www.asf-quebec.org\/en\/entretien-avec-joan-razafimaharo-architecte-malgache-engagee\/#primaryimage"},"thumbnailUrl":"https:\/\/www.asf-quebec.org\/wp-content\/uploads\/2021\/03\/Joan2.jpg","keywords":["CI","EB"],"articleSection":["News"],"inLanguage":"en-US"},{"@type":"WebPage","@id":"https:\/\/www.asf-quebec.org\/en\/entretien-avec-joan-razafimaharo-architecte-malgache-engagee\/","url":"https:\/\/www.asf-quebec.org\/en\/entretien-avec-joan-razafimaharo-architecte-malgache-engagee\/","name":"Portrait de Joan Razafimaharo, architecte malgache engag\u00e9e - Architecture Sans Fronti\u00e8res Qu\u00e9bec %","isPartOf":{"@id":"https:\/\/www.asf-quebec.org\/en\/#website"},"primaryImageOfPage":{"@id":"https:\/\/www.asf-quebec.org\/en\/entretien-avec-joan-razafimaharo-architecte-malgache-engagee\/#primaryimage"},"image":{"@id":"https:\/\/www.asf-quebec.org\/en\/entretien-avec-joan-razafimaharo-architecte-malgache-engagee\/#primaryimage"},"thumbnailUrl":"https:\/\/www.asf-quebec.org\/wp-content\/uploads\/2021\/03\/Joan2.jpg","datePublished":"2021-03-16T16:18:15+00:00","description":"Portrait de Joan Razafimaharo, architecte malgache engag\u00e9e","breadcrumb":{"@id":"https:\/\/www.asf-quebec.org\/en\/entretien-avec-joan-razafimaharo-architecte-malgache-engagee\/#breadcrumb"},"inLanguage":"en-US","potentialAction":[{"@type":"ReadAction","target":["https:\/\/www.asf-quebec.org\/en\/entretien-avec-joan-razafimaharo-architecte-malgache-engagee\/"]}]},{"@type":"ImageObject","inLanguage":"en-US","@id":"https:\/\/www.asf-quebec.org\/en\/entretien-avec-joan-razafimaharo-architecte-malgache-engagee\/#primaryimage","url":"https:\/\/www.asf-quebec.org\/wp-content\/uploads\/2021\/03\/Joan2.jpg","contentUrl":"https:\/\/www.asf-quebec.org\/wp-content\/uploads\/2021\/03\/Joan2.jpg","width":1936,"height":1195},{"@type":"BreadcrumbList","@id":"https:\/\/www.asf-quebec.org\/en\/entretien-avec-joan-razafimaharo-architecte-malgache-engagee\/#breadcrumb","itemListElement":[{"@type":"ListItem","position":1,"name":"Accueil","item":"https:\/\/www.asf-quebec.org\/en\/"},{"@type":"ListItem","position":2,"name":"Portrait de Joan Razafimaharo, architecte malgache engag\u00e9e"}]},{"@type":"WebSite","@id":"https:\/\/www.asf-quebec.org\/en\/#website","url":"https:\/\/www.asf-quebec.org\/en\/","name":"Architecture sans fronti\u00e8res Qu\u00e9bec","description":"ASFQ","publisher":{"@id":"https:\/\/www.asf-quebec.org\/en\/#organization"},"potentialAction":[{"@type":"SearchAction","target":{"@type":"EntryPoint","urlTemplate":"https:\/\/www.asf-quebec.org\/en\/?s={search_term_string}"},"query-input":{"@type":"PropertyValueSpecification","valueRequired":true,"valueName":"search_term_string"}}],"inLanguage":"en-US"},{"@type":"Organization","@id":"https:\/\/www.asf-quebec.org\/en\/#organization","name":"Architecture sans fronti\u00e8res Qu\u00e9bec (ASFQ)","url":"https:\/\/www.asf-quebec.org\/en\/","logo":{"@type":"ImageObject","inLanguage":"en-US","@id":"https:\/\/www.asf-quebec.org\/en\/#\/schema\/logo\/image\/","url":"https:\/\/www.asf-quebec.org\/wp-content\/uploads\/2019\/07\/Logo-asfq-retina.jpg","contentUrl":"https:\/\/www.asf-quebec.org\/wp-content\/uploads\/2019\/07\/Logo-asfq-retina.jpg","width":564,"height":219,"caption":"Architecture sans fronti\u00e8res Qu\u00e9bec (ASFQ)"},"image":{"@id":"https:\/\/www.asf-quebec.org\/en\/#\/schema\/logo\/image\/"},"sameAs":["https:\/\/www.facebook.com\/architecturesansfrontieres\/","https:\/\/www.instagram.com\/asfquebec\/","https:\/\/www.linkedin.com\/company\/asf-quebec\/"]},{"@type":"Person","@id":"https:\/\/www.asf-quebec.org\/en\/#\/schema\/person\/9655911da321e5e7c39708ae5de28d6a","name":"asf-quebec","image":{"@type":"ImageObject","inLanguage":"en-US","@id":"https:\/\/www.asf-quebec.org\/en\/#\/schema\/person\/image\/","url":"https:\/\/secure.gravatar.com\/avatar\/e855b116ca919b157a426c59781443a8d88f6c286252b6e0fed2bef83833541c?s=96&d=mm&r=g","contentUrl":"https:\/\/secure.gravatar.com\/avatar\/e855b116ca919b157a426c59781443a8d88f6c286252b6e0fed2bef83833541c?s=96&d=mm&r=g","caption":"asf-quebec"}}]}},"_links":{"self":[{"href":"https:\/\/www.asf-quebec.org\/en\/wp-json\/wp\/v2\/posts\/951223","targetHints":{"allow":["GET"]}}],"collection":[{"href":"https:\/\/www.asf-quebec.org\/en\/wp-json\/wp\/v2\/posts"}],"about":[{"href":"https:\/\/www.asf-quebec.org\/en\/wp-json\/wp\/v2\/types\/post"}],"author":[{"embeddable":true,"href":"https:\/\/www.asf-quebec.org\/en\/wp-json\/wp\/v2\/users\/2"}],"replies":[{"embeddable":true,"href":"https:\/\/www.asf-quebec.org\/en\/wp-json\/wp\/v2\/comments?post=951223"}],"version-history":[{"count":0,"href":"https:\/\/www.asf-quebec.org\/en\/wp-json\/wp\/v2\/posts\/951223\/revisions"}],"wp:featuredmedia":[{"embeddable":true,"href":"https:\/\/www.asf-quebec.org\/en\/wp-json\/wp\/v2\/media\/302520"}],"wp:attachment":[{"href":"https:\/\/www.asf-quebec.org\/en\/wp-json\/wp\/v2\/media?parent=951223"}],"wp:term":[{"taxonomy":"category","embeddable":true,"href":"https:\/\/www.asf-quebec.org\/en\/wp-json\/wp\/v2\/categories?post=951223"},{"taxonomy":"post_tag","embeddable":true,"href":"https:\/\/www.asf-quebec.org\/en\/wp-json\/wp\/v2\/tags?post=951223"}],"curies":[{"name":"wp","href":"https:\/\/api.w.org\/{rel}","templated":true}]}}