{"id":951221,"date":"2021-03-17T16:09:15","date_gmt":"2021-03-17T16:09:15","guid":{"rendered":"https:\/\/www.asf-quebec.org\/recherches-es-stagiaires-etudiants-es-a-la-faculte-de-lamenagement-de-luniversite-de-montreal\/"},"modified":"2021-03-17T16:09:15","modified_gmt":"2021-03-17T16:09:15","slug":"recherches-es-stagiaires-etudiants-es-a-la-faculte-de-lamenagement-de-luniversite-de-montreal","status":"publish","type":"post","link":"https:\/\/www.asf-quebec.org\/en\/recherches-es-stagiaires-etudiants-es-a-la-faculte-de-lamenagement-de-luniversite-de-montreal\/","title":{"rendered":"Recherch\u00e9s-es : stagiaires, \u00e9tudiants-es \u00e0 la Facult\u00e9 de l\u2019am\u00e9nagement de l&#8217;Universit\u00e9 de Montr\u00e9al"},"content":{"rendered":"<h2><strong>Contexte des stages<\/p>\n<p><\/strong><\/h2>\n<p><span style=\"font-weight: 400;\">Deux stages r\u00e9mun\u00e9r\u00e9s sont disponibles : <\/span><b>Typologies de d\u00e9faillance <\/b><span style=\"font-weight: 400;\">et <\/span><b>Typologies d\u2019architectures r\u00e9silientes aux inondations<\/b><span style=\"font-weight: 400;\">.\u00a0 La supervision des stages sera effectu\u00e9e par Isabelle Thomas (ARIAction, UdeM) et \u00c9l\u00e8ne Levasseur (ASFQ et UdeM).\u00a0\u00a0<\/span><\/p>\n<p><span style=\"font-weight: 400;\">Les stages sont effectu\u00e9s dans le cadre du projet <\/span><b><i>Architecture r\u00e9siliente aux inondations : D\u00e9veloppement d\u2019expertise et\u00a0 transfert de connaissances<\/i><\/b><span style=\"font-weight: 400;\">. \u00c9labor\u00e9 conjointement par Bruno Demers, directeur g\u00e9n\u00e9ral d\u2019ASFQ,\u00a0 \u00c9l\u00e8ne Levasseur, professionnelle de recherche chez ASFQ et UdeM, Isabelle Thomas, professeure titulaire \u00e0 la Facult\u00e9 de l\u2019am\u00e9nagement de l\u2019Universit\u00e9 de Montr\u00e9al, directrice de l\u2019\u00e9quipe ARIAction et Pascale Biron, professeure \u00e0 l\u2019Universit\u00e9 Concordia, ce projet a pour objectifs de g\u00e9n\u00e9rer et diffuser un savoir nouveau sur les mesures d\u2019adaptation du cadre b\u00e2ti aux inondations qui tiennent notamment en compte des caract\u00e9ristiques des populations, les sp\u00e9cificit\u00e9s territoriales et la dynamique naturelle des r\u00e9seaux hydriques. Premier en son genre, ce projet marquera l\u2019entr\u00e9e officielle de l\u2019architecture dans la r\u00e9flexion qu\u00e9b\u00e9coise entourant la probl\u00e9matique des inondations.\u00a0<\/span><\/p>\n<h2><b>Exigences :\u00a0<\/b><\/h2>\n<ul>\n<li><span style=\"font-weight: 400;\">Avoir compl\u00e9t\u00e9 un baccalaur\u00e9at en architecture, urbanisme, design de l\u2019environnement ou autre discipline reli\u00e9e <\/span><\/li>\n<li><span style=\"font-weight: 400;\">\u00catre inscrit \u00e0 un programme de 2<\/span><span style=\"font-weight: 400;\">e <\/span><span style=\"font-weight: 400;\">ou 3<\/span><span style=\"font-weight: 400;\">e <\/span><span style=\"font-weight: 400;\">cycle, \u00e0 l\u2019automne 2021, \u00e0 la Facult\u00e9 de l\u2019am\u00e9nagement, Universit\u00e9 de Montr\u00e9al<\/span><\/li>\n<li><span style=\"font-weight: 400;\">Pouvoir utiliser son propre \u00e9quipement informatique\u00a0<\/span><\/li>\n<li><span style=\"font-weight: 400;\">Pouvoir utiliser son propre espace de bureau (\u00c9tant donn\u00e9 la situation sanitaire)\u00a0<\/span><\/li>\n<\/ul>\n<p><b>Informations pratiques :\u00a0<\/b><\/p>\n<ul>\n<li><b>Date limite de candidature : <\/b><span style=\"font-weight: 400;\">24 mars 2021, 16h<\/span><\/li>\n<li><b>Date de d\u00e9but : <\/b><span style=\"font-weight: 400;\">3 mai 2021\u00a0<\/span><\/li>\n<li><b>Dur\u00e9e du stage : <\/b><span style=\"font-weight: 400;\">mai \u00e0 octobre\u00a0<\/span><\/li>\n<li><b>Heures \u00e0 temps plein \u00e0 l\u2019\u00e9t\u00e9 : <\/b><span style=\"font-weight: 400;\">32-37.5 par semaine \/ horaire flexible\u00a0<\/span><\/li>\n<li><b>Heures \u00e0 temps partiel \u00e0 l\u2019automne : <\/b><span style=\"font-weight: 400;\">17.5 par semaine \/ horaire flexible\u00a0<\/span><\/li>\n<li><b>R\u00e9mun\u00e9ration : <\/b><span style=\"font-weight: 400;\">Bourse de 13 000$, en trois versements (4000$ en juin; 4000$ en septembre; 5000$ en octobre)\u00a0<\/span><\/li>\n<\/ul>\n<p><b>Pour postuler <\/b><span style=\"font-weight: 400;\">:\u00a0<\/span><\/p>\n<ul>\n<li><span style=\"font-weight: 400;\">Faire parvenir \u00e0 <\/span><a href=\"mailto:dotation@asf-quebec.org\"><span style=\"font-weight: 400;\">dotation@asf-quebec.org <\/span><\/a><span style=\"font-weight: 400;\">et <\/span><a href=\"mailto:isabelle.thomas.1@umontreal.ca\"><span style=\"font-weight: 400;\">isabelle.thomas.1@umontreal.ca <\/span><\/a><span style=\"font-weight: 400;\">une <\/span><b>lettre de motivation <\/b><span style=\"font-weight: 400;\">sp\u00e9cifiant vos\u00a0 int\u00e9r\u00eats pour la recherche sur la r\u00e9silience du cadre b\u00e2ti aux inondations et, le cas \u00e9ch\u00e9ant, vos\u00a0 <\/span>exp\u00e9riences\/connaissances en la mati\u00e8re; votre <b>CV<\/b>; vos <b>relev\u00e9s de notes <\/b>les plus r\u00e9cents.<\/li>\n<li><span style=\"font-weight: 400;\">Pour le stage <\/span><b><i>Typologies architecturales r\u00e9silientes aux inondations<\/i><\/b><span style=\"font-weight: 400;\">, merci d\u2019envoyer votre <\/span><b>portfolio <\/b><span style=\"font-weight: 400;\">(mise en\u00a0 \u00e9vidence de la ma\u00eetrise des outils de la repr\u00e9sentation architecturale).\u00a0<\/span><\/li>\n<li><span style=\"font-weight: 400;\">Indiquer l\u2019intitul\u00e9 du stage dans l\u2019objet du courriel.\u00a0<\/span><\/li>\n<\/ul>\n<p><span style=\"font-weight: 400;\">Si vous postulez aux 2 offres, merci d\u2019envoyer votre candidature dans 2 courriels s\u00e9par\u00e9s.<br \/>\n<\/span><span style=\"font-weight: 400;\">Seules les personnes dont la candidature sera retenue seront contact\u00e9es.<\/span><\/p>\n<p>&nbsp;<\/p>\n<p><img decoding=\"async\" class=\"lazyload alignnone size-full wp-image-301842\" src=\"https:\/\/www.asf-quebec.org\/wp-content\/uploads\/2019\/07\/Forme-orange-petite.png\" data-orig-src=\"https:\/\/www.asf-quebec.org\/wp-content\/uploads\/2019\/07\/Forme-orange-petite.png\" alt=\"\" width=\"179\" height=\"68\" srcset=\"data:image\/svg+xml,%3Csvg%20xmlns%3D%27http%3A%2F%2Fwww.w3.org%2F2000%2Fsvg%27%20width%3D%27179%27%20height%3D%2768%27%20viewBox%3D%270%200%20179%2068%27%3E%3Crect%20width%3D%27179%27%20height%3D%2768%27%20fill-opacity%3D%220%22%2F%3E%3C%2Fsvg%3E\" data-srcset=\"https:\/\/www.asf-quebec.org\/wp-content\/uploads\/2019\/07\/Forme-orange-petite-177x68.png 177w, https:\/\/www.asf-quebec.org\/wp-content\/uploads\/2019\/07\/Forme-orange-petite.png 179w\" data-sizes=\"auto\" data-orig-sizes=\"(max-width: 179px) 100vw, 179px\" \/><\/p>\n<h2><span style=\"font-weight: 400;\"><br \/>\nSTAGE 1 :<br \/>\n<\/span><b>Typologies de d\u00e9faillance\u00a0<\/b><\/h2>\n<p><b><br \/>\nObjectif g\u00e9n\u00e9ral :<br \/>\n<\/b><span style=\"font-weight: 400;\">D\u00e9finir des typologies de d\u00e9faillance de mesures de protection contre les inondations<br \/>\n<\/span><\/p>\n<p><b>Sous-objectifs :\u00a0<\/b><\/p>\n<ul>\n<li><span style=\"font-weight: 400;\">Identifier et analyser les cas probants o\u00f9 il y a eu d\u00e9faillance de mesures de protection. <\/span><\/li>\n<li>D\u00e9velopper une nouvelle mani\u00e8re de sensibiliser les diverses parties prenantes au risque d\u2019inondation.<\/li>\n<\/ul>\n<p><b>T\u00e2ches confi\u00e9es :\u00a0<\/b><\/p>\n<p><b>1- Approche historique (identification des cas)\u00a0<\/b><\/p>\n<p><span style=\"font-weight: 400;\">Revue de litt\u00e9rature (articles scientifiques, retours d\u2019exp\u00e9riences, revues de presses locales et internationales,\u00a0 rapports gouvernementaux, etc.) pour identifier des cas r\u00e9els de d\u00e9faillance de mesures de protection (ex. bris\u00a0 de digue naturelle, bris de murs anti-inondations, d\u00e9passement ou inefficacit\u00e9s des protections temporaires,\u00a0 affaissements de fondations ou soul\u00e8vements de b\u00e2timents hydrofug\u00e9s, etc.) au Canada et \u00e0 l\u2019\u00e9tranger. <\/span><\/p>\n<p><b>2- R\u00e9colte et analyse de donn\u00e9es empiriques (caract\u00e9risation des cas)\u00a0\u00a0<\/b><\/p>\n<p><span style=\"font-weight: 400;\">Participation aux activit\u00e9s de recherche concernant les types de d\u00e9faillance.\u00a0 <\/span><\/p>\n<p><b>3- Projet de design (cr\u00e9ation d\u2019outils pour sensibiliser les parties prenantes au risque d\u2019inondation) <\/b><\/p>\n<p>Conception d\u2019outils de communication (fiches ou autre) et validation aupr\u00e8s des parties prenantes.<\/p>\n<h4 style=\"padding-left: 40px;\"><span style=\"color: #999999;\"><span style=\"font-weight: 400;\">Le projet n\u00e9cessite le d\u00e9p\u00f4t d\u2019un rapport de fin de projet Mitacs et d\u2019un sondage de fin de projet Mitacs.<br \/>\n<\/span><span style=\"font-weight: 400;\">Le\/la stagiaire produira un rapport et des fiches r\u00e9sum\u00e9es des typologies de d\u00e9faillance.<br \/>\n<\/span><span style=\"font-weight: 400;\">Le\/la stagiaire participera \u00e0 des ateliers et si possible \u00e0 un webinaire RIISQ afin d\u2019introduire les parties prenantes \u00e0 une vari\u00e9t\u00e9\u00a0 de strat\u00e9gies d\u2019adaptations des b\u00e2timents aux inondations.<\/span><\/span><\/h4>\n<p>&nbsp;<\/p>\n<p><img decoding=\"async\" class=\"lazyload alignnone size-full wp-image-301842\" src=\"https:\/\/www.asf-quebec.org\/wp-content\/uploads\/2019\/07\/Forme-orange-petite.png\" data-orig-src=\"https:\/\/www.asf-quebec.org\/wp-content\/uploads\/2019\/07\/Forme-orange-petite.png\" alt=\"\" width=\"179\" height=\"68\" srcset=\"data:image\/svg+xml,%3Csvg%20xmlns%3D%27http%3A%2F%2Fwww.w3.org%2F2000%2Fsvg%27%20width%3D%27179%27%20height%3D%2768%27%20viewBox%3D%270%200%20179%2068%27%3E%3Crect%20width%3D%27179%27%20height%3D%2768%27%20fill-opacity%3D%220%22%2F%3E%3C%2Fsvg%3E\" data-srcset=\"https:\/\/www.asf-quebec.org\/wp-content\/uploads\/2019\/07\/Forme-orange-petite-177x68.png 177w, https:\/\/www.asf-quebec.org\/wp-content\/uploads\/2019\/07\/Forme-orange-petite.png 179w\" data-sizes=\"auto\" data-orig-sizes=\"(max-width: 179px) 100vw, 179px\" \/><\/p>\n<h2><span style=\"font-weight: 400;\"><br \/>\nSTAGE 2 :<br \/>\n<\/span><b>Typologies d\u2019architectures r\u00e9silientes aux inondations<\/b><\/h2>\n<h4><b><br \/>\nObjectif g\u00e9n\u00e9ral :<br \/>\n<\/b><span style=\"font-weight: 400;\">D\u00e9finir des typologies d\u2019architectures r\u00e9silientes aux inondations\u00a0\u00a0<\/span><\/h4>\n<p><b><br \/>\nSous-objectifs :\u00a0<\/b><\/p>\n<ul>\n<li><span style=\"font-weight: 400;\">Identifier des typologies architecturales r\u00e9silientes aux inondations.\u00a0<\/span><\/li>\n<li><span style=\"font-weight: 400;\">Mod\u00e9liser en 3D des typologies architecturales r\u00e9silientes selon divers sc\u00e9narios.\u00a0<\/span><\/li>\n<\/ul>\n<p><b>T\u00e2ches confi\u00e9es : <\/b><\/p>\n<p><b>1- Revue de litt\u00e9rature (identification de typologies)\u00a0<\/b><\/p>\n<p><span style=\"font-weight: 400;\">Revue de litt\u00e9rature (articles scientifiques, retours d\u2019exp\u00e9riences, revues de presses locales et internationales,\u00a0 rapports gouvernementaux, etc.) pour identifier des typologies d\u2019architectures r\u00e9silientes aux inondations\u00a0 (constructions sur pilotis, constructions amphibies, constructions flottantes, etc.) et diverses strat\u00e9gies\u00a0 d\u2019adaptation \u00e0 l\u2019\u00e9chelle du b\u00e2timent. <\/span><\/p>\n<p><b>2- Projet de design (mod\u00e9lisation des typologies)\u00a0<\/b><\/p>\n<p><span style=\"font-weight: 400;\">Mod\u00e9lisation en 3D de diverses typologies d\u2019architectures r\u00e9silientes aux inondations.\u00a0 <\/span><\/p>\n<p><b>3- \u00c9tude prospective (d\u00e9veloppements de sc\u00e9narios types)\u00a0<\/b><\/p>\n<p><span style=\"font-weight: 400;\">D\u00e9veloppement de sc\u00e9nario selon divers types d\u2019inondation au Qu\u00e9bec.\u00a0\u00a0<\/span><\/p>\n<h4 style=\"padding-left: 40px;\"><span style=\"color: #999999;\"><span style=\"font-weight: 400;\">Le projet n\u00e9cessite le d\u00e9p\u00f4t d\u2019un rapport de fin de projet Mitacs et d\u2019un sondage de fin de projet Mitacs.<br \/>\nLe\/la stagiaire produira un rapport et des fiches r\u00e9sum\u00e9es des typologies architecturales d\u00e9velopp\u00e9es.<br \/>\n<\/span><span style=\"font-weight: 400;\">Le\/la stagiaire participera \u00e0 des ateliers et si possible \u00e0 un webinaire RIISQ afin d\u2019introduire les parties prenantes \u00e0 une vari\u00e9t\u00e9\u00a0 de strat\u00e9gies d\u2019adaptations des b\u00e2timents aux inondations.<\/span><\/span><\/h4>\n<p>&nbsp;<\/p>\n<p><img decoding=\"async\" class=\"lazyload alignnone size-full wp-image-301861\" src=\"https:\/\/www.asf-quebec.org\/wp-content\/uploads\/2019\/09\/ASFQ-Forme-MaisonEau.png\" data-orig-src=\"https:\/\/www.asf-quebec.org\/wp-content\/uploads\/2019\/09\/ASFQ-Forme-MaisonEau.png\" alt=\"\" width=\"125\" height=\"125\" srcset=\"data:image\/svg+xml,%3Csvg%20xmlns%3D%27http%3A%2F%2Fwww.w3.org%2F2000%2Fsvg%27%20width%3D%27125%27%20height%3D%27125%27%20viewBox%3D%270%200%20125%20125%27%3E%3Crect%20width%3D%27125%27%20height%3D%27125%27%20fill-opacity%3D%220%22%2F%3E%3C%2Fsvg%3E\" data-srcset=\"https:\/\/www.asf-quebec.org\/wp-content\/uploads\/2019\/09\/ASFQ-Forme-MaisonEau-66x66.png 66w, https:\/\/www.asf-quebec.org\/wp-content\/uploads\/2019\/09\/ASFQ-Forme-MaisonEau.png 125w\" data-sizes=\"auto\" data-orig-sizes=\"(max-width: 125px) 100vw, 125px\" \/><\/p>\n<p><b>Architecture sans fronti\u00e8res Qu\u00e9bec <\/b><span style=\"font-weight: 400;\">+ <\/span><b>ARIAction <\/b><span style=\"font-weight: 400;\">(Facult\u00e9 de l\u2019am\u00e9nagement, Universit\u00e9 de Montr\u00e9al)\u00a0<\/span><\/p>\n<p><b>Architecture sans fronti\u00e8res Qu\u00e9bec <\/b><span style=\"font-weight: 400;\">(ASFQ) est un organisme de bienfaisance sp\u00e9cialis\u00e9 dans l\u2019assistance architecturale aux\u00a0 populations dans le besoin, travaillant tant \u00e0 l\u2019international qu\u2019au niveau local. Fond\u00e9 en 2007 par l\u2019Ordre des architectes du\u00a0 Qu\u00e9bec (OAQ), l\u2019organisme compte parmi ses membres les 4150 architectes de la province, dont elle porte la responsabilit\u00e9\u00a0 sociale. L\u2019organisme est membre du r\u00e9seau Architecture Sans Fronti\u00e8res International et de l\u2019Association qu\u00e9b\u00e9coise des <\/span><span style=\"font-weight: 400;\">organismes de coop\u00e9ration internationale. <\/span><a href=\"https:\/\/www.asf-quebec.org\/\"><span style=\"font-weight: 400;\">https:\/\/www.asf-quebec.org\/<\/span><span style=\"font-weight: 400;\">\u00a0<\/span><\/a><\/p>\n<p><b>ARIAction <\/b><span style=\"font-weight: 400;\">(Adaptation \u2013 R\u00e9silience \u2013 Innovation \u2013 Action) est une \u00e9quipe de recherche issue de la Facult\u00e9 de l\u2019am\u00e9nagement de\u00a0 l\u2019Universit\u00e9 de Montr\u00e9al (UdeM) qui consacre ses recherches aux th\u00e9matiques de la vuln\u00e9rabilit\u00e9, de l\u2019adaptation et de la r\u00e9silience\u00a0 dans les milieux de vie. L\u2019\u00e9quipe de recherche travaille \u00e0 identifier les enjeux et opportunit\u00e9s en mati\u00e8re de r\u00e9silience et\u00a0 favoriser la mise en place de recommandations, de solutions et d\u2019outils favorisant une plus grande r\u00e9silience du territoire et\u00a0 une meilleure adaptation des acteurs de la soci\u00e9t\u00e9 face aux risques. <\/span><a href=\"https:\/\/www.ariaction.com\/\"><span style=\"font-weight: 400;\">https:\/\/www.ariaction.com\/<\/span> <\/a><\/p>\n<p>&nbsp;<\/p>\n<h6>Photo : Coffee photo created by wayhomestudio &#8211; www.freepik.com<\/h6>\n","protected":false},"excerpt":{"rendered":"<p>Contexte des stages Deux stages r\u00e9mun\u00e9r\u00e9s sont disponibles : Typologies <a href=\"https:\/\/www.asf-quebec.org\/en\/recherches-es-stagiaires-etudiants-es-a-la-faculte-de-lamenagement-de-luniversite-de-montreal\/\"> [&#8230;]<\/a><\/p>\n","protected":false},"author":2,"featured_media":0,"comment_status":"closed","ping_status":"closed","sticky":false,"template":"","format":"standard","meta":{"_acf_changed":false,"footnotes":""},"categories":[37],"tags":[39],"class_list":["post-951221","post","type-post","status-publish","format-standard","hentry","category-news","tag-rd-en"],"acf":[],"yoast_head":"<!-- This site is optimized with the Yoast SEO plugin v26.8 - https:\/\/yoast.com\/product\/yoast-seo-wordpress\/ -->\n<title>Recherch\u00e9s-es : stagiaires, \u00e9tudiants-es \u00e0 la Facult\u00e9 de l\u2019am\u00e9nagement de l&#039;Universit\u00e9 de Montr\u00e9al - Architecture Sans Fronti\u00e8res Qu\u00e9bec %<\/title>\n<meta name=\"description\" content=\"Recherch\u00e9s-es : stagiaires, \u00e9tudiants-es \u00e0 la Facult\u00e9 de l\u2019am\u00e9nagement de l&#039;Universit\u00e9 de Montr\u00e9al\" \/>\n<meta name=\"robots\" content=\"index, follow, max-snippet:-1, max-image-preview:large, max-video-preview:-1\" \/>\n<link rel=\"canonical\" href=\"https:\/\/www.asf-quebec.org\/en\/recherches-es-stagiaires-etudiants-es-a-la-faculte-de-lamenagement-de-luniversite-de-montreal\/\" \/>\n<meta property=\"og:locale\" content=\"en_US\" \/>\n<meta property=\"og:type\" content=\"article\" \/>\n<meta property=\"og:title\" content=\"Recherch\u00e9s-es : stagiaires, \u00e9tudiants-es \u00e0 la Facult\u00e9 de l\u2019am\u00e9nagement de l&#039;Universit\u00e9 de Montr\u00e9al - Architecture Sans Fronti\u00e8res Qu\u00e9bec %\" \/>\n<meta property=\"og:description\" content=\"Recherch\u00e9s-es : stagiaires, \u00e9tudiants-es \u00e0 la Facult\u00e9 de l\u2019am\u00e9nagement de l&#039;Universit\u00e9 de Montr\u00e9al\" \/>\n<meta property=\"og:url\" content=\"https:\/\/www.asf-quebec.org\/en\/recherches-es-stagiaires-etudiants-es-a-la-faculte-de-lamenagement-de-luniversite-de-montreal\/\" \/>\n<meta property=\"og:site_name\" content=\"Architecture Sans Fronti\u00e8res Qu\u00e9bec\" \/>\n<meta property=\"article:publisher\" content=\"https:\/\/www.facebook.com\/architecturesansfrontieres\/\" \/>\n<meta property=\"article:published_time\" content=\"2021-03-17T16:09:15+00:00\" \/>\n<meta property=\"og:image\" content=\"https:\/\/www.asf-quebec.org\/wp-content\/uploads\/2019\/07\/Forme-orange-petite.png\" \/>\n<meta name=\"author\" content=\"asf-quebec\" \/>\n<meta name=\"twitter:card\" content=\"summary_large_image\" \/>\n<meta name=\"twitter:label1\" content=\"Written by\" \/>\n\t<meta name=\"twitter:data1\" content=\"asf-quebec\" \/>\n\t<meta name=\"twitter:label2\" content=\"Est. reading time\" \/>\n\t<meta name=\"twitter:data2\" content=\"6 minutes\" \/>\n<script type=\"application\/ld+json\" class=\"yoast-schema-graph\">{\"@context\":\"https:\/\/schema.org\",\"@graph\":[{\"@type\":\"Article\",\"@id\":\"https:\/\/www.asf-quebec.org\/en\/recherches-es-stagiaires-etudiants-es-a-la-faculte-de-lamenagement-de-luniversite-de-montreal\/#article\",\"isPartOf\":{\"@id\":\"https:\/\/www.asf-quebec.org\/en\/recherches-es-stagiaires-etudiants-es-a-la-faculte-de-lamenagement-de-luniversite-de-montreal\/\"},\"author\":{\"name\":\"asf-quebec\",\"@id\":\"https:\/\/www.asf-quebec.org\/en\/#\/schema\/person\/9655911da321e5e7c39708ae5de28d6a\"},\"headline\":\"Recherch\u00e9s-es : stagiaires, \u00e9tudiants-es \u00e0 la Facult\u00e9 de l\u2019am\u00e9nagement de l&#8217;Universit\u00e9 de Montr\u00e9al\",\"datePublished\":\"2021-03-17T16:09:15+00:00\",\"mainEntityOfPage\":{\"@id\":\"https:\/\/www.asf-quebec.org\/en\/recherches-es-stagiaires-etudiants-es-a-la-faculte-de-lamenagement-de-luniversite-de-montreal\/\"},\"wordCount\":1145,\"publisher\":{\"@id\":\"https:\/\/www.asf-quebec.org\/en\/#organization\"},\"image\":{\"@id\":\"https:\/\/www.asf-quebec.org\/en\/recherches-es-stagiaires-etudiants-es-a-la-faculte-de-lamenagement-de-luniversite-de-montreal\/#primaryimage\"},\"thumbnailUrl\":\"https:\/\/www.asf-quebec.org\/wp-content\/uploads\/2019\/07\/Forme-orange-petite.png\",\"keywords\":[\"RD\"],\"articleSection\":[\"News\"],\"inLanguage\":\"en-US\"},{\"@type\":\"WebPage\",\"@id\":\"https:\/\/www.asf-quebec.org\/en\/recherches-es-stagiaires-etudiants-es-a-la-faculte-de-lamenagement-de-luniversite-de-montreal\/\",\"url\":\"https:\/\/www.asf-quebec.org\/en\/recherches-es-stagiaires-etudiants-es-a-la-faculte-de-lamenagement-de-luniversite-de-montreal\/\",\"name\":\"Recherch\u00e9s-es : stagiaires, \u00e9tudiants-es \u00e0 la Facult\u00e9 de l\u2019am\u00e9nagement de l'Universit\u00e9 de Montr\u00e9al - Architecture Sans Fronti\u00e8res Qu\u00e9bec %\",\"isPartOf\":{\"@id\":\"https:\/\/www.asf-quebec.org\/en\/#website\"},\"primaryImageOfPage\":{\"@id\":\"https:\/\/www.asf-quebec.org\/en\/recherches-es-stagiaires-etudiants-es-a-la-faculte-de-lamenagement-de-luniversite-de-montreal\/#primaryimage\"},\"image\":{\"@id\":\"https:\/\/www.asf-quebec.org\/en\/recherches-es-stagiaires-etudiants-es-a-la-faculte-de-lamenagement-de-luniversite-de-montreal\/#primaryimage\"},\"thumbnailUrl\":\"https:\/\/www.asf-quebec.org\/wp-content\/uploads\/2019\/07\/Forme-orange-petite.png\",\"datePublished\":\"2021-03-17T16:09:15+00:00\",\"description\":\"Recherch\u00e9s-es : stagiaires, \u00e9tudiants-es \u00e0 la Facult\u00e9 de l\u2019am\u00e9nagement de l'Universit\u00e9 de Montr\u00e9al\",\"breadcrumb\":{\"@id\":\"https:\/\/www.asf-quebec.org\/en\/recherches-es-stagiaires-etudiants-es-a-la-faculte-de-lamenagement-de-luniversite-de-montreal\/#breadcrumb\"},\"inLanguage\":\"en-US\",\"potentialAction\":[{\"@type\":\"ReadAction\",\"target\":[\"https:\/\/www.asf-quebec.org\/en\/recherches-es-stagiaires-etudiants-es-a-la-faculte-de-lamenagement-de-luniversite-de-montreal\/\"]}]},{\"@type\":\"ImageObject\",\"inLanguage\":\"en-US\",\"@id\":\"https:\/\/www.asf-quebec.org\/en\/recherches-es-stagiaires-etudiants-es-a-la-faculte-de-lamenagement-de-luniversite-de-montreal\/#primaryimage\",\"url\":\"https:\/\/www.asf-quebec.org\/wp-content\/uploads\/2019\/07\/Forme-orange-petite.png\",\"contentUrl\":\"https:\/\/www.asf-quebec.org\/wp-content\/uploads\/2019\/07\/Forme-orange-petite.png\"},{\"@type\":\"BreadcrumbList\",\"@id\":\"https:\/\/www.asf-quebec.org\/en\/recherches-es-stagiaires-etudiants-es-a-la-faculte-de-lamenagement-de-luniversite-de-montreal\/#breadcrumb\",\"itemListElement\":[{\"@type\":\"ListItem\",\"position\":1,\"name\":\"Accueil\",\"item\":\"https:\/\/www.asf-quebec.org\/en\/\"},{\"@type\":\"ListItem\",\"position\":2,\"name\":\"Recherch\u00e9s-es : stagiaires, \u00e9tudiants-es \u00e0 la Facult\u00e9 de l\u2019am\u00e9nagement de l&rsquo;Universit\u00e9 de Montr\u00e9al\"}]},{\"@type\":\"WebSite\",\"@id\":\"https:\/\/www.asf-quebec.org\/en\/#website\",\"url\":\"https:\/\/www.asf-quebec.org\/en\/\",\"name\":\"Architecture sans fronti\u00e8res Qu\u00e9bec\",\"description\":\"ASFQ\",\"publisher\":{\"@id\":\"https:\/\/www.asf-quebec.org\/en\/#organization\"},\"potentialAction\":[{\"@type\":\"SearchAction\",\"target\":{\"@type\":\"EntryPoint\",\"urlTemplate\":\"https:\/\/www.asf-quebec.org\/en\/?s={search_term_string}\"},\"query-input\":{\"@type\":\"PropertyValueSpecification\",\"valueRequired\":true,\"valueName\":\"search_term_string\"}}],\"inLanguage\":\"en-US\"},{\"@type\":\"Organization\",\"@id\":\"https:\/\/www.asf-quebec.org\/en\/#organization\",\"name\":\"Architecture sans fronti\u00e8res Qu\u00e9bec (ASFQ)\",\"url\":\"https:\/\/www.asf-quebec.org\/en\/\",\"logo\":{\"@type\":\"ImageObject\",\"inLanguage\":\"en-US\",\"@id\":\"https:\/\/www.asf-quebec.org\/en\/#\/schema\/logo\/image\/\",\"url\":\"https:\/\/www.asf-quebec.org\/wp-content\/uploads\/2019\/07\/Logo-asfq-retina.jpg\",\"contentUrl\":\"https:\/\/www.asf-quebec.org\/wp-content\/uploads\/2019\/07\/Logo-asfq-retina.jpg\",\"width\":564,\"height\":219,\"caption\":\"Architecture sans fronti\u00e8res Qu\u00e9bec (ASFQ)\"},\"image\":{\"@id\":\"https:\/\/www.asf-quebec.org\/en\/#\/schema\/logo\/image\/\"},\"sameAs\":[\"https:\/\/www.facebook.com\/architecturesansfrontieres\/\",\"https:\/\/www.instagram.com\/asfquebec\/\",\"https:\/\/www.linkedin.com\/company\/asf-quebec\/\"]},{\"@type\":\"Person\",\"@id\":\"https:\/\/www.asf-quebec.org\/en\/#\/schema\/person\/9655911da321e5e7c39708ae5de28d6a\",\"name\":\"asf-quebec\",\"image\":{\"@type\":\"ImageObject\",\"inLanguage\":\"en-US\",\"@id\":\"https:\/\/www.asf-quebec.org\/en\/#\/schema\/person\/image\/\",\"url\":\"https:\/\/secure.gravatar.com\/avatar\/e855b116ca919b157a426c59781443a8d88f6c286252b6e0fed2bef83833541c?s=96&d=mm&r=g\",\"contentUrl\":\"https:\/\/secure.gravatar.com\/avatar\/e855b116ca919b157a426c59781443a8d88f6c286252b6e0fed2bef83833541c?s=96&d=mm&r=g\",\"caption\":\"asf-quebec\"}}]}<\/script>\n<!-- \/ Yoast SEO plugin. -->","yoast_head_json":{"title":"Recherch\u00e9s-es : stagiaires, \u00e9tudiants-es \u00e0 la Facult\u00e9 de l\u2019am\u00e9nagement de l'Universit\u00e9 de Montr\u00e9al - Architecture Sans Fronti\u00e8res Qu\u00e9bec %","description":"Recherch\u00e9s-es : stagiaires, \u00e9tudiants-es \u00e0 la Facult\u00e9 de l\u2019am\u00e9nagement de l'Universit\u00e9 de Montr\u00e9al","robots":{"index":"index","follow":"follow","max-snippet":"max-snippet:-1","max-image-preview":"max-image-preview:large","max-video-preview":"max-video-preview:-1"},"canonical":"https:\/\/www.asf-quebec.org\/en\/recherches-es-stagiaires-etudiants-es-a-la-faculte-de-lamenagement-de-luniversite-de-montreal\/","og_locale":"en_US","og_type":"article","og_title":"Recherch\u00e9s-es : stagiaires, \u00e9tudiants-es \u00e0 la Facult\u00e9 de l\u2019am\u00e9nagement de l'Universit\u00e9 de Montr\u00e9al - Architecture Sans Fronti\u00e8res Qu\u00e9bec %","og_description":"Recherch\u00e9s-es : stagiaires, \u00e9tudiants-es \u00e0 la Facult\u00e9 de l\u2019am\u00e9nagement de l'Universit\u00e9 de Montr\u00e9al","og_url":"https:\/\/www.asf-quebec.org\/en\/recherches-es-stagiaires-etudiants-es-a-la-faculte-de-lamenagement-de-luniversite-de-montreal\/","og_site_name":"Architecture Sans Fronti\u00e8res Qu\u00e9bec","article_publisher":"https:\/\/www.facebook.com\/architecturesansfrontieres\/","article_published_time":"2021-03-17T16:09:15+00:00","og_image":[{"url":"https:\/\/www.asf-quebec.org\/wp-content\/uploads\/2019\/07\/Forme-orange-petite.png","type":"","width":"","height":""}],"author":"asf-quebec","twitter_card":"summary_large_image","twitter_misc":{"Written by":"asf-quebec","Est. reading time":"6 minutes"},"schema":{"@context":"https:\/\/schema.org","@graph":[{"@type":"Article","@id":"https:\/\/www.asf-quebec.org\/en\/recherches-es-stagiaires-etudiants-es-a-la-faculte-de-lamenagement-de-luniversite-de-montreal\/#article","isPartOf":{"@id":"https:\/\/www.asf-quebec.org\/en\/recherches-es-stagiaires-etudiants-es-a-la-faculte-de-lamenagement-de-luniversite-de-montreal\/"},"author":{"name":"asf-quebec","@id":"https:\/\/www.asf-quebec.org\/en\/#\/schema\/person\/9655911da321e5e7c39708ae5de28d6a"},"headline":"Recherch\u00e9s-es : stagiaires, \u00e9tudiants-es \u00e0 la Facult\u00e9 de l\u2019am\u00e9nagement de l&#8217;Universit\u00e9 de Montr\u00e9al","datePublished":"2021-03-17T16:09:15+00:00","mainEntityOfPage":{"@id":"https:\/\/www.asf-quebec.org\/en\/recherches-es-stagiaires-etudiants-es-a-la-faculte-de-lamenagement-de-luniversite-de-montreal\/"},"wordCount":1145,"publisher":{"@id":"https:\/\/www.asf-quebec.org\/en\/#organization"},"image":{"@id":"https:\/\/www.asf-quebec.org\/en\/recherches-es-stagiaires-etudiants-es-a-la-faculte-de-lamenagement-de-luniversite-de-montreal\/#primaryimage"},"thumbnailUrl":"https:\/\/www.asf-quebec.org\/wp-content\/uploads\/2019\/07\/Forme-orange-petite.png","keywords":["RD"],"articleSection":["News"],"inLanguage":"en-US"},{"@type":"WebPage","@id":"https:\/\/www.asf-quebec.org\/en\/recherches-es-stagiaires-etudiants-es-a-la-faculte-de-lamenagement-de-luniversite-de-montreal\/","url":"https:\/\/www.asf-quebec.org\/en\/recherches-es-stagiaires-etudiants-es-a-la-faculte-de-lamenagement-de-luniversite-de-montreal\/","name":"Recherch\u00e9s-es : stagiaires, \u00e9tudiants-es \u00e0 la Facult\u00e9 de l\u2019am\u00e9nagement de l'Universit\u00e9 de Montr\u00e9al - Architecture Sans Fronti\u00e8res Qu\u00e9bec %","isPartOf":{"@id":"https:\/\/www.asf-quebec.org\/en\/#website"},"primaryImageOfPage":{"@id":"https:\/\/www.asf-quebec.org\/en\/recherches-es-stagiaires-etudiants-es-a-la-faculte-de-lamenagement-de-luniversite-de-montreal\/#primaryimage"},"image":{"@id":"https:\/\/www.asf-quebec.org\/en\/recherches-es-stagiaires-etudiants-es-a-la-faculte-de-lamenagement-de-luniversite-de-montreal\/#primaryimage"},"thumbnailUrl":"https:\/\/www.asf-quebec.org\/wp-content\/uploads\/2019\/07\/Forme-orange-petite.png","datePublished":"2021-03-17T16:09:15+00:00","description":"Recherch\u00e9s-es : stagiaires, \u00e9tudiants-es \u00e0 la Facult\u00e9 de l\u2019am\u00e9nagement de l'Universit\u00e9 de Montr\u00e9al","breadcrumb":{"@id":"https:\/\/www.asf-quebec.org\/en\/recherches-es-stagiaires-etudiants-es-a-la-faculte-de-lamenagement-de-luniversite-de-montreal\/#breadcrumb"},"inLanguage":"en-US","potentialAction":[{"@type":"ReadAction","target":["https:\/\/www.asf-quebec.org\/en\/recherches-es-stagiaires-etudiants-es-a-la-faculte-de-lamenagement-de-luniversite-de-montreal\/"]}]},{"@type":"ImageObject","inLanguage":"en-US","@id":"https:\/\/www.asf-quebec.org\/en\/recherches-es-stagiaires-etudiants-es-a-la-faculte-de-lamenagement-de-luniversite-de-montreal\/#primaryimage","url":"https:\/\/www.asf-quebec.org\/wp-content\/uploads\/2019\/07\/Forme-orange-petite.png","contentUrl":"https:\/\/www.asf-quebec.org\/wp-content\/uploads\/2019\/07\/Forme-orange-petite.png"},{"@type":"BreadcrumbList","@id":"https:\/\/www.asf-quebec.org\/en\/recherches-es-stagiaires-etudiants-es-a-la-faculte-de-lamenagement-de-luniversite-de-montreal\/#breadcrumb","itemListElement":[{"@type":"ListItem","position":1,"name":"Accueil","item":"https:\/\/www.asf-quebec.org\/en\/"},{"@type":"ListItem","position":2,"name":"Recherch\u00e9s-es : stagiaires, \u00e9tudiants-es \u00e0 la Facult\u00e9 de l\u2019am\u00e9nagement de l&rsquo;Universit\u00e9 de Montr\u00e9al"}]},{"@type":"WebSite","@id":"https:\/\/www.asf-quebec.org\/en\/#website","url":"https:\/\/www.asf-quebec.org\/en\/","name":"Architecture sans fronti\u00e8res Qu\u00e9bec","description":"ASFQ","publisher":{"@id":"https:\/\/www.asf-quebec.org\/en\/#organization"},"potentialAction":[{"@type":"SearchAction","target":{"@type":"EntryPoint","urlTemplate":"https:\/\/www.asf-quebec.org\/en\/?s={search_term_string}"},"query-input":{"@type":"PropertyValueSpecification","valueRequired":true,"valueName":"search_term_string"}}],"inLanguage":"en-US"},{"@type":"Organization","@id":"https:\/\/www.asf-quebec.org\/en\/#organization","name":"Architecture sans fronti\u00e8res Qu\u00e9bec (ASFQ)","url":"https:\/\/www.asf-quebec.org\/en\/","logo":{"@type":"ImageObject","inLanguage":"en-US","@id":"https:\/\/www.asf-quebec.org\/en\/#\/schema\/logo\/image\/","url":"https:\/\/www.asf-quebec.org\/wp-content\/uploads\/2019\/07\/Logo-asfq-retina.jpg","contentUrl":"https:\/\/www.asf-quebec.org\/wp-content\/uploads\/2019\/07\/Logo-asfq-retina.jpg","width":564,"height":219,"caption":"Architecture sans fronti\u00e8res Qu\u00e9bec (ASFQ)"},"image":{"@id":"https:\/\/www.asf-quebec.org\/en\/#\/schema\/logo\/image\/"},"sameAs":["https:\/\/www.facebook.com\/architecturesansfrontieres\/","https:\/\/www.instagram.com\/asfquebec\/","https:\/\/www.linkedin.com\/company\/asf-quebec\/"]},{"@type":"Person","@id":"https:\/\/www.asf-quebec.org\/en\/#\/schema\/person\/9655911da321e5e7c39708ae5de28d6a","name":"asf-quebec","image":{"@type":"ImageObject","inLanguage":"en-US","@id":"https:\/\/www.asf-quebec.org\/en\/#\/schema\/person\/image\/","url":"https:\/\/secure.gravatar.com\/avatar\/e855b116ca919b157a426c59781443a8d88f6c286252b6e0fed2bef83833541c?s=96&d=mm&r=g","contentUrl":"https:\/\/secure.gravatar.com\/avatar\/e855b116ca919b157a426c59781443a8d88f6c286252b6e0fed2bef83833541c?s=96&d=mm&r=g","caption":"asf-quebec"}}]}},"_links":{"self":[{"href":"https:\/\/www.asf-quebec.org\/en\/wp-json\/wp\/v2\/posts\/951221","targetHints":{"allow":["GET"]}}],"collection":[{"href":"https:\/\/www.asf-quebec.org\/en\/wp-json\/wp\/v2\/posts"}],"about":[{"href":"https:\/\/www.asf-quebec.org\/en\/wp-json\/wp\/v2\/types\/post"}],"author":[{"embeddable":true,"href":"https:\/\/www.asf-quebec.org\/en\/wp-json\/wp\/v2\/users\/2"}],"replies":[{"embeddable":true,"href":"https:\/\/www.asf-quebec.org\/en\/wp-json\/wp\/v2\/comments?post=951221"}],"version-history":[{"count":0,"href":"https:\/\/www.asf-quebec.org\/en\/wp-json\/wp\/v2\/posts\/951221\/revisions"}],"wp:attachment":[{"href":"https:\/\/www.asf-quebec.org\/en\/wp-json\/wp\/v2\/media?parent=951221"}],"wp:term":[{"taxonomy":"category","embeddable":true,"href":"https:\/\/www.asf-quebec.org\/en\/wp-json\/wp\/v2\/categories?post=951221"},{"taxonomy":"post_tag","embeddable":true,"href":"https:\/\/www.asf-quebec.org\/en\/wp-json\/wp\/v2\/tags?post=951221"}],"curies":[{"name":"wp","href":"https:\/\/api.w.org\/{rel}","templated":true}]}}