{"id":951220,"date":"2021-05-11T21:48:33","date_gmt":"2021-05-11T21:48:33","guid":{"rendered":"https:\/\/www.asf-quebec.org\/offre-demploi-coordonnateur-trice-administration-et-mobilisation\/"},"modified":"2021-05-11T21:48:33","modified_gmt":"2021-05-11T21:48:33","slug":"offre-demploi-coordonnateur-trice-administration-et-mobilisation","status":"publish","type":"post","link":"https:\/\/www.asf-quebec.org\/en\/offre-demploi-coordonnateur-trice-administration-et-mobilisation\/","title":{"rendered":"OFFRE D&#8217;EMPLOI : Coordonnateur\/trice &#8211; administration et mobilisation"},"content":{"rendered":"<h3><em>Envie de vous investir dans une organisation humanitaire au service des plus vuln\u00e9rables et engag\u00e9e envers le d\u00e9veloppement durable ? Vous avez de l\u2019exp\u00e9rience en administration et en gestion, mais aussi d\u2019autres talents et int\u00e9r\u00eats \u00e0 mettre \u00e0 profit ? Architecture sans fronti\u00e8res Qu\u00e9bec est \u00e0 la recherche d\u2019une personne dynamique, polyvalente et rigoureuse pour coordonner ses dossiers administratifs, d\u00e9velopper diff\u00e9rentes activit\u00e9s et contribuer \u00e0 la croissance d\u2019un organisme en plein essor.<\/em><\/h3>\n<p>&nbsp;<\/p>\n<p><strong>L\u2019ORGANISATION\u00a0:<\/strong><\/p>\n<p>Architecture sans fronti\u00e8res Qu\u00e9bec (ASFQ) est un organisme sp\u00e9cialis\u00e9 dans l\u2019architecture durable et l\u2019assistance aux communaut\u00e9s vuln\u00e9rables. Cr\u00e9\u00e9e en 2007 par l\u2019Ordre des architectes du Qu\u00e9bec, l\u2019organisation d\u00e9veloppe diff\u00e9rents programmes qui travaillent en synergie pour faire intervenir l\u2019organisation dans diff\u00e9rents domaines\u00a0: la coop\u00e9ration internationale, l\u2019habitat autochtone, la solidarit\u00e9 urbaine, la r\u00e9silience aux inondations, l\u2019\u00e9ducation, l\u2019engagement b\u00e9n\u00e9vole et l\u2019\u00e9conomie circulaire. L\u2019organisation est dirig\u00e9e par un conseil d\u2019administration et compte parmi ses membres les 4 000 architectes de la province, dont elle porte la responsabilit\u00e9 sociale. Membre du r\u00e9seau Architecture sans fronti\u00e8res international, ASFQ compte aussi sur d\u2019autres professionnels du b\u00e2timent, de l\u2019am\u00e9nagement, de l\u2019humanitaire et de nombreux partenaires dans la mise en \u0153uvre de ses programmes.<\/p>\n<p><strong>LE POSTE\u00a0:<\/strong><\/p>\n<p>Sous l\u2019autorit\u00e9 du directeur g\u00e9n\u00e9ral et en collaboration avec lui, la personne titulaire du poste aura un double mandat. D\u2019une part, elle assurera la coordination des diff\u00e9rents dossiers administratifs, financiers et comptables n\u00e9cessaires \u00e0 la bonne gestion de l&#8217;organisme. D\u2019autre part, elle appuiera diff\u00e9rentes activit\u00e9s de mobilisation, notamment au niveau de la collecte de fonds, de l\u2019organisation d\u2019\u00e9v\u00e9nements et du recrutement de b\u00e9n\u00e9voles. Elle agira en outre comme bras droit de la direction g\u00e9n\u00e9rale dans une vari\u00e9t\u00e9 de dossiers et comme point de contact dans les relations avec les diff\u00e9rentes parties prenantes.<\/p>\n<p><strong>RESPONSABILIT\u00c9S\u00a0:<\/strong><\/p>\n<ul>\n<li><strong>Volet administration<\/strong>\n<ul>\n<li>G\u00e9rer l\u2019ensemble des suivis comptables et financiers avec l\u2019appui du service de comptabilit\u00e9 externe (facturation, comptes payables et recevables, payes et feuilles de temps, DAS, conciliation bancaire, la tenue de livre, d\u00e9p\u00f4ts bancaires, cl\u00f4ture de l\u2019exercice financier annuel)<\/li>\n<li>\u00c9laborer des outils de gestion pour faciliter les communications au sein de l&#8217;\u00e9quipe (ex\u00a0: tableau de facturation, calendriers, etc.)<\/li>\n<li>Organiser les r\u00e9unions d\u2019\u00e9quipe ou du conseil d\u2019administration (pr\u00e9paration, r\u00e9daction de compte-rendu, etc.)<\/li>\n<li>Appuyer la direction dans le recrutement et la gestion des ressources humaines.<\/li>\n<li>Assurer l\u2019\u00e9mission des re\u00e7us de charit\u00e9 pour fin d\u2019imp\u00f4ts aux donateurs de l\u2019organisme<\/li>\n<li>G\u00e9rer la base de donn\u00e9es CRM de l\u2019organisation et conseiller les membres de l\u2019\u00e9quipe dans son utilisation<\/li>\n<li>Assurer des suivis t\u00e9l\u00e9phoniques et \u00e9lectroniques aupr\u00e8s d\u2019une diversit\u00e9 de parties prenantes (membres, b\u00e9n\u00e9voles, partenaires, donateurs, clients, etc.)<\/li>\n<\/ul>\n<\/li>\n<\/ul>\n<ul>\n<li><strong>Volet mobilisation<\/strong>\n<ul>\n<li>Organiser diff\u00e9rents \u00e9v\u00e9nements sociaux, \u00e9ducatifs ou philanthropiques en ligne ou en personne, en g\u00e9rant diff\u00e9rents fournisseurs au besoin<\/li>\n<li>Coordonner les activit\u00e9s de recrutement et de mise en valeur des b\u00e9n\u00e9voles locaux et des coop\u00e9rants internationaux de l\u2019organisme<\/li>\n<li>Collaborer avec la direction g\u00e9n\u00e9rale et le comit\u00e9 de collecte de fonds dans la prospection des commanditaires et des donateurs dans le cadre de la collecte de fonds annuelle<\/li>\n<li>Appuyer recherche de subventions et autres opportunit\u00e9s de financement pour l\u2019organisme et ses programmes, ainsi que les redditions de comptes aupr\u00e8s des bailleurs de fonds<\/li>\n<li>Appuyer le reste de l\u2019\u00e9quipe dans diff\u00e9rents suivis li\u00e9s \u00e0 la coordination des projets, des programmes ou des communications<\/li>\n<li>Appui \u00e0 la r\u00e9daction ou la r\u00e9vision de diff\u00e9rents contenus (lettres, bulletins, etc.)<\/li>\n<li>Toute autre t\u00e2che connexe relative \u00e0 son poste.<\/li>\n<\/ul>\n<\/li>\n<\/ul>\n<p><strong>QUALIFICATIONS ET EXP\u00c9RIENCES\u00a0:<\/strong><\/p>\n<ul>\n<li>Baccalaur\u00e9at dans une discipline li\u00e9e au poste (une ma\u00eetrise est un atout)<\/li>\n<li>Toute combinaison pertinente d\u2019exp\u00e9riences et de formations compl\u00e9mentaires<\/li>\n<li>Exp\u00e9rience de travail dans un organisme de bienfaisance ou d\u2019\u00e9conomie sociale<\/li>\n<li>2 \u00e0 3 ans d\u2019exp\u00e9rience professionnelle pertinente dans des fonctions comparables<\/li>\n<\/ul>\n<p><strong>COMP\u00c9TENCES ET QUALIT\u00c9S RECHERCH\u00c9ES\u00a0:<\/strong><\/p>\n<ul>\n<li>Grand sens de l\u2019organisation, autonomie professionnelle et capacit\u00e9 d\u2019identification de solutions<\/li>\n<li>Parfaite ma\u00eetrise du fran\u00e7ais oral et \u00e9crit<\/li>\n<li>Ma\u00eetrise de l\u2019anglais oral et \u00e9crit<\/li>\n<li>Connaissance des logiciels comptables (Quickbooks) et des CRM (Salesforce)<\/li>\n<li>Bonne maitrise de la suite Office et de l\u2019environnement Google<\/li>\n<li>Attitude positive et excellentes aptitudes relationnelles<\/li>\n<li>Grande diplomatie, discr\u00e9tion et \u00e9thique de la confidentialit\u00e9<\/li>\n<li>Tr\u00e8s bon esprit d\u2019\u00e9quipe<\/li>\n<li>Efficacit\u00e9, polyvalence et d\u00e9brouillardise<\/li>\n<\/ul>\n<p><strong>ATOUTS\u00a0:\u00a0\u00a0\u00a0\u00a0\u00a0\u00a0\u00a0\u00a0\u00a0\u00a0\u00a0\u00a0\u00a0\u00a0\u00a0\u00a0\u00a0\u00a0\u00a0\u00a0\u00a0\u00a0\u00a0\u00a0\u00a0\u00a0\u00a0\u00a0\u00a0\u00a0\u00a0\u00a0\u00a0\u00a0\u00a0\u00a0\u00a0\u00a0\u00a0\u00a0\u00a0\u00a0\u00a0\u00a0\u00a0\u00a0\u00a0\u00a0\u00a0\u00a0\u00a0\u00a0\u00a0\u00a0\u00a0\u00a0\u00a0\u00a0\u00a0\u00a0\u00a0\u00a0\u00a0\u00a0\u00a0\u00a0\u00a0\u00a0\u00a0\u00a0\u00a0\u00a0\u00a0\u00a0\u00a0\u00a0 <\/strong><\/p>\n<ul>\n<li>Connaissance du milieu de l\u2019architecture, du design et de la construction,<\/li>\n<li>Exp\u00e9rience dans un ou plusieurs secteurs d\u2019activit\u00e9s de l\u2019organisme (philanthropie, coop\u00e9ration internationale, humanitaire, causes autochtones, d\u00e9veloppement durable)<\/li>\n<li>Exp\u00e9rience en gestion de site web<\/li>\n<\/ul>\n<p><strong>CONDITIONS ET CONTEXTE DE TRAVAIL :<\/strong><\/p>\n<ul>\n<li>Entr\u00e9e en poste\u00a0: fin mai\/d\u00e9but juin<\/li>\n<li>Poste 30 h\/semaine<\/li>\n<li>Contrat pour remplacement de cong\u00e9 de maternit\u00e9, mais avec possibilit\u00e9 de prolongation sous forme de contrat permanent selon les d\u00e9veloppements attendus au sein de l\u2019organisme<\/li>\n<li>Travail \u00e0 partir des bureaux d\u2019ASFQ en temps normal (t\u00e9l\u00e9travail durant la pand\u00e9mie)<\/li>\n<li>Disponibilit\u00e9s occasionnelles en soir\u00e9e en cas d\u2019activit\u00e9s sp\u00e9ciales<\/li>\n<li>Organisation \u00e0 \u00e9chelle humaine et en pleine croissance dans un milieu stimulant<\/li>\n<li>4 semaines de cong\u00e9 par ann\u00e9e (2 semaines de vacances et 2 semaines de cong\u00e9s sp\u00e9ciaux)<\/li>\n<li>Fermeture des bureaux deux semaines durant le temps des F\u00eates<\/li>\n<\/ul>\n<p>Envoyez votre CV et votre lettre de motivation en format PDF \u00e0 <a href=\"mailto:dotation@asf-quebec.org\">dotation@asf-quebec.org<\/a> le 2 juin. Toutes les candidatures seront \u00e9valu\u00e9es et seules celles retenues seront contact\u00e9es pour entrevues.<\/p>\n","protected":false},"excerpt":{"rendered":"<p>Envie de vous investir dans une organisation humanitaire au service <a href=\"https:\/\/www.asf-quebec.org\/en\/offre-demploi-coordonnateur-trice-administration-et-mobilisation\/\"> [&#8230;]<\/a><\/p>\n","protected":false},"author":2,"featured_media":302531,"comment_status":"closed","ping_status":"closed","sticky":false,"template":"","format":"standard","meta":{"_acf_changed":false,"footnotes":""},"categories":[37],"tags":[],"class_list":["post-951220","post","type-post","status-publish","format-standard","has-post-thumbnail","hentry","category-news"],"acf":[],"yoast_head":"<!-- This site is optimized with the Yoast SEO plugin v26.8 - https:\/\/yoast.com\/product\/yoast-seo-wordpress\/ -->\n<title>OFFRE D&#039;EMPLOI : Coordonnateur\/trice - administration et mobilisation - Architecture Sans Fronti\u00e8res Qu\u00e9bec %<\/title>\n<meta name=\"description\" content=\"OFFRE D&#039;EMPLOI : Coordonnateur\/trice - administration et mobilisation\" \/>\n<meta name=\"robots\" content=\"index, follow, max-snippet:-1, max-image-preview:large, max-video-preview:-1\" \/>\n<link rel=\"canonical\" href=\"https:\/\/www.asf-quebec.org\/en\/offre-demploi-coordonnateur-trice-administration-et-mobilisation\/\" \/>\n<meta property=\"og:locale\" content=\"en_US\" \/>\n<meta property=\"og:type\" content=\"article\" \/>\n<meta property=\"og:title\" content=\"OFFRE D&#039;EMPLOI : Coordonnateur\/trice - administration et mobilisation - Architecture Sans Fronti\u00e8res Qu\u00e9bec %\" \/>\n<meta property=\"og:description\" content=\"OFFRE D&#039;EMPLOI : Coordonnateur\/trice - administration et mobilisation\" \/>\n<meta property=\"og:url\" content=\"https:\/\/www.asf-quebec.org\/en\/offre-demploi-coordonnateur-trice-administration-et-mobilisation\/\" \/>\n<meta property=\"og:site_name\" content=\"Architecture Sans Fronti\u00e8res Qu\u00e9bec\" \/>\n<meta property=\"article:publisher\" content=\"https:\/\/www.facebook.com\/architecturesansfrontieres\/\" \/>\n<meta property=\"article:published_time\" content=\"2021-05-11T21:48:33+00:00\" \/>\n<meta name=\"author\" content=\"asf-quebec\" \/>\n<meta name=\"twitter:card\" content=\"summary_large_image\" \/>\n<meta name=\"twitter:label1\" content=\"Written by\" \/>\n\t<meta name=\"twitter:data1\" content=\"asf-quebec\" \/>\n\t<meta name=\"twitter:label2\" content=\"Est. reading time\" \/>\n\t<meta name=\"twitter:data2\" content=\"5 minutes\" \/>\n<script type=\"application\/ld+json\" class=\"yoast-schema-graph\">{\"@context\":\"https:\/\/schema.org\",\"@graph\":[{\"@type\":\"Article\",\"@id\":\"https:\/\/www.asf-quebec.org\/en\/offre-demploi-coordonnateur-trice-administration-et-mobilisation\/#article\",\"isPartOf\":{\"@id\":\"https:\/\/www.asf-quebec.org\/en\/offre-demploi-coordonnateur-trice-administration-et-mobilisation\/\"},\"author\":{\"name\":\"asf-quebec\",\"@id\":\"https:\/\/www.asf-quebec.org\/en\/#\/schema\/person\/9655911da321e5e7c39708ae5de28d6a\"},\"headline\":\"OFFRE D&#8217;EMPLOI : Coordonnateur\/trice &#8211; administration et mobilisation\",\"datePublished\":\"2021-05-11T21:48:33+00:00\",\"mainEntityOfPage\":{\"@id\":\"https:\/\/www.asf-quebec.org\/en\/offre-demploi-coordonnateur-trice-administration-et-mobilisation\/\"},\"wordCount\":984,\"publisher\":{\"@id\":\"https:\/\/www.asf-quebec.org\/en\/#organization\"},\"image\":{\"@id\":\"https:\/\/www.asf-quebec.org\/en\/offre-demploi-coordonnateur-trice-administration-et-mobilisation\/#primaryimage\"},\"thumbnailUrl\":\"https:\/\/www.asf-quebec.org\/wp-content\/uploads\/2021\/05\/Capture-de\u0301cran-le-2021-05-11-a\u0300-22.17.34.jpg\",\"articleSection\":[\"News\"],\"inLanguage\":\"en-US\"},{\"@type\":\"WebPage\",\"@id\":\"https:\/\/www.asf-quebec.org\/en\/offre-demploi-coordonnateur-trice-administration-et-mobilisation\/\",\"url\":\"https:\/\/www.asf-quebec.org\/en\/offre-demploi-coordonnateur-trice-administration-et-mobilisation\/\",\"name\":\"OFFRE D'EMPLOI : Coordonnateur\/trice - administration et mobilisation - Architecture Sans Fronti\u00e8res Qu\u00e9bec %\",\"isPartOf\":{\"@id\":\"https:\/\/www.asf-quebec.org\/en\/#website\"},\"primaryImageOfPage\":{\"@id\":\"https:\/\/www.asf-quebec.org\/en\/offre-demploi-coordonnateur-trice-administration-et-mobilisation\/#primaryimage\"},\"image\":{\"@id\":\"https:\/\/www.asf-quebec.org\/en\/offre-demploi-coordonnateur-trice-administration-et-mobilisation\/#primaryimage\"},\"thumbnailUrl\":\"https:\/\/www.asf-quebec.org\/wp-content\/uploads\/2021\/05\/Capture-de\u0301cran-le-2021-05-11-a\u0300-22.17.34.jpg\",\"datePublished\":\"2021-05-11T21:48:33+00:00\",\"description\":\"OFFRE D'EMPLOI : Coordonnateur\/trice - administration et mobilisation\",\"breadcrumb\":{\"@id\":\"https:\/\/www.asf-quebec.org\/en\/offre-demploi-coordonnateur-trice-administration-et-mobilisation\/#breadcrumb\"},\"inLanguage\":\"en-US\",\"potentialAction\":[{\"@type\":\"ReadAction\",\"target\":[\"https:\/\/www.asf-quebec.org\/en\/offre-demploi-coordonnateur-trice-administration-et-mobilisation\/\"]}]},{\"@type\":\"ImageObject\",\"inLanguage\":\"en-US\",\"@id\":\"https:\/\/www.asf-quebec.org\/en\/offre-demploi-coordonnateur-trice-administration-et-mobilisation\/#primaryimage\",\"url\":\"https:\/\/www.asf-quebec.org\/wp-content\/uploads\/2021\/05\/Capture-de\u0301cran-le-2021-05-11-a\u0300-22.17.34.jpg\",\"contentUrl\":\"https:\/\/www.asf-quebec.org\/wp-content\/uploads\/2021\/05\/Capture-de\u0301cran-le-2021-05-11-a\u0300-22.17.34.jpg\",\"width\":1067,\"height\":630},{\"@type\":\"BreadcrumbList\",\"@id\":\"https:\/\/www.asf-quebec.org\/en\/offre-demploi-coordonnateur-trice-administration-et-mobilisation\/#breadcrumb\",\"itemListElement\":[{\"@type\":\"ListItem\",\"position\":1,\"name\":\"Accueil\",\"item\":\"https:\/\/www.asf-quebec.org\/en\/\"},{\"@type\":\"ListItem\",\"position\":2,\"name\":\"OFFRE D&rsquo;EMPLOI : Coordonnateur\/trice &#8211; administration et mobilisation\"}]},{\"@type\":\"WebSite\",\"@id\":\"https:\/\/www.asf-quebec.org\/en\/#website\",\"url\":\"https:\/\/www.asf-quebec.org\/en\/\",\"name\":\"Architecture sans fronti\u00e8res Qu\u00e9bec\",\"description\":\"ASFQ\",\"publisher\":{\"@id\":\"https:\/\/www.asf-quebec.org\/en\/#organization\"},\"potentialAction\":[{\"@type\":\"SearchAction\",\"target\":{\"@type\":\"EntryPoint\",\"urlTemplate\":\"https:\/\/www.asf-quebec.org\/en\/?s={search_term_string}\"},\"query-input\":{\"@type\":\"PropertyValueSpecification\",\"valueRequired\":true,\"valueName\":\"search_term_string\"}}],\"inLanguage\":\"en-US\"},{\"@type\":\"Organization\",\"@id\":\"https:\/\/www.asf-quebec.org\/en\/#organization\",\"name\":\"Architecture sans fronti\u00e8res Qu\u00e9bec (ASFQ)\",\"url\":\"https:\/\/www.asf-quebec.org\/en\/\",\"logo\":{\"@type\":\"ImageObject\",\"inLanguage\":\"en-US\",\"@id\":\"https:\/\/www.asf-quebec.org\/en\/#\/schema\/logo\/image\/\",\"url\":\"https:\/\/www.asf-quebec.org\/wp-content\/uploads\/2019\/07\/Logo-asfq-retina.jpg\",\"contentUrl\":\"https:\/\/www.asf-quebec.org\/wp-content\/uploads\/2019\/07\/Logo-asfq-retina.jpg\",\"width\":564,\"height\":219,\"caption\":\"Architecture sans fronti\u00e8res Qu\u00e9bec (ASFQ)\"},\"image\":{\"@id\":\"https:\/\/www.asf-quebec.org\/en\/#\/schema\/logo\/image\/\"},\"sameAs\":[\"https:\/\/www.facebook.com\/architecturesansfrontieres\/\",\"https:\/\/www.instagram.com\/asfquebec\/\",\"https:\/\/www.linkedin.com\/company\/asf-quebec\/\"]},{\"@type\":\"Person\",\"@id\":\"https:\/\/www.asf-quebec.org\/en\/#\/schema\/person\/9655911da321e5e7c39708ae5de28d6a\",\"name\":\"asf-quebec\",\"image\":{\"@type\":\"ImageObject\",\"inLanguage\":\"en-US\",\"@id\":\"https:\/\/www.asf-quebec.org\/en\/#\/schema\/person\/image\/\",\"url\":\"https:\/\/secure.gravatar.com\/avatar\/e855b116ca919b157a426c59781443a8d88f6c286252b6e0fed2bef83833541c?s=96&d=mm&r=g\",\"contentUrl\":\"https:\/\/secure.gravatar.com\/avatar\/e855b116ca919b157a426c59781443a8d88f6c286252b6e0fed2bef83833541c?s=96&d=mm&r=g\",\"caption\":\"asf-quebec\"}}]}<\/script>\n<!-- \/ Yoast SEO plugin. -->","yoast_head_json":{"title":"OFFRE D'EMPLOI : Coordonnateur\/trice - administration et mobilisation - Architecture Sans Fronti\u00e8res Qu\u00e9bec %","description":"OFFRE D'EMPLOI : Coordonnateur\/trice - administration et mobilisation","robots":{"index":"index","follow":"follow","max-snippet":"max-snippet:-1","max-image-preview":"max-image-preview:large","max-video-preview":"max-video-preview:-1"},"canonical":"https:\/\/www.asf-quebec.org\/en\/offre-demploi-coordonnateur-trice-administration-et-mobilisation\/","og_locale":"en_US","og_type":"article","og_title":"OFFRE D'EMPLOI : Coordonnateur\/trice - administration et mobilisation - Architecture Sans Fronti\u00e8res Qu\u00e9bec %","og_description":"OFFRE D'EMPLOI : Coordonnateur\/trice - administration et mobilisation","og_url":"https:\/\/www.asf-quebec.org\/en\/offre-demploi-coordonnateur-trice-administration-et-mobilisation\/","og_site_name":"Architecture Sans Fronti\u00e8res Qu\u00e9bec","article_publisher":"https:\/\/www.facebook.com\/architecturesansfrontieres\/","article_published_time":"2021-05-11T21:48:33+00:00","author":"asf-quebec","twitter_card":"summary_large_image","twitter_misc":{"Written by":"asf-quebec","Est. reading time":"5 minutes"},"schema":{"@context":"https:\/\/schema.org","@graph":[{"@type":"Article","@id":"https:\/\/www.asf-quebec.org\/en\/offre-demploi-coordonnateur-trice-administration-et-mobilisation\/#article","isPartOf":{"@id":"https:\/\/www.asf-quebec.org\/en\/offre-demploi-coordonnateur-trice-administration-et-mobilisation\/"},"author":{"name":"asf-quebec","@id":"https:\/\/www.asf-quebec.org\/en\/#\/schema\/person\/9655911da321e5e7c39708ae5de28d6a"},"headline":"OFFRE D&#8217;EMPLOI : Coordonnateur\/trice &#8211; administration et mobilisation","datePublished":"2021-05-11T21:48:33+00:00","mainEntityOfPage":{"@id":"https:\/\/www.asf-quebec.org\/en\/offre-demploi-coordonnateur-trice-administration-et-mobilisation\/"},"wordCount":984,"publisher":{"@id":"https:\/\/www.asf-quebec.org\/en\/#organization"},"image":{"@id":"https:\/\/www.asf-quebec.org\/en\/offre-demploi-coordonnateur-trice-administration-et-mobilisation\/#primaryimage"},"thumbnailUrl":"https:\/\/www.asf-quebec.org\/wp-content\/uploads\/2021\/05\/Capture-de\u0301cran-le-2021-05-11-a\u0300-22.17.34.jpg","articleSection":["News"],"inLanguage":"en-US"},{"@type":"WebPage","@id":"https:\/\/www.asf-quebec.org\/en\/offre-demploi-coordonnateur-trice-administration-et-mobilisation\/","url":"https:\/\/www.asf-quebec.org\/en\/offre-demploi-coordonnateur-trice-administration-et-mobilisation\/","name":"OFFRE D'EMPLOI : Coordonnateur\/trice - administration et mobilisation - Architecture Sans Fronti\u00e8res Qu\u00e9bec %","isPartOf":{"@id":"https:\/\/www.asf-quebec.org\/en\/#website"},"primaryImageOfPage":{"@id":"https:\/\/www.asf-quebec.org\/en\/offre-demploi-coordonnateur-trice-administration-et-mobilisation\/#primaryimage"},"image":{"@id":"https:\/\/www.asf-quebec.org\/en\/offre-demploi-coordonnateur-trice-administration-et-mobilisation\/#primaryimage"},"thumbnailUrl":"https:\/\/www.asf-quebec.org\/wp-content\/uploads\/2021\/05\/Capture-de\u0301cran-le-2021-05-11-a\u0300-22.17.34.jpg","datePublished":"2021-05-11T21:48:33+00:00","description":"OFFRE D'EMPLOI : Coordonnateur\/trice - administration et mobilisation","breadcrumb":{"@id":"https:\/\/www.asf-quebec.org\/en\/offre-demploi-coordonnateur-trice-administration-et-mobilisation\/#breadcrumb"},"inLanguage":"en-US","potentialAction":[{"@type":"ReadAction","target":["https:\/\/www.asf-quebec.org\/en\/offre-demploi-coordonnateur-trice-administration-et-mobilisation\/"]}]},{"@type":"ImageObject","inLanguage":"en-US","@id":"https:\/\/www.asf-quebec.org\/en\/offre-demploi-coordonnateur-trice-administration-et-mobilisation\/#primaryimage","url":"https:\/\/www.asf-quebec.org\/wp-content\/uploads\/2021\/05\/Capture-de\u0301cran-le-2021-05-11-a\u0300-22.17.34.jpg","contentUrl":"https:\/\/www.asf-quebec.org\/wp-content\/uploads\/2021\/05\/Capture-de\u0301cran-le-2021-05-11-a\u0300-22.17.34.jpg","width":1067,"height":630},{"@type":"BreadcrumbList","@id":"https:\/\/www.asf-quebec.org\/en\/offre-demploi-coordonnateur-trice-administration-et-mobilisation\/#breadcrumb","itemListElement":[{"@type":"ListItem","position":1,"name":"Accueil","item":"https:\/\/www.asf-quebec.org\/en\/"},{"@type":"ListItem","position":2,"name":"OFFRE D&rsquo;EMPLOI : Coordonnateur\/trice &#8211; administration et mobilisation"}]},{"@type":"WebSite","@id":"https:\/\/www.asf-quebec.org\/en\/#website","url":"https:\/\/www.asf-quebec.org\/en\/","name":"Architecture sans fronti\u00e8res Qu\u00e9bec","description":"ASFQ","publisher":{"@id":"https:\/\/www.asf-quebec.org\/en\/#organization"},"potentialAction":[{"@type":"SearchAction","target":{"@type":"EntryPoint","urlTemplate":"https:\/\/www.asf-quebec.org\/en\/?s={search_term_string}"},"query-input":{"@type":"PropertyValueSpecification","valueRequired":true,"valueName":"search_term_string"}}],"inLanguage":"en-US"},{"@type":"Organization","@id":"https:\/\/www.asf-quebec.org\/en\/#organization","name":"Architecture sans fronti\u00e8res Qu\u00e9bec (ASFQ)","url":"https:\/\/www.asf-quebec.org\/en\/","logo":{"@type":"ImageObject","inLanguage":"en-US","@id":"https:\/\/www.asf-quebec.org\/en\/#\/schema\/logo\/image\/","url":"https:\/\/www.asf-quebec.org\/wp-content\/uploads\/2019\/07\/Logo-asfq-retina.jpg","contentUrl":"https:\/\/www.asf-quebec.org\/wp-content\/uploads\/2019\/07\/Logo-asfq-retina.jpg","width":564,"height":219,"caption":"Architecture sans fronti\u00e8res Qu\u00e9bec (ASFQ)"},"image":{"@id":"https:\/\/www.asf-quebec.org\/en\/#\/schema\/logo\/image\/"},"sameAs":["https:\/\/www.facebook.com\/architecturesansfrontieres\/","https:\/\/www.instagram.com\/asfquebec\/","https:\/\/www.linkedin.com\/company\/asf-quebec\/"]},{"@type":"Person","@id":"https:\/\/www.asf-quebec.org\/en\/#\/schema\/person\/9655911da321e5e7c39708ae5de28d6a","name":"asf-quebec","image":{"@type":"ImageObject","inLanguage":"en-US","@id":"https:\/\/www.asf-quebec.org\/en\/#\/schema\/person\/image\/","url":"https:\/\/secure.gravatar.com\/avatar\/e855b116ca919b157a426c59781443a8d88f6c286252b6e0fed2bef83833541c?s=96&d=mm&r=g","contentUrl":"https:\/\/secure.gravatar.com\/avatar\/e855b116ca919b157a426c59781443a8d88f6c286252b6e0fed2bef83833541c?s=96&d=mm&r=g","caption":"asf-quebec"}}]}},"_links":{"self":[{"href":"https:\/\/www.asf-quebec.org\/en\/wp-json\/wp\/v2\/posts\/951220","targetHints":{"allow":["GET"]}}],"collection":[{"href":"https:\/\/www.asf-quebec.org\/en\/wp-json\/wp\/v2\/posts"}],"about":[{"href":"https:\/\/www.asf-quebec.org\/en\/wp-json\/wp\/v2\/types\/post"}],"author":[{"embeddable":true,"href":"https:\/\/www.asf-quebec.org\/en\/wp-json\/wp\/v2\/users\/2"}],"replies":[{"embeddable":true,"href":"https:\/\/www.asf-quebec.org\/en\/wp-json\/wp\/v2\/comments?post=951220"}],"version-history":[{"count":0,"href":"https:\/\/www.asf-quebec.org\/en\/wp-json\/wp\/v2\/posts\/951220\/revisions"}],"wp:featuredmedia":[{"embeddable":true,"href":"https:\/\/www.asf-quebec.org\/en\/wp-json\/wp\/v2\/media\/302531"}],"wp:attachment":[{"href":"https:\/\/www.asf-quebec.org\/en\/wp-json\/wp\/v2\/media?parent=951220"}],"wp:term":[{"taxonomy":"category","embeddable":true,"href":"https:\/\/www.asf-quebec.org\/en\/wp-json\/wp\/v2\/categories?post=951220"},{"taxonomy":"post_tag","embeddable":true,"href":"https:\/\/www.asf-quebec.org\/en\/wp-json\/wp\/v2\/tags?post=951220"}],"curies":[{"name":"wp","href":"https:\/\/api.w.org\/{rel}","templated":true}]}}