{"id":951218,"date":"2021-08-04T00:01:42","date_gmt":"2021-08-04T00:01:42","guid":{"rendered":"https:\/\/www.asf-quebec.org\/un-an-apres-la-catastrophe-de-beyrouth-architecture-sans-frontieres-liban-est-ne\/"},"modified":"2021-08-04T00:01:42","modified_gmt":"2021-08-04T00:01:42","slug":"un-an-apres-la-catastrophe-de-beyrouth-architecture-sans-frontieres-liban-est-ne","status":"publish","type":"post","link":"https:\/\/www.asf-quebec.org\/en\/un-an-apres-la-catastrophe-de-beyrouth-architecture-sans-frontieres-liban-est-ne\/","title":{"rendered":"Un an apr\u00e8s la catastrophe de Beyrouth :\u00a0 Architecture sans fronti\u00e8res Liban est n\u00e9 !"},"content":{"rendered":"<h5><i><span style=\"font-weight: 400;\">Le 4 ao\u00fbt 2020 avait lieu la catastrophe de Beyrouth, au c\u0153ur d\u2019un Liban d\u00e9j\u00e0 fragilis\u00e9 par une grave crise \u00e9conomique, sociale et politique. Un an plus tard, malgr\u00e9 l\u2019aggravation de la situation, une nouvelle organisation locale cherche \u00e0 apporter sa contribution dans la reconstruction du pays : Architecture sans fronti\u00e8res Liban.\u00a0<\/span><\/i><\/h5>\n<p>&nbsp;<\/p>\n<h5><b>Le vent du changement<\/b><\/h5>\n<p><span style=\"font-weight: 400;\">Au lendemain de l\u2019explosion, ASFQ avait diffus\u00e9 <\/span><a href=\"https:\/\/www.asf-quebec.org\/liban-architecture-sans-frontieres-quebec-se-prepare-a-intervenir\/\"><span style=\"font-weight: 400;\">un communiqu\u00e9<\/span><\/a><span style=\"font-weight: 400;\"> pour t\u00e9moigner sa solidarit\u00e9 envers le peuple libanais et souligner le r\u00f4le de l\u2019architecture pour reconstruire la capitale. Aujourd\u2019hui, l&#8217;anniversaire du sombre \u00e9v\u00e9nement est un souvenir douloureux pour les habitants du Pays du C\u00e8dre, dont l\u2019\u00e9conomie est en chute libre douze mois plus tard avec en sus pand\u00e9mie et confinement. En ce 4 ao\u00fbt 2021, notre \u00e9quipe souhaitait donc saisir l\u2019occasion pour r\u00e9it\u00e9rer sa solidarit\u00e9 envers la population libanaise et annoncer une bonne nouvelle : la cr\u00e9ation d\u2019<\/span><a href=\"https:\/\/asf-liban.org\/home\"><span style=\"font-weight: 400;\">Architecture sans fronti\u00e8res Liban<\/span><\/a><span style=\"font-weight: 400;\"> (ASFL).\u00a0<\/span><\/p>\n<p><span style=\"font-weight: 400;\">Bas\u00e9 \u00e0 Beyrouth, ASFL est un regroupement de professionnels de l\u2019am\u00e9nagement qui se sont unis pour travailler en partenariat avec la soci\u00e9t\u00e9 civile libanaise. Le nouvel organisme s\u2019est donn\u00e9 comme mission d\u2019apporter, gr\u00e2ce \u00e0 des interventions architecturales, des solutions pratiques pour am\u00e9liorer l&#8217;environnement b\u00e2ti des communaut\u00e9s vuln\u00e9rables. L\u2019\u00e9quipe d\u2019ASFL fonctionne en ce moment exclusivement gr\u00e2ce \u00e0 l\u2019apport d\u2019une dizaine de b\u00e9n\u00e9voles.\u00a0<\/span><\/p>\n<p><span style=\"font-weight: 400;\">Pour ses quatre fondateurs, ASFL trouve sa pertinence dans le mouvement de contestation populaire actuel et l&#8217;organisme pourrait devenir une instance locale reconnue du milieu de l\u2019architecture :<\/span><\/p>\n<p><i><span style=\"font-weight: 400;\">\u00ab La cr\u00e9ation d\u2019ASFL est un des signes des temps nouveaux dans lesquels s\u2019est engag\u00e9 le Liban depuis le soul\u00e8vement populaire du 17 octobre 2019 et a \u00e9t\u00e9 d\u00e9termin\u00e9e par l\u2019explosion du port de Beyrouth du 4 ao\u00fbt 2020. \u00c0 l\u2019instar d\u2019ASFQ, ASFL ambitionne de devenir le bras humanitaire de l\u2019Ordre des architectes et des ing\u00e9nieurs de Beyrouth, surtout que le vent du changement a balay\u00e9 aussi les mentalit\u00e9s scl\u00e9ros\u00e9es qui ont pr\u00e9valu jusqu\u2019alors dans la direction du plus grand et plus puissant ordre professionnel au Liban. \u00bb\u00a0<\/span><\/i><\/p>\n<p><span style=\"font-weight: 400;\">&#8211; Ziad Moutran, Bachar El-Amine, Elias Mattar et Neda Ilyia Stevenson, co-fondateurs d\u2019ASFL<\/span><\/p>\n<p><span style=\"font-weight: 400;\">D&#8217;ailleurs, ASFL n\u2019est pas sans lien avec ASFQ. Sa cr\u00e9ation s\u2019est faite \u00e0 l\u2019initiative de Ziad Moutran, architecte libano-canadien et ancien collaborateur d\u2019ASFQ du temps o\u00f9 celui-ci \u00e9tait bas\u00e9 \u00e0 Montr\u00e9al. Suite \u00e0 la catastrophe, cet architecte a mobilis\u00e9 d\u2019autres professionnels et a sollicit\u00e9 l\u2019aide d\u2019ASFQ pour mettre sur pied une organisation comparable au Liban. D\u00e8s l\u2019automne 2020, notre \u00e9quipe s\u2019est rendue disponible \u00e0 plusieurs reprises pour conseiller ses fondateurs quant au d\u00e9marrage, au fonctionnement et au d\u00e9veloppement d\u2019une telle entit\u00e9 s\u0153ur.\u00a0<\/span><\/p>\n<p>&nbsp;<\/p>\n<h5>De premiers projets sur le terrain<\/h5>\n<p><span style=\"font-weight: 400;\">\u00c0 l\u2019heure actuelle, bien que l\u2019incorporation d\u2019ASFL ne peut \u00eatre compl\u00e9t\u00e9e vue la paralysie de la bureaucratie libanaise, le nouvel organisme est d\u00e9j\u00e0 en activit\u00e9. <\/span><span style=\"font-weight: 400;\">Son objectif est d\u2019offrir des services pour une diversit\u00e9 de projets d\u2019am\u00e9nagements communautaires au Liban et dans la r\u00e9gion. Aux yeux de ses fondateurs, les actions d\u2019ASFL sur le cadre b\u00e2ti s\u2019imposent comme un rem\u00e8de aux souffrances de la population locale :<\/span><b>\u00a0<\/b><\/p>\n<p><i><span style=\"font-weight: 400;\">\u00ab Sans l\u2019ombre d\u2019un doute, les maladies socio-psychologiques dont souffrent de plus en plus le peuple libanais reviennent en partie \u00e0 notre environnement b\u00e2ti et architectural. Le chaos urbain participe de l\u2019amplification du stress et de la frustration g\u00e9n\u00e9ralis\u00e9s dans un pays victime des exactions d\u2019une classe politique corrompue et criminelle. \u00bb\u00a0<\/span><\/i><\/p>\n<p><span style=\"font-weight: 400;\">Les jeunes sont certainement les plus fragiles \u00e0 l\u2019heure actuelle. Dans cet esprit, ASFL collabore avec <\/span><a href=\"https:\/\/www.lebanontraveler.com\/en\/magazine\/lets-play\/\"><span style=\"font-weight: 400;\">Let&#8217;s Play<\/span><\/a><span style=\"font-weight: 400;\">, un projet lui aussi port\u00e9 par des architectes et qui vise la reconstruction des terrains de jeux d\u2019\u00e9coles touch\u00e9es par l&#8217;explosion. Celle-ci a affect\u00e9 plus de 140 \u00e9coles et autant d\u2019aires de jeux. La majorit\u00e9 des \u00e9l\u00e8ves reprennent l&#8217;\u00e9cole apr\u00e8s des mois d&#8217;\u00e9tudes en ligne en raison des restrictions li\u00e9es \u00e0 la COVID, mais nombre d\u2019\u00e9coles sont toujours endommag\u00e9es.<\/span><\/p>\n<p><span style=\"font-weight: 400;\">Dans ce contexte ASFL cherche \u00e0 maximiser l\u2019apport du design dans le projet, pour aider ces enfants \u00e0 faire face \u00e0 leurs exp\u00e9riences traumatisantes. La pratique d\u00e9montre en fait que des espaces bien con\u00e7us peuvent avoir des effets th\u00e9rapeutiques. Les r\u00e9cr\u00e9ations peuvent devenir des espaces de gu\u00e9rison par le jeu, le plaisir, les couleurs, le toucher, les ambiances visuelles, les parfums, etc. Voil\u00e0 une fa\u00e7on pour ces enfants de retrouver l&#8217;espoir, la confiance, une identit\u00e9 et un sentiment d&#8217;appartenance.<\/span><\/p>\n<p><span style=\"font-weight: 400;\">ASFL envisage aussi d\u2019autres projets de r\u00e9am\u00e9nagements d\u2019espaces publics et des collaborations locales pour la reconstruction de Beyrouth et le bien-\u00eatre de la population libanaise. Si le travail dans le contexte de crise actuelle devient chaque jour plus difficile, son \u00e9quipe garde le cap avec une r\u00e9silience admirable :<\/span><\/p>\n<p><i><span style=\"font-weight: 400;\">\u00ab <\/span><\/i><i><span style=\"font-weight: 400;\">Le Liban passe par des moments tr\u00e8s difficiles \u00e0 tous les niveaux et dans tous les domaines : politique, \u00e9conomique, mon\u00e9taire, social et j\u2019en passe. Nous \u00e9voluons dans cet environnement malsain et mal\u00e9fique, sans horizon et sans beaucoup d\u2019espoir de sortir de ce gouffre. Quand bien m\u00eame, nous maintenons la ferme volont\u00e9 de pers\u00e9v\u00e9rer co\u00fbte que co\u00fbte, contre vents et mar\u00e9es, et de contribuer un tant soit peu \u00e0 l&#8217;am\u00e9lioration de notre cadre de vie urbain et architectural.<\/span><\/i> <i><span style=\"font-weight: 400;\">\u00bb\u00a0<\/span><\/i><\/p>\n<p><span style=\"font-weight: 400;\">L\u2019\u00e9quipe d\u2019ASFL continue ainsi \u00e0 tenir des r\u00e9unions de travail r\u00e9guli\u00e8res afin de progresser malgr\u00e9 la situation. ASFQ continuera d\u2019ailleurs \u00e0 l\u2019appuyer par tous les moyens possibles et tient \u00e0 saluer l\u2019extraordinaire d\u00e9termination de ses membres. <\/span><span style=\"font-weight: 400;\">Si vous souhaitez soutenir ASFL et ses projets, <\/span><a href=\"https:\/\/www.canadahelps.org\/fr\/dn\/51143\"><span style=\"font-weight: 400;\">faites un don d\u00e9ductible d\u2019imp\u00f4ts \u00e0 ASFQ<\/span><\/a><span style=\"font-weight: 400;\">. Tous vos dons iront aux actions d\u2019ASFL sur le terrain. Tous les fonds d\u00e9j\u00e0 r\u00e9colt\u00e9s en 2020 par ASFQ pour le Liban seront \u00e9galement vers\u00e9s \u00e0 cette fin.<\/span><\/p>\n<p><span style=\"font-weight: 400;\">Pour en savoir plus sur ASFL, suivre le d\u00e9veloppement de l\u2019organisme ou t\u00e9moigner votre support \u00e0 leur \u00e9quipe, consultez leur site web et inscrivez-vous \u00e0 leur infolettre : <\/span><a href=\"https:\/\/asf-liban.org\/\"><span style=\"font-weight: 400;\">https:\/\/asf-liban.org\/<\/span><\/a><span style=\"font-weight: 400;\">\u00a0<\/span><\/p>\n","protected":false},"excerpt":{"rendered":"<p>Le 4 ao\u00fbt 2020 avait lieu la catastrophe de Beyrouth, <a href=\"https:\/\/www.asf-quebec.org\/en\/un-an-apres-la-catastrophe-de-beyrouth-architecture-sans-frontieres-liban-est-ne\/\"> [&#8230;]<\/a><\/p>\n","protected":false},"author":2,"featured_media":435593,"comment_status":"closed","ping_status":"closed","sticky":false,"template":"","format":"standard","meta":{"_acf_changed":false,"footnotes":""},"categories":[37],"tags":[49],"class_list":["post-951218","post","type-post","status-publish","format-standard","has-post-thumbnail","hentry","category-news","tag-ci-en"],"acf":[],"yoast_head":"<!-- This site is optimized with the Yoast SEO plugin v26.8 - https:\/\/yoast.com\/product\/yoast-seo-wordpress\/ -->\n<title>Un an apr\u00e8s la catastrophe de Beyrouth :\u00a0 Architecture sans fronti\u00e8res Liban est n\u00e9 ! - Architecture Sans Fronti\u00e8res Qu\u00e9bec %<\/title>\n<meta name=\"description\" content=\"Un an apr\u00e8s la catastrophe de Beyrouth :\u00a0 Architecture sans fronti\u00e8res Liban est n\u00e9 !\" \/>\n<meta name=\"robots\" content=\"index, follow, max-snippet:-1, max-image-preview:large, max-video-preview:-1\" \/>\n<link rel=\"canonical\" href=\"https:\/\/www.asf-quebec.org\/en\/un-an-apres-la-catastrophe-de-beyrouth-architecture-sans-frontieres-liban-est-ne\/\" \/>\n<meta property=\"og:locale\" content=\"en_US\" \/>\n<meta property=\"og:type\" content=\"article\" \/>\n<meta property=\"og:title\" content=\"Un an apr\u00e8s la catastrophe de Beyrouth :\u00a0 Architecture sans fronti\u00e8res Liban est n\u00e9 ! - Architecture Sans Fronti\u00e8res Qu\u00e9bec %\" \/>\n<meta property=\"og:description\" content=\"Un an apr\u00e8s la catastrophe de Beyrouth :\u00a0 Architecture sans fronti\u00e8res Liban est n\u00e9 !\" \/>\n<meta property=\"og:url\" content=\"https:\/\/www.asf-quebec.org\/en\/un-an-apres-la-catastrophe-de-beyrouth-architecture-sans-frontieres-liban-est-ne\/\" \/>\n<meta property=\"og:site_name\" content=\"Architecture Sans Fronti\u00e8res Qu\u00e9bec\" \/>\n<meta property=\"article:publisher\" content=\"https:\/\/www.facebook.com\/architecturesansfrontieres\/\" \/>\n<meta property=\"article:published_time\" content=\"2021-08-04T00:01:42+00:00\" \/>\n<meta name=\"author\" content=\"asf-quebec\" \/>\n<meta name=\"twitter:card\" content=\"summary_large_image\" \/>\n<meta name=\"twitter:label1\" content=\"Written by\" \/>\n\t<meta name=\"twitter:data1\" content=\"asf-quebec\" \/>\n\t<meta name=\"twitter:label2\" content=\"Est. reading time\" \/>\n\t<meta name=\"twitter:data2\" content=\"5 minutes\" \/>\n<script type=\"application\/ld+json\" class=\"yoast-schema-graph\">{\"@context\":\"https:\/\/schema.org\",\"@graph\":[{\"@type\":\"Article\",\"@id\":\"https:\/\/www.asf-quebec.org\/en\/un-an-apres-la-catastrophe-de-beyrouth-architecture-sans-frontieres-liban-est-ne\/#article\",\"isPartOf\":{\"@id\":\"https:\/\/www.asf-quebec.org\/en\/un-an-apres-la-catastrophe-de-beyrouth-architecture-sans-frontieres-liban-est-ne\/\"},\"author\":{\"name\":\"asf-quebec\",\"@id\":\"https:\/\/www.asf-quebec.org\/en\/#\/schema\/person\/9655911da321e5e7c39708ae5de28d6a\"},\"headline\":\"Un an apr\u00e8s la catastrophe de Beyrouth :\u00a0 Architecture sans fronti\u00e8res Liban est n\u00e9 !\",\"datePublished\":\"2021-08-04T00:01:42+00:00\",\"mainEntityOfPage\":{\"@id\":\"https:\/\/www.asf-quebec.org\/en\/un-an-apres-la-catastrophe-de-beyrouth-architecture-sans-frontieres-liban-est-ne\/\"},\"wordCount\":1070,\"publisher\":{\"@id\":\"https:\/\/www.asf-quebec.org\/en\/#organization\"},\"image\":{\"@id\":\"https:\/\/www.asf-quebec.org\/en\/un-an-apres-la-catastrophe-de-beyrouth-architecture-sans-frontieres-liban-est-ne\/#primaryimage\"},\"thumbnailUrl\":\"https:\/\/www.asf-quebec.org\/wp-content\/uploads\/2021\/08\/ASF-Liban.jpg\",\"keywords\":[\"CI\"],\"articleSection\":[\"News\"],\"inLanguage\":\"en-US\"},{\"@type\":\"WebPage\",\"@id\":\"https:\/\/www.asf-quebec.org\/en\/un-an-apres-la-catastrophe-de-beyrouth-architecture-sans-frontieres-liban-est-ne\/\",\"url\":\"https:\/\/www.asf-quebec.org\/en\/un-an-apres-la-catastrophe-de-beyrouth-architecture-sans-frontieres-liban-est-ne\/\",\"name\":\"Un an apr\u00e8s la catastrophe de Beyrouth :\u00a0 Architecture sans fronti\u00e8res Liban est n\u00e9 ! - Architecture Sans Fronti\u00e8res Qu\u00e9bec %\",\"isPartOf\":{\"@id\":\"https:\/\/www.asf-quebec.org\/en\/#website\"},\"primaryImageOfPage\":{\"@id\":\"https:\/\/www.asf-quebec.org\/en\/un-an-apres-la-catastrophe-de-beyrouth-architecture-sans-frontieres-liban-est-ne\/#primaryimage\"},\"image\":{\"@id\":\"https:\/\/www.asf-quebec.org\/en\/un-an-apres-la-catastrophe-de-beyrouth-architecture-sans-frontieres-liban-est-ne\/#primaryimage\"},\"thumbnailUrl\":\"https:\/\/www.asf-quebec.org\/wp-content\/uploads\/2021\/08\/ASF-Liban.jpg\",\"datePublished\":\"2021-08-04T00:01:42+00:00\",\"description\":\"Un an apr\u00e8s la catastrophe de Beyrouth :\u00a0 Architecture sans fronti\u00e8res Liban est n\u00e9 !\",\"breadcrumb\":{\"@id\":\"https:\/\/www.asf-quebec.org\/en\/un-an-apres-la-catastrophe-de-beyrouth-architecture-sans-frontieres-liban-est-ne\/#breadcrumb\"},\"inLanguage\":\"en-US\",\"potentialAction\":[{\"@type\":\"ReadAction\",\"target\":[\"https:\/\/www.asf-quebec.org\/en\/un-an-apres-la-catastrophe-de-beyrouth-architecture-sans-frontieres-liban-est-ne\/\"]}]},{\"@type\":\"ImageObject\",\"inLanguage\":\"en-US\",\"@id\":\"https:\/\/www.asf-quebec.org\/en\/un-an-apres-la-catastrophe-de-beyrouth-architecture-sans-frontieres-liban-est-ne\/#primaryimage\",\"url\":\"https:\/\/www.asf-quebec.org\/wp-content\/uploads\/2021\/08\/ASF-Liban.jpg\",\"contentUrl\":\"https:\/\/www.asf-quebec.org\/wp-content\/uploads\/2021\/08\/ASF-Liban.jpg\",\"width\":1317,\"height\":741},{\"@type\":\"BreadcrumbList\",\"@id\":\"https:\/\/www.asf-quebec.org\/en\/un-an-apres-la-catastrophe-de-beyrouth-architecture-sans-frontieres-liban-est-ne\/#breadcrumb\",\"itemListElement\":[{\"@type\":\"ListItem\",\"position\":1,\"name\":\"Accueil\",\"item\":\"https:\/\/www.asf-quebec.org\/en\/\"},{\"@type\":\"ListItem\",\"position\":2,\"name\":\"Un an apr\u00e8s la catastrophe de Beyrouth :\u00a0 Architecture sans fronti\u00e8res Liban est n\u00e9 !\"}]},{\"@type\":\"WebSite\",\"@id\":\"https:\/\/www.asf-quebec.org\/en\/#website\",\"url\":\"https:\/\/www.asf-quebec.org\/en\/\",\"name\":\"Architecture sans fronti\u00e8res Qu\u00e9bec\",\"description\":\"ASFQ\",\"publisher\":{\"@id\":\"https:\/\/www.asf-quebec.org\/en\/#organization\"},\"potentialAction\":[{\"@type\":\"SearchAction\",\"target\":{\"@type\":\"EntryPoint\",\"urlTemplate\":\"https:\/\/www.asf-quebec.org\/en\/?s={search_term_string}\"},\"query-input\":{\"@type\":\"PropertyValueSpecification\",\"valueRequired\":true,\"valueName\":\"search_term_string\"}}],\"inLanguage\":\"en-US\"},{\"@type\":\"Organization\",\"@id\":\"https:\/\/www.asf-quebec.org\/en\/#organization\",\"name\":\"Architecture sans fronti\u00e8res Qu\u00e9bec (ASFQ)\",\"url\":\"https:\/\/www.asf-quebec.org\/en\/\",\"logo\":{\"@type\":\"ImageObject\",\"inLanguage\":\"en-US\",\"@id\":\"https:\/\/www.asf-quebec.org\/en\/#\/schema\/logo\/image\/\",\"url\":\"https:\/\/www.asf-quebec.org\/wp-content\/uploads\/2019\/07\/Logo-asfq-retina.jpg\",\"contentUrl\":\"https:\/\/www.asf-quebec.org\/wp-content\/uploads\/2019\/07\/Logo-asfq-retina.jpg\",\"width\":564,\"height\":219,\"caption\":\"Architecture sans fronti\u00e8res Qu\u00e9bec (ASFQ)\"},\"image\":{\"@id\":\"https:\/\/www.asf-quebec.org\/en\/#\/schema\/logo\/image\/\"},\"sameAs\":[\"https:\/\/www.facebook.com\/architecturesansfrontieres\/\",\"https:\/\/www.instagram.com\/asfquebec\/\",\"https:\/\/www.linkedin.com\/company\/asf-quebec\/\"]},{\"@type\":\"Person\",\"@id\":\"https:\/\/www.asf-quebec.org\/en\/#\/schema\/person\/9655911da321e5e7c39708ae5de28d6a\",\"name\":\"asf-quebec\",\"image\":{\"@type\":\"ImageObject\",\"inLanguage\":\"en-US\",\"@id\":\"https:\/\/www.asf-quebec.org\/en\/#\/schema\/person\/image\/\",\"url\":\"https:\/\/secure.gravatar.com\/avatar\/e855b116ca919b157a426c59781443a8d88f6c286252b6e0fed2bef83833541c?s=96&d=mm&r=g\",\"contentUrl\":\"https:\/\/secure.gravatar.com\/avatar\/e855b116ca919b157a426c59781443a8d88f6c286252b6e0fed2bef83833541c?s=96&d=mm&r=g\",\"caption\":\"asf-quebec\"}}]}<\/script>\n<!-- \/ Yoast SEO plugin. -->","yoast_head_json":{"title":"Un an apr\u00e8s la catastrophe de Beyrouth :\u00a0 Architecture sans fronti\u00e8res Liban est n\u00e9 ! - Architecture Sans Fronti\u00e8res Qu\u00e9bec %","description":"Un an apr\u00e8s la catastrophe de Beyrouth :\u00a0 Architecture sans fronti\u00e8res Liban est n\u00e9 !","robots":{"index":"index","follow":"follow","max-snippet":"max-snippet:-1","max-image-preview":"max-image-preview:large","max-video-preview":"max-video-preview:-1"},"canonical":"https:\/\/www.asf-quebec.org\/en\/un-an-apres-la-catastrophe-de-beyrouth-architecture-sans-frontieres-liban-est-ne\/","og_locale":"en_US","og_type":"article","og_title":"Un an apr\u00e8s la catastrophe de Beyrouth :\u00a0 Architecture sans fronti\u00e8res Liban est n\u00e9 ! - Architecture Sans Fronti\u00e8res Qu\u00e9bec %","og_description":"Un an apr\u00e8s la catastrophe de Beyrouth :\u00a0 Architecture sans fronti\u00e8res Liban est n\u00e9 !","og_url":"https:\/\/www.asf-quebec.org\/en\/un-an-apres-la-catastrophe-de-beyrouth-architecture-sans-frontieres-liban-est-ne\/","og_site_name":"Architecture Sans Fronti\u00e8res Qu\u00e9bec","article_publisher":"https:\/\/www.facebook.com\/architecturesansfrontieres\/","article_published_time":"2021-08-04T00:01:42+00:00","author":"asf-quebec","twitter_card":"summary_large_image","twitter_misc":{"Written by":"asf-quebec","Est. reading time":"5 minutes"},"schema":{"@context":"https:\/\/schema.org","@graph":[{"@type":"Article","@id":"https:\/\/www.asf-quebec.org\/en\/un-an-apres-la-catastrophe-de-beyrouth-architecture-sans-frontieres-liban-est-ne\/#article","isPartOf":{"@id":"https:\/\/www.asf-quebec.org\/en\/un-an-apres-la-catastrophe-de-beyrouth-architecture-sans-frontieres-liban-est-ne\/"},"author":{"name":"asf-quebec","@id":"https:\/\/www.asf-quebec.org\/en\/#\/schema\/person\/9655911da321e5e7c39708ae5de28d6a"},"headline":"Un an apr\u00e8s la catastrophe de Beyrouth :\u00a0 Architecture sans fronti\u00e8res Liban est n\u00e9 !","datePublished":"2021-08-04T00:01:42+00:00","mainEntityOfPage":{"@id":"https:\/\/www.asf-quebec.org\/en\/un-an-apres-la-catastrophe-de-beyrouth-architecture-sans-frontieres-liban-est-ne\/"},"wordCount":1070,"publisher":{"@id":"https:\/\/www.asf-quebec.org\/en\/#organization"},"image":{"@id":"https:\/\/www.asf-quebec.org\/en\/un-an-apres-la-catastrophe-de-beyrouth-architecture-sans-frontieres-liban-est-ne\/#primaryimage"},"thumbnailUrl":"https:\/\/www.asf-quebec.org\/wp-content\/uploads\/2021\/08\/ASF-Liban.jpg","keywords":["CI"],"articleSection":["News"],"inLanguage":"en-US"},{"@type":"WebPage","@id":"https:\/\/www.asf-quebec.org\/en\/un-an-apres-la-catastrophe-de-beyrouth-architecture-sans-frontieres-liban-est-ne\/","url":"https:\/\/www.asf-quebec.org\/en\/un-an-apres-la-catastrophe-de-beyrouth-architecture-sans-frontieres-liban-est-ne\/","name":"Un an apr\u00e8s la catastrophe de Beyrouth :\u00a0 Architecture sans fronti\u00e8res Liban est n\u00e9 ! - Architecture Sans Fronti\u00e8res Qu\u00e9bec %","isPartOf":{"@id":"https:\/\/www.asf-quebec.org\/en\/#website"},"primaryImageOfPage":{"@id":"https:\/\/www.asf-quebec.org\/en\/un-an-apres-la-catastrophe-de-beyrouth-architecture-sans-frontieres-liban-est-ne\/#primaryimage"},"image":{"@id":"https:\/\/www.asf-quebec.org\/en\/un-an-apres-la-catastrophe-de-beyrouth-architecture-sans-frontieres-liban-est-ne\/#primaryimage"},"thumbnailUrl":"https:\/\/www.asf-quebec.org\/wp-content\/uploads\/2021\/08\/ASF-Liban.jpg","datePublished":"2021-08-04T00:01:42+00:00","description":"Un an apr\u00e8s la catastrophe de Beyrouth :\u00a0 Architecture sans fronti\u00e8res Liban est n\u00e9 !","breadcrumb":{"@id":"https:\/\/www.asf-quebec.org\/en\/un-an-apres-la-catastrophe-de-beyrouth-architecture-sans-frontieres-liban-est-ne\/#breadcrumb"},"inLanguage":"en-US","potentialAction":[{"@type":"ReadAction","target":["https:\/\/www.asf-quebec.org\/en\/un-an-apres-la-catastrophe-de-beyrouth-architecture-sans-frontieres-liban-est-ne\/"]}]},{"@type":"ImageObject","inLanguage":"en-US","@id":"https:\/\/www.asf-quebec.org\/en\/un-an-apres-la-catastrophe-de-beyrouth-architecture-sans-frontieres-liban-est-ne\/#primaryimage","url":"https:\/\/www.asf-quebec.org\/wp-content\/uploads\/2021\/08\/ASF-Liban.jpg","contentUrl":"https:\/\/www.asf-quebec.org\/wp-content\/uploads\/2021\/08\/ASF-Liban.jpg","width":1317,"height":741},{"@type":"BreadcrumbList","@id":"https:\/\/www.asf-quebec.org\/en\/un-an-apres-la-catastrophe-de-beyrouth-architecture-sans-frontieres-liban-est-ne\/#breadcrumb","itemListElement":[{"@type":"ListItem","position":1,"name":"Accueil","item":"https:\/\/www.asf-quebec.org\/en\/"},{"@type":"ListItem","position":2,"name":"Un an apr\u00e8s la catastrophe de Beyrouth :\u00a0 Architecture sans fronti\u00e8res Liban est n\u00e9 !"}]},{"@type":"WebSite","@id":"https:\/\/www.asf-quebec.org\/en\/#website","url":"https:\/\/www.asf-quebec.org\/en\/","name":"Architecture sans fronti\u00e8res Qu\u00e9bec","description":"ASFQ","publisher":{"@id":"https:\/\/www.asf-quebec.org\/en\/#organization"},"potentialAction":[{"@type":"SearchAction","target":{"@type":"EntryPoint","urlTemplate":"https:\/\/www.asf-quebec.org\/en\/?s={search_term_string}"},"query-input":{"@type":"PropertyValueSpecification","valueRequired":true,"valueName":"search_term_string"}}],"inLanguage":"en-US"},{"@type":"Organization","@id":"https:\/\/www.asf-quebec.org\/en\/#organization","name":"Architecture sans fronti\u00e8res Qu\u00e9bec (ASFQ)","url":"https:\/\/www.asf-quebec.org\/en\/","logo":{"@type":"ImageObject","inLanguage":"en-US","@id":"https:\/\/www.asf-quebec.org\/en\/#\/schema\/logo\/image\/","url":"https:\/\/www.asf-quebec.org\/wp-content\/uploads\/2019\/07\/Logo-asfq-retina.jpg","contentUrl":"https:\/\/www.asf-quebec.org\/wp-content\/uploads\/2019\/07\/Logo-asfq-retina.jpg","width":564,"height":219,"caption":"Architecture sans fronti\u00e8res Qu\u00e9bec (ASFQ)"},"image":{"@id":"https:\/\/www.asf-quebec.org\/en\/#\/schema\/logo\/image\/"},"sameAs":["https:\/\/www.facebook.com\/architecturesansfrontieres\/","https:\/\/www.instagram.com\/asfquebec\/","https:\/\/www.linkedin.com\/company\/asf-quebec\/"]},{"@type":"Person","@id":"https:\/\/www.asf-quebec.org\/en\/#\/schema\/person\/9655911da321e5e7c39708ae5de28d6a","name":"asf-quebec","image":{"@type":"ImageObject","inLanguage":"en-US","@id":"https:\/\/www.asf-quebec.org\/en\/#\/schema\/person\/image\/","url":"https:\/\/secure.gravatar.com\/avatar\/e855b116ca919b157a426c59781443a8d88f6c286252b6e0fed2bef83833541c?s=96&d=mm&r=g","contentUrl":"https:\/\/secure.gravatar.com\/avatar\/e855b116ca919b157a426c59781443a8d88f6c286252b6e0fed2bef83833541c?s=96&d=mm&r=g","caption":"asf-quebec"}}]}},"_links":{"self":[{"href":"https:\/\/www.asf-quebec.org\/en\/wp-json\/wp\/v2\/posts\/951218","targetHints":{"allow":["GET"]}}],"collection":[{"href":"https:\/\/www.asf-quebec.org\/en\/wp-json\/wp\/v2\/posts"}],"about":[{"href":"https:\/\/www.asf-quebec.org\/en\/wp-json\/wp\/v2\/types\/post"}],"author":[{"embeddable":true,"href":"https:\/\/www.asf-quebec.org\/en\/wp-json\/wp\/v2\/users\/2"}],"replies":[{"embeddable":true,"href":"https:\/\/www.asf-quebec.org\/en\/wp-json\/wp\/v2\/comments?post=951218"}],"version-history":[{"count":0,"href":"https:\/\/www.asf-quebec.org\/en\/wp-json\/wp\/v2\/posts\/951218\/revisions"}],"wp:featuredmedia":[{"embeddable":true,"href":"https:\/\/www.asf-quebec.org\/en\/wp-json\/wp\/v2\/media\/435593"}],"wp:attachment":[{"href":"https:\/\/www.asf-quebec.org\/en\/wp-json\/wp\/v2\/media?parent=951218"}],"wp:term":[{"taxonomy":"category","embeddable":true,"href":"https:\/\/www.asf-quebec.org\/en\/wp-json\/wp\/v2\/categories?post=951218"},{"taxonomy":"post_tag","embeddable":true,"href":"https:\/\/www.asf-quebec.org\/en\/wp-json\/wp\/v2\/tags?post=951218"}],"curies":[{"name":"wp","href":"https:\/\/api.w.org\/{rel}","templated":true}]}}