{"id":951216,"date":"2021-08-16T13:08:15","date_gmt":"2021-08-16T13:08:15","guid":{"rendered":"https:\/\/www.asf-quebec.org\/offre-demploi-architecte-charge-e-de-projet-en-solidarite-urbaine\/"},"modified":"2021-08-16T13:08:15","modified_gmt":"2021-08-16T13:08:15","slug":"offre-demploi-architecte-charge-e-de-projet-en-solidarite-urbaine","status":"publish","type":"post","link":"https:\/\/www.asf-quebec.org\/en\/offre-demploi-architecte-charge-e-de-projet-en-solidarite-urbaine\/","title":{"rendered":"OFFRE D&#8217;EMPLOI : Architecte &#8211; Charg\u00e9.e de projet en solidarit\u00e9 urbaine"},"content":{"rendered":"<h3><strong><i>Architecture sans fronti\u00e8res Qu\u00e9bec est \u00e0 la recherche d\u2019un.e architecte interm\u00e9diaire pour se joindre \u00e0 une organisation \u00e0 \u00e9chelle humaine et engag\u00e9e envers l&#8217;impact social. Cette personne contribuera au d\u00e9veloppement, \u00e0 la coordination et la mise en \u0153uvre de projets d\u2019am\u00e9nagement en milieu urbain gr\u00e2ce \u00e0 ses talents, son leadership, son savoir-\u00eatre, sa polyvalence et sa sensibilit\u00e9 envers des interventions durables, inclusives, centr\u00e9es sur l\u2019humain. Cette personne saura mettre \u00e0 contribution ses connaissances autant techniques que manuelles en design\/r\u00e9novation, ses habilet\u00e9s relationnelles, sa capacit\u00e9 \u00e0 encadrer des b\u00e9n\u00e9voles et \u00e0 \u00e9laborer des solutions d\u2019am\u00e9nagement inventives avec un maximum d\u2019efficacit\u00e9 et un minimum de ressources.<\/i><\/strong><\/h3>\n<p>&nbsp;<\/p>\n<p><strong>POSTE \u00c0 TEMPS PLEIN<\/strong><\/p>\n<p>&nbsp;<\/p>\n<p><strong>L\u2019ORGANISATION\u00a0:<\/strong><\/p>\n<p><span style=\"font-weight: 400;\">Architecture sans fronti\u00e8res Qu\u00e9bec (ASFQ) est un organisme sp\u00e9cialis\u00e9 dans l\u2019architecture durable et l\u2019assistance aux communaut\u00e9s vuln\u00e9rables. Cr\u00e9\u00e9e en 2007 par l\u2019Ordre des architectes du Qu\u00e9bec, l\u2019organisation d\u00e9veloppe diff\u00e9rents programmes qui travaillent en synergie pour faire intervenir l\u2019organisation dans diff\u00e9rents domaines\u00a0: la coop\u00e9ration internationale, l\u2019habitat autochtone, la solidarit\u00e9 urbaine, la r\u00e9silience aux inondations, l\u2019\u00e9ducation, l\u2019engagement b\u00e9n\u00e9vole et l\u2019\u00e9conomie circulaire. L\u2019organisation est dirig\u00e9e par un conseil d\u2019administration et compte parmi ses membres les 4 150 architectes de la province, dont elle porte la responsabilit\u00e9 sociale. Membre du r\u00e9seau Architecture sans fronti\u00e8res international, ASFQ compte aussi sur d\u2019autres professionnels du b\u00e2timent, de l\u2019am\u00e9nagement, de l\u2019humanitaire et de nombreux partenaires dans la mise en \u0153uvre de ses programmes.\u00a0<\/span><\/p>\n<p><strong>LE PROJET :<\/strong><\/p>\n<p><span style=\"font-weight: 400;\">ASFQ propose un nouveau programme de Solidarit\u00e9 urbaine pour favoriser l\u2019acc\u00e8s des populations vuln\u00e9rables de Montr\u00e9al \u00e0 un environnement b\u00e2ti de qualit\u00e9 et \u00e0 des espaces inclusifs. La mise en \u0153uvre de ce programme a \u00e9t\u00e9 rendue possible gr\u00e2ce \u00e0 la contribution du Fonds d\u2019initiative et de rayonnement de la m\u00e9tropole (FIRM), administr\u00e9 par le Secr\u00e9tariat \u00e0 la r\u00e9gion m\u00e9tropolitaine. Il inclut 2 volets : (1) un <\/span><b><i>service d\u2019aide aux projets d\u2019am\u00e9nagement communautaires<\/i><\/b><span style=\"font-weight: 400;\"> et (2) une<\/span><b><i> recherche-action-diffusion <\/i><\/b><span style=\"font-weight: 400;\">sur la pratique du design en r\u00e9ponse \u00e0 la crise de l\u2019itin\u00e9rance.\u00a0<\/span><\/p>\n<p><span style=\"font-weight: 400;\">La personne embauch\u00e9e dans le cadre de cette offre sera responsable du <b><i>service d\u2019aide aux projets d\u2019am\u00e9nagement communautaires<\/i><\/b>. Ce volet appuiera des organismes aux moyens limit\u00e9s pour r\u00e9aliser des am\u00e9nagements \u00e0 fort impact social pour contrer des enjeux urbains actuels tels que l\u2019ins\u00e9curit\u00e9 alimentaire, la violence, la discrimination, l\u2019exclusion des Autochtones et, en priorit\u00e9, l\u2019itin\u00e9rance. S\u2019il vise les plus vuln\u00e9rables, le service sera ouvert aux projets contribuant au mieux-\u00eatre des citoyens en g\u00e9n\u00e9ral. Offert par nos professionnels internes et soutenu par la contribution de professionnels b\u00e9n\u00e9voles externes, ce service visera des projets de faible envergure (design d\u2019int\u00e9rieur, am\u00e9nagements ext\u00e9rieurs, conception de structures l\u00e9g\u00e8res, fabrication de mobilier urbain). <\/span><\/p>\n<p><strong>LE POSTE\u00a0:<\/strong><\/p>\n<p><span style=\"font-weight: 400;\">Sous l\u2019autorit\u00e9 de la direction g\u00e9n\u00e9rale et la supervision de la coordonnatrice de projets, ainsi qu\u2019avec l\u2019appui d\u2019un adjoint en solidarit\u00e9 urbaine, la personne titulaire du poste a pour mandat <em><strong>la gestion des projets d\u2019am\u00e9nagement en solidarit\u00e9 urbaine, de leur prospection \u00e0 leur r\u00e9alisation<\/strong><\/em>. Elle assure la r\u00e9alisation de projets de petite \u00e0 moyenne \u00e9chelle, int\u00e9rieur ou ext\u00e9rieur s&#8217;adressant principalement \u00e0 des organismes montr\u00e9alais n\u00e9cessitant un encadrement sp\u00e9cifique \u00e0 toutes les phases du projet, soit de l\u2019analyse des besoins jusqu\u2019\u00e0 la mise en \u0153uvre d\u2019une proposition spatiale. Elle collabore avec l\u2019\u00e9quipe de conception interne, un charg\u00e9.e de projet adjoint.e, les partenaires, d\u2019autres professionnels impliqu\u00e9s. Elle participe \u00e0 l\u2019encadrement de b\u00e9n\u00e9voles et offre son appui pour d\u2019autres dossiers li\u00e9s \u00e0 l\u2019am\u00e9nagement et au design. \u00c0 titre de professionnel.le, son expertise va aider \u00e0 structurer le programme de solidarit\u00e9 urbaine, les services professionnels offerts et la gestion des projets \u00e0 toutes les \u00e9tapes du projet. Elle offre \u00e9galement son appui aux autres op\u00e9rations de l\u2019organisme, incluant ses autres programmes et ses communications. Cette personne aura \u00e0 c\u0153ur la mission et les valeurs d\u2019ASFQ. Son leadership et son engagement personnel seront essentiels au rayonnement de l\u2019organisation.<\/span><\/p>\n<p><strong>RESPONSABILIT\u00c9S\u00a0:<\/strong><\/p>\n<p><b>D\u00e9veloppement et gestion des projets :<\/b><\/p>\n<ul>\n<li style=\"font-weight: 400;\" aria-level=\"1\"><span style=\"font-weight: 400;\">Veiller au d\u00e9veloppement des projets d\u2019am\u00e9nagement en solidarit\u00e9 urbaine\u00a0:\u00a0<\/span>\n<ul>\n<li style=\"font-weight: 400;\" aria-level=\"2\"><span style=\"font-weight: 400;\">R\u00e9ception, analyse et s\u00e9lection de propositions de projets;<\/span><\/li>\n<li style=\"font-weight: 400;\" aria-level=\"2\"><span style=\"font-weight: 400;\">Consultations des b\u00e9n\u00e9ficiaires et communications avec ces derniers;<\/span><\/li>\n<li style=\"font-weight: 400;\" aria-level=\"2\"><span style=\"font-weight: 400;\">Relev\u00e9s sur site, \u00e9tudes pr\u00e9paratoires et recherches;\u00a0<\/span><\/li>\n<li style=\"font-weight: 400;\" aria-level=\"2\"><span style=\"font-weight: 400;\">G\u00e9rer et coordonner toutes les phases du projet d\u2019architecture (v\u00e9rifications des normes applicables, conception, estimations, planification de l\u2019\u00e9ch\u00e9ancier, mise en \u0153uvre, suivis de chantier; \u00e9laboration des contrats de services ou de construction, gestion des processus d\u2019appel d\u2019offres et gestion des fournisseurs de services et des entrepreneurs en construction; au besoin, acquisition et gestion des fournitures et des mat\u00e9riaux de construction n\u00e9cessaires \u00e0 la r\u00e9alisation des projets);<\/span><\/li>\n<li style=\"font-weight: 400;\" aria-level=\"2\"><span style=\"font-weight: 400;\">Collaborer avec l\u2019\u00e9quipe de recherche interne pour des projets sp\u00e9ciaux li\u00e9s aux personnes en situation d\u2019itin\u00e9rance.<\/span><\/li>\n<\/ul>\n<\/li>\n<li style=\"font-weight: 400;\" aria-level=\"1\"><span style=\"font-weight: 400;\">Coordonner les relations entre les diff\u00e9rents partenaires impliqu\u00e9s dans chaque projet;<\/span><\/li>\n<li style=\"font-weight: 400;\" aria-level=\"1\"><span style=\"font-weight: 400;\">\u00c9laborer et g\u00e9rer les budgets des projets, en collaboration avec l\u2019\u00e9quipe ASFQ;<\/span><\/li>\n<li style=\"font-weight: 400;\" aria-level=\"1\"><span style=\"font-weight: 400;\">Participer au recrutement, \u00e0 la supervision et \u00e0 la formation de b\u00e9n\u00e9voles professionnels;\u00a0<\/span><\/li>\n<li style=\"font-weight: 400;\" aria-level=\"1\"><span style=\"font-weight: 400;\">Rendre des comptes \u00e0 la direction g\u00e9n\u00e9rale sur les avancements des projets ou lors de r\u00e9unions d\u2019\u00e9quipe;<\/span><\/li>\n<li style=\"font-weight: 400;\" aria-level=\"1\"><span style=\"font-weight: 400;\">Assurer la cl\u00f4ture de chaque projet, dont le suivi\/\u00e9valuation et la r\u00e9daction des rapports finaux.<\/span><\/li>\n<\/ul>\n<p><b>Appui aux op\u00e9rations\u00a0:<\/b><\/p>\n<ul>\n<li style=\"font-weight: 400;\" aria-level=\"1\"><span style=\"font-weight: 400;\">Offrir un appui technique g\u00e9n\u00e9ral pour l\u2019\u00e9quipe d\u2019ASFQ pour toute question concernant l\u2019architecture (recherches techniques, coordination avec des experts pour la recherche de solutions, etc.);<\/span><\/li>\n<li style=\"font-weight: 400;\" aria-level=\"1\"><span style=\"font-weight: 400;\">Appuyer les communications dans les contenus \u00e0 diffuser en lien avec les projets;<\/span><\/li>\n<li style=\"font-weight: 400;\" aria-level=\"1\"><span style=\"font-weight: 400;\">Identifier des opportunit\u00e9s strat\u00e9giques et proposer des recommandations \u00e0 l\u2019\u00e9quipe pour am\u00e9liorer le fonctionnement et le d\u00e9veloppement de l\u2019organisation et de ses projets;<\/span><\/li>\n<li style=\"font-weight: 400;\" aria-level=\"1\"><span style=\"font-weight: 400;\">Repr\u00e9senter l\u2019organisation aupr\u00e8s de diff\u00e9rentes parties prenantes;<\/span><\/li>\n<li style=\"font-weight: 400;\" aria-level=\"1\"><span style=\"font-weight: 400;\">Effectuer toutes autres t\u00e2ches connexes.<\/span><\/li>\n<\/ul>\n<p><strong>QUALIFICATIONS ET EXP\u00c9RIENCES REQUISES :<\/strong><\/p>\n<ul>\n<li style=\"font-weight: 400;\" aria-level=\"1\"><span style=\"font-weight: 400;\">Architecte MOAQ interm\u00e9diaire;<\/span><\/li>\n<li style=\"font-weight: 400;\" aria-level=\"1\"><span style=\"font-weight: 400;\">Minimum de 4 ann\u00e9es d\u2019exp\u00e9riences pertinentes en architecture et gestion de projets;<\/span><\/li>\n<li style=\"font-weight: 400;\" aria-level=\"1\"><span style=\"font-weight: 400;\">Comp\u00e9tences en r\u00e9novation et construction;<\/span><\/li>\n<li style=\"font-weight: 400;\" aria-level=\"1\"><span style=\"font-weight: 400;\">Ma\u00eetrise des logiciels suivants : Sketchup pro, Suite Adobe, AutoCAD, Revit, Suite Office, Suite Google;<\/span><\/li>\n<li style=\"font-weight: 400;\" aria-level=\"1\"><span style=\"font-weight: 400;\">Bonne compr\u00e9hension technique de l\u2019assemblage des mat\u00e9riaux;<\/span><\/li>\n<li style=\"font-weight: 400;\" aria-level=\"1\"><span style=\"font-weight: 400;\">Leadership, entregent et excellentes aptitudes relationnelles;<\/span><\/li>\n<li style=\"font-weight: 400;\" aria-level=\"1\"><span style=\"font-weight: 400;\">Motivation et sensibilit\u00e9 profondes envers la diversit\u00e9 sociale et culturelle;<\/span><\/li>\n<li style=\"font-weight: 400;\" aria-level=\"1\"><span style=\"font-weight: 400;\">Savoir faire preuve de diplomatie, d\u2019empathie et d\u2019\u00e9coute;<\/span><\/li>\n<li style=\"font-weight: 400;\" aria-level=\"1\"><span style=\"font-weight: 400;\">Capacit\u00e9 \u00e0 travailler en petite \u00e9quipe coll\u00e9giale;<\/span><\/li>\n<li style=\"font-weight: 400;\" aria-level=\"1\"><span style=\"font-weight: 400;\">Capacit\u00e9 \u00e0 prioriser, planifier et prendre des d\u00e9cisions;<\/span><\/li>\n<li style=\"font-weight: 400;\" aria-level=\"1\"><span style=\"font-weight: 400;\">Aisance \u00e0 prendre la parole en public;<\/span><\/li>\n<li style=\"font-weight: 400;\" aria-level=\"1\"><span style=\"font-weight: 400;\">Grandes autonomie, polyvalence et capacit\u00e9 d\u2019adaptation;<\/span><\/li>\n<li style=\"font-weight: 400;\" aria-level=\"1\"><span style=\"font-weight: 400;\">Esprit centr\u00e9 sur les solutions;<\/span><\/li>\n<li style=\"font-weight: 400;\" aria-level=\"1\"><span style=\"font-weight: 400;\">Cr\u00e9ativit\u00e9, ing\u00e9niosit\u00e9 et aptitude \u00e0 cr\u00e9er de nouveaux espaces;<\/span><\/li>\n<li style=\"font-weight: 400;\" aria-level=\"1\"><span style=\"font-weight: 400;\">Bonne connaissance des mat\u00e9riaux disponibles sur le march\u00e9 ainsi que de leurs co\u00fbts;<\/span><\/li>\n<li style=\"font-weight: 400;\" aria-level=\"1\"><span style=\"font-weight: 400;\">Parfaite ma\u00eetrise du fran\u00e7ais parl\u00e9 et \u00e9crit;<\/span><\/li>\n<li style=\"font-weight: 400;\" aria-level=\"1\"><span style=\"font-weight: 400;\">Excellente ma\u00eetrise de l\u2019anglais parl\u00e9 et \u00e9crit.<\/span><\/li>\n<\/ul>\n<p><strong>ATOUTS\u00a0:\u00a0\u00a0\u00a0\u00a0\u00a0\u00a0\u00a0\u00a0\u00a0\u00a0\u00a0\u00a0\u00a0\u00a0\u00a0\u00a0\u00a0\u00a0\u00a0\u00a0\u00a0\u00a0\u00a0\u00a0\u00a0\u00a0\u00a0\u00a0\u00a0\u00a0\u00a0\u00a0\u00a0\u00a0\u00a0\u00a0\u00a0\u00a0\u00a0\u00a0\u00a0\u00a0\u00a0\u00a0\u00a0\u00a0\u00a0\u00a0\u00a0\u00a0\u00a0\u00a0\u00a0\u00a0\u00a0\u00a0\u00a0\u00a0\u00a0\u00a0\u00a0\u00a0\u00a0\u00a0\u00a0\u00a0\u00a0\u00a0\u00a0\u00a0\u00a0\u00a0\u00a0\u00a0\u00a0\u00a0 <\/strong><\/p>\n<ul>\n<li style=\"font-weight: 400;\" aria-level=\"1\"><span style=\"font-weight: 400;\">Connaissance du milieu communautaire, de la r\u00e9alit\u00e9 des organismes et de la probl\u00e9matique de l\u2019itin\u00e9rance;<\/span><\/li>\n<li style=\"font-weight: 400;\" aria-level=\"1\"><span style=\"font-weight: 400;\">Connaissance d\u2019autres domaines d\u2019intervention d\u2019ASFQ (habitat autochtone, r\u00e9silience aux inondations, d\u00e9veloppement durable, r\u00e9emploi de mat\u00e9riaux, etc.);<\/span><\/li>\n<li style=\"font-weight: 400;\" aria-level=\"1\"><span style=\"font-weight: 400;\">Formation dans un domaine technique (dessin technique, construction, charpenterie&#8230;);<\/span><\/li>\n<li style=\"font-weight: 400;\" aria-level=\"1\"><span style=\"font-weight: 400;\">Exp\u00e9rience dans la gestion de b\u00e9n\u00e9voles;<\/span><\/li>\n<li style=\"font-weight: 400;\" aria-level=\"1\"><span style=\"font-weight: 400;\">Comp\u00e9tences en recherche, facilitation, enseignement.<\/span><\/li>\n<\/ul>\n<p><strong>CONDITIONS ET CONTEXTE DE TRAVAIL :<\/strong><\/p>\n<ul>\n<li style=\"font-weight: 400;\" aria-level=\"1\"><span style=\"font-weight: 400;\">Poste permanent 35h\/semaine;<\/span><\/li>\n<li style=\"font-weight: 400;\" aria-level=\"1\"><span style=\"font-weight: 400;\">Dur\u00e9e du projet : 3 ans;<\/span><\/li>\n<li style=\"font-weight: 400;\" aria-level=\"1\"><span style=\"font-weight: 400;\">Entr\u00e9e en poste : d\u00e8s que possible;<\/span><\/li>\n<li style=\"font-weight: 400;\" aria-level=\"1\"><span style=\"font-weight: 400;\">Travail \u00e0 partir des bureaux d\u2019ASFQ;<\/span><\/li>\n<li style=\"font-weight: 400;\" aria-level=\"1\"><span style=\"font-weight: 400;\">Disponibilit\u00e9s ponctuelles en soir\u00e9e pour des comit\u00e9s ou des activit\u00e9s;<\/span><\/li>\n<li style=\"font-weight: 400;\" aria-level=\"1\"><span style=\"font-weight: 400;\">Croissance professionnelle et opportunit\u00e9s de formation continue chaque ann\u00e9e;<\/span><\/li>\n<li style=\"font-weight: 400;\" aria-level=\"1\"><span style=\"font-weight: 400;\">Assurances et cotisation OAQ couvertes par l\u2019organisme;<\/span><\/li>\n<li style=\"font-weight: 400;\" aria-level=\"1\"><span style=\"font-weight: 400;\">Projets stimulants dans une organisation \u00e0 \u00e9chelle humaine;<\/span><\/li>\n<li style=\"font-weight: 400;\" aria-level=\"1\"><span style=\"font-weight: 400;\">2 semaines de vacances estivales;<\/span><\/li>\n<li style=\"font-weight: 400;\" aria-level=\"1\"><span style=\"font-weight: 400;\">2 semaines de cong\u00e9s sp\u00e9ciaux;\u00a0<\/span><\/li>\n<li style=\"font-weight: 400;\" aria-level=\"1\"><span style=\"font-weight: 400;\">Fermeture du bureau 2 semaines durant le temps des F\u00eates.<\/span><\/li>\n<\/ul>\n<p><strong>POUR POSTULER :\u00a0<\/strong><\/p>\n<p><span style=\"font-weight: 400;\">La date limite a \u00e9t\u00e9 prolong\u00e9e jusqu&#8217;au jeudi <strong>26 ao\u00fbt<\/strong> 2021, \u00e0 10h. <\/span><span style=\"font-weight: 400;\">Envoyez votre <\/span><b>CV<\/b><span style=\"font-weight: 400;\">, votre <\/span><b>lettre de motivation<\/b><span style=\"font-weight: 400;\"> et votre<\/span><b> portefolio <\/b><span style=\"font-weight: 400;\">en format PDF \u00e0 <\/span><a href=\"mailto:dotation@asf-quebec.org\"><span style=\"font-weight: 400;\">dotation@asf-quebec.org.<\/span><\/a><span style=\"font-weight: 400;\">\u00a0<\/span><\/p>\n<p><span style=\"font-weight: 400;\">Toutes les candidatures seront \u00e9valu\u00e9es et seules les personnes retenues seront contact\u00e9es pour des entrevues. Les entrevues auront lieu la semaine du <strong>30 ao\u00fbt<\/strong> 2021.<\/span><\/p>\n","protected":false},"excerpt":{"rendered":"<p>Architecture sans fronti\u00e8res Qu\u00e9bec est \u00e0 la recherche d\u2019un.e architecte <a href=\"https:\/\/www.asf-quebec.org\/en\/offre-demploi-architecte-charge-e-de-projet-en-solidarite-urbaine\/\"> [&#8230;]<\/a><\/p>\n","protected":false},"author":2,"featured_media":390025,"comment_status":"closed","ping_status":"closed","sticky":false,"template":"","format":"standard","meta":{"_acf_changed":false,"footnotes":""},"categories":[37],"tags":[46],"class_list":["post-951216","post","type-post","status-publish","format-standard","has-post-thumbnail","hentry","category-news","tag-su-en"],"acf":[],"yoast_head":"<!-- This site is optimized with the Yoast SEO plugin v26.8 - https:\/\/yoast.com\/product\/yoast-seo-wordpress\/ -->\n<title>OFFRE D&#039;EMPLOI : Architecte - Charg\u00e9.e de projet en solidarit\u00e9 urbaine - Architecture Sans Fronti\u00e8res Qu\u00e9bec %<\/title>\n<meta name=\"description\" content=\"OFFRE D&#039;EMPLOI : Architecte - Charg\u00e9.e de projet en solidarit\u00e9 urbaine\" \/>\n<meta name=\"robots\" content=\"index, follow, max-snippet:-1, max-image-preview:large, max-video-preview:-1\" \/>\n<link rel=\"canonical\" href=\"https:\/\/www.asf-quebec.org\/en\/offre-demploi-architecte-charge-e-de-projet-en-solidarite-urbaine\/\" \/>\n<meta property=\"og:locale\" content=\"en_US\" \/>\n<meta property=\"og:type\" content=\"article\" \/>\n<meta property=\"og:title\" content=\"OFFRE D&#039;EMPLOI : Architecte - Charg\u00e9.e de projet en solidarit\u00e9 urbaine - Architecture Sans Fronti\u00e8res Qu\u00e9bec %\" \/>\n<meta property=\"og:description\" content=\"OFFRE D&#039;EMPLOI : Architecte - Charg\u00e9.e de projet en solidarit\u00e9 urbaine\" \/>\n<meta property=\"og:url\" content=\"https:\/\/www.asf-quebec.org\/en\/offre-demploi-architecte-charge-e-de-projet-en-solidarite-urbaine\/\" \/>\n<meta property=\"og:site_name\" content=\"Architecture Sans Fronti\u00e8res Qu\u00e9bec\" \/>\n<meta property=\"article:publisher\" content=\"https:\/\/www.facebook.com\/architecturesansfrontieres\/\" \/>\n<meta property=\"article:published_time\" content=\"2021-08-16T13:08:15+00:00\" \/>\n<meta name=\"author\" content=\"asf-quebec\" \/>\n<meta name=\"twitter:card\" content=\"summary_large_image\" \/>\n<meta name=\"twitter:label1\" content=\"Written by\" \/>\n\t<meta name=\"twitter:data1\" content=\"asf-quebec\" \/>\n\t<meta name=\"twitter:label2\" content=\"Est. reading time\" \/>\n\t<meta name=\"twitter:data2\" content=\"7 minutes\" \/>\n<script type=\"application\/ld+json\" class=\"yoast-schema-graph\">{\"@context\":\"https:\/\/schema.org\",\"@graph\":[{\"@type\":\"Article\",\"@id\":\"https:\/\/www.asf-quebec.org\/en\/offre-demploi-architecte-charge-e-de-projet-en-solidarite-urbaine\/#article\",\"isPartOf\":{\"@id\":\"https:\/\/www.asf-quebec.org\/en\/offre-demploi-architecte-charge-e-de-projet-en-solidarite-urbaine\/\"},\"author\":{\"name\":\"asf-quebec\",\"@id\":\"https:\/\/www.asf-quebec.org\/en\/#\/schema\/person\/9655911da321e5e7c39708ae5de28d6a\"},\"headline\":\"OFFRE D&#8217;EMPLOI : Architecte &#8211; Charg\u00e9.e de projet en solidarit\u00e9 urbaine\",\"datePublished\":\"2021-08-16T13:08:15+00:00\",\"mainEntityOfPage\":{\"@id\":\"https:\/\/www.asf-quebec.org\/en\/offre-demploi-architecte-charge-e-de-projet-en-solidarite-urbaine\/\"},\"wordCount\":1417,\"publisher\":{\"@id\":\"https:\/\/www.asf-quebec.org\/en\/#organization\"},\"image\":{\"@id\":\"https:\/\/www.asf-quebec.org\/en\/offre-demploi-architecte-charge-e-de-projet-en-solidarite-urbaine\/#primaryimage\"},\"thumbnailUrl\":\"https:\/\/www.asf-quebec.org\/wp-content\/uploads\/2021\/07\/210714_ChargeProjet-pdf.jpg\",\"keywords\":[\"SU\"],\"articleSection\":[\"News\"],\"inLanguage\":\"en-US\"},{\"@type\":\"WebPage\",\"@id\":\"https:\/\/www.asf-quebec.org\/en\/offre-demploi-architecte-charge-e-de-projet-en-solidarite-urbaine\/\",\"url\":\"https:\/\/www.asf-quebec.org\/en\/offre-demploi-architecte-charge-e-de-projet-en-solidarite-urbaine\/\",\"name\":\"OFFRE D'EMPLOI : Architecte - Charg\u00e9.e de projet en solidarit\u00e9 urbaine - Architecture Sans Fronti\u00e8res Qu\u00e9bec %\",\"isPartOf\":{\"@id\":\"https:\/\/www.asf-quebec.org\/en\/#website\"},\"primaryImageOfPage\":{\"@id\":\"https:\/\/www.asf-quebec.org\/en\/offre-demploi-architecte-charge-e-de-projet-en-solidarite-urbaine\/#primaryimage\"},\"image\":{\"@id\":\"https:\/\/www.asf-quebec.org\/en\/offre-demploi-architecte-charge-e-de-projet-en-solidarite-urbaine\/#primaryimage\"},\"thumbnailUrl\":\"https:\/\/www.asf-quebec.org\/wp-content\/uploads\/2021\/07\/210714_ChargeProjet-pdf.jpg\",\"datePublished\":\"2021-08-16T13:08:15+00:00\",\"description\":\"OFFRE D'EMPLOI : Architecte - Charg\u00e9.e de projet en solidarit\u00e9 urbaine\",\"breadcrumb\":{\"@id\":\"https:\/\/www.asf-quebec.org\/en\/offre-demploi-architecte-charge-e-de-projet-en-solidarite-urbaine\/#breadcrumb\"},\"inLanguage\":\"en-US\",\"potentialAction\":[{\"@type\":\"ReadAction\",\"target\":[\"https:\/\/www.asf-quebec.org\/en\/offre-demploi-architecte-charge-e-de-projet-en-solidarite-urbaine\/\"]}]},{\"@type\":\"ImageObject\",\"inLanguage\":\"en-US\",\"@id\":\"https:\/\/www.asf-quebec.org\/en\/offre-demploi-architecte-charge-e-de-projet-en-solidarite-urbaine\/#primaryimage\",\"url\":\"https:\/\/www.asf-quebec.org\/wp-content\/uploads\/2021\/07\/210714_ChargeProjet-pdf.jpg\",\"contentUrl\":\"https:\/\/www.asf-quebec.org\/wp-content\/uploads\/2021\/07\/210714_ChargeProjet-pdf.jpg\"},{\"@type\":\"BreadcrumbList\",\"@id\":\"https:\/\/www.asf-quebec.org\/en\/offre-demploi-architecte-charge-e-de-projet-en-solidarite-urbaine\/#breadcrumb\",\"itemListElement\":[{\"@type\":\"ListItem\",\"position\":1,\"name\":\"Accueil\",\"item\":\"https:\/\/www.asf-quebec.org\/en\/\"},{\"@type\":\"ListItem\",\"position\":2,\"name\":\"OFFRE D&rsquo;EMPLOI : Architecte &#8211; Charg\u00e9.e de projet en solidarit\u00e9 urbaine\"}]},{\"@type\":\"WebSite\",\"@id\":\"https:\/\/www.asf-quebec.org\/en\/#website\",\"url\":\"https:\/\/www.asf-quebec.org\/en\/\",\"name\":\"Architecture sans fronti\u00e8res Qu\u00e9bec\",\"description\":\"ASFQ\",\"publisher\":{\"@id\":\"https:\/\/www.asf-quebec.org\/en\/#organization\"},\"potentialAction\":[{\"@type\":\"SearchAction\",\"target\":{\"@type\":\"EntryPoint\",\"urlTemplate\":\"https:\/\/www.asf-quebec.org\/en\/?s={search_term_string}\"},\"query-input\":{\"@type\":\"PropertyValueSpecification\",\"valueRequired\":true,\"valueName\":\"search_term_string\"}}],\"inLanguage\":\"en-US\"},{\"@type\":\"Organization\",\"@id\":\"https:\/\/www.asf-quebec.org\/en\/#organization\",\"name\":\"Architecture sans fronti\u00e8res Qu\u00e9bec (ASFQ)\",\"url\":\"https:\/\/www.asf-quebec.org\/en\/\",\"logo\":{\"@type\":\"ImageObject\",\"inLanguage\":\"en-US\",\"@id\":\"https:\/\/www.asf-quebec.org\/en\/#\/schema\/logo\/image\/\",\"url\":\"https:\/\/www.asf-quebec.org\/wp-content\/uploads\/2019\/07\/Logo-asfq-retina.jpg\",\"contentUrl\":\"https:\/\/www.asf-quebec.org\/wp-content\/uploads\/2019\/07\/Logo-asfq-retina.jpg\",\"width\":564,\"height\":219,\"caption\":\"Architecture sans fronti\u00e8res Qu\u00e9bec (ASFQ)\"},\"image\":{\"@id\":\"https:\/\/www.asf-quebec.org\/en\/#\/schema\/logo\/image\/\"},\"sameAs\":[\"https:\/\/www.facebook.com\/architecturesansfrontieres\/\",\"https:\/\/www.instagram.com\/asfquebec\/\",\"https:\/\/www.linkedin.com\/company\/asf-quebec\/\"]},{\"@type\":\"Person\",\"@id\":\"https:\/\/www.asf-quebec.org\/en\/#\/schema\/person\/9655911da321e5e7c39708ae5de28d6a\",\"name\":\"asf-quebec\",\"image\":{\"@type\":\"ImageObject\",\"inLanguage\":\"en-US\",\"@id\":\"https:\/\/www.asf-quebec.org\/en\/#\/schema\/person\/image\/\",\"url\":\"https:\/\/secure.gravatar.com\/avatar\/e855b116ca919b157a426c59781443a8d88f6c286252b6e0fed2bef83833541c?s=96&d=mm&r=g\",\"contentUrl\":\"https:\/\/secure.gravatar.com\/avatar\/e855b116ca919b157a426c59781443a8d88f6c286252b6e0fed2bef83833541c?s=96&d=mm&r=g\",\"caption\":\"asf-quebec\"}}]}<\/script>\n<!-- \/ Yoast SEO plugin. -->","yoast_head_json":{"title":"OFFRE D'EMPLOI : Architecte - Charg\u00e9.e de projet en solidarit\u00e9 urbaine - Architecture Sans Fronti\u00e8res Qu\u00e9bec %","description":"OFFRE D'EMPLOI : Architecte - Charg\u00e9.e de projet en solidarit\u00e9 urbaine","robots":{"index":"index","follow":"follow","max-snippet":"max-snippet:-1","max-image-preview":"max-image-preview:large","max-video-preview":"max-video-preview:-1"},"canonical":"https:\/\/www.asf-quebec.org\/en\/offre-demploi-architecte-charge-e-de-projet-en-solidarite-urbaine\/","og_locale":"en_US","og_type":"article","og_title":"OFFRE D'EMPLOI : Architecte - Charg\u00e9.e de projet en solidarit\u00e9 urbaine - Architecture Sans Fronti\u00e8res Qu\u00e9bec %","og_description":"OFFRE D'EMPLOI : Architecte - Charg\u00e9.e de projet en solidarit\u00e9 urbaine","og_url":"https:\/\/www.asf-quebec.org\/en\/offre-demploi-architecte-charge-e-de-projet-en-solidarite-urbaine\/","og_site_name":"Architecture Sans Fronti\u00e8res Qu\u00e9bec","article_publisher":"https:\/\/www.facebook.com\/architecturesansfrontieres\/","article_published_time":"2021-08-16T13:08:15+00:00","author":"asf-quebec","twitter_card":"summary_large_image","twitter_misc":{"Written by":"asf-quebec","Est. reading time":"7 minutes"},"schema":{"@context":"https:\/\/schema.org","@graph":[{"@type":"Article","@id":"https:\/\/www.asf-quebec.org\/en\/offre-demploi-architecte-charge-e-de-projet-en-solidarite-urbaine\/#article","isPartOf":{"@id":"https:\/\/www.asf-quebec.org\/en\/offre-demploi-architecte-charge-e-de-projet-en-solidarite-urbaine\/"},"author":{"name":"asf-quebec","@id":"https:\/\/www.asf-quebec.org\/en\/#\/schema\/person\/9655911da321e5e7c39708ae5de28d6a"},"headline":"OFFRE D&#8217;EMPLOI : Architecte &#8211; Charg\u00e9.e de projet en solidarit\u00e9 urbaine","datePublished":"2021-08-16T13:08:15+00:00","mainEntityOfPage":{"@id":"https:\/\/www.asf-quebec.org\/en\/offre-demploi-architecte-charge-e-de-projet-en-solidarite-urbaine\/"},"wordCount":1417,"publisher":{"@id":"https:\/\/www.asf-quebec.org\/en\/#organization"},"image":{"@id":"https:\/\/www.asf-quebec.org\/en\/offre-demploi-architecte-charge-e-de-projet-en-solidarite-urbaine\/#primaryimage"},"thumbnailUrl":"https:\/\/www.asf-quebec.org\/wp-content\/uploads\/2021\/07\/210714_ChargeProjet-pdf.jpg","keywords":["SU"],"articleSection":["News"],"inLanguage":"en-US"},{"@type":"WebPage","@id":"https:\/\/www.asf-quebec.org\/en\/offre-demploi-architecte-charge-e-de-projet-en-solidarite-urbaine\/","url":"https:\/\/www.asf-quebec.org\/en\/offre-demploi-architecte-charge-e-de-projet-en-solidarite-urbaine\/","name":"OFFRE D'EMPLOI : Architecte - Charg\u00e9.e de projet en solidarit\u00e9 urbaine - Architecture Sans Fronti\u00e8res Qu\u00e9bec %","isPartOf":{"@id":"https:\/\/www.asf-quebec.org\/en\/#website"},"primaryImageOfPage":{"@id":"https:\/\/www.asf-quebec.org\/en\/offre-demploi-architecte-charge-e-de-projet-en-solidarite-urbaine\/#primaryimage"},"image":{"@id":"https:\/\/www.asf-quebec.org\/en\/offre-demploi-architecte-charge-e-de-projet-en-solidarite-urbaine\/#primaryimage"},"thumbnailUrl":"https:\/\/www.asf-quebec.org\/wp-content\/uploads\/2021\/07\/210714_ChargeProjet-pdf.jpg","datePublished":"2021-08-16T13:08:15+00:00","description":"OFFRE D'EMPLOI : Architecte - Charg\u00e9.e de projet en solidarit\u00e9 urbaine","breadcrumb":{"@id":"https:\/\/www.asf-quebec.org\/en\/offre-demploi-architecte-charge-e-de-projet-en-solidarite-urbaine\/#breadcrumb"},"inLanguage":"en-US","potentialAction":[{"@type":"ReadAction","target":["https:\/\/www.asf-quebec.org\/en\/offre-demploi-architecte-charge-e-de-projet-en-solidarite-urbaine\/"]}]},{"@type":"ImageObject","inLanguage":"en-US","@id":"https:\/\/www.asf-quebec.org\/en\/offre-demploi-architecte-charge-e-de-projet-en-solidarite-urbaine\/#primaryimage","url":"https:\/\/www.asf-quebec.org\/wp-content\/uploads\/2021\/07\/210714_ChargeProjet-pdf.jpg","contentUrl":"https:\/\/www.asf-quebec.org\/wp-content\/uploads\/2021\/07\/210714_ChargeProjet-pdf.jpg"},{"@type":"BreadcrumbList","@id":"https:\/\/www.asf-quebec.org\/en\/offre-demploi-architecte-charge-e-de-projet-en-solidarite-urbaine\/#breadcrumb","itemListElement":[{"@type":"ListItem","position":1,"name":"Accueil","item":"https:\/\/www.asf-quebec.org\/en\/"},{"@type":"ListItem","position":2,"name":"OFFRE D&rsquo;EMPLOI : Architecte &#8211; Charg\u00e9.e de projet en solidarit\u00e9 urbaine"}]},{"@type":"WebSite","@id":"https:\/\/www.asf-quebec.org\/en\/#website","url":"https:\/\/www.asf-quebec.org\/en\/","name":"Architecture sans fronti\u00e8res Qu\u00e9bec","description":"ASFQ","publisher":{"@id":"https:\/\/www.asf-quebec.org\/en\/#organization"},"potentialAction":[{"@type":"SearchAction","target":{"@type":"EntryPoint","urlTemplate":"https:\/\/www.asf-quebec.org\/en\/?s={search_term_string}"},"query-input":{"@type":"PropertyValueSpecification","valueRequired":true,"valueName":"search_term_string"}}],"inLanguage":"en-US"},{"@type":"Organization","@id":"https:\/\/www.asf-quebec.org\/en\/#organization","name":"Architecture sans fronti\u00e8res Qu\u00e9bec (ASFQ)","url":"https:\/\/www.asf-quebec.org\/en\/","logo":{"@type":"ImageObject","inLanguage":"en-US","@id":"https:\/\/www.asf-quebec.org\/en\/#\/schema\/logo\/image\/","url":"https:\/\/www.asf-quebec.org\/wp-content\/uploads\/2019\/07\/Logo-asfq-retina.jpg","contentUrl":"https:\/\/www.asf-quebec.org\/wp-content\/uploads\/2019\/07\/Logo-asfq-retina.jpg","width":564,"height":219,"caption":"Architecture sans fronti\u00e8res Qu\u00e9bec (ASFQ)"},"image":{"@id":"https:\/\/www.asf-quebec.org\/en\/#\/schema\/logo\/image\/"},"sameAs":["https:\/\/www.facebook.com\/architecturesansfrontieres\/","https:\/\/www.instagram.com\/asfquebec\/","https:\/\/www.linkedin.com\/company\/asf-quebec\/"]},{"@type":"Person","@id":"https:\/\/www.asf-quebec.org\/en\/#\/schema\/person\/9655911da321e5e7c39708ae5de28d6a","name":"asf-quebec","image":{"@type":"ImageObject","inLanguage":"en-US","@id":"https:\/\/www.asf-quebec.org\/en\/#\/schema\/person\/image\/","url":"https:\/\/secure.gravatar.com\/avatar\/e855b116ca919b157a426c59781443a8d88f6c286252b6e0fed2bef83833541c?s=96&d=mm&r=g","contentUrl":"https:\/\/secure.gravatar.com\/avatar\/e855b116ca919b157a426c59781443a8d88f6c286252b6e0fed2bef83833541c?s=96&d=mm&r=g","caption":"asf-quebec"}}]}},"_links":{"self":[{"href":"https:\/\/www.asf-quebec.org\/en\/wp-json\/wp\/v2\/posts\/951216","targetHints":{"allow":["GET"]}}],"collection":[{"href":"https:\/\/www.asf-quebec.org\/en\/wp-json\/wp\/v2\/posts"}],"about":[{"href":"https:\/\/www.asf-quebec.org\/en\/wp-json\/wp\/v2\/types\/post"}],"author":[{"embeddable":true,"href":"https:\/\/www.asf-quebec.org\/en\/wp-json\/wp\/v2\/users\/2"}],"replies":[{"embeddable":true,"href":"https:\/\/www.asf-quebec.org\/en\/wp-json\/wp\/v2\/comments?post=951216"}],"version-history":[{"count":0,"href":"https:\/\/www.asf-quebec.org\/en\/wp-json\/wp\/v2\/posts\/951216\/revisions"}],"wp:featuredmedia":[{"embeddable":true,"href":"https:\/\/www.asf-quebec.org\/en\/wp-json\/wp\/v2\/media\/390025"}],"wp:attachment":[{"href":"https:\/\/www.asf-quebec.org\/en\/wp-json\/wp\/v2\/media?parent=951216"}],"wp:term":[{"taxonomy":"category","embeddable":true,"href":"https:\/\/www.asf-quebec.org\/en\/wp-json\/wp\/v2\/categories?post=951216"},{"taxonomy":"post_tag","embeddable":true,"href":"https:\/\/www.asf-quebec.org\/en\/wp-json\/wp\/v2\/tags?post=951216"}],"curies":[{"name":"wp","href":"https:\/\/api.w.org\/{rel}","templated":true}]}}