{"id":951215,"date":"2021-08-24T17:34:49","date_gmt":"2021-08-24T17:34:49","guid":{"rendered":"https:\/\/www.asf-quebec.org\/offre-demploi-charge-e-de-developpement-economie-circulaire\/"},"modified":"2021-08-24T17:34:49","modified_gmt":"2021-08-24T17:34:49","slug":"offre-demploi-charge-e-de-developpement-economie-circulaire","status":"publish","type":"post","link":"https:\/\/www.asf-quebec.org\/en\/offre-demploi-charge-e-de-developpement-economie-circulaire\/","title":{"rendered":"EMPLOI : Charg\u00e9.e de d\u00e9veloppement &#8211; \u00c9conomie circulaire"},"content":{"rendered":"<h3><em>Envie de vous investir dans la transition sociale et \u00e9cologique ? Notre \u00e9quipe est \u00e0 la recherche d\u2019une personne \u00e0 qui confier le d\u00e9veloppement des affaires et des partenariats de son programme d\u2019\u00e9conomie circulaire, qui vise la croissance d\u2019une entreprise de r\u00e9emploi de mat\u00e9riaux de la cons<\/em><em>truction. Gr\u00e2ce \u00e0 son leadership, sa polyvalence, sa connaissance de secteurs-cl\u00e9s, ses qualit\u00e9s entrepreneuriales et son r\u00e9seau, cette personne propulsera ce projet d\u2019\u00e9conomie sociale et circulaire unique \u00e0 Montr\u00e9al.<\/em><\/h3>\n<p>&nbsp;<\/p>\n<p><strong>L\u2019ORGANISATION :<\/strong><\/p>\n<p>Architecture sans fronti\u00e8res Qu\u00e9bec (ASFQ) est un organisme sp\u00e9cialis\u00e9 dans l\u2019architecture durable et l\u2019assistance aux communaut\u00e9s vuln\u00e9rables. Bras humanitaire officiel de l\u2019Ordre des architectes du Qu\u00e9bec depuis 2007, l\u2019organisation d\u00e9veloppe diff\u00e9rents programmes qui travaillent en synergie pour accro\u00eetre l\u2019impact social de l\u2019organisme : la coop\u00e9ration internationale, l\u2019habitat autochtone, la solidarit\u00e9 urbaine, la r\u00e9silience aux inondations, l\u2019\u00e9ducation, l\u2019engagement b\u00e9n\u00e9vole et l\u2019\u00e9conomie circulaire. ASFQ est dirig\u00e9e par un conseil d\u2019administration et compte parmi ses membres les 4 150 architectes de la province, dont elle porte la responsabilit\u00e9 sociale. Membre du r\u00e9seau Architecture sans fronti\u00e8res international, ASFQ compte aussi sur d\u2019autres professionnels du b\u00e2timent, de l\u2019am\u00e9nagement, de l\u2019humanitaire et de nombreux partenaires dans la mise en \u0153uvre de ses programmes.<\/p>\n<p>Pour en savoir plus\u00a0:<\/p>\n<p>ASFQ\u00a0: <a href=\"https:\/\/www.asf-quebec.org\/en\/\">www.asf-quebec.org\/<\/a><\/p>\n<p>Programme d\u2019\u00e9conomie circulaire d\u2019ASFQ\u00a0: <a href=\"https:\/\/www.asf-quebec.org\/en\/our-programs\/circular-economy\/\">www.asf-quebec.org\/nos-programmes\/economie-circulaire\/<\/a><\/p>\n<p><strong>R\u00c9SUM\u00c9 DU MANDAT :<\/strong><\/p>\n<p>Sous l\u2019autorit\u00e9 du directeur g\u00e9n\u00e9ral d\u2019ASFQ et en collaboration avec l\u2019\u00e9quipe, la personne titulaire du poste travaille au d\u00e9veloppement du programme d\u2019\u00e9conomie circulaire d\u2019ASFQ, d\u00e9di\u00e9 \u00e0 la r\u00e9cup\u00e9ration, \u00e0 la revente et au r\u00e9emploi des composantes du b\u00e2timent. Elle est charg\u00e9e du d\u00e9veloppement des affaires et des partenariats n\u00e9cessaires \u00e0 la croissance de ce programme qui inclut d\u00e9sormais \u00c9co-R\u00e9no, une entreprise affili\u00e9e \u00e0 ASFQ. \u00c0 titre de gestionnaire, cette personne travaille avec polyvalence et agilit\u00e9 dans le contexte d\u2019un projet innovant. Elle veille \u00e0 la planification d\u2019activit\u00e9s, \u00e0 la gestion de budgets, au respect d\u2019\u00e9ch\u00e9anciers et \u00e0 l\u2019atteinte des objectifs de tous projets associ\u00e9s au programme. Elle assure la coordination globale du programme, qui pr\u00e9voit des activit\u00e9s promotionnelles, des communications-marketing, l\u2019implantation d\u2019un syst\u00e8me num\u00e9rique de commercialisation de mat\u00e9riaux et un projet de d\u00e9veloppement immobilier. En sa qualit\u00e9 de principal responsable du programme, elle d\u00e9veloppe une expertise sur l\u2019\u00e9conomie circulaire des mat\u00e9riaux. Elle supervise au besoin d\u2019autres ressources humaines selon l\u2019\u00e9volution des besoins du programme. Son leadership et son engagement personnel sont essentiels au rayonnement de l\u2019entreprise. Cette personne soutient la mission et partage les valeurs d\u2019ASFQ. Le mandat est d\u2019une dur\u00e9e initiale de 2 ans, mais appel\u00e9 \u00e0 devenir un poste permanent avec le d\u00e9veloppement de l\u2019entreprise.<strong>\u00a0<\/strong><\/p>\n<p><strong>RESPONSABILIT\u00c9S<\/strong><\/p>\n<p><strong>D\u00e9veloppement d\u2019affaires et des partenariats<\/strong><\/p>\n<ul>\n<li>Mettre en \u0153uvre le mod\u00e8le d\u2019affaires de l\u2019entreprise, sa strat\u00e9gie de d\u00e9veloppement globale, ainsi que tout plan strat\u00e9gique et op\u00e9rationnel \u00e9labor\u00e9 avec la direction g\u00e9n\u00e9rale.<\/li>\n<li>D\u00e9velopper des partenariats strat\u00e9giques, gr\u00e2ce \u00e0 la prospection et la mobilisation des diff\u00e9rentes parties prenantes de la cha\u00eene de valeur du programme.<\/li>\n<li>Fid\u00e9liser des donateurs dans les secteurs de l\u2019architecture, de l\u2019immobilier et de la construction afin de r\u00e9colter des mat\u00e9riaux en fin de vie pr\u00e9matur\u00e9e.<\/li>\n<li>Prendre la parole lors d\u2019\u00e9v\u00e9nements et repr\u00e9senter l\u2019organisme \u00e0 l\u2019externe aupr\u00e8s de comit\u00e9s, d\u2019instances, de partenaires et lors d\u2019activit\u00e9s de r\u00e9seautage.<\/li>\n<li>Piloter le d\u00e9veloppement d\u2019un projet de grand centre de r\u00e9emploi de mat\u00e9riaux, pouvant inclure l\u2019acquisition ou la r\u00e9novation d\u2019un b\u00e2timent.<\/li>\n<li>Proposer des recommandations pour am\u00e9liorer le mod\u00e8le d\u2019affaires de l\u2019entreprise et contribuer \u00e0 la planification des diff\u00e9rentes phases de son d\u00e9veloppement.<\/li>\n<li>Soutenir la recherche de financements et de bailleurs de fonds, en compl\u00e9tant des demandes de subventions ou d\u2019autres contributions financi\u00e8res.<\/li>\n<li>Appuyer le d\u00e9veloppement de strat\u00e9gies de communications et de commercialisation.<\/li>\n<\/ul>\n<p><strong>Coordination et gestion courante<\/strong><\/p>\n<ul>\n<li>Superviser des ressources humaines salari\u00e9es et\/ou b\u00e9n\u00e9voles pouvant \u00eatre plac\u00e9es sous sa responsabilit\u00e9.<\/li>\n<li>Appuyer la planification d\u2019\u00e9v\u00e9nements d\u2019information, de r\u00e9seautage, de formation et de rayonnement.<\/li>\n<li>R\u00e9diger diff\u00e9rents contenus d\u2019information, incluant l\u2019\u00e9laboration d\u2019ententes li\u00e9es au programme.<\/li>\n<li>Trouver et g\u00e9rer diff\u00e9rents fournisseurs de services.<\/li>\n<li>Assurer des suivis administratifs et financiers avec l&#8217;\u00e9quipe administrative et la direction.<\/li>\n<li>Assurer des redditions de comptes internes et externes.<\/li>\n<li>D\u00e9velopper et approfondir ses connaissances professionnelles en lien avec son champ d\u2019activit\u00e9s, afin d\u2019offrir son expertise \u00e0 l\u2019interne comme \u00e0 l\u2019externe.<\/li>\n<li>Collaborer \u00e0 l\u2019am\u00e9lioration des processus et des outils de travail de l\u2019organisme.<\/li>\n<li>Appuyer le reste de l\u2019\u00e9quipe dans les affaires courantes et la mise en \u0153uvre des autres programmes.<\/li>\n<\/ul>\n<p><strong>QUALIFICATIONS ET EXP\u00c9RIENCES REQUISES\u00a0:<\/strong><\/p>\n<ul>\n<li>Baccalaur\u00e9at dans une discipline pertinente (ma\u00eetrise un atout);<\/li>\n<li>Minimum de trois (4) ann\u00e9es d&#8217;exp\u00e9rience professionnelle pertinente en lien avec le poste;<\/li>\n<li>Bonne connaissance de l\u2019\u00e9conomie circulaire et du d\u00e9veloppement durable;<\/li>\n<li>Connaissance d\u2019un ou plusieurs des secteurs suivants\u00a0: architecture, design, construction, d\u00e9molition, gestion des mati\u00e8res r\u00e9siduelles, d\u00e9taillants de mat\u00e9riaux de construction.<\/li>\n<\/ul>\n<p><strong>AUTRES COMP\u00c9TENCES ET QUALIT\u00c9S RECHERCH\u00c9ES :<\/strong><\/p>\n<ul>\n<li>Attitude et\/ou exp\u00e9rience entrepreneuriale<\/li>\n<li>Capacit\u00e9 \u00e0 \u00e9tablir et \u00e0 maintenir des relations d\u2019affaires efficaces.<\/li>\n<li>Professionnalisme hors-pair et grande diplomatie<\/li>\n<li>Leadership, entregent et excellentes aptitudes relationnelles<\/li>\n<li>Motivation et sensibilit\u00e9 profondes envers la mission de l\u2019organisme<\/li>\n<li>Parfaite ma\u00eetrise du fran\u00e7ais parl\u00e9 et \u00e9crit<\/li>\n<li>Tr\u00e8s bonne ma\u00eetrise de l\u2019anglais parl\u00e9 et \u00e9crit<\/li>\n<li>Capacit\u00e9 \u00e0 travailler en petite \u00e9quipe coll\u00e9giale<\/li>\n<li>Grande aisance dans la prise de parole et en pitch de vente<\/li>\n<li>Grandes autonomie, polyvalence et capacit\u00e9 d\u2019adaptation<\/li>\n<li>Esprit centr\u00e9 sur les solutions<\/li>\n<li>Compr\u00e9hension de la r\u00e9alit\u00e9 des organismes de bienfaisance.<\/li>\n<\/ul>\n<p><strong>CONDITIONS ET CONTEXTE DE TRAVAIL :<\/strong><\/p>\n<ul>\n<li>Poste 35h\/semaine<\/li>\n<li>Entr\u00e9e en poste : d\u00e8s que possible<\/li>\n<li>Travail \u00e0 partir des bureaux d\u2019ASFQ<\/li>\n<li>Disponibilit\u00e9s ponctuelles en soir\u00e9e pour des comit\u00e9s ou des activit\u00e9s sp\u00e9ciales<\/li>\n<li>Croissance professionnelle dans une organisation en plein d\u00e9veloppement<\/li>\n<li>Opportunit\u00e9s de formation continue chaque ann\u00e9e<\/li>\n<li>Projets stimulants dans une organisation \u00e0 \u00e9chelle humaine<\/li>\n<li>2 semaines de vacances estivales pay\u00e9es<\/li>\n<li>2 semaines de cong\u00e9s sp\u00e9ciaux<\/li>\n<li>Fermeture de l\u2019entreprise 2 semaines durant le temps des F\u00eates<\/li>\n<\/ul>\n<p><strong>POUR POSTULER :<\/strong><\/p>\n<p><span style=\"font-weight: 400;\">L&#8217;affichage du poste est ouvert jusqu&#8217;au mardi 24 septembre \u00e0 midi et sera ferm\u00e9 une fois le poste combl\u00e9. <\/span>Envoyez votre CV et votre lettre de motivation en format PDF \u00e0 dotation@asf-quebec.org. Toutes les candidatures seront \u00e9valu\u00e9es et seules celles retenues seront contact\u00e9es pour entrevues.<\/p>\n","protected":false},"excerpt":{"rendered":"<p>Envie de vous investir dans la transition sociale et \u00e9cologique <a href=\"https:\/\/www.asf-quebec.org\/en\/offre-demploi-charge-e-de-developpement-economie-circulaire\/\"> [&#8230;]<\/a><\/p>\n","protected":false},"author":2,"featured_media":371569,"comment_status":"closed","ping_status":"closed","sticky":false,"template":"","format":"standard","meta":{"_acf_changed":false,"footnotes":""},"categories":[37],"tags":[47],"class_list":["post-951215","post","type-post","status-publish","format-standard","has-post-thumbnail","hentry","category-news","tag-ec-en"],"acf":[],"yoast_head":"<!-- This site is optimized with the Yoast SEO plugin v26.8 - https:\/\/yoast.com\/product\/yoast-seo-wordpress\/ -->\n<title>EMPLOI : Charg\u00e9.e de d\u00e9veloppement - \u00c9conomie circulaire - Architecture Sans Fronti\u00e8res Qu\u00e9bec %<\/title>\n<meta name=\"description\" content=\"EMPLOI : Charg\u00e9.e de d\u00e9veloppement - \u00c9conomie circulaire\" \/>\n<meta name=\"robots\" content=\"index, follow, max-snippet:-1, max-image-preview:large, max-video-preview:-1\" \/>\n<link rel=\"canonical\" href=\"https:\/\/www.asf-quebec.org\/en\/offre-demploi-charge-e-de-developpement-economie-circulaire\/\" \/>\n<meta property=\"og:locale\" content=\"en_US\" \/>\n<meta property=\"og:type\" content=\"article\" \/>\n<meta property=\"og:title\" content=\"EMPLOI : Charg\u00e9.e de d\u00e9veloppement - \u00c9conomie circulaire - Architecture Sans Fronti\u00e8res Qu\u00e9bec %\" \/>\n<meta property=\"og:description\" content=\"EMPLOI : Charg\u00e9.e de d\u00e9veloppement - \u00c9conomie circulaire\" \/>\n<meta property=\"og:url\" content=\"https:\/\/www.asf-quebec.org\/en\/offre-demploi-charge-e-de-developpement-economie-circulaire\/\" \/>\n<meta property=\"og:site_name\" content=\"Architecture Sans Fronti\u00e8res Qu\u00e9bec\" \/>\n<meta property=\"article:publisher\" content=\"https:\/\/www.facebook.com\/architecturesansfrontieres\/\" \/>\n<meta property=\"article:published_time\" content=\"2021-08-24T17:34:49+00:00\" \/>\n<meta name=\"author\" content=\"asf-quebec\" \/>\n<meta name=\"twitter:card\" content=\"summary_large_image\" \/>\n<meta name=\"twitter:label1\" content=\"Written by\" \/>\n\t<meta name=\"twitter:data1\" content=\"asf-quebec\" \/>\n\t<meta name=\"twitter:label2\" content=\"Est. reading time\" \/>\n\t<meta name=\"twitter:data2\" content=\"6 minutes\" \/>\n<script type=\"application\/ld+json\" class=\"yoast-schema-graph\">{\"@context\":\"https:\/\/schema.org\",\"@graph\":[{\"@type\":\"Article\",\"@id\":\"https:\/\/www.asf-quebec.org\/en\/offre-demploi-charge-e-de-developpement-economie-circulaire\/#article\",\"isPartOf\":{\"@id\":\"https:\/\/www.asf-quebec.org\/en\/offre-demploi-charge-e-de-developpement-economie-circulaire\/\"},\"author\":{\"name\":\"asf-quebec\",\"@id\":\"https:\/\/www.asf-quebec.org\/en\/#\/schema\/person\/9655911da321e5e7c39708ae5de28d6a\"},\"headline\":\"EMPLOI : Charg\u00e9.e de d\u00e9veloppement &#8211; \u00c9conomie circulaire\",\"datePublished\":\"2021-08-24T17:34:49+00:00\",\"mainEntityOfPage\":{\"@id\":\"https:\/\/www.asf-quebec.org\/en\/offre-demploi-charge-e-de-developpement-economie-circulaire\/\"},\"wordCount\":1173,\"publisher\":{\"@id\":\"https:\/\/www.asf-quebec.org\/en\/#organization\"},\"image\":{\"@id\":\"https:\/\/www.asf-quebec.org\/en\/offre-demploi-charge-e-de-developpement-economie-circulaire\/#primaryimage\"},\"thumbnailUrl\":\"https:\/\/www.asf-quebec.org\/wp-content\/uploads\/2021\/07\/EC3.jpg\",\"keywords\":[\"EC\"],\"articleSection\":[\"News\"],\"inLanguage\":\"en-US\"},{\"@type\":\"WebPage\",\"@id\":\"https:\/\/www.asf-quebec.org\/en\/offre-demploi-charge-e-de-developpement-economie-circulaire\/\",\"url\":\"https:\/\/www.asf-quebec.org\/en\/offre-demploi-charge-e-de-developpement-economie-circulaire\/\",\"name\":\"EMPLOI : Charg\u00e9.e de d\u00e9veloppement - \u00c9conomie circulaire - Architecture Sans Fronti\u00e8res Qu\u00e9bec %\",\"isPartOf\":{\"@id\":\"https:\/\/www.asf-quebec.org\/en\/#website\"},\"primaryImageOfPage\":{\"@id\":\"https:\/\/www.asf-quebec.org\/en\/offre-demploi-charge-e-de-developpement-economie-circulaire\/#primaryimage\"},\"image\":{\"@id\":\"https:\/\/www.asf-quebec.org\/en\/offre-demploi-charge-e-de-developpement-economie-circulaire\/#primaryimage\"},\"thumbnailUrl\":\"https:\/\/www.asf-quebec.org\/wp-content\/uploads\/2021\/07\/EC3.jpg\",\"datePublished\":\"2021-08-24T17:34:49+00:00\",\"description\":\"EMPLOI : Charg\u00e9.e de d\u00e9veloppement - \u00c9conomie circulaire\",\"breadcrumb\":{\"@id\":\"https:\/\/www.asf-quebec.org\/en\/offre-demploi-charge-e-de-developpement-economie-circulaire\/#breadcrumb\"},\"inLanguage\":\"en-US\",\"potentialAction\":[{\"@type\":\"ReadAction\",\"target\":[\"https:\/\/www.asf-quebec.org\/en\/offre-demploi-charge-e-de-developpement-economie-circulaire\/\"]}]},{\"@type\":\"ImageObject\",\"inLanguage\":\"en-US\",\"@id\":\"https:\/\/www.asf-quebec.org\/en\/offre-demploi-charge-e-de-developpement-economie-circulaire\/#primaryimage\",\"url\":\"https:\/\/www.asf-quebec.org\/wp-content\/uploads\/2021\/07\/EC3.jpg\",\"contentUrl\":\"https:\/\/www.asf-quebec.org\/wp-content\/uploads\/2021\/07\/EC3.jpg\",\"width\":1200,\"height\":630},{\"@type\":\"BreadcrumbList\",\"@id\":\"https:\/\/www.asf-quebec.org\/en\/offre-demploi-charge-e-de-developpement-economie-circulaire\/#breadcrumb\",\"itemListElement\":[{\"@type\":\"ListItem\",\"position\":1,\"name\":\"Accueil\",\"item\":\"https:\/\/www.asf-quebec.org\/en\/\"},{\"@type\":\"ListItem\",\"position\":2,\"name\":\"EMPLOI : Charg\u00e9.e de d\u00e9veloppement &#8211; \u00c9conomie circulaire\"}]},{\"@type\":\"WebSite\",\"@id\":\"https:\/\/www.asf-quebec.org\/en\/#website\",\"url\":\"https:\/\/www.asf-quebec.org\/en\/\",\"name\":\"Architecture sans fronti\u00e8res Qu\u00e9bec\",\"description\":\"ASFQ\",\"publisher\":{\"@id\":\"https:\/\/www.asf-quebec.org\/en\/#organization\"},\"potentialAction\":[{\"@type\":\"SearchAction\",\"target\":{\"@type\":\"EntryPoint\",\"urlTemplate\":\"https:\/\/www.asf-quebec.org\/en\/?s={search_term_string}\"},\"query-input\":{\"@type\":\"PropertyValueSpecification\",\"valueRequired\":true,\"valueName\":\"search_term_string\"}}],\"inLanguage\":\"en-US\"},{\"@type\":\"Organization\",\"@id\":\"https:\/\/www.asf-quebec.org\/en\/#organization\",\"name\":\"Architecture sans fronti\u00e8res Qu\u00e9bec (ASFQ)\",\"url\":\"https:\/\/www.asf-quebec.org\/en\/\",\"logo\":{\"@type\":\"ImageObject\",\"inLanguage\":\"en-US\",\"@id\":\"https:\/\/www.asf-quebec.org\/en\/#\/schema\/logo\/image\/\",\"url\":\"https:\/\/www.asf-quebec.org\/wp-content\/uploads\/2019\/07\/Logo-asfq-retina.jpg\",\"contentUrl\":\"https:\/\/www.asf-quebec.org\/wp-content\/uploads\/2019\/07\/Logo-asfq-retina.jpg\",\"width\":564,\"height\":219,\"caption\":\"Architecture sans fronti\u00e8res Qu\u00e9bec (ASFQ)\"},\"image\":{\"@id\":\"https:\/\/www.asf-quebec.org\/en\/#\/schema\/logo\/image\/\"},\"sameAs\":[\"https:\/\/www.facebook.com\/architecturesansfrontieres\/\",\"https:\/\/www.instagram.com\/asfquebec\/\",\"https:\/\/www.linkedin.com\/company\/asf-quebec\/\"]},{\"@type\":\"Person\",\"@id\":\"https:\/\/www.asf-quebec.org\/en\/#\/schema\/person\/9655911da321e5e7c39708ae5de28d6a\",\"name\":\"asf-quebec\",\"image\":{\"@type\":\"ImageObject\",\"inLanguage\":\"en-US\",\"@id\":\"https:\/\/www.asf-quebec.org\/en\/#\/schema\/person\/image\/\",\"url\":\"https:\/\/secure.gravatar.com\/avatar\/e855b116ca919b157a426c59781443a8d88f6c286252b6e0fed2bef83833541c?s=96&d=mm&r=g\",\"contentUrl\":\"https:\/\/secure.gravatar.com\/avatar\/e855b116ca919b157a426c59781443a8d88f6c286252b6e0fed2bef83833541c?s=96&d=mm&r=g\",\"caption\":\"asf-quebec\"}}]}<\/script>\n<!-- \/ Yoast SEO plugin. -->","yoast_head_json":{"title":"EMPLOI : Charg\u00e9.e de d\u00e9veloppement - \u00c9conomie circulaire - Architecture Sans Fronti\u00e8res Qu\u00e9bec %","description":"EMPLOI : Charg\u00e9.e de d\u00e9veloppement - \u00c9conomie circulaire","robots":{"index":"index","follow":"follow","max-snippet":"max-snippet:-1","max-image-preview":"max-image-preview:large","max-video-preview":"max-video-preview:-1"},"canonical":"https:\/\/www.asf-quebec.org\/en\/offre-demploi-charge-e-de-developpement-economie-circulaire\/","og_locale":"en_US","og_type":"article","og_title":"EMPLOI : Charg\u00e9.e de d\u00e9veloppement - \u00c9conomie circulaire - Architecture Sans Fronti\u00e8res Qu\u00e9bec %","og_description":"EMPLOI : Charg\u00e9.e de d\u00e9veloppement - \u00c9conomie circulaire","og_url":"https:\/\/www.asf-quebec.org\/en\/offre-demploi-charge-e-de-developpement-economie-circulaire\/","og_site_name":"Architecture Sans Fronti\u00e8res Qu\u00e9bec","article_publisher":"https:\/\/www.facebook.com\/architecturesansfrontieres\/","article_published_time":"2021-08-24T17:34:49+00:00","author":"asf-quebec","twitter_card":"summary_large_image","twitter_misc":{"Written by":"asf-quebec","Est. reading time":"6 minutes"},"schema":{"@context":"https:\/\/schema.org","@graph":[{"@type":"Article","@id":"https:\/\/www.asf-quebec.org\/en\/offre-demploi-charge-e-de-developpement-economie-circulaire\/#article","isPartOf":{"@id":"https:\/\/www.asf-quebec.org\/en\/offre-demploi-charge-e-de-developpement-economie-circulaire\/"},"author":{"name":"asf-quebec","@id":"https:\/\/www.asf-quebec.org\/en\/#\/schema\/person\/9655911da321e5e7c39708ae5de28d6a"},"headline":"EMPLOI : Charg\u00e9.e de d\u00e9veloppement &#8211; \u00c9conomie circulaire","datePublished":"2021-08-24T17:34:49+00:00","mainEntityOfPage":{"@id":"https:\/\/www.asf-quebec.org\/en\/offre-demploi-charge-e-de-developpement-economie-circulaire\/"},"wordCount":1173,"publisher":{"@id":"https:\/\/www.asf-quebec.org\/en\/#organization"},"image":{"@id":"https:\/\/www.asf-quebec.org\/en\/offre-demploi-charge-e-de-developpement-economie-circulaire\/#primaryimage"},"thumbnailUrl":"https:\/\/www.asf-quebec.org\/wp-content\/uploads\/2021\/07\/EC3.jpg","keywords":["EC"],"articleSection":["News"],"inLanguage":"en-US"},{"@type":"WebPage","@id":"https:\/\/www.asf-quebec.org\/en\/offre-demploi-charge-e-de-developpement-economie-circulaire\/","url":"https:\/\/www.asf-quebec.org\/en\/offre-demploi-charge-e-de-developpement-economie-circulaire\/","name":"EMPLOI : Charg\u00e9.e de d\u00e9veloppement - \u00c9conomie circulaire - Architecture Sans Fronti\u00e8res Qu\u00e9bec %","isPartOf":{"@id":"https:\/\/www.asf-quebec.org\/en\/#website"},"primaryImageOfPage":{"@id":"https:\/\/www.asf-quebec.org\/en\/offre-demploi-charge-e-de-developpement-economie-circulaire\/#primaryimage"},"image":{"@id":"https:\/\/www.asf-quebec.org\/en\/offre-demploi-charge-e-de-developpement-economie-circulaire\/#primaryimage"},"thumbnailUrl":"https:\/\/www.asf-quebec.org\/wp-content\/uploads\/2021\/07\/EC3.jpg","datePublished":"2021-08-24T17:34:49+00:00","description":"EMPLOI : Charg\u00e9.e de d\u00e9veloppement - \u00c9conomie circulaire","breadcrumb":{"@id":"https:\/\/www.asf-quebec.org\/en\/offre-demploi-charge-e-de-developpement-economie-circulaire\/#breadcrumb"},"inLanguage":"en-US","potentialAction":[{"@type":"ReadAction","target":["https:\/\/www.asf-quebec.org\/en\/offre-demploi-charge-e-de-developpement-economie-circulaire\/"]}]},{"@type":"ImageObject","inLanguage":"en-US","@id":"https:\/\/www.asf-quebec.org\/en\/offre-demploi-charge-e-de-developpement-economie-circulaire\/#primaryimage","url":"https:\/\/www.asf-quebec.org\/wp-content\/uploads\/2021\/07\/EC3.jpg","contentUrl":"https:\/\/www.asf-quebec.org\/wp-content\/uploads\/2021\/07\/EC3.jpg","width":1200,"height":630},{"@type":"BreadcrumbList","@id":"https:\/\/www.asf-quebec.org\/en\/offre-demploi-charge-e-de-developpement-economie-circulaire\/#breadcrumb","itemListElement":[{"@type":"ListItem","position":1,"name":"Accueil","item":"https:\/\/www.asf-quebec.org\/en\/"},{"@type":"ListItem","position":2,"name":"EMPLOI : Charg\u00e9.e de d\u00e9veloppement &#8211; \u00c9conomie circulaire"}]},{"@type":"WebSite","@id":"https:\/\/www.asf-quebec.org\/en\/#website","url":"https:\/\/www.asf-quebec.org\/en\/","name":"Architecture sans fronti\u00e8res Qu\u00e9bec","description":"ASFQ","publisher":{"@id":"https:\/\/www.asf-quebec.org\/en\/#organization"},"potentialAction":[{"@type":"SearchAction","target":{"@type":"EntryPoint","urlTemplate":"https:\/\/www.asf-quebec.org\/en\/?s={search_term_string}"},"query-input":{"@type":"PropertyValueSpecification","valueRequired":true,"valueName":"search_term_string"}}],"inLanguage":"en-US"},{"@type":"Organization","@id":"https:\/\/www.asf-quebec.org\/en\/#organization","name":"Architecture sans fronti\u00e8res Qu\u00e9bec (ASFQ)","url":"https:\/\/www.asf-quebec.org\/en\/","logo":{"@type":"ImageObject","inLanguage":"en-US","@id":"https:\/\/www.asf-quebec.org\/en\/#\/schema\/logo\/image\/","url":"https:\/\/www.asf-quebec.org\/wp-content\/uploads\/2019\/07\/Logo-asfq-retina.jpg","contentUrl":"https:\/\/www.asf-quebec.org\/wp-content\/uploads\/2019\/07\/Logo-asfq-retina.jpg","width":564,"height":219,"caption":"Architecture sans fronti\u00e8res Qu\u00e9bec (ASFQ)"},"image":{"@id":"https:\/\/www.asf-quebec.org\/en\/#\/schema\/logo\/image\/"},"sameAs":["https:\/\/www.facebook.com\/architecturesansfrontieres\/","https:\/\/www.instagram.com\/asfquebec\/","https:\/\/www.linkedin.com\/company\/asf-quebec\/"]},{"@type":"Person","@id":"https:\/\/www.asf-quebec.org\/en\/#\/schema\/person\/9655911da321e5e7c39708ae5de28d6a","name":"asf-quebec","image":{"@type":"ImageObject","inLanguage":"en-US","@id":"https:\/\/www.asf-quebec.org\/en\/#\/schema\/person\/image\/","url":"https:\/\/secure.gravatar.com\/avatar\/e855b116ca919b157a426c59781443a8d88f6c286252b6e0fed2bef83833541c?s=96&d=mm&r=g","contentUrl":"https:\/\/secure.gravatar.com\/avatar\/e855b116ca919b157a426c59781443a8d88f6c286252b6e0fed2bef83833541c?s=96&d=mm&r=g","caption":"asf-quebec"}}]}},"_links":{"self":[{"href":"https:\/\/www.asf-quebec.org\/en\/wp-json\/wp\/v2\/posts\/951215","targetHints":{"allow":["GET"]}}],"collection":[{"href":"https:\/\/www.asf-quebec.org\/en\/wp-json\/wp\/v2\/posts"}],"about":[{"href":"https:\/\/www.asf-quebec.org\/en\/wp-json\/wp\/v2\/types\/post"}],"author":[{"embeddable":true,"href":"https:\/\/www.asf-quebec.org\/en\/wp-json\/wp\/v2\/users\/2"}],"replies":[{"embeddable":true,"href":"https:\/\/www.asf-quebec.org\/en\/wp-json\/wp\/v2\/comments?post=951215"}],"version-history":[{"count":0,"href":"https:\/\/www.asf-quebec.org\/en\/wp-json\/wp\/v2\/posts\/951215\/revisions"}],"wp:featuredmedia":[{"embeddable":true,"href":"https:\/\/www.asf-quebec.org\/en\/wp-json\/wp\/v2\/media\/371569"}],"wp:attachment":[{"href":"https:\/\/www.asf-quebec.org\/en\/wp-json\/wp\/v2\/media?parent=951215"}],"wp:term":[{"taxonomy":"category","embeddable":true,"href":"https:\/\/www.asf-quebec.org\/en\/wp-json\/wp\/v2\/categories?post=951215"},{"taxonomy":"post_tag","embeddable":true,"href":"https:\/\/www.asf-quebec.org\/en\/wp-json\/wp\/v2\/tags?post=951215"}],"curies":[{"name":"wp","href":"https:\/\/api.w.org\/{rel}","templated":true}]}}