{"id":951214,"date":"2021-08-27T14:50:19","date_gmt":"2021-08-27T14:50:19","guid":{"rendered":"https:\/\/www.asf-quebec.org\/offre-demploi-architecte-charge-e-de-projet\/"},"modified":"2021-08-27T14:50:19","modified_gmt":"2021-08-27T14:50:19","slug":"offre-demploi-architecte-charge-e-de-projet","status":"publish","type":"post","link":"https:\/\/www.asf-quebec.org\/en\/offre-demploi-architecte-charge-e-de-projet\/","title":{"rendered":"OFFRE D&#8217;EMPLOI : Architecte &#8211; Charg\u00e9.e de projet"},"content":{"rendered":"<h3><em>ASFQ est \u00e0 la recherche d\u2019un.e architecte interm\u00e9diaire pour se joindre \u00e0 un organisme humanitaire et \u00e0 \u00e9chelle humaine. Avec ses talents, son leadership, sa polyvalence et son savoir-\u00eatre, cette personne rendra possible des projets d\u2019impact social, durables, inclusifs, r\u00e9alis\u00e9s dans la coop\u00e9ration internationale et l\u2019habitat autochtone.<\/em><\/h3>\n<p>&nbsp;<\/p>\n<p><strong>L\u2019ORGANISATION :<\/strong><\/p>\n<p>Architecture sans fronti\u00e8res Qu\u00e9bec (ASFQ) est un organisme sp\u00e9cialis\u00e9 dans l\u2019architecture durable et l\u2019assistance aux communaut\u00e9s vuln\u00e9rables. Cr\u00e9\u00e9e en 2007 par l\u2019Ordre des architectes du Qu\u00e9bec, l\u2019organisation d\u00e9veloppe diff\u00e9rents programmes qui travaillent en synergie pour faire intervenir l\u2019organisation dans diff\u00e9rents domaines : la coop\u00e9ration internationale, l\u2019habitat autochtone, la solidarit\u00e9 urbaine, la r\u00e9silience aux inondations, l\u2019\u00e9ducation, l\u2019engagement b\u00e9n\u00e9vole et l\u2019\u00e9conomie circulaire. L\u2019organisation est dirig\u00e9e par un conseil d\u2019administration et compte parmi ses membres les 4 300 architectes de la province, dont elle porte la responsabilit\u00e9 sociale. Membre du r\u00e9seau Architecture sans fronti\u00e8res international, ASFQ compte aussi sur d\u2019autres professionnels du b\u00e2timent, de l\u2019am\u00e9nagement, de l\u2019humanitaire et de nombreux partenaires dans la mise en \u0153uvre de ses programmes.<\/p>\n<p><strong>R\u00c9SUM\u00c9 DU MANDAT :<\/strong><\/p>\n<p>Sous l\u2019autorit\u00e9 de la direction g\u00e9n\u00e9rale et la supervision de la coordonnatrice de projets, la personne titulaire du poste a pour mandat la gestion de projets d\u2019architecture de diverses \u00e9chelles li\u00e9s aux programmes de coop\u00e9ration internationale et d\u2019habitat autochtone de l\u2019organisme, de leur prospection \u00e0 leur r\u00e9alisation. Elle collabore avec des partenaires locaux et des populations parfois d\u00e9favoris\u00e9es. Elle travaille avec une \u00e9thique irr\u00e9prochable, une approche respectueuse des traditions locales et un encadrement sp\u00e9cifique \u00e0 toutes les phases du projet, souvent avec des moyens limit\u00e9s ou des m\u00e9thodes non conventionnelles. Elle collabore avec l\u2019\u00e9quipe de conception interne, d\u2019autres professionnels impliqu\u00e9s, des b\u00e9n\u00e9voles et de coop\u00e9rants volontaires qu\u2019elle supervise. \u00c0 titre de professionnel.le, son expertise aide \u00e0 structurer les programmes, les services offerts, la gestion des projets et d\u2019autres dossiers li\u00e9s \u00e0 l\u2019am\u00e9nagement et au design. Elle offre \u00e9galement son appui aux autres op\u00e9rations de l\u2019organisme, incluant les communications et d\u2019autres programmes. Cette personne a \u00e0 c\u0153ur la mission d\u2019ASFQ et la fait rayonner en mettant \u00e0 profit son leadership.<\/p>\n<p><strong>RESPONSABILIT\u00c9S :<\/strong><\/p>\n<p><strong>D\u00e9veloppement et gestion de projets en coop\u00e9ration internationale et habitat autochtone<\/strong><\/p>\n<ul>\n<li>Veiller au d\u00e9veloppement des projets :\n<ul>\n<li>R\u00e9ception, analyse et s\u00e9lection de propositions de projets;<\/li>\n<li>Consultations des b\u00e9n\u00e9ficiaires et communications avec ces derniers;<\/li>\n<li>D\u00e9veloppement de partenariats;<\/li>\n<li>R\u00e9aliser occasionnellement de courtes missions \u00e0 l\u2019international ou en communaut\u00e9s autochtones au Qu\u00e9bec, en r\u00e9alisant sur site relev\u00e9s, \u00e9tudes pr\u00e9paratoires, consultations et recherches;<\/li>\n<li>G\u00e9rer et coordonner toutes les phases du projet d\u2019architecture (v\u00e9rifications des normes applicables, conception, estimations, planification de l\u2019\u00e9ch\u00e9ancier, mise en \u0153uvre, suivis de chantier; \u00e9laboration des contrats de services ou de construction, gestion des processus d\u2019appel d\u2019offres et gestion des fournisseurs de services et des entrepreneurs en construction; au besoin, acquisition et gestion des fournitures et des mat\u00e9riaux de construction n\u00e9cessaires \u00e0 la r\u00e9alisation des projets);<\/li>\n<li>Collaborer avec l\u2019\u00e9quipe professionnelle et les partenaires dans la r\u00e9alisation des phases du projet;<\/li>\n<\/ul>\n<\/li>\n<li>Coordonner les relations entre les diff\u00e9rents partenaires impliqu\u00e9s dans chaque projet;<\/li>\n<li>\u00c9laborer et g\u00e9rer les budgets des projets, en collaboration avec l\u2019\u00e9quipe ASFQ;<\/li>\n<li>Participer au recrutement, \u00e0 la supervision et \u00e0 la formation de b\u00e9n\u00e9voles;<\/li>\n<li>Organiser des charrettes de conception avec des partenaires;<\/li>\n<li>Rendre des comptes sur les avancements des projets ou lors de r\u00e9unions d\u2019\u00e9quipe;<\/li>\n<li>Assurer la cl\u00f4ture de chaque projet, dont le suivi\/\u00e9valuation et la r\u00e9daction de rapports finaux.<\/li>\n<\/ul>\n<p><strong>Appui aux op\u00e9rations\u00a0:<\/strong><\/p>\n<ul>\n<li>Offrir un appui technique g\u00e9n\u00e9ral pour l\u2019\u00e9quipe d\u2019ASFQ pour toute question concernant l\u2019architecture (recherches techniques, coordination avec des experts pour la recherche de solutions, etc.);<\/li>\n<li>Identifier des opportunit\u00e9s strat\u00e9giques et proposer des recommandations \u00e0 l\u2019\u00e9quipe pour am\u00e9liorer le fonctionnement et le d\u00e9veloppement de l\u2019organisation et de ses projets;<\/li>\n<li>Appuyer la communication de contenus \u00e0 diffuser et l\u2019organisation d\u2019\u00e9v\u00e9nements en lien avec les programmes et les projets;<\/li>\n<li>Repr\u00e9senter l\u2019organisation aupr\u00e8s de diff\u00e9rentes parties prenantes;<\/li>\n<li>Effectuer toutes autres t\u00e2ches connexes.<\/li>\n<\/ul>\n<p><strong>QUALIFICATIONS ET EXP\u00c9RIENCES REQUISES\u00a0:<\/strong><\/p>\n<ul>\n<li>Architecte MOAQ interm\u00e9diaire;<\/li>\n<li>Minimum de 4 ann\u00e9es d\u2019exp\u00e9riences pertinentes en architecture et gestion de projets;<\/li>\n<li>Exp\u00e9rience en coop\u00e9ration internationale et\/ou aupr\u00e8s des communaut\u00e9s autochtones<\/li>\n<li>Connaissance technique des assemblages et m\u00e9thodes constructives avec des mat\u00e9riaux locaux<\/li>\n<li>Ma\u00eetrise des logiciels suivants : Sketchup pro, Suite Adobe, AutoCAD, Revit, Suite Office, Suite Google;<\/li>\n<li>Leadership, entregent et excellentes aptitudes relationnelles;<\/li>\n<li>Capacit\u00e9 \u00e0 travailler en petite \u00e9quipe coll\u00e9giale;<\/li>\n<li>Aisance \u00e0 prendre la parole en public avec aptitudes p\u00e9dagogiques;<\/li>\n<li>Grande autonomie, polyvalence et capacit\u00e9 d\u2019adaptation;<\/li>\n<li>Esprit centr\u00e9 sur les solutions;<\/li>\n<li>Cr\u00e9ativit\u00e9, ing\u00e9niosit\u00e9 et aptitude \u00e0 cr\u00e9er de nouveaux espaces;<\/li>\n<li>Parfaite ma\u00eetrise du fran\u00e7ais parl\u00e9 et \u00e9crit;<\/li>\n<li>Excellente ma\u00eetrise de l\u2019anglais parl\u00e9 et \u00e9crit.<\/li>\n<\/ul>\n<p><strong>\u00a0<\/strong><strong>ATOUTS\u00a0:<\/strong><\/p>\n<ul>\n<li>Connaissance de la r\u00e9alit\u00e9 des OBNL<\/li>\n<li>Connaissance des r\u00e9alit\u00e9s autochtones du Qu\u00e9bec et du secteur de la coop\u00e9ration internationale;<\/li>\n<li>Connaissance d\u2019autres domaines d\u2019intervention d\u2019ASFQ (solidarit\u00e9 urbaine, r\u00e9silience aux inondations, d\u00e9veloppement durable, r\u00e9emploi de mat\u00e9riaux, etc.);<\/li>\n<li>Exp\u00e9rience dans la gestion de b\u00e9n\u00e9voles;<\/li>\n<\/ul>\n<p><strong>CONDITIONS ET CONTEXTE DE TRAVAIL :<\/strong><\/p>\n<ul>\n<li>Poste permanent 35h\/semaine;<\/li>\n<li>Dur\u00e9e du contrat : 1 an avec possibilit\u00e9 de permanence;<\/li>\n<li>Entr\u00e9e en poste : d\u00e8s que possible<\/li>\n<li>Travail \u00e0 partir des bureaux d\u2019ASFQ;<\/li>\n<li>Disponibilit\u00e9s ponctuelles en soir\u00e9e pour des comit\u00e9s ou d\u2019autres activit\u00e9s;<\/li>\n<li>Croissance professionnelle et formation continue chaque ann\u00e9e;<\/li>\n<li>Assurances et cotisation OAQ couvertes par l\u2019organisme;<\/li>\n<li>2 semaines de vacances estivales;<\/li>\n<li>2 semaines de cong\u00e9s sp\u00e9ciaux;<\/li>\n<li>Fermeture du bureau 2 semaines durant le temps des F\u00eates.<\/li>\n<\/ul>\n<p><strong>POUR POSTULER\u00a0: <\/strong><\/p>\n<p>Envoyez votre <strong>CV<\/strong>, votre <strong>lettre de motivation<\/strong> et votre<strong> portfolio <\/strong>en format PDF \u00e0 <a href=\"mailto:dotation@asf-quebec.org\">dotation@asf-quebec.org<\/a> d\u2019ici <strong>lundi 20 septembre 2021, \u00e0 10h,<\/strong> en indiquant le titre du poste dans l\u2019objet du courriel. Toutes les candidatures seront \u00e9valu\u00e9es et seules celles retenues seront contact\u00e9es pour entrevues.<\/p>\n<p>Toutes les candidatures seront \u00e9valu\u00e9es et seules les personnes retenues seront contact\u00e9es pour des entrevues. Les entrevues auront lieu la semaine du <strong>20 septembre<\/strong> ou la suivante.<\/p>\n","protected":false},"excerpt":{"rendered":"<p>ASFQ est \u00e0 la recherche d\u2019un.e architecte interm\u00e9diaire pour se <a href=\"https:\/\/www.asf-quebec.org\/en\/offre-demploi-architecte-charge-e-de-projet\/\"> [&#8230;]<\/a><\/p>\n","protected":false},"author":8,"featured_media":465502,"comment_status":"closed","ping_status":"closed","sticky":false,"template":"","format":"standard","meta":{"_acf_changed":false,"footnotes":""},"categories":[37],"tags":[49],"class_list":["post-951214","post","type-post","status-publish","format-standard","has-post-thumbnail","hentry","category-news","tag-ci-en"],"acf":[],"yoast_head":"<!-- This site is optimized with the Yoast SEO plugin v26.8 - https:\/\/yoast.com\/product\/yoast-seo-wordpress\/ -->\n<title>OFFRE D&#039;EMPLOI : Architecte - Charg\u00e9.e de projet - Architecture Sans Fronti\u00e8res Qu\u00e9bec %<\/title>\n<meta name=\"description\" content=\"OFFRE D&#039;EMPLOI : Architecte - Charg\u00e9.e de projet\" \/>\n<meta name=\"robots\" content=\"index, follow, max-snippet:-1, max-image-preview:large, max-video-preview:-1\" \/>\n<link rel=\"canonical\" href=\"https:\/\/www.asf-quebec.org\/en\/offre-demploi-architecte-charge-e-de-projet\/\" \/>\n<meta property=\"og:locale\" content=\"en_US\" \/>\n<meta property=\"og:type\" content=\"article\" \/>\n<meta property=\"og:title\" content=\"OFFRE D&#039;EMPLOI : Architecte - Charg\u00e9.e de projet - Architecture Sans Fronti\u00e8res Qu\u00e9bec %\" \/>\n<meta property=\"og:description\" content=\"OFFRE D&#039;EMPLOI : Architecte - Charg\u00e9.e de projet\" \/>\n<meta property=\"og:url\" content=\"https:\/\/www.asf-quebec.org\/en\/offre-demploi-architecte-charge-e-de-projet\/\" \/>\n<meta property=\"og:site_name\" content=\"Architecture Sans Fronti\u00e8res Qu\u00e9bec\" \/>\n<meta property=\"article:publisher\" content=\"https:\/\/www.facebook.com\/architecturesansfrontieres\/\" \/>\n<meta property=\"article:published_time\" content=\"2021-08-27T14:50:19+00:00\" \/>\n<meta name=\"author\" content=\"M\u00e9lanie Huneault\" \/>\n<meta name=\"twitter:card\" content=\"summary_large_image\" \/>\n<meta name=\"twitter:label1\" content=\"Written by\" \/>\n\t<meta name=\"twitter:data1\" content=\"M\u00e9lanie Huneault\" \/>\n\t<meta name=\"twitter:label2\" content=\"Est. reading time\" \/>\n\t<meta name=\"twitter:data2\" content=\"5 minutes\" \/>\n<script type=\"application\/ld+json\" class=\"yoast-schema-graph\">{\"@context\":\"https:\/\/schema.org\",\"@graph\":[{\"@type\":\"Article\",\"@id\":\"https:\/\/www.asf-quebec.org\/en\/offre-demploi-architecte-charge-e-de-projet\/#article\",\"isPartOf\":{\"@id\":\"https:\/\/www.asf-quebec.org\/en\/offre-demploi-architecte-charge-e-de-projet\/\"},\"author\":{\"name\":\"M\u00e9lanie Huneault\",\"@id\":\"https:\/\/www.asf-quebec.org\/en\/#\/schema\/person\/66d3bc862a8de7e0417181e935e4f689\"},\"headline\":\"OFFRE D&#8217;EMPLOI : Architecte &#8211; Charg\u00e9.e de projet\",\"datePublished\":\"2021-08-27T14:50:19+00:00\",\"mainEntityOfPage\":{\"@id\":\"https:\/\/www.asf-quebec.org\/en\/offre-demploi-architecte-charge-e-de-projet\/\"},\"wordCount\":1098,\"publisher\":{\"@id\":\"https:\/\/www.asf-quebec.org\/en\/#organization\"},\"image\":{\"@id\":\"https:\/\/www.asf-quebec.org\/en\/offre-demploi-architecte-charge-e-de-projet\/#primaryimage\"},\"thumbnailUrl\":\"https:\/\/www.asf-quebec.org\/wp-content\/uploads\/2021\/08\/Image-embauche-2.jpg\",\"keywords\":[\"CI\"],\"articleSection\":[\"News\"],\"inLanguage\":\"en-US\"},{\"@type\":\"WebPage\",\"@id\":\"https:\/\/www.asf-quebec.org\/en\/offre-demploi-architecte-charge-e-de-projet\/\",\"url\":\"https:\/\/www.asf-quebec.org\/en\/offre-demploi-architecte-charge-e-de-projet\/\",\"name\":\"OFFRE D'EMPLOI : Architecte - Charg\u00e9.e de projet - Architecture Sans Fronti\u00e8res Qu\u00e9bec %\",\"isPartOf\":{\"@id\":\"https:\/\/www.asf-quebec.org\/en\/#website\"},\"primaryImageOfPage\":{\"@id\":\"https:\/\/www.asf-quebec.org\/en\/offre-demploi-architecte-charge-e-de-projet\/#primaryimage\"},\"image\":{\"@id\":\"https:\/\/www.asf-quebec.org\/en\/offre-demploi-architecte-charge-e-de-projet\/#primaryimage\"},\"thumbnailUrl\":\"https:\/\/www.asf-quebec.org\/wp-content\/uploads\/2021\/08\/Image-embauche-2.jpg\",\"datePublished\":\"2021-08-27T14:50:19+00:00\",\"description\":\"OFFRE D'EMPLOI : Architecte - Charg\u00e9.e de projet\",\"breadcrumb\":{\"@id\":\"https:\/\/www.asf-quebec.org\/en\/offre-demploi-architecte-charge-e-de-projet\/#breadcrumb\"},\"inLanguage\":\"en-US\",\"potentialAction\":[{\"@type\":\"ReadAction\",\"target\":[\"https:\/\/www.asf-quebec.org\/en\/offre-demploi-architecte-charge-e-de-projet\/\"]}]},{\"@type\":\"ImageObject\",\"inLanguage\":\"en-US\",\"@id\":\"https:\/\/www.asf-quebec.org\/en\/offre-demploi-architecte-charge-e-de-projet\/#primaryimage\",\"url\":\"https:\/\/www.asf-quebec.org\/wp-content\/uploads\/2021\/08\/Image-embauche-2.jpg\",\"contentUrl\":\"https:\/\/www.asf-quebec.org\/wp-content\/uploads\/2021\/08\/Image-embauche-2.jpg\",\"width\":1200,\"height\":630},{\"@type\":\"BreadcrumbList\",\"@id\":\"https:\/\/www.asf-quebec.org\/en\/offre-demploi-architecte-charge-e-de-projet\/#breadcrumb\",\"itemListElement\":[{\"@type\":\"ListItem\",\"position\":1,\"name\":\"Accueil\",\"item\":\"https:\/\/www.asf-quebec.org\/en\/\"},{\"@type\":\"ListItem\",\"position\":2,\"name\":\"OFFRE D&rsquo;EMPLOI : Architecte &#8211; Charg\u00e9.e de projet\"}]},{\"@type\":\"WebSite\",\"@id\":\"https:\/\/www.asf-quebec.org\/en\/#website\",\"url\":\"https:\/\/www.asf-quebec.org\/en\/\",\"name\":\"Architecture sans fronti\u00e8res Qu\u00e9bec\",\"description\":\"ASFQ\",\"publisher\":{\"@id\":\"https:\/\/www.asf-quebec.org\/en\/#organization\"},\"potentialAction\":[{\"@type\":\"SearchAction\",\"target\":{\"@type\":\"EntryPoint\",\"urlTemplate\":\"https:\/\/www.asf-quebec.org\/en\/?s={search_term_string}\"},\"query-input\":{\"@type\":\"PropertyValueSpecification\",\"valueRequired\":true,\"valueName\":\"search_term_string\"}}],\"inLanguage\":\"en-US\"},{\"@type\":\"Organization\",\"@id\":\"https:\/\/www.asf-quebec.org\/en\/#organization\",\"name\":\"Architecture sans fronti\u00e8res Qu\u00e9bec (ASFQ)\",\"url\":\"https:\/\/www.asf-quebec.org\/en\/\",\"logo\":{\"@type\":\"ImageObject\",\"inLanguage\":\"en-US\",\"@id\":\"https:\/\/www.asf-quebec.org\/en\/#\/schema\/logo\/image\/\",\"url\":\"https:\/\/www.asf-quebec.org\/wp-content\/uploads\/2019\/07\/Logo-asfq-retina.jpg\",\"contentUrl\":\"https:\/\/www.asf-quebec.org\/wp-content\/uploads\/2019\/07\/Logo-asfq-retina.jpg\",\"width\":564,\"height\":219,\"caption\":\"Architecture sans fronti\u00e8res Qu\u00e9bec (ASFQ)\"},\"image\":{\"@id\":\"https:\/\/www.asf-quebec.org\/en\/#\/schema\/logo\/image\/\"},\"sameAs\":[\"https:\/\/www.facebook.com\/architecturesansfrontieres\/\",\"https:\/\/www.instagram.com\/asfquebec\/\",\"https:\/\/www.linkedin.com\/company\/asf-quebec\/\"]},{\"@type\":\"Person\",\"@id\":\"https:\/\/www.asf-quebec.org\/en\/#\/schema\/person\/66d3bc862a8de7e0417181e935e4f689\",\"name\":\"M\u00e9lanie Huneault\",\"image\":{\"@type\":\"ImageObject\",\"inLanguage\":\"en-US\",\"@id\":\"https:\/\/www.asf-quebec.org\/en\/#\/schema\/person\/image\/\",\"url\":\"https:\/\/secure.gravatar.com\/avatar\/4bdb945d13b24a643bae4144e75b726b2f341a055fa1f567646fc520a4bf12f4?s=96&d=mm&r=g\",\"contentUrl\":\"https:\/\/secure.gravatar.com\/avatar\/4bdb945d13b24a643bae4144e75b726b2f341a055fa1f567646fc520a4bf12f4?s=96&d=mm&r=g\",\"caption\":\"M\u00e9lanie Huneault\"}}]}<\/script>\n<!-- \/ Yoast SEO plugin. -->","yoast_head_json":{"title":"OFFRE D'EMPLOI : Architecte - Charg\u00e9.e de projet - Architecture Sans Fronti\u00e8res Qu\u00e9bec %","description":"OFFRE D'EMPLOI : Architecte - Charg\u00e9.e de projet","robots":{"index":"index","follow":"follow","max-snippet":"max-snippet:-1","max-image-preview":"max-image-preview:large","max-video-preview":"max-video-preview:-1"},"canonical":"https:\/\/www.asf-quebec.org\/en\/offre-demploi-architecte-charge-e-de-projet\/","og_locale":"en_US","og_type":"article","og_title":"OFFRE D'EMPLOI : Architecte - Charg\u00e9.e de projet - Architecture Sans Fronti\u00e8res Qu\u00e9bec %","og_description":"OFFRE D'EMPLOI : Architecte - Charg\u00e9.e de projet","og_url":"https:\/\/www.asf-quebec.org\/en\/offre-demploi-architecte-charge-e-de-projet\/","og_site_name":"Architecture Sans Fronti\u00e8res Qu\u00e9bec","article_publisher":"https:\/\/www.facebook.com\/architecturesansfrontieres\/","article_published_time":"2021-08-27T14:50:19+00:00","author":"M\u00e9lanie Huneault","twitter_card":"summary_large_image","twitter_misc":{"Written by":"M\u00e9lanie Huneault","Est. reading time":"5 minutes"},"schema":{"@context":"https:\/\/schema.org","@graph":[{"@type":"Article","@id":"https:\/\/www.asf-quebec.org\/en\/offre-demploi-architecte-charge-e-de-projet\/#article","isPartOf":{"@id":"https:\/\/www.asf-quebec.org\/en\/offre-demploi-architecte-charge-e-de-projet\/"},"author":{"name":"M\u00e9lanie Huneault","@id":"https:\/\/www.asf-quebec.org\/en\/#\/schema\/person\/66d3bc862a8de7e0417181e935e4f689"},"headline":"OFFRE D&#8217;EMPLOI : Architecte &#8211; Charg\u00e9.e de projet","datePublished":"2021-08-27T14:50:19+00:00","mainEntityOfPage":{"@id":"https:\/\/www.asf-quebec.org\/en\/offre-demploi-architecte-charge-e-de-projet\/"},"wordCount":1098,"publisher":{"@id":"https:\/\/www.asf-quebec.org\/en\/#organization"},"image":{"@id":"https:\/\/www.asf-quebec.org\/en\/offre-demploi-architecte-charge-e-de-projet\/#primaryimage"},"thumbnailUrl":"https:\/\/www.asf-quebec.org\/wp-content\/uploads\/2021\/08\/Image-embauche-2.jpg","keywords":["CI"],"articleSection":["News"],"inLanguage":"en-US"},{"@type":"WebPage","@id":"https:\/\/www.asf-quebec.org\/en\/offre-demploi-architecte-charge-e-de-projet\/","url":"https:\/\/www.asf-quebec.org\/en\/offre-demploi-architecte-charge-e-de-projet\/","name":"OFFRE D'EMPLOI : Architecte - Charg\u00e9.e de projet - Architecture Sans Fronti\u00e8res Qu\u00e9bec %","isPartOf":{"@id":"https:\/\/www.asf-quebec.org\/en\/#website"},"primaryImageOfPage":{"@id":"https:\/\/www.asf-quebec.org\/en\/offre-demploi-architecte-charge-e-de-projet\/#primaryimage"},"image":{"@id":"https:\/\/www.asf-quebec.org\/en\/offre-demploi-architecte-charge-e-de-projet\/#primaryimage"},"thumbnailUrl":"https:\/\/www.asf-quebec.org\/wp-content\/uploads\/2021\/08\/Image-embauche-2.jpg","datePublished":"2021-08-27T14:50:19+00:00","description":"OFFRE D'EMPLOI : Architecte - Charg\u00e9.e de projet","breadcrumb":{"@id":"https:\/\/www.asf-quebec.org\/en\/offre-demploi-architecte-charge-e-de-projet\/#breadcrumb"},"inLanguage":"en-US","potentialAction":[{"@type":"ReadAction","target":["https:\/\/www.asf-quebec.org\/en\/offre-demploi-architecte-charge-e-de-projet\/"]}]},{"@type":"ImageObject","inLanguage":"en-US","@id":"https:\/\/www.asf-quebec.org\/en\/offre-demploi-architecte-charge-e-de-projet\/#primaryimage","url":"https:\/\/www.asf-quebec.org\/wp-content\/uploads\/2021\/08\/Image-embauche-2.jpg","contentUrl":"https:\/\/www.asf-quebec.org\/wp-content\/uploads\/2021\/08\/Image-embauche-2.jpg","width":1200,"height":630},{"@type":"BreadcrumbList","@id":"https:\/\/www.asf-quebec.org\/en\/offre-demploi-architecte-charge-e-de-projet\/#breadcrumb","itemListElement":[{"@type":"ListItem","position":1,"name":"Accueil","item":"https:\/\/www.asf-quebec.org\/en\/"},{"@type":"ListItem","position":2,"name":"OFFRE D&rsquo;EMPLOI : Architecte &#8211; Charg\u00e9.e de projet"}]},{"@type":"WebSite","@id":"https:\/\/www.asf-quebec.org\/en\/#website","url":"https:\/\/www.asf-quebec.org\/en\/","name":"Architecture sans fronti\u00e8res Qu\u00e9bec","description":"ASFQ","publisher":{"@id":"https:\/\/www.asf-quebec.org\/en\/#organization"},"potentialAction":[{"@type":"SearchAction","target":{"@type":"EntryPoint","urlTemplate":"https:\/\/www.asf-quebec.org\/en\/?s={search_term_string}"},"query-input":{"@type":"PropertyValueSpecification","valueRequired":true,"valueName":"search_term_string"}}],"inLanguage":"en-US"},{"@type":"Organization","@id":"https:\/\/www.asf-quebec.org\/en\/#organization","name":"Architecture sans fronti\u00e8res Qu\u00e9bec (ASFQ)","url":"https:\/\/www.asf-quebec.org\/en\/","logo":{"@type":"ImageObject","inLanguage":"en-US","@id":"https:\/\/www.asf-quebec.org\/en\/#\/schema\/logo\/image\/","url":"https:\/\/www.asf-quebec.org\/wp-content\/uploads\/2019\/07\/Logo-asfq-retina.jpg","contentUrl":"https:\/\/www.asf-quebec.org\/wp-content\/uploads\/2019\/07\/Logo-asfq-retina.jpg","width":564,"height":219,"caption":"Architecture sans fronti\u00e8res Qu\u00e9bec (ASFQ)"},"image":{"@id":"https:\/\/www.asf-quebec.org\/en\/#\/schema\/logo\/image\/"},"sameAs":["https:\/\/www.facebook.com\/architecturesansfrontieres\/","https:\/\/www.instagram.com\/asfquebec\/","https:\/\/www.linkedin.com\/company\/asf-quebec\/"]},{"@type":"Person","@id":"https:\/\/www.asf-quebec.org\/en\/#\/schema\/person\/66d3bc862a8de7e0417181e935e4f689","name":"M\u00e9lanie Huneault","image":{"@type":"ImageObject","inLanguage":"en-US","@id":"https:\/\/www.asf-quebec.org\/en\/#\/schema\/person\/image\/","url":"https:\/\/secure.gravatar.com\/avatar\/4bdb945d13b24a643bae4144e75b726b2f341a055fa1f567646fc520a4bf12f4?s=96&d=mm&r=g","contentUrl":"https:\/\/secure.gravatar.com\/avatar\/4bdb945d13b24a643bae4144e75b726b2f341a055fa1f567646fc520a4bf12f4?s=96&d=mm&r=g","caption":"M\u00e9lanie Huneault"}}]}},"_links":{"self":[{"href":"https:\/\/www.asf-quebec.org\/en\/wp-json\/wp\/v2\/posts\/951214","targetHints":{"allow":["GET"]}}],"collection":[{"href":"https:\/\/www.asf-quebec.org\/en\/wp-json\/wp\/v2\/posts"}],"about":[{"href":"https:\/\/www.asf-quebec.org\/en\/wp-json\/wp\/v2\/types\/post"}],"author":[{"embeddable":true,"href":"https:\/\/www.asf-quebec.org\/en\/wp-json\/wp\/v2\/users\/8"}],"replies":[{"embeddable":true,"href":"https:\/\/www.asf-quebec.org\/en\/wp-json\/wp\/v2\/comments?post=951214"}],"version-history":[{"count":0,"href":"https:\/\/www.asf-quebec.org\/en\/wp-json\/wp\/v2\/posts\/951214\/revisions"}],"wp:featuredmedia":[{"embeddable":true,"href":"https:\/\/www.asf-quebec.org\/en\/wp-json\/wp\/v2\/media\/465502"}],"wp:attachment":[{"href":"https:\/\/www.asf-quebec.org\/en\/wp-json\/wp\/v2\/media?parent=951214"}],"wp:term":[{"taxonomy":"category","embeddable":true,"href":"https:\/\/www.asf-quebec.org\/en\/wp-json\/wp\/v2\/categories?post=951214"},{"taxonomy":"post_tag","embeddable":true,"href":"https:\/\/www.asf-quebec.org\/en\/wp-json\/wp\/v2\/tags?post=951214"}],"curies":[{"name":"wp","href":"https:\/\/api.w.org\/{rel}","templated":true}]}}