{"id":951211,"date":"2021-09-16T15:32:27","date_gmt":"2021-09-16T15:32:27","guid":{"rendered":"https:\/\/www.asf-quebec.org\/seisme-a-haiti-appel-a-la-solidarite-et-a-la-reconstruction-durable\/"},"modified":"2021-09-16T15:32:27","modified_gmt":"2021-09-16T15:32:27","slug":"seisme-a-haiti-appel-a-la-solidarite-et-a-la-reconstruction-durable","status":"publish","type":"post","link":"https:\/\/www.asf-quebec.org\/en\/seisme-a-haiti-appel-a-la-solidarite-et-a-la-reconstruction-durable\/","title":{"rendered":"S\u00e9isme \u00e0 Ha\u00efti : appel \u00e0 la solidarit\u00e9 et \u00e0 la reconstruction durable"},"content":{"rendered":"<h3><em><strong>Solidaire d\u2019Ha\u00efti depuis des ann\u00e9es, toute notre \u00e9quipe souhaite adresser ses pens\u00e9es les plus sinc\u00e8res au peuple ha\u00eftien suite au s\u00e9isme du 14 ao\u00fbt dernier. Devant l\u2019ampleur des d\u00e9g\u00e2ts, ASFQ invite tous ses membres \u00e0 donner g\u00e9n\u00e9reusement et souligne l\u2019importance, pour tous les partenaires qui appuieront la reconstruction, d&#8217;\u0153uvrer avec des m\u00e9thodes de conception antisismiques dans une perspective de p\u00e9rennit\u00e9.<\/strong><\/em><\/h3>\n<p>&nbsp;<\/p>\n<p>D&#8217;une magnitude de 7,2, le s\u00e9isme a frapp\u00e9 la p\u00e9ninsule de Tiburon. Au moins 2 250 personnes ont perdu la vie et plus de 12 000 ont \u00e9t\u00e9 bless\u00e9es. Au moins 136 800 b\u00e2timents ont \u00e9t\u00e9 endommag\u00e9s ou compl\u00e8tement d\u00e9truits. Catastrophe naturelle la plus meurtri\u00e8re de 2021, c&#8217;est aussi la pire qui \u00e0 frapper Ha\u00efti depuis le s\u00e9isme de 2010, dans un contexte o\u00f9 le pays traverse aujourd&#8217;hui une crise sociale et politique importante. L&#8217;UNICEF estime que plus d&#8217;un demi-million seront affect\u00e9s par les cons\u00e9quences de l&#8217;incident.<\/p>\n<p>La Direction g\u00e9n\u00e9rale de la protection civile ha\u00eftienne (DGPC) a tr\u00e8s t\u00f4t mis en garde contre une possible crise humanitaire d&#8217;une grande ampleur r\u00e9sultant du s\u00e9isme et de nombreuses organisations locales et internationales sont depuis \u00e0 pied d&#8217;oeuvre. Un mois apr\u00e8s le s\u00e9isme, les actions d&#8217;urgence imm\u00e9diate sont toujours d\u2019actualit\u00e9, notamment dans les zones rurales les plus recul\u00e9es o\u00f9 l\u2019aide de l\u2019\u00c9tat n\u2019est toujours pas arriv\u00e9e. La population a besoin de vivres, d\u2019eau, d\u2019abris et d&#8217;autres services essentiels.<\/p>\n<p>La reconstruction, pour sa part, viendra plus tard. Il s&#8217;agira encore une fois d&#8217;un processus \u00e0 long terme. Diff\u00e9rentes organisations internationales s&#8217;engagent d\u00e9j\u00e0 dans cette voie, comme USAID qui fournira 32 millions de dollars d&#8217;aide \u00e9trang\u00e8re \u00e0 Ha\u00efti pour les efforts de reconstruction. Il faudra \u00e0 tout prix \u00e9viter de reconstruire \u00e0 l&#8217;identique, ce qui signifierait d&#8217;exposer encore une fois les habitants aux m\u00eames risques d&#8217;effondrements. Les professionnels de l&#8217;architecture et du b\u00e2timent, qu&#8217;ils soient locaux et internationaux, pourront-ils apporter leur contribution? Certainement et ce en appuyant des programmes valorisant des conceptions antisismiques simples et adapt\u00e9es aux moyens locaux.<\/p>\n<p>Un petit succ\u00e8s vaut d&#8217;ailleurs la peine d&#8217;\u00eatre soulign\u00e9. Un groupe de 25 habitations, construites dans la r\u00e9gion de Cavaillon selon des principes antisismiques, sont sorties indemnes du tremblement de terre, comme le rapportait <em>La Presse<\/em> dans <a href=\"https:\/\/www.lapresse.ca\/international\/caraibes\/2021-08-19\/la-presse-en-haiti\/des-maisons-ont-passe-le-test-du-seisme.php\">un article r\u00e9cent<\/a>. Il s&#8217;agit de maisons \u00e9rig\u00e9es suite \u00e0 l&#8217;ouragan Matthew de 2016, dans le cadre du programme de l\u2019Institut de technologie et d\u2019animation (ITECA). Ce programme avait \u00e9t\u00e9 parrain\u00e9 par D\u00e9veloppement et paix, financ\u00e9 par Affaires mondiales Canada et pour lesquelles ASFQ avait pour sa part financ\u00e9 un envoi de mat\u00e9riaux dans le cadre de son intervention nomm\u00e9e &#8220;<a href=\"https:\/\/www.asf-quebec.org\/en\/portfolio-items\/un-toit-pour-haiti\/\">Un toit pour Ha\u00efti<\/a>&#8221; pour fabriquer plusieurs des toitures de ces habitations. D&#8217;une \u00e9chelle humble, ce cas montre l&#8217;exemple d&#8217;une reconstruction durable, abordable et participative qui pourrait envisag\u00e9e.<\/p>\n<p>L&#8217;\u00e9quipe d&#8217;ASFQ suivra de pr\u00e8s le travail des partenaires et professionnels locaux pour d\u00e9terminer comment apporter sa contribution \u00e0 l&#8217;int\u00e9rieur de projets soucieux d&#8217;une architecture de qualit\u00e9, capable de prot\u00e9ger les g\u00e9n\u00e9rations futures et d&#8217;\u00e9viter de r\u00e9p\u00e9ter les erreurs du pass\u00e9. D&#8217;ici l\u00e0, les besoins essentiels des sinistr\u00e9s demeurent immenses et ASFQ invite tous ses membres et sympathisants \u00e0 donner \u00e0 la Coalition humanitaire du Canada.<\/p>\n<h3><a href=\"http:\/\/www.coalitionhumanitaire.ca\">Donnez g\u00e9n\u00e9reusement<\/a><\/h3>\n","protected":false},"excerpt":{"rendered":"<p>Solidaire d\u2019Ha\u00efti depuis des ann\u00e9es, toute notre \u00e9quipe souhaite adresser <a href=\"https:\/\/www.asf-quebec.org\/en\/seisme-a-haiti-appel-a-la-solidarite-et-a-la-reconstruction-durable\/\"> [&#8230;]<\/a><\/p>\n","protected":false},"author":2,"featured_media":489310,"comment_status":"closed","ping_status":"closed","sticky":false,"template":"","format":"standard","meta":{"_acf_changed":false,"footnotes":""},"categories":[37],"tags":[49],"class_list":["post-951211","post","type-post","status-publish","format-standard","has-post-thumbnail","hentry","category-news","tag-ci-en"],"acf":[],"yoast_head":"<!-- This site is optimized with the Yoast SEO plugin v26.8 - https:\/\/yoast.com\/product\/yoast-seo-wordpress\/ -->\n<title>S\u00e9isme \u00e0 Ha\u00efti : appel \u00e0 la solidarit\u00e9 et \u00e0 la reconstruction durable - Architecture Sans Fronti\u00e8res Qu\u00e9bec %<\/title>\n<meta name=\"description\" content=\"S\u00e9isme \u00e0 Ha\u00efti : appel \u00e0 la solidarit\u00e9 et \u00e0 la reconstruction durable\" \/>\n<meta name=\"robots\" content=\"index, follow, max-snippet:-1, max-image-preview:large, max-video-preview:-1\" \/>\n<link rel=\"canonical\" href=\"https:\/\/www.asf-quebec.org\/en\/seisme-a-haiti-appel-a-la-solidarite-et-a-la-reconstruction-durable\/\" \/>\n<meta property=\"og:locale\" content=\"en_US\" \/>\n<meta property=\"og:type\" content=\"article\" \/>\n<meta property=\"og:title\" content=\"S\u00e9isme \u00e0 Ha\u00efti : appel \u00e0 la solidarit\u00e9 et \u00e0 la reconstruction durable - Architecture Sans Fronti\u00e8res Qu\u00e9bec %\" \/>\n<meta property=\"og:description\" content=\"S\u00e9isme \u00e0 Ha\u00efti : appel \u00e0 la solidarit\u00e9 et \u00e0 la reconstruction durable\" \/>\n<meta property=\"og:url\" content=\"https:\/\/www.asf-quebec.org\/en\/seisme-a-haiti-appel-a-la-solidarite-et-a-la-reconstruction-durable\/\" \/>\n<meta property=\"og:site_name\" content=\"Architecture Sans Fronti\u00e8res Qu\u00e9bec\" \/>\n<meta property=\"article:publisher\" content=\"https:\/\/www.facebook.com\/architecturesansfrontieres\/\" \/>\n<meta property=\"article:published_time\" content=\"2021-09-16T15:32:27+00:00\" \/>\n<meta name=\"author\" content=\"asf-quebec\" \/>\n<meta name=\"twitter:card\" content=\"summary_large_image\" \/>\n<meta name=\"twitter:label1\" content=\"Written by\" \/>\n\t<meta name=\"twitter:data1\" content=\"asf-quebec\" \/>\n\t<meta name=\"twitter:label2\" content=\"Est. reading time\" \/>\n\t<meta name=\"twitter:data2\" content=\"3 minutes\" \/>\n<script type=\"application\/ld+json\" class=\"yoast-schema-graph\">{\"@context\":\"https:\/\/schema.org\",\"@graph\":[{\"@type\":\"Article\",\"@id\":\"https:\/\/www.asf-quebec.org\/en\/seisme-a-haiti-appel-a-la-solidarite-et-a-la-reconstruction-durable\/#article\",\"isPartOf\":{\"@id\":\"https:\/\/www.asf-quebec.org\/en\/seisme-a-haiti-appel-a-la-solidarite-et-a-la-reconstruction-durable\/\"},\"author\":{\"name\":\"asf-quebec\",\"@id\":\"https:\/\/www.asf-quebec.org\/en\/#\/schema\/person\/9655911da321e5e7c39708ae5de28d6a\"},\"headline\":\"S\u00e9isme \u00e0 Ha\u00efti : appel \u00e0 la solidarit\u00e9 et \u00e0 la reconstruction durable\",\"datePublished\":\"2021-09-16T15:32:27+00:00\",\"mainEntityOfPage\":{\"@id\":\"https:\/\/www.asf-quebec.org\/en\/seisme-a-haiti-appel-a-la-solidarite-et-a-la-reconstruction-durable\/\"},\"wordCount\":613,\"publisher\":{\"@id\":\"https:\/\/www.asf-quebec.org\/en\/#organization\"},\"image\":{\"@id\":\"https:\/\/www.asf-quebec.org\/en\/seisme-a-haiti-appel-a-la-solidarite-et-a-la-reconstruction-durable\/#primaryimage\"},\"thumbnailUrl\":\"https:\/\/www.asf-quebec.org\/wp-content\/uploads\/2021\/09\/Haiti_Earthquake_9.jpeg\",\"keywords\":[\"CI\"],\"articleSection\":[\"News\"],\"inLanguage\":\"en-US\"},{\"@type\":\"WebPage\",\"@id\":\"https:\/\/www.asf-quebec.org\/en\/seisme-a-haiti-appel-a-la-solidarite-et-a-la-reconstruction-durable\/\",\"url\":\"https:\/\/www.asf-quebec.org\/en\/seisme-a-haiti-appel-a-la-solidarite-et-a-la-reconstruction-durable\/\",\"name\":\"S\u00e9isme \u00e0 Ha\u00efti : appel \u00e0 la solidarit\u00e9 et \u00e0 la reconstruction durable - Architecture Sans Fronti\u00e8res Qu\u00e9bec %\",\"isPartOf\":{\"@id\":\"https:\/\/www.asf-quebec.org\/en\/#website\"},\"primaryImageOfPage\":{\"@id\":\"https:\/\/www.asf-quebec.org\/en\/seisme-a-haiti-appel-a-la-solidarite-et-a-la-reconstruction-durable\/#primaryimage\"},\"image\":{\"@id\":\"https:\/\/www.asf-quebec.org\/en\/seisme-a-haiti-appel-a-la-solidarite-et-a-la-reconstruction-durable\/#primaryimage\"},\"thumbnailUrl\":\"https:\/\/www.asf-quebec.org\/wp-content\/uploads\/2021\/09\/Haiti_Earthquake_9.jpeg\",\"datePublished\":\"2021-09-16T15:32:27+00:00\",\"description\":\"S\u00e9isme \u00e0 Ha\u00efti : appel \u00e0 la solidarit\u00e9 et \u00e0 la reconstruction durable\",\"breadcrumb\":{\"@id\":\"https:\/\/www.asf-quebec.org\/en\/seisme-a-haiti-appel-a-la-solidarite-et-a-la-reconstruction-durable\/#breadcrumb\"},\"inLanguage\":\"en-US\",\"potentialAction\":[{\"@type\":\"ReadAction\",\"target\":[\"https:\/\/www.asf-quebec.org\/en\/seisme-a-haiti-appel-a-la-solidarite-et-a-la-reconstruction-durable\/\"]}]},{\"@type\":\"ImageObject\",\"inLanguage\":\"en-US\",\"@id\":\"https:\/\/www.asf-quebec.org\/en\/seisme-a-haiti-appel-a-la-solidarite-et-a-la-reconstruction-durable\/#primaryimage\",\"url\":\"https:\/\/www.asf-quebec.org\/wp-content\/uploads\/2021\/09\/Haiti_Earthquake_9.jpeg\",\"contentUrl\":\"https:\/\/www.asf-quebec.org\/wp-content\/uploads\/2021\/09\/Haiti_Earthquake_9.jpeg\",\"width\":1024,\"height\":768},{\"@type\":\"BreadcrumbList\",\"@id\":\"https:\/\/www.asf-quebec.org\/en\/seisme-a-haiti-appel-a-la-solidarite-et-a-la-reconstruction-durable\/#breadcrumb\",\"itemListElement\":[{\"@type\":\"ListItem\",\"position\":1,\"name\":\"Accueil\",\"item\":\"https:\/\/www.asf-quebec.org\/en\/\"},{\"@type\":\"ListItem\",\"position\":2,\"name\":\"S\u00e9isme \u00e0 Ha\u00efti : appel \u00e0 la solidarit\u00e9 et \u00e0 la reconstruction durable\"}]},{\"@type\":\"WebSite\",\"@id\":\"https:\/\/www.asf-quebec.org\/en\/#website\",\"url\":\"https:\/\/www.asf-quebec.org\/en\/\",\"name\":\"Architecture sans fronti\u00e8res Qu\u00e9bec\",\"description\":\"ASFQ\",\"publisher\":{\"@id\":\"https:\/\/www.asf-quebec.org\/en\/#organization\"},\"potentialAction\":[{\"@type\":\"SearchAction\",\"target\":{\"@type\":\"EntryPoint\",\"urlTemplate\":\"https:\/\/www.asf-quebec.org\/en\/?s={search_term_string}\"},\"query-input\":{\"@type\":\"PropertyValueSpecification\",\"valueRequired\":true,\"valueName\":\"search_term_string\"}}],\"inLanguage\":\"en-US\"},{\"@type\":\"Organization\",\"@id\":\"https:\/\/www.asf-quebec.org\/en\/#organization\",\"name\":\"Architecture sans fronti\u00e8res Qu\u00e9bec (ASFQ)\",\"url\":\"https:\/\/www.asf-quebec.org\/en\/\",\"logo\":{\"@type\":\"ImageObject\",\"inLanguage\":\"en-US\",\"@id\":\"https:\/\/www.asf-quebec.org\/en\/#\/schema\/logo\/image\/\",\"url\":\"https:\/\/www.asf-quebec.org\/wp-content\/uploads\/2019\/07\/Logo-asfq-retina.jpg\",\"contentUrl\":\"https:\/\/www.asf-quebec.org\/wp-content\/uploads\/2019\/07\/Logo-asfq-retina.jpg\",\"width\":564,\"height\":219,\"caption\":\"Architecture sans fronti\u00e8res Qu\u00e9bec (ASFQ)\"},\"image\":{\"@id\":\"https:\/\/www.asf-quebec.org\/en\/#\/schema\/logo\/image\/\"},\"sameAs\":[\"https:\/\/www.facebook.com\/architecturesansfrontieres\/\",\"https:\/\/www.instagram.com\/asfquebec\/\",\"https:\/\/www.linkedin.com\/company\/asf-quebec\/\"]},{\"@type\":\"Person\",\"@id\":\"https:\/\/www.asf-quebec.org\/en\/#\/schema\/person\/9655911da321e5e7c39708ae5de28d6a\",\"name\":\"asf-quebec\",\"image\":{\"@type\":\"ImageObject\",\"inLanguage\":\"en-US\",\"@id\":\"https:\/\/www.asf-quebec.org\/en\/#\/schema\/person\/image\/\",\"url\":\"https:\/\/secure.gravatar.com\/avatar\/e855b116ca919b157a426c59781443a8d88f6c286252b6e0fed2bef83833541c?s=96&d=mm&r=g\",\"contentUrl\":\"https:\/\/secure.gravatar.com\/avatar\/e855b116ca919b157a426c59781443a8d88f6c286252b6e0fed2bef83833541c?s=96&d=mm&r=g\",\"caption\":\"asf-quebec\"}}]}<\/script>\n<!-- \/ Yoast SEO plugin. -->","yoast_head_json":{"title":"S\u00e9isme \u00e0 Ha\u00efti : appel \u00e0 la solidarit\u00e9 et \u00e0 la reconstruction durable - Architecture Sans Fronti\u00e8res Qu\u00e9bec %","description":"S\u00e9isme \u00e0 Ha\u00efti : appel \u00e0 la solidarit\u00e9 et \u00e0 la reconstruction durable","robots":{"index":"index","follow":"follow","max-snippet":"max-snippet:-1","max-image-preview":"max-image-preview:large","max-video-preview":"max-video-preview:-1"},"canonical":"https:\/\/www.asf-quebec.org\/en\/seisme-a-haiti-appel-a-la-solidarite-et-a-la-reconstruction-durable\/","og_locale":"en_US","og_type":"article","og_title":"S\u00e9isme \u00e0 Ha\u00efti : appel \u00e0 la solidarit\u00e9 et \u00e0 la reconstruction durable - Architecture Sans Fronti\u00e8res Qu\u00e9bec %","og_description":"S\u00e9isme \u00e0 Ha\u00efti : appel \u00e0 la solidarit\u00e9 et \u00e0 la reconstruction durable","og_url":"https:\/\/www.asf-quebec.org\/en\/seisme-a-haiti-appel-a-la-solidarite-et-a-la-reconstruction-durable\/","og_site_name":"Architecture Sans Fronti\u00e8res Qu\u00e9bec","article_publisher":"https:\/\/www.facebook.com\/architecturesansfrontieres\/","article_published_time":"2021-09-16T15:32:27+00:00","author":"asf-quebec","twitter_card":"summary_large_image","twitter_misc":{"Written by":"asf-quebec","Est. reading time":"3 minutes"},"schema":{"@context":"https:\/\/schema.org","@graph":[{"@type":"Article","@id":"https:\/\/www.asf-quebec.org\/en\/seisme-a-haiti-appel-a-la-solidarite-et-a-la-reconstruction-durable\/#article","isPartOf":{"@id":"https:\/\/www.asf-quebec.org\/en\/seisme-a-haiti-appel-a-la-solidarite-et-a-la-reconstruction-durable\/"},"author":{"name":"asf-quebec","@id":"https:\/\/www.asf-quebec.org\/en\/#\/schema\/person\/9655911da321e5e7c39708ae5de28d6a"},"headline":"S\u00e9isme \u00e0 Ha\u00efti : appel \u00e0 la solidarit\u00e9 et \u00e0 la reconstruction durable","datePublished":"2021-09-16T15:32:27+00:00","mainEntityOfPage":{"@id":"https:\/\/www.asf-quebec.org\/en\/seisme-a-haiti-appel-a-la-solidarite-et-a-la-reconstruction-durable\/"},"wordCount":613,"publisher":{"@id":"https:\/\/www.asf-quebec.org\/en\/#organization"},"image":{"@id":"https:\/\/www.asf-quebec.org\/en\/seisme-a-haiti-appel-a-la-solidarite-et-a-la-reconstruction-durable\/#primaryimage"},"thumbnailUrl":"https:\/\/www.asf-quebec.org\/wp-content\/uploads\/2021\/09\/Haiti_Earthquake_9.jpeg","keywords":["CI"],"articleSection":["News"],"inLanguage":"en-US"},{"@type":"WebPage","@id":"https:\/\/www.asf-quebec.org\/en\/seisme-a-haiti-appel-a-la-solidarite-et-a-la-reconstruction-durable\/","url":"https:\/\/www.asf-quebec.org\/en\/seisme-a-haiti-appel-a-la-solidarite-et-a-la-reconstruction-durable\/","name":"S\u00e9isme \u00e0 Ha\u00efti : appel \u00e0 la solidarit\u00e9 et \u00e0 la reconstruction durable - Architecture Sans Fronti\u00e8res Qu\u00e9bec %","isPartOf":{"@id":"https:\/\/www.asf-quebec.org\/en\/#website"},"primaryImageOfPage":{"@id":"https:\/\/www.asf-quebec.org\/en\/seisme-a-haiti-appel-a-la-solidarite-et-a-la-reconstruction-durable\/#primaryimage"},"image":{"@id":"https:\/\/www.asf-quebec.org\/en\/seisme-a-haiti-appel-a-la-solidarite-et-a-la-reconstruction-durable\/#primaryimage"},"thumbnailUrl":"https:\/\/www.asf-quebec.org\/wp-content\/uploads\/2021\/09\/Haiti_Earthquake_9.jpeg","datePublished":"2021-09-16T15:32:27+00:00","description":"S\u00e9isme \u00e0 Ha\u00efti : appel \u00e0 la solidarit\u00e9 et \u00e0 la reconstruction durable","breadcrumb":{"@id":"https:\/\/www.asf-quebec.org\/en\/seisme-a-haiti-appel-a-la-solidarite-et-a-la-reconstruction-durable\/#breadcrumb"},"inLanguage":"en-US","potentialAction":[{"@type":"ReadAction","target":["https:\/\/www.asf-quebec.org\/en\/seisme-a-haiti-appel-a-la-solidarite-et-a-la-reconstruction-durable\/"]}]},{"@type":"ImageObject","inLanguage":"en-US","@id":"https:\/\/www.asf-quebec.org\/en\/seisme-a-haiti-appel-a-la-solidarite-et-a-la-reconstruction-durable\/#primaryimage","url":"https:\/\/www.asf-quebec.org\/wp-content\/uploads\/2021\/09\/Haiti_Earthquake_9.jpeg","contentUrl":"https:\/\/www.asf-quebec.org\/wp-content\/uploads\/2021\/09\/Haiti_Earthquake_9.jpeg","width":1024,"height":768},{"@type":"BreadcrumbList","@id":"https:\/\/www.asf-quebec.org\/en\/seisme-a-haiti-appel-a-la-solidarite-et-a-la-reconstruction-durable\/#breadcrumb","itemListElement":[{"@type":"ListItem","position":1,"name":"Accueil","item":"https:\/\/www.asf-quebec.org\/en\/"},{"@type":"ListItem","position":2,"name":"S\u00e9isme \u00e0 Ha\u00efti : appel \u00e0 la solidarit\u00e9 et \u00e0 la reconstruction durable"}]},{"@type":"WebSite","@id":"https:\/\/www.asf-quebec.org\/en\/#website","url":"https:\/\/www.asf-quebec.org\/en\/","name":"Architecture sans fronti\u00e8res Qu\u00e9bec","description":"ASFQ","publisher":{"@id":"https:\/\/www.asf-quebec.org\/en\/#organization"},"potentialAction":[{"@type":"SearchAction","target":{"@type":"EntryPoint","urlTemplate":"https:\/\/www.asf-quebec.org\/en\/?s={search_term_string}"},"query-input":{"@type":"PropertyValueSpecification","valueRequired":true,"valueName":"search_term_string"}}],"inLanguage":"en-US"},{"@type":"Organization","@id":"https:\/\/www.asf-quebec.org\/en\/#organization","name":"Architecture sans fronti\u00e8res Qu\u00e9bec (ASFQ)","url":"https:\/\/www.asf-quebec.org\/en\/","logo":{"@type":"ImageObject","inLanguage":"en-US","@id":"https:\/\/www.asf-quebec.org\/en\/#\/schema\/logo\/image\/","url":"https:\/\/www.asf-quebec.org\/wp-content\/uploads\/2019\/07\/Logo-asfq-retina.jpg","contentUrl":"https:\/\/www.asf-quebec.org\/wp-content\/uploads\/2019\/07\/Logo-asfq-retina.jpg","width":564,"height":219,"caption":"Architecture sans fronti\u00e8res Qu\u00e9bec (ASFQ)"},"image":{"@id":"https:\/\/www.asf-quebec.org\/en\/#\/schema\/logo\/image\/"},"sameAs":["https:\/\/www.facebook.com\/architecturesansfrontieres\/","https:\/\/www.instagram.com\/asfquebec\/","https:\/\/www.linkedin.com\/company\/asf-quebec\/"]},{"@type":"Person","@id":"https:\/\/www.asf-quebec.org\/en\/#\/schema\/person\/9655911da321e5e7c39708ae5de28d6a","name":"asf-quebec","image":{"@type":"ImageObject","inLanguage":"en-US","@id":"https:\/\/www.asf-quebec.org\/en\/#\/schema\/person\/image\/","url":"https:\/\/secure.gravatar.com\/avatar\/e855b116ca919b157a426c59781443a8d88f6c286252b6e0fed2bef83833541c?s=96&d=mm&r=g","contentUrl":"https:\/\/secure.gravatar.com\/avatar\/e855b116ca919b157a426c59781443a8d88f6c286252b6e0fed2bef83833541c?s=96&d=mm&r=g","caption":"asf-quebec"}}]}},"_links":{"self":[{"href":"https:\/\/www.asf-quebec.org\/en\/wp-json\/wp\/v2\/posts\/951211","targetHints":{"allow":["GET"]}}],"collection":[{"href":"https:\/\/www.asf-quebec.org\/en\/wp-json\/wp\/v2\/posts"}],"about":[{"href":"https:\/\/www.asf-quebec.org\/en\/wp-json\/wp\/v2\/types\/post"}],"author":[{"embeddable":true,"href":"https:\/\/www.asf-quebec.org\/en\/wp-json\/wp\/v2\/users\/2"}],"replies":[{"embeddable":true,"href":"https:\/\/www.asf-quebec.org\/en\/wp-json\/wp\/v2\/comments?post=951211"}],"version-history":[{"count":0,"href":"https:\/\/www.asf-quebec.org\/en\/wp-json\/wp\/v2\/posts\/951211\/revisions"}],"wp:featuredmedia":[{"embeddable":true,"href":"https:\/\/www.asf-quebec.org\/en\/wp-json\/wp\/v2\/media\/489310"}],"wp:attachment":[{"href":"https:\/\/www.asf-quebec.org\/en\/wp-json\/wp\/v2\/media?parent=951211"}],"wp:term":[{"taxonomy":"category","embeddable":true,"href":"https:\/\/www.asf-quebec.org\/en\/wp-json\/wp\/v2\/categories?post=951211"},{"taxonomy":"post_tag","embeddable":true,"href":"https:\/\/www.asf-quebec.org\/en\/wp-json\/wp\/v2\/tags?post=951211"}],"curies":[{"name":"wp","href":"https:\/\/api.w.org\/{rel}","templated":true}]}}