{"id":951187,"date":"2023-03-23T11:50:05","date_gmt":"2023-03-23T11:50:05","guid":{"rendered":"https:\/\/www.asf-quebec.org\/offre-emploi-coordonnateur-finances-administration\/"},"modified":"2023-04-04T18:32:57","modified_gmt":"2023-04-04T18:32:57","slug":"offre-emploi-coordonnateur-finances-administration","status":"publish","type":"post","link":"https:\/\/www.asf-quebec.org\/en\/offre-emploi-coordonnateur-finances-administration\/","title":{"rendered":"JOB OFFER: Finance &#038; Administration Coordinator"},"content":{"rendered":"<p><span style=\"color: #ff6600;\"><em>(French content only)<\/em><\/span><\/p>\n<h3><em>Vous aimez l&#8217;administration, la gestion et les finances? Vous souhaitez oeuvrer dans un organisme humanitaire unique, au service des plus vuln\u00e9rables et du d\u00e9veloppement durable ? ASFQ est \u00e0 la recherche d\u2019une personne dynamique, polyvalente et rigoureuse qui souhaite s&#8217;investir au sein d&#8217;une \u00e9quipe \u00e0 \u00e9chelle humaine.<\/em><\/h3>\n<p>&nbsp;<\/p>\n<p><strong>L\u2019ORGANISATION\u00a0:<\/strong><\/p>\n<p>Architecture sans fronti\u00e8res Qu\u00e9bec (ASFQ) est un organisme sp\u00e9cialis\u00e9 dans l\u2019architecture durable et l\u2019assistance aux communaut\u00e9s vuln\u00e9rables. Cr\u00e9\u00e9 en 2008 par l\u2019Ordre des architectes du Qu\u00e9bec, il d\u00e9veloppe diff\u00e9rents programmes qui travaillent en synergie dans diff\u00e9rents domaines : la coop\u00e9ration internationale, l\u2019habitat autochtone, la solidarit\u00e9 urbaine, la r\u00e9silience aux inondations, l\u2019\u00e9ducation, l\u2019engagement b\u00e9n\u00e9vole et l\u2019\u00e9conomie circulaire. L\u2019organisation est dirig\u00e9e par un conseil d\u2019administration et compte parmi ses membres les 4 500 architectes de la province, dont elle porte la responsabilit\u00e9 sociale. Membre du r\u00e9seau Architecture sans fronti\u00e8res international, ASFQ compte aussi sur d\u2019autres professionnels du b\u00e2timent, de l\u2019am\u00e9nagement, de l\u2019humanitaire et de nombreux partenaires dans la mise en \u0153uvre de ses programmes.<\/p>\n<p><strong>LE POSTE\u00a0:<\/strong><\/p>\n<p>Sous l\u2019autorit\u00e9 du directeur g\u00e9n\u00e9ral et en collaboration avec lui, la personne titulaire du poste assure la coordination des diff\u00e9rents dossiers administratifs et financiers n\u00e9cessaires \u00e0 la saine gestion de l&#8217;organisme, incluant son centre de mat\u00e9riaux. Elle agit comme bras droit de la direction g\u00e9n\u00e9rale dans une vari\u00e9t\u00e9 de dossiers et comme point de contact dans les relations avec diff\u00e9rentes parties prenantes. Elle collabore aussi \u00e0 la gestion des ressources humaines et aux activit\u00e9s de financement, de mobilisation de partenaires et \u00e0 l&#8217;organisation d\u2019\u00e9v\u00e9nements.<\/p>\n<p><strong>PRINCIPALES RESPONSABILIT\u00c9S :<\/strong><\/p>\n<ul>\n<li>G\u00e9rer l\u2019ensemble des suivis comptables et financiers, notamment avec l\u2019appui du service de comptabilit\u00e9 externe.<\/li>\n<li>Appuyer la direction dans l&#8217;\u00e9laboration et le suivi des budgets de l\u2019organisation et des projets, ainsi que dans les diff\u00e9rentes redditions de comptes aux partenaires.<\/li>\n<li>Organiser les r\u00e9unions de l&#8217;\u00e9quipe et appuyer l\u2019organisation des r\u00e9unions du conseil d\u2019administration (pr\u00e9paration, r\u00e9daction de compte-rendu, etc.)<\/li>\n<li>Coordonner les processus de recrutement et de gestion des ressources humaines (employ\u00e9s et b\u00e9n\u00e9voles), de concert avec la direction g\u00e9n\u00e9rale et les autres gestionnaires<\/li>\n<li>Appuyer la veille du march\u00e9 au niveau des recherches de subventions, appels \u00e0 projets et autres sources de financement.<\/li>\n<li>Participer \u00e0 l\u2019organisation de diff\u00e9rents \u00e9v\u00e9nements sociaux, \u00e9ducatifs ou philanthropiques en ligne ou en personne, en g\u00e9rant diff\u00e9rents fournisseurs au besoin.<\/li>\n<li>R\u00e9diger et r\u00e9viser diff\u00e9rents contenus (lettres, bulletins, rapports d\u2019activit\u00e9s, etc.)<\/li>\n<li>Proposer des recommandations pour optimiser les proc\u00e9dures, politiques et pratiques de gestion de l&#8217;organisme.<\/li>\n<li>Appuyer le reste de l\u2019\u00e9quipe dans diff\u00e9rents suivis li\u00e9s au d\u00e9veloppement et \u00e0 la gestion des projets, des programmes ou des communications.<\/li>\n<\/ul>\n<p><strong>QUALIFICATIONS ET EXP\u00c9RIENCES :<\/strong><\/p>\n<ul>\n<li>Baccalaur\u00e9at en gestion, administration ou finance (une ma\u00eetrise est un atout)<\/li>\n<li>4 ans d\u2019exp\u00e9rience professionnelle pertinente dans des fonctions et organisations comparables<\/li>\n<li>Toute combinaison pertinente d\u2019exp\u00e9riences et de formations compl\u00e9mentaires<\/li>\n<\/ul>\n<p><strong>COMP\u00c9TENCES ET QUALIT\u00c9S :<\/strong><\/p>\n<ul>\n<li>Grand sens de la planification et de l\u2019organisation<\/li>\n<li>Autonomie professionnelle et sens de l\u2019initiative<\/li>\n<li>Capacit\u00e9 de r\u00e9solution de probl\u00e8mes<\/li>\n<li>Efficacit\u00e9 et polyvalence<\/li>\n<li>Excellentes aptitudes relationnelles<\/li>\n<li>Tr\u00e8s bon esprit d\u2019\u00e9quipe<\/li>\n<li>Discr\u00e9tion et confidentialit\u00e9<\/li>\n<li>Parfaite ma\u00eetrise du fran\u00e7ais oral et \u00e9crit<\/li>\n<li>Bonne connaissance de l\u2019anglais oral et \u00e9crit<\/li>\n<li>Connaissance du logiciel comptable (Quickbooks)<\/li>\n<li>Bonne ma\u00eetrise de la suite Office et de l\u2019environnement Google<\/li>\n<li>Compr\u00e9hension de la r\u00e9alit\u00e9 des OBNL<\/li>\n<\/ul>\n<p><strong>ATOUTS :<\/strong><\/p>\n<ul>\n<li>Connaissance du milieu de l\u2019architecture, du design et de la construction<\/li>\n<li>Exp\u00e9rience dans un ou plusieurs secteurs d\u2019activit\u00e9s de l\u2019organisme<\/li>\n<li>Connaissance des logiciels CRM, EPS et POS<\/li>\n<li>Tout autre comp\u00e9tence ou talent pertinent pour l&#8217;organisation<\/li>\n<\/ul>\n<p><strong>CONDITIONS ET CONTEXTE DE TRAVAIL :<\/strong><\/p>\n<ul>\n<li>Entr\u00e9e en poste d\u00e8s que possible<\/li>\n<li>Poste permanent, temps partiel ou temps plein (\u00e0 discuter)<\/li>\n<li>Combinaison de travail \u00e0 partir des bureaux d\u2019ASFQ et de t\u00e9l\u00e9travail<\/li>\n<li>Disponibilit\u00e9s occasionnelles en soir\u00e9e en cas d\u2019activit\u00e9s sp\u00e9ciales<\/li>\n<li>4 semaines de cong\u00e9s par ann\u00e9e<\/li>\n<li>R\u00e9mun\u00e9ration selon l&#8217;\u00e9chelle salariale en vigueur (25 \u00e0 35$\/h)<\/li>\n<\/ul>\n<p>Envoyez votre CV et votre lettre de motivation en format PDF \u00e0\u00a0<a href=\"mailto:dotation@asf-quebec.org\">dotation@asf-quebec.org<\/a> d\u2019ici lundi 24 avril \u00e0 10h. Toutes les candidatures seront \u00e9valu\u00e9es et seules celles retenues seront contact\u00e9es pour entrevues. <span style=\"text-decoration: underline;\">Des candidatures peuvent \u00eatre envoy\u00e9es apr\u00e8s le 24 avril, mais sans garantie de pouvoir \u00eatre prise en compte dans le processus. Le poste demeurera ouvert tant que cet affichage ne sera pas ferm\u00e9.<\/span><\/p>\n","protected":false},"excerpt":{"rendered":"<p>(French content only) Vous aimez l&#8217;administration, la gestion et les <a href=\"https:\/\/www.asf-quebec.org\/en\/offre-emploi-coordonnateur-finances-administration\/\"> [&#8230;]<\/a><\/p>\n","protected":false},"author":2,"featured_media":1193154,"comment_status":"closed","ping_status":"closed","sticky":false,"template":"","format":"standard","meta":{"_acf_changed":false,"footnotes":""},"categories":[37],"tags":[],"class_list":["post-951187","post","type-post","status-publish","format-standard","has-post-thumbnail","hentry","category-news"],"acf":[],"yoast_head":"<!-- This site is optimized with the Yoast SEO plugin v26.8 - https:\/\/yoast.com\/product\/yoast-seo-wordpress\/ -->\n<title>JOB OFFER: Finance &amp; Administration Coordinator - Architecture Sans Fronti\u00e8res Qu\u00e9bec %<\/title>\n<meta name=\"description\" content=\"JOB OFFER: Finance &amp; Administration Coordinator\" \/>\n<meta name=\"robots\" content=\"index, follow, max-snippet:-1, max-image-preview:large, max-video-preview:-1\" \/>\n<link rel=\"canonical\" href=\"https:\/\/www.asf-quebec.org\/en\/offre-emploi-coordonnateur-finances-administration\/\" \/>\n<meta property=\"og:locale\" content=\"en_US\" \/>\n<meta property=\"og:type\" content=\"article\" \/>\n<meta property=\"og:title\" content=\"JOB OFFER: Finance &amp; Administration Coordinator - Architecture Sans Fronti\u00e8res Qu\u00e9bec %\" \/>\n<meta property=\"og:description\" content=\"JOB OFFER: Finance &amp; Administration Coordinator\" \/>\n<meta property=\"og:url\" content=\"https:\/\/www.asf-quebec.org\/en\/offre-emploi-coordonnateur-finances-administration\/\" \/>\n<meta property=\"og:site_name\" content=\"Architecture Sans Fronti\u00e8res Qu\u00e9bec\" \/>\n<meta property=\"article:publisher\" content=\"https:\/\/www.facebook.com\/architecturesansfrontieres\/\" \/>\n<meta property=\"article:published_time\" content=\"2023-03-23T11:50:05+00:00\" \/>\n<meta property=\"article:modified_time\" content=\"2023-04-04T18:32:57+00:00\" \/>\n<meta property=\"og:image\" content=\"https:\/\/www.asf-quebec.org\/wp-content\/uploads\/2022\/01\/Coordo-finances-admin-2.png\" \/>\n\t<meta property=\"og:image:width\" content=\"1435\" \/>\n\t<meta property=\"og:image:height\" content=\"754\" \/>\n\t<meta property=\"og:image:type\" content=\"image\/png\" \/>\n<meta name=\"author\" content=\"asf-quebec\" \/>\n<meta name=\"twitter:card\" content=\"summary_large_image\" \/>\n<meta name=\"twitter:label1\" content=\"Written by\" \/>\n\t<meta name=\"twitter:data1\" content=\"asf-quebec\" \/>\n\t<meta name=\"twitter:label2\" content=\"Est. reading time\" \/>\n\t<meta name=\"twitter:data2\" content=\"4 minutes\" \/>\n<script type=\"application\/ld+json\" class=\"yoast-schema-graph\">{\"@context\":\"https:\/\/schema.org\",\"@graph\":[{\"@type\":\"Article\",\"@id\":\"https:\/\/www.asf-quebec.org\/en\/offre-emploi-coordonnateur-finances-administration\/#article\",\"isPartOf\":{\"@id\":\"https:\/\/www.asf-quebec.org\/en\/offre-emploi-coordonnateur-finances-administration\/\"},\"author\":{\"name\":\"asf-quebec\",\"@id\":\"https:\/\/www.asf-quebec.org\/en\/#\/schema\/person\/9655911da321e5e7c39708ae5de28d6a\"},\"headline\":\"JOB OFFER: Finance &#038; Administration Coordinator\",\"datePublished\":\"2023-03-23T11:50:05+00:00\",\"dateModified\":\"2023-04-04T18:32:57+00:00\",\"mainEntityOfPage\":{\"@id\":\"https:\/\/www.asf-quebec.org\/en\/offre-emploi-coordonnateur-finances-administration\/\"},\"wordCount\":800,\"publisher\":{\"@id\":\"https:\/\/www.asf-quebec.org\/en\/#organization\"},\"image\":{\"@id\":\"https:\/\/www.asf-quebec.org\/en\/offre-emploi-coordonnateur-finances-administration\/#primaryimage\"},\"thumbnailUrl\":\"https:\/\/www.asf-quebec.org\/wp-content\/uploads\/2022\/01\/Coordo-finances-admin-2.png\",\"articleSection\":[\"News\"],\"inLanguage\":\"en-US\"},{\"@type\":\"WebPage\",\"@id\":\"https:\/\/www.asf-quebec.org\/en\/offre-emploi-coordonnateur-finances-administration\/\",\"url\":\"https:\/\/www.asf-quebec.org\/en\/offre-emploi-coordonnateur-finances-administration\/\",\"name\":\"JOB OFFER: Finance & Administration Coordinator - Architecture Sans Fronti\u00e8res Qu\u00e9bec %\",\"isPartOf\":{\"@id\":\"https:\/\/www.asf-quebec.org\/en\/#website\"},\"primaryImageOfPage\":{\"@id\":\"https:\/\/www.asf-quebec.org\/en\/offre-emploi-coordonnateur-finances-administration\/#primaryimage\"},\"image\":{\"@id\":\"https:\/\/www.asf-quebec.org\/en\/offre-emploi-coordonnateur-finances-administration\/#primaryimage\"},\"thumbnailUrl\":\"https:\/\/www.asf-quebec.org\/wp-content\/uploads\/2022\/01\/Coordo-finances-admin-2.png\",\"datePublished\":\"2023-03-23T11:50:05+00:00\",\"dateModified\":\"2023-04-04T18:32:57+00:00\",\"description\":\"JOB OFFER: Finance & Administration Coordinator\",\"breadcrumb\":{\"@id\":\"https:\/\/www.asf-quebec.org\/en\/offre-emploi-coordonnateur-finances-administration\/#breadcrumb\"},\"inLanguage\":\"en-US\",\"potentialAction\":[{\"@type\":\"ReadAction\",\"target\":[\"https:\/\/www.asf-quebec.org\/en\/offre-emploi-coordonnateur-finances-administration\/\"]}]},{\"@type\":\"ImageObject\",\"inLanguage\":\"en-US\",\"@id\":\"https:\/\/www.asf-quebec.org\/en\/offre-emploi-coordonnateur-finances-administration\/#primaryimage\",\"url\":\"https:\/\/www.asf-quebec.org\/wp-content\/uploads\/2022\/01\/Coordo-finances-admin-2.png\",\"contentUrl\":\"https:\/\/www.asf-quebec.org\/wp-content\/uploads\/2022\/01\/Coordo-finances-admin-2.png\",\"width\":1435,\"height\":754},{\"@type\":\"BreadcrumbList\",\"@id\":\"https:\/\/www.asf-quebec.org\/en\/offre-emploi-coordonnateur-finances-administration\/#breadcrumb\",\"itemListElement\":[{\"@type\":\"ListItem\",\"position\":1,\"name\":\"Accueil\",\"item\":\"https:\/\/www.asf-quebec.org\/en\/\"},{\"@type\":\"ListItem\",\"position\":2,\"name\":\"JOB OFFER: Finance &#038; Administration Coordinator\"}]},{\"@type\":\"WebSite\",\"@id\":\"https:\/\/www.asf-quebec.org\/en\/#website\",\"url\":\"https:\/\/www.asf-quebec.org\/en\/\",\"name\":\"Architecture sans fronti\u00e8res Qu\u00e9bec\",\"description\":\"ASFQ\",\"publisher\":{\"@id\":\"https:\/\/www.asf-quebec.org\/en\/#organization\"},\"potentialAction\":[{\"@type\":\"SearchAction\",\"target\":{\"@type\":\"EntryPoint\",\"urlTemplate\":\"https:\/\/www.asf-quebec.org\/en\/?s={search_term_string}\"},\"query-input\":{\"@type\":\"PropertyValueSpecification\",\"valueRequired\":true,\"valueName\":\"search_term_string\"}}],\"inLanguage\":\"en-US\"},{\"@type\":\"Organization\",\"@id\":\"https:\/\/www.asf-quebec.org\/en\/#organization\",\"name\":\"Architecture sans fronti\u00e8res Qu\u00e9bec (ASFQ)\",\"url\":\"https:\/\/www.asf-quebec.org\/en\/\",\"logo\":{\"@type\":\"ImageObject\",\"inLanguage\":\"en-US\",\"@id\":\"https:\/\/www.asf-quebec.org\/en\/#\/schema\/logo\/image\/\",\"url\":\"https:\/\/www.asf-quebec.org\/wp-content\/uploads\/2019\/07\/Logo-asfq-retina.jpg\",\"contentUrl\":\"https:\/\/www.asf-quebec.org\/wp-content\/uploads\/2019\/07\/Logo-asfq-retina.jpg\",\"width\":564,\"height\":219,\"caption\":\"Architecture sans fronti\u00e8res Qu\u00e9bec (ASFQ)\"},\"image\":{\"@id\":\"https:\/\/www.asf-quebec.org\/en\/#\/schema\/logo\/image\/\"},\"sameAs\":[\"https:\/\/www.facebook.com\/architecturesansfrontieres\/\",\"https:\/\/www.instagram.com\/asfquebec\/\",\"https:\/\/www.linkedin.com\/company\/asf-quebec\/\"]},{\"@type\":\"Person\",\"@id\":\"https:\/\/www.asf-quebec.org\/en\/#\/schema\/person\/9655911da321e5e7c39708ae5de28d6a\",\"name\":\"asf-quebec\",\"image\":{\"@type\":\"ImageObject\",\"inLanguage\":\"en-US\",\"@id\":\"https:\/\/www.asf-quebec.org\/en\/#\/schema\/person\/image\/\",\"url\":\"https:\/\/secure.gravatar.com\/avatar\/e855b116ca919b157a426c59781443a8d88f6c286252b6e0fed2bef83833541c?s=96&d=mm&r=g\",\"contentUrl\":\"https:\/\/secure.gravatar.com\/avatar\/e855b116ca919b157a426c59781443a8d88f6c286252b6e0fed2bef83833541c?s=96&d=mm&r=g\",\"caption\":\"asf-quebec\"}}]}<\/script>\n<!-- \/ Yoast SEO plugin. -->","yoast_head_json":{"title":"JOB OFFER: Finance & Administration Coordinator - Architecture Sans Fronti\u00e8res Qu\u00e9bec %","description":"JOB OFFER: Finance & Administration Coordinator","robots":{"index":"index","follow":"follow","max-snippet":"max-snippet:-1","max-image-preview":"max-image-preview:large","max-video-preview":"max-video-preview:-1"},"canonical":"https:\/\/www.asf-quebec.org\/en\/offre-emploi-coordonnateur-finances-administration\/","og_locale":"en_US","og_type":"article","og_title":"JOB OFFER: Finance & Administration Coordinator - Architecture Sans Fronti\u00e8res Qu\u00e9bec %","og_description":"JOB OFFER: Finance & Administration Coordinator","og_url":"https:\/\/www.asf-quebec.org\/en\/offre-emploi-coordonnateur-finances-administration\/","og_site_name":"Architecture Sans Fronti\u00e8res Qu\u00e9bec","article_publisher":"https:\/\/www.facebook.com\/architecturesansfrontieres\/","article_published_time":"2023-03-23T11:50:05+00:00","article_modified_time":"2023-04-04T18:32:57+00:00","og_image":[{"width":1435,"height":754,"url":"https:\/\/www.asf-quebec.org\/wp-content\/uploads\/2022\/01\/Coordo-finances-admin-2.png","type":"image\/png"}],"author":"asf-quebec","twitter_card":"summary_large_image","twitter_misc":{"Written by":"asf-quebec","Est. reading time":"4 minutes"},"schema":{"@context":"https:\/\/schema.org","@graph":[{"@type":"Article","@id":"https:\/\/www.asf-quebec.org\/en\/offre-emploi-coordonnateur-finances-administration\/#article","isPartOf":{"@id":"https:\/\/www.asf-quebec.org\/en\/offre-emploi-coordonnateur-finances-administration\/"},"author":{"name":"asf-quebec","@id":"https:\/\/www.asf-quebec.org\/en\/#\/schema\/person\/9655911da321e5e7c39708ae5de28d6a"},"headline":"JOB OFFER: Finance &#038; Administration Coordinator","datePublished":"2023-03-23T11:50:05+00:00","dateModified":"2023-04-04T18:32:57+00:00","mainEntityOfPage":{"@id":"https:\/\/www.asf-quebec.org\/en\/offre-emploi-coordonnateur-finances-administration\/"},"wordCount":800,"publisher":{"@id":"https:\/\/www.asf-quebec.org\/en\/#organization"},"image":{"@id":"https:\/\/www.asf-quebec.org\/en\/offre-emploi-coordonnateur-finances-administration\/#primaryimage"},"thumbnailUrl":"https:\/\/www.asf-quebec.org\/wp-content\/uploads\/2022\/01\/Coordo-finances-admin-2.png","articleSection":["News"],"inLanguage":"en-US"},{"@type":"WebPage","@id":"https:\/\/www.asf-quebec.org\/en\/offre-emploi-coordonnateur-finances-administration\/","url":"https:\/\/www.asf-quebec.org\/en\/offre-emploi-coordonnateur-finances-administration\/","name":"JOB OFFER: Finance & Administration Coordinator - Architecture Sans Fronti\u00e8res Qu\u00e9bec %","isPartOf":{"@id":"https:\/\/www.asf-quebec.org\/en\/#website"},"primaryImageOfPage":{"@id":"https:\/\/www.asf-quebec.org\/en\/offre-emploi-coordonnateur-finances-administration\/#primaryimage"},"image":{"@id":"https:\/\/www.asf-quebec.org\/en\/offre-emploi-coordonnateur-finances-administration\/#primaryimage"},"thumbnailUrl":"https:\/\/www.asf-quebec.org\/wp-content\/uploads\/2022\/01\/Coordo-finances-admin-2.png","datePublished":"2023-03-23T11:50:05+00:00","dateModified":"2023-04-04T18:32:57+00:00","description":"JOB OFFER: Finance & Administration Coordinator","breadcrumb":{"@id":"https:\/\/www.asf-quebec.org\/en\/offre-emploi-coordonnateur-finances-administration\/#breadcrumb"},"inLanguage":"en-US","potentialAction":[{"@type":"ReadAction","target":["https:\/\/www.asf-quebec.org\/en\/offre-emploi-coordonnateur-finances-administration\/"]}]},{"@type":"ImageObject","inLanguage":"en-US","@id":"https:\/\/www.asf-quebec.org\/en\/offre-emploi-coordonnateur-finances-administration\/#primaryimage","url":"https:\/\/www.asf-quebec.org\/wp-content\/uploads\/2022\/01\/Coordo-finances-admin-2.png","contentUrl":"https:\/\/www.asf-quebec.org\/wp-content\/uploads\/2022\/01\/Coordo-finances-admin-2.png","width":1435,"height":754},{"@type":"BreadcrumbList","@id":"https:\/\/www.asf-quebec.org\/en\/offre-emploi-coordonnateur-finances-administration\/#breadcrumb","itemListElement":[{"@type":"ListItem","position":1,"name":"Accueil","item":"https:\/\/www.asf-quebec.org\/en\/"},{"@type":"ListItem","position":2,"name":"JOB OFFER: Finance &#038; Administration Coordinator"}]},{"@type":"WebSite","@id":"https:\/\/www.asf-quebec.org\/en\/#website","url":"https:\/\/www.asf-quebec.org\/en\/","name":"Architecture sans fronti\u00e8res Qu\u00e9bec","description":"ASFQ","publisher":{"@id":"https:\/\/www.asf-quebec.org\/en\/#organization"},"potentialAction":[{"@type":"SearchAction","target":{"@type":"EntryPoint","urlTemplate":"https:\/\/www.asf-quebec.org\/en\/?s={search_term_string}"},"query-input":{"@type":"PropertyValueSpecification","valueRequired":true,"valueName":"search_term_string"}}],"inLanguage":"en-US"},{"@type":"Organization","@id":"https:\/\/www.asf-quebec.org\/en\/#organization","name":"Architecture sans fronti\u00e8res Qu\u00e9bec (ASFQ)","url":"https:\/\/www.asf-quebec.org\/en\/","logo":{"@type":"ImageObject","inLanguage":"en-US","@id":"https:\/\/www.asf-quebec.org\/en\/#\/schema\/logo\/image\/","url":"https:\/\/www.asf-quebec.org\/wp-content\/uploads\/2019\/07\/Logo-asfq-retina.jpg","contentUrl":"https:\/\/www.asf-quebec.org\/wp-content\/uploads\/2019\/07\/Logo-asfq-retina.jpg","width":564,"height":219,"caption":"Architecture sans fronti\u00e8res Qu\u00e9bec (ASFQ)"},"image":{"@id":"https:\/\/www.asf-quebec.org\/en\/#\/schema\/logo\/image\/"},"sameAs":["https:\/\/www.facebook.com\/architecturesansfrontieres\/","https:\/\/www.instagram.com\/asfquebec\/","https:\/\/www.linkedin.com\/company\/asf-quebec\/"]},{"@type":"Person","@id":"https:\/\/www.asf-quebec.org\/en\/#\/schema\/person\/9655911da321e5e7c39708ae5de28d6a","name":"asf-quebec","image":{"@type":"ImageObject","inLanguage":"en-US","@id":"https:\/\/www.asf-quebec.org\/en\/#\/schema\/person\/image\/","url":"https:\/\/secure.gravatar.com\/avatar\/e855b116ca919b157a426c59781443a8d88f6c286252b6e0fed2bef83833541c?s=96&d=mm&r=g","contentUrl":"https:\/\/secure.gravatar.com\/avatar\/e855b116ca919b157a426c59781443a8d88f6c286252b6e0fed2bef83833541c?s=96&d=mm&r=g","caption":"asf-quebec"}}]}},"_links":{"self":[{"href":"https:\/\/www.asf-quebec.org\/en\/wp-json\/wp\/v2\/posts\/951187","targetHints":{"allow":["GET"]}}],"collection":[{"href":"https:\/\/www.asf-quebec.org\/en\/wp-json\/wp\/v2\/posts"}],"about":[{"href":"https:\/\/www.asf-quebec.org\/en\/wp-json\/wp\/v2\/types\/post"}],"author":[{"embeddable":true,"href":"https:\/\/www.asf-quebec.org\/en\/wp-json\/wp\/v2\/users\/2"}],"replies":[{"embeddable":true,"href":"https:\/\/www.asf-quebec.org\/en\/wp-json\/wp\/v2\/comments?post=951187"}],"version-history":[{"count":5,"href":"https:\/\/www.asf-quebec.org\/en\/wp-json\/wp\/v2\/posts\/951187\/revisions"}],"predecessor-version":[{"id":1212541,"href":"https:\/\/www.asf-quebec.org\/en\/wp-json\/wp\/v2\/posts\/951187\/revisions\/1212541"}],"wp:featuredmedia":[{"embeddable":true,"href":"https:\/\/www.asf-quebec.org\/en\/wp-json\/wp\/v2\/media\/1193154"}],"wp:attachment":[{"href":"https:\/\/www.asf-quebec.org\/en\/wp-json\/wp\/v2\/media?parent=951187"}],"wp:term":[{"taxonomy":"category","embeddable":true,"href":"https:\/\/www.asf-quebec.org\/en\/wp-json\/wp\/v2\/categories?post=951187"},{"taxonomy":"post_tag","embeddable":true,"href":"https:\/\/www.asf-quebec.org\/en\/wp-json\/wp\/v2\/tags?post=951187"}],"curies":[{"name":"wp","href":"https:\/\/api.w.org\/{rel}","templated":true}]}}