{"id":951184,"date":"2022-01-27T05:08:14","date_gmt":"2022-01-27T05:08:14","guid":{"rendered":"https:\/\/www.asf-quebec.org\/621940\/"},"modified":"2022-01-27T05:08:14","modified_gmt":"2022-01-27T05:08:14","slug":"621940","status":"publish","type":"post","link":"https:\/\/www.asf-quebec.org\/en\/621940\/","title":{"rendered":"Nominations : ASFQ grandit et accueille cinq nouvelles personnes au sein de son \u00e9quipe"},"content":{"rendered":"<p>Afin de soutenir son expansion, Architecture Sans Fronti\u00e8res Qu\u00e9bec (ASFQ) est fier d\u2019avoir accueilli cinq nouvelles personnes dans son \u00e9quipe l&#8217;automne dernier :<\/p>\n<ul>\n<li>Olivia Daigneault Desch\u00eanes, charg\u00e9e de projet en Solidarit\u00e9 urbaine.<\/li>\n<li>Maira Gonzalez, M.A., B.A., charg\u00e9e de projet adjointe en Solidarit\u00e9 urbaine<\/li>\n<li>Olsen Jean Julien, charg\u00e9 de recherche en Solidarit\u00e9 urbaine<\/li>\n<li>Isabelle Huiban, directrice des communications et partenariats.<\/li>\n<li>Caroline Thomasset-Laperri\u00e8re, charg\u00e9e de d\u00e9veloppement en \u00e9conomie circulaire.<\/li>\n<\/ul>\n<p>Toute l&#8217;\u00e9quipe leur souhaite la bienvenue et est heureuse de d\u00e9buter l&#8217;ann\u00e9e 2022 \u00e0 leurs c\u00f4t\u00e9s, avec l&#8217;objectif commun de mettre en oeuvre de nouveaux projets significatifs pour le d\u00e9veloppement durable et humain.<\/p>\n<p>&nbsp;<\/p>\n<p><img decoding=\"async\" class=\"lazyload alignnone wp-image-532130 size-thumbnail\" src=\"https:\/\/www.asf-quebec.org\/wp-content\/uploads\/2021\/10\/Site-web_Olivia-150x150.png\" data-orig-src=\"https:\/\/www.asf-quebec.org\/wp-content\/uploads\/2021\/10\/Site-web_Olivia-150x150.png\" alt=\"\" width=\"150\" height=\"150\" srcset=\"data:image\/svg+xml,%3Csvg%20xmlns%3D%27http%3A%2F%2Fwww.w3.org%2F2000%2Fsvg%27%20width%3D%27150%27%20height%3D%27150%27%20viewBox%3D%270%200%20150%20150%27%3E%3Crect%20width%3D%27150%27%20height%3D%27150%27%20fill-opacity%3D%220%22%2F%3E%3C%2Fsvg%3E\" data-srcset=\"https:\/\/www.asf-quebec.org\/wp-content\/uploads\/2021\/10\/Site-web_Olivia-66x66.png 66w, https:\/\/www.asf-quebec.org\/wp-content\/uploads\/2021\/10\/Site-web_Olivia-150x150.png 150w, https:\/\/www.asf-quebec.org\/wp-content\/uploads\/2021\/10\/Site-web_Olivia-200x200.png 200w, https:\/\/www.asf-quebec.org\/wp-content\/uploads\/2021\/10\/Site-web_Olivia-300x300.png 300w, https:\/\/www.asf-quebec.org\/wp-content\/uploads\/2021\/10\/Site-web_Olivia-400x400.png 400w, https:\/\/www.asf-quebec.org\/wp-content\/uploads\/2021\/10\/Site-web_Olivia-600x600.png 600w, https:\/\/www.asf-quebec.org\/wp-content\/uploads\/2021\/10\/Site-web_Olivia-768x768.png 768w, https:\/\/www.asf-quebec.org\/wp-content\/uploads\/2021\/10\/Site-web_Olivia-800x800.png 800w, https:\/\/www.asf-quebec.org\/wp-content\/uploads\/2021\/10\/Site-web_Olivia-1024x1024.png 1024w, https:\/\/www.asf-quebec.org\/wp-content\/uploads\/2021\/10\/Site-web_Olivia-1200x1200.png 1200w, https:\/\/www.asf-quebec.org\/wp-content\/uploads\/2021\/10\/Site-web_Olivia-1536x1536.png 1536w\" data-sizes=\"auto\" data-orig-sizes=\"(max-width: 150px) 100vw, 150px\" \/><\/p>\n<p><strong>Olivia Daigneault Desch\u00eanes<\/strong> est originaire de Montr\u00e9al et a fait ses \u00e9tudes en architecture \u00e0 l\u2019Universit\u00e9 de Montr\u00e9al (B.Sc. Arch) et \u00e0 l\u2019Universit\u00e9 de la Colombie-Britannique (M.Arch). \u00c0 travers son parcours acad\u00e9mique, Olivia d\u00e9veloppe un int\u00e9r\u00eat singulier pour la recherche-conception et les pratiques interdisciplinaires en design et sciences sociales. \u00c0 travers sa pratique, elle se d\u00e9marque par son engagement pour les pens\u00e9es f\u00e9ministes en architecture. En 2018, elle est la premi\u00e8re designer en r\u00e9sidence au centre d\u2019archive de l\u2019\u00e9cole de design HfG Archiv Ulm, en Allemagne. Apr\u00e8s plusieurs ann\u00e9es en pratique priv\u00e9e au sein des bureaux de L. McComber \u2014 Architecture Vivante, Olivia fait le saut dans le milieu communautaire, port\u00e9e par un d\u00e9sir d&#8217;\u00e9galit\u00e9 et de justice pour les communaut\u00e9s marginalis\u00e9es.<\/p>\n<p>\u00ab Joindre l\u2019\u00e9quipe d\u2019Architecture sans fronti\u00e8res Qu\u00e9bec, c\u2019est investir mes passions pour la recherche et la justice sociale, en plus de mettre \u00e0 profit mes habilet\u00e9s relationnelles et techniques d\u00e9velopper dans la pratique priv\u00e9e, pour en faire b\u00e9n\u00e9ficier le secteur communautaire \u00bb, a d\u00e9clar\u00e9 Olivia.<\/p>\n<p>&nbsp;<\/p>\n<p><img decoding=\"async\" class=\"lazyload alignnone wp-image-532138 size-thumbnail\" src=\"https:\/\/www.asf-quebec.org\/wp-content\/uploads\/2021\/10\/Site-web_Maira-150x150.png\" data-orig-src=\"https:\/\/www.asf-quebec.org\/wp-content\/uploads\/2021\/10\/Site-web_Maira-150x150.png\" alt=\"\" width=\"150\" height=\"150\" srcset=\"data:image\/svg+xml,%3Csvg%20xmlns%3D%27http%3A%2F%2Fwww.w3.org%2F2000%2Fsvg%27%20width%3D%27150%27%20height%3D%27150%27%20viewBox%3D%270%200%20150%20150%27%3E%3Crect%20width%3D%27150%27%20height%3D%27150%27%20fill-opacity%3D%220%22%2F%3E%3C%2Fsvg%3E\" data-srcset=\"https:\/\/www.asf-quebec.org\/wp-content\/uploads\/2021\/10\/Site-web_Maira-66x66.png 66w, https:\/\/www.asf-quebec.org\/wp-content\/uploads\/2021\/10\/Site-web_Maira-150x150.png 150w, https:\/\/www.asf-quebec.org\/wp-content\/uploads\/2021\/10\/Site-web_Maira-200x200.png 200w, https:\/\/www.asf-quebec.org\/wp-content\/uploads\/2021\/10\/Site-web_Maira-300x300.png 300w, https:\/\/www.asf-quebec.org\/wp-content\/uploads\/2021\/10\/Site-web_Maira-400x400.png 400w, https:\/\/www.asf-quebec.org\/wp-content\/uploads\/2021\/10\/Site-web_Maira-600x600.png 600w, https:\/\/www.asf-quebec.org\/wp-content\/uploads\/2021\/10\/Site-web_Maira-768x768.png 768w, https:\/\/www.asf-quebec.org\/wp-content\/uploads\/2021\/10\/Site-web_Maira-800x800.png 800w, https:\/\/www.asf-quebec.org\/wp-content\/uploads\/2021\/10\/Site-web_Maira-1024x1024.png 1024w, https:\/\/www.asf-quebec.org\/wp-content\/uploads\/2021\/10\/Site-web_Maira-1200x1200.png 1200w, https:\/\/www.asf-quebec.org\/wp-content\/uploads\/2021\/10\/Site-web_Maira-1536x1536.png 1536w\" data-sizes=\"auto\" data-orig-sizes=\"(max-width: 150px) 100vw, 150px\" \/><\/p>\n<p><strong>Maira Gonzalez<\/strong> est dipl\u00f4m\u00e9e d\u2019un baccalaur\u00e9at en design industriel de l\u2019Universit\u00e9 de Bogota Jorge Tadeo Lozano (UJTL) et d\u2019une ma\u00eetrise en design de l&#8217;environnement de l\u2019UQ\u00c0M. Elle se sp\u00e9cialise dans la conception et la mise en \u0153uvre de projets \u00e0 petite et moyenne \u00e9chelle, orient\u00e9s vers l\u2019\u00eatre humain et ses relations socioculturelles. Depuis 5 ans, elle r\u00e9alise des projets de design et d&#8217;am\u00e9nagement \u00e0 fort impact social, fait la gestion de projets \u00e9coresponsables et participe \u00e0 l&#8217;\u00e9laboration de m\u00e9thodologies participatives avec des populations \u00e0 risque. Toutes ces implications lui ont permis de se perfectionner dans le domaine du co-design et de la co-cr\u00e9ation mettant l&#8217;accent sur le d\u00e9veloppement durable et la gouvernance citoyenne.<\/p>\n<p>\u00ab Mes int\u00e9r\u00eats s\u2019orientant vers le d\u00e9veloppement de pratiques qui, d\u00e8s le design, contribuent \u00e0 l\u2019inclusion sociale et \u00e0 l\u2019am\u00e9lioration de la qualit\u00e9 de vie des populations vuln\u00e9rables, je suis tr\u00e8s heureuse d&#8217;\u00e9voluer dans un organisme qui correspond parfaitement \u00e0 mes id\u00e9aux pour des milieux de vie de qualit\u00e9 et r\u00e9silients. \u00bb, a soulign\u00e9 Maira.<\/p>\n<p>&nbsp;<\/p>\n<p><img decoding=\"async\" class=\"lazyload alignnone wp-image-532121 size-thumbnail\" src=\"https:\/\/www.asf-quebec.org\/wp-content\/uploads\/2021\/10\/Site-web_Olsen-150x150.png\" data-orig-src=\"https:\/\/www.asf-quebec.org\/wp-content\/uploads\/2021\/10\/Site-web_Olsen-150x150.png\" alt=\"\" width=\"150\" height=\"150\" srcset=\"data:image\/svg+xml,%3Csvg%20xmlns%3D%27http%3A%2F%2Fwww.w3.org%2F2000%2Fsvg%27%20width%3D%27150%27%20height%3D%27150%27%20viewBox%3D%270%200%20150%20150%27%3E%3Crect%20width%3D%27150%27%20height%3D%27150%27%20fill-opacity%3D%220%22%2F%3E%3C%2Fsvg%3E\" data-srcset=\"https:\/\/www.asf-quebec.org\/wp-content\/uploads\/2021\/10\/Site-web_Olsen-66x66.png 66w, https:\/\/www.asf-quebec.org\/wp-content\/uploads\/2021\/10\/Site-web_Olsen-150x150.png 150w, https:\/\/www.asf-quebec.org\/wp-content\/uploads\/2021\/10\/Site-web_Olsen-200x200.png 200w, https:\/\/www.asf-quebec.org\/wp-content\/uploads\/2021\/10\/Site-web_Olsen-300x300.png 300w, https:\/\/www.asf-quebec.org\/wp-content\/uploads\/2021\/10\/Site-web_Olsen-400x400.png 400w, https:\/\/www.asf-quebec.org\/wp-content\/uploads\/2021\/10\/Site-web_Olsen-600x600.png 600w, https:\/\/www.asf-quebec.org\/wp-content\/uploads\/2021\/10\/Site-web_Olsen-768x768.png 768w, https:\/\/www.asf-quebec.org\/wp-content\/uploads\/2021\/10\/Site-web_Olsen-800x800.png 800w, https:\/\/www.asf-quebec.org\/wp-content\/uploads\/2021\/10\/Site-web_Olsen-1024x1024.png 1024w, https:\/\/www.asf-quebec.org\/wp-content\/uploads\/2021\/10\/Site-web_Olsen-1200x1200.png 1200w, https:\/\/www.asf-quebec.org\/wp-content\/uploads\/2021\/10\/Site-web_Olsen-1536x1536.png 1536w\" data-sizes=\"auto\" data-orig-sizes=\"(max-width: 150px) 100vw, 150px\" \/><\/p>\n<p><strong>Olsen Jean-Julien<\/strong> dirige actuellement le projet de recherche sur l\u2019architecture et l\u2019itin\u00e9rance d&#8217;ASFQ. Ing\u00e9nieur-architecte, il a travaill\u00e9 pour des centres de recherche \u00e0 l\u2019Universit\u00e9 de Montr\u00e9al, \u00e0 Columbia University \u00e0 New York et \u00e0 la Smithsonian Institution. Il a \u00e9t\u00e9 ministre de la Culture et de la Communication d\u2019Ha\u00efti (2008-2009). Apr\u00e8s le s\u00e9isme de 2010, il a dirig\u00e9 le projet de sauvetage de biens culturels en Ha\u00efti r\u00e9alis\u00e9 dans le cadre d\u2019un partenariat entre le Gouvernement ha\u00eftien et la Smithsonian Institution. En pratique priv\u00e9e, il a \u00e9t\u00e9 un des dirigeants de PH\u00c9NIXIENCE, une firme d\u2019architecture et d\u2019ing\u00e9nierie en Ha\u00efti. Professeur \u00e0 l\u2019universit\u00e9 en Ha\u00efti, il a re\u00e7u de nombreux prix incluant la m\u00e9daille de l\u2019UNESCO des cinq continents (2009) pour son engagement en faveur de la protection du patrimoine culturel d\u2019Ha\u00efti. Il a \u00e9galement re\u00e7u la m\u00e9daille d\u2019or de la Smithsonian Institution pour service exemplaire (2011).<\/p>\n<p>\u00ab Avec le projet de recherche sur l\u2019architecture et l\u2019itin\u00e9rance, ASFQ embrasse le noble d\u00e9fi de mettre les savoirs en am\u00e9nagement au service de l\u2019inclusion sociale des communaut\u00e9s vuln\u00e9rables. \u00bb, a affirm\u00e9 Olsen.<\/p>\n<p>&nbsp;<\/p>\n<p><img decoding=\"async\" class=\"lazyload alignnone wp-image-586294 size-thumbnail\" src=\"https:\/\/www.asf-quebec.org\/wp-content\/uploads\/2021\/12\/Site-web_Isabelle-150x150.png\" data-orig-src=\"https:\/\/www.asf-quebec.org\/wp-content\/uploads\/2021\/12\/Site-web_Isabelle-150x150.png\" alt=\"\" width=\"150\" height=\"150\" srcset=\"data:image\/svg+xml,%3Csvg%20xmlns%3D%27http%3A%2F%2Fwww.w3.org%2F2000%2Fsvg%27%20width%3D%27150%27%20height%3D%27150%27%20viewBox%3D%270%200%20150%20150%27%3E%3Crect%20width%3D%27150%27%20height%3D%27150%27%20fill-opacity%3D%220%22%2F%3E%3C%2Fsvg%3E\" data-srcset=\"https:\/\/www.asf-quebec.org\/wp-content\/uploads\/2021\/12\/Site-web_Isabelle-66x66.png 66w, https:\/\/www.asf-quebec.org\/wp-content\/uploads\/2021\/12\/Site-web_Isabelle-150x150.png 150w, https:\/\/www.asf-quebec.org\/wp-content\/uploads\/2021\/12\/Site-web_Isabelle-200x200.png 200w, https:\/\/www.asf-quebec.org\/wp-content\/uploads\/2021\/12\/Site-web_Isabelle-300x300.png 300w, https:\/\/www.asf-quebec.org\/wp-content\/uploads\/2021\/12\/Site-web_Isabelle-400x400.png 400w, https:\/\/www.asf-quebec.org\/wp-content\/uploads\/2021\/12\/Site-web_Isabelle-600x600.png 600w, https:\/\/www.asf-quebec.org\/wp-content\/uploads\/2021\/12\/Site-web_Isabelle-768x768.png 768w, https:\/\/www.asf-quebec.org\/wp-content\/uploads\/2021\/12\/Site-web_Isabelle-800x800.png 800w, https:\/\/www.asf-quebec.org\/wp-content\/uploads\/2021\/12\/Site-web_Isabelle-1024x1024.png 1024w, https:\/\/www.asf-quebec.org\/wp-content\/uploads\/2021\/12\/Site-web_Isabelle-1200x1200.png 1200w, https:\/\/www.asf-quebec.org\/wp-content\/uploads\/2021\/12\/Site-web_Isabelle-1536x1536.png 1536w\" data-sizes=\"auto\" data-orig-sizes=\"(max-width: 150px) 100vw, 150px\" \/><\/p>\n<p><strong>Isabelle Huiban<\/strong> a d\u00e9velopp\u00e9 depuis ces vingt derni\u00e8res ann\u00e9es une solide expertise dans le domaine des communications, des relations de presse et des relations publiques. Elle a notamment oeuvr\u00e9 au CCA (Centre Canadien d&#8217;Architecture) pendant plus de dix ans, ainsi qu\u2019au sein d\u2019autres institutions culturelles de renom \u2013 Festival International du Film sur l\u2019Art (Le FIFA) | The International Festival of Films on Art, Orchestre symphonique de Montr\u00e9al et Ex-Centris. Au cours de sa carri\u00e8re, elle a eu la responsabilit\u00e9 d\u2019organiser et de promouvoir des \u00e9v\u00e9nements de presse d\u2019envergure, de veiller \u00e0 l\u2019image de personnalit\u00e9s publiques et de communiquer notamment autour de projets urbanistiques et \u00e0 vocation sociale dans le cadre de la Table de concertation du quartier centre-ville ouest, du Fonds d&#8217;Investissement de Montr\u00e9al et de l\u2019Institut des Politiques Alternatives Montr\u00e9al.<\/p>\n<p>\u00ab Je suis tr\u00e8s heureuse de renouer avec le milieu de l&#8217;architecture et de me joindre \u00e0 l\u2019\u00e9quipe d\u2019ASFQ dont le dynamisme, l\u2019expertise et l\u2019\u00e9thique m&#8217;impressionnent et me motivent au plus haut point! \u00bb, s&#8217;est-elle r\u00e9jouie.<\/p>\n<p>&nbsp;<\/p>\n<p><img decoding=\"async\" class=\"lazyload alignnone wp-image-532147 size-thumbnail\" src=\"https:\/\/www.asf-quebec.org\/wp-content\/uploads\/2021\/10\/Site-web_Caroline-150x150.png\" data-orig-src=\"https:\/\/www.asf-quebec.org\/wp-content\/uploads\/2021\/10\/Site-web_Caroline-150x150.png\" alt=\"\" width=\"150\" height=\"150\" srcset=\"data:image\/svg+xml,%3Csvg%20xmlns%3D%27http%3A%2F%2Fwww.w3.org%2F2000%2Fsvg%27%20width%3D%27150%27%20height%3D%27150%27%20viewBox%3D%270%200%20150%20150%27%3E%3Crect%20width%3D%27150%27%20height%3D%27150%27%20fill-opacity%3D%220%22%2F%3E%3C%2Fsvg%3E\" data-srcset=\"https:\/\/www.asf-quebec.org\/wp-content\/uploads\/2021\/10\/Site-web_Caroline-66x66.png 66w, https:\/\/www.asf-quebec.org\/wp-content\/uploads\/2021\/10\/Site-web_Caroline-150x150.png 150w, https:\/\/www.asf-quebec.org\/wp-content\/uploads\/2021\/10\/Site-web_Caroline-200x200.png 200w, https:\/\/www.asf-quebec.org\/wp-content\/uploads\/2021\/10\/Site-web_Caroline-300x300.png 300w, https:\/\/www.asf-quebec.org\/wp-content\/uploads\/2021\/10\/Site-web_Caroline-400x400.png 400w, https:\/\/www.asf-quebec.org\/wp-content\/uploads\/2021\/10\/Site-web_Caroline-600x600.png 600w, https:\/\/www.asf-quebec.org\/wp-content\/uploads\/2021\/10\/Site-web_Caroline-768x768.png 768w, https:\/\/www.asf-quebec.org\/wp-content\/uploads\/2021\/10\/Site-web_Caroline-800x800.png 800w, https:\/\/www.asf-quebec.org\/wp-content\/uploads\/2021\/10\/Site-web_Caroline-1024x1024.png 1024w, https:\/\/www.asf-quebec.org\/wp-content\/uploads\/2021\/10\/Site-web_Caroline-1200x1200.png 1200w, https:\/\/www.asf-quebec.org\/wp-content\/uploads\/2021\/10\/Site-web_Caroline-1536x1536.png 1536w\" data-sizes=\"auto\" data-orig-sizes=\"(max-width: 150px) 100vw, 150px\" \/><\/p>\n<p><strong>Caroline Thomasset-Laperri\u00e8re <\/strong>est titulaire d\u2019un dipl\u00f4me multidisciplinaire de deuxi\u00e8me cycle en \u00e9codesign strat\u00e9gique (2020) et d\u2019un B.Sc Architecture (1997). Elle\u00a0a r\u00e9cemment consolid\u00e9 ses connaissances en \u00e9coconception, en gestion et en d\u00e9veloppement durable, apr\u00e8s vingt ans d\u2019activit\u00e9s professionnelles en design appliqu\u00e9, dont dix ans \u00e0 la barre d\u2019Illuminart.ca, un atelier de conception et de fabrication de luminaires, alliant art, technologie et environnement. Ayant consacr\u00e9 les dix ann\u00e9es pr\u00e9c\u00e9dentes \u00e0 la conception et la r\u00e9alisation de d\u00e9cors de vitrines, d\u2019expositions culturelles et d\u2019\u00e9v\u00e9nements sp\u00e9ciaux \u00e0 Montr\u00e9al, elle a parall\u00e8lement exerc\u00e9 comme consultante aupr\u00e8s de commer\u00e7ants de la m\u00e9tropole montr\u00e9alaise pour valoriser la pr\u00e9sentation de leurs produits. Caroline s\u2019int\u00e9resse d\u00e9sormais \u00e0 la cr\u00e9ation de valeur par l\u2019innovation durable et par la pens\u00e9e design, en s\u2019appuyant sur les principes fondateurs de l\u2019\u00e9conomie circulaire.<\/p>\n<p>\u00ab En rejoignant l\u2019accueillante \u00e9quipe d\u2019ASFQ, j\u2019ai tout de suite senti que je pourrai d\u00e9ployer mon leadership et ma cr\u00e9ativit\u00e9 au service de l\u2019innovation sociale et durable, en misant sur le d\u00e9veloppement de l\u2019architecture circulaire. Je suis pr\u00eate \u00e0 relever ce d\u00e9fi de taille ! \u00bb a indiqu\u00e9 Caroline.<\/p>\n<p>&nbsp;<\/p>\n<p><strong>Pour consultez l&#8217;ensemble des membres de l&#8217;\u00e9quipe d&#8217;ASFQ, <a href=\"https:\/\/www.asf-quebec.org\/a-propos\/notre-equipe\/\">cliquez ici<\/a>.<\/strong><\/p>\n","protected":false},"excerpt":{"rendered":"<p>Afin de soutenir son expansion, Architecture Sans Fronti\u00e8res Qu\u00e9bec (ASFQ) <a href=\"https:\/\/www.asf-quebec.org\/en\/621940\/\"> [&#8230;]<\/a><\/p>\n","protected":false},"author":2,"featured_media":621951,"comment_status":"closed","ping_status":"closed","sticky":false,"template":"","format":"standard","meta":{"_acf_changed":false,"footnotes":""},"categories":[37],"tags":[],"class_list":["post-951184","post","type-post","status-publish","format-standard","has-post-thumbnail","hentry","category-news"],"acf":[],"yoast_head":"<!-- This site is optimized with the Yoast SEO plugin v26.8 - https:\/\/yoast.com\/product\/yoast-seo-wordpress\/ -->\n<title>Nominations : ASFQ grandit et accueille cinq nouvelles personnes au sein de son \u00e9quipe - Architecture Sans Fronti\u00e8res Qu\u00e9bec %<\/title>\n<meta name=\"description\" content=\"Nominations : ASFQ grandit et accueille cinq nouvelles personnes au sein de son \u00e9quipe\" \/>\n<meta name=\"robots\" content=\"index, follow, max-snippet:-1, max-image-preview:large, max-video-preview:-1\" \/>\n<link rel=\"canonical\" href=\"https:\/\/www.asf-quebec.org\/en\/621940\/\" \/>\n<meta property=\"og:locale\" content=\"en_US\" \/>\n<meta property=\"og:type\" content=\"article\" \/>\n<meta property=\"og:title\" content=\"Nominations : ASFQ grandit et accueille cinq nouvelles personnes au sein de son \u00e9quipe - Architecture Sans Fronti\u00e8res Qu\u00e9bec %\" \/>\n<meta property=\"og:description\" content=\"Nominations : ASFQ grandit et accueille cinq nouvelles personnes au sein de son \u00e9quipe\" \/>\n<meta property=\"og:url\" content=\"https:\/\/www.asf-quebec.org\/en\/621940\/\" \/>\n<meta property=\"og:site_name\" content=\"Architecture Sans Fronti\u00e8res Qu\u00e9bec\" \/>\n<meta property=\"article:publisher\" content=\"https:\/\/www.facebook.com\/architecturesansfrontieres\/\" \/>\n<meta property=\"article:published_time\" content=\"2022-01-27T05:08:14+00:00\" \/>\n<meta property=\"og:image\" content=\"https:\/\/www.asf-quebec.org\/wp-content\/uploads\/2021\/10\/Site-web_Olivia-150x150.png\" \/>\n<meta name=\"author\" content=\"asf-quebec\" \/>\n<meta name=\"twitter:card\" content=\"summary_large_image\" \/>\n<meta name=\"twitter:label1\" content=\"Written by\" \/>\n\t<meta name=\"twitter:data1\" content=\"asf-quebec\" \/>\n\t<meta name=\"twitter:label2\" content=\"Est. reading time\" \/>\n\t<meta name=\"twitter:data2\" content=\"6 minutes\" \/>\n<script type=\"application\/ld+json\" class=\"yoast-schema-graph\">{\"@context\":\"https:\/\/schema.org\",\"@graph\":[{\"@type\":\"Article\",\"@id\":\"https:\/\/www.asf-quebec.org\/en\/621940\/#article\",\"isPartOf\":{\"@id\":\"https:\/\/www.asf-quebec.org\/en\/621940\/\"},\"author\":{\"name\":\"asf-quebec\",\"@id\":\"https:\/\/www.asf-quebec.org\/en\/#\/schema\/person\/9655911da321e5e7c39708ae5de28d6a\"},\"headline\":\"Nominations : ASFQ grandit et accueille cinq nouvelles personnes au sein de son \u00e9quipe\",\"datePublished\":\"2022-01-27T05:08:14+00:00\",\"mainEntityOfPage\":{\"@id\":\"https:\/\/www.asf-quebec.org\/en\/621940\/\"},\"wordCount\":1149,\"publisher\":{\"@id\":\"https:\/\/www.asf-quebec.org\/en\/#organization\"},\"image\":{\"@id\":\"https:\/\/www.asf-quebec.org\/en\/621940\/#primaryimage\"},\"thumbnailUrl\":\"https:\/\/www.asf-quebec.org\/wp-content\/uploads\/2022\/01\/Capture-de\u0301cran-le-2022-01-26-a\u0300-21.40.46.jpg\",\"articleSection\":[\"News\"],\"inLanguage\":\"en-US\"},{\"@type\":\"WebPage\",\"@id\":\"https:\/\/www.asf-quebec.org\/en\/621940\/\",\"url\":\"https:\/\/www.asf-quebec.org\/en\/621940\/\",\"name\":\"Nominations : ASFQ grandit et accueille cinq nouvelles personnes au sein de son \u00e9quipe - Architecture Sans Fronti\u00e8res Qu\u00e9bec %\",\"isPartOf\":{\"@id\":\"https:\/\/www.asf-quebec.org\/en\/#website\"},\"primaryImageOfPage\":{\"@id\":\"https:\/\/www.asf-quebec.org\/en\/621940\/#primaryimage\"},\"image\":{\"@id\":\"https:\/\/www.asf-quebec.org\/en\/621940\/#primaryimage\"},\"thumbnailUrl\":\"https:\/\/www.asf-quebec.org\/wp-content\/uploads\/2022\/01\/Capture-de\u0301cran-le-2022-01-26-a\u0300-21.40.46.jpg\",\"datePublished\":\"2022-01-27T05:08:14+00:00\",\"description\":\"Nominations : ASFQ grandit et accueille cinq nouvelles personnes au sein de son \u00e9quipe\",\"breadcrumb\":{\"@id\":\"https:\/\/www.asf-quebec.org\/en\/621940\/#breadcrumb\"},\"inLanguage\":\"en-US\",\"potentialAction\":[{\"@type\":\"ReadAction\",\"target\":[\"https:\/\/www.asf-quebec.org\/en\/621940\/\"]}]},{\"@type\":\"ImageObject\",\"inLanguage\":\"en-US\",\"@id\":\"https:\/\/www.asf-quebec.org\/en\/621940\/#primaryimage\",\"url\":\"https:\/\/www.asf-quebec.org\/wp-content\/uploads\/2022\/01\/Capture-de\u0301cran-le-2022-01-26-a\u0300-21.40.46.jpg\",\"contentUrl\":\"https:\/\/www.asf-quebec.org\/wp-content\/uploads\/2022\/01\/Capture-de\u0301cran-le-2022-01-26-a\u0300-21.40.46.jpg\",\"width\":1130,\"height\":720},{\"@type\":\"BreadcrumbList\",\"@id\":\"https:\/\/www.asf-quebec.org\/en\/621940\/#breadcrumb\",\"itemListElement\":[{\"@type\":\"ListItem\",\"position\":1,\"name\":\"Accueil\",\"item\":\"https:\/\/www.asf-quebec.org\/en\/\"},{\"@type\":\"ListItem\",\"position\":2,\"name\":\"Nominations : ASFQ grandit et accueille cinq nouvelles personnes au sein de son \u00e9quipe\"}]},{\"@type\":\"WebSite\",\"@id\":\"https:\/\/www.asf-quebec.org\/en\/#website\",\"url\":\"https:\/\/www.asf-quebec.org\/en\/\",\"name\":\"Architecture sans fronti\u00e8res Qu\u00e9bec\",\"description\":\"ASFQ\",\"publisher\":{\"@id\":\"https:\/\/www.asf-quebec.org\/en\/#organization\"},\"potentialAction\":[{\"@type\":\"SearchAction\",\"target\":{\"@type\":\"EntryPoint\",\"urlTemplate\":\"https:\/\/www.asf-quebec.org\/en\/?s={search_term_string}\"},\"query-input\":{\"@type\":\"PropertyValueSpecification\",\"valueRequired\":true,\"valueName\":\"search_term_string\"}}],\"inLanguage\":\"en-US\"},{\"@type\":\"Organization\",\"@id\":\"https:\/\/www.asf-quebec.org\/en\/#organization\",\"name\":\"Architecture sans fronti\u00e8res Qu\u00e9bec (ASFQ)\",\"url\":\"https:\/\/www.asf-quebec.org\/en\/\",\"logo\":{\"@type\":\"ImageObject\",\"inLanguage\":\"en-US\",\"@id\":\"https:\/\/www.asf-quebec.org\/en\/#\/schema\/logo\/image\/\",\"url\":\"https:\/\/www.asf-quebec.org\/wp-content\/uploads\/2019\/07\/Logo-asfq-retina.jpg\",\"contentUrl\":\"https:\/\/www.asf-quebec.org\/wp-content\/uploads\/2019\/07\/Logo-asfq-retina.jpg\",\"width\":564,\"height\":219,\"caption\":\"Architecture sans fronti\u00e8res Qu\u00e9bec (ASFQ)\"},\"image\":{\"@id\":\"https:\/\/www.asf-quebec.org\/en\/#\/schema\/logo\/image\/\"},\"sameAs\":[\"https:\/\/www.facebook.com\/architecturesansfrontieres\/\",\"https:\/\/www.instagram.com\/asfquebec\/\",\"https:\/\/www.linkedin.com\/company\/asf-quebec\/\"]},{\"@type\":\"Person\",\"@id\":\"https:\/\/www.asf-quebec.org\/en\/#\/schema\/person\/9655911da321e5e7c39708ae5de28d6a\",\"name\":\"asf-quebec\",\"image\":{\"@type\":\"ImageObject\",\"inLanguage\":\"en-US\",\"@id\":\"https:\/\/www.asf-quebec.org\/en\/#\/schema\/person\/image\/\",\"url\":\"https:\/\/secure.gravatar.com\/avatar\/e855b116ca919b157a426c59781443a8d88f6c286252b6e0fed2bef83833541c?s=96&d=mm&r=g\",\"contentUrl\":\"https:\/\/secure.gravatar.com\/avatar\/e855b116ca919b157a426c59781443a8d88f6c286252b6e0fed2bef83833541c?s=96&d=mm&r=g\",\"caption\":\"asf-quebec\"}}]}<\/script>\n<!-- \/ Yoast SEO plugin. -->","yoast_head_json":{"title":"Nominations : ASFQ grandit et accueille cinq nouvelles personnes au sein de son \u00e9quipe - Architecture Sans Fronti\u00e8res Qu\u00e9bec %","description":"Nominations : ASFQ grandit et accueille cinq nouvelles personnes au sein de son \u00e9quipe","robots":{"index":"index","follow":"follow","max-snippet":"max-snippet:-1","max-image-preview":"max-image-preview:large","max-video-preview":"max-video-preview:-1"},"canonical":"https:\/\/www.asf-quebec.org\/en\/621940\/","og_locale":"en_US","og_type":"article","og_title":"Nominations : ASFQ grandit et accueille cinq nouvelles personnes au sein de son \u00e9quipe - Architecture Sans Fronti\u00e8res Qu\u00e9bec %","og_description":"Nominations : ASFQ grandit et accueille cinq nouvelles personnes au sein de son \u00e9quipe","og_url":"https:\/\/www.asf-quebec.org\/en\/621940\/","og_site_name":"Architecture Sans Fronti\u00e8res Qu\u00e9bec","article_publisher":"https:\/\/www.facebook.com\/architecturesansfrontieres\/","article_published_time":"2022-01-27T05:08:14+00:00","og_image":[{"url":"https:\/\/www.asf-quebec.org\/wp-content\/uploads\/2021\/10\/Site-web_Olivia-150x150.png","type":"","width":"","height":""}],"author":"asf-quebec","twitter_card":"summary_large_image","twitter_misc":{"Written by":"asf-quebec","Est. reading time":"6 minutes"},"schema":{"@context":"https:\/\/schema.org","@graph":[{"@type":"Article","@id":"https:\/\/www.asf-quebec.org\/en\/621940\/#article","isPartOf":{"@id":"https:\/\/www.asf-quebec.org\/en\/621940\/"},"author":{"name":"asf-quebec","@id":"https:\/\/www.asf-quebec.org\/en\/#\/schema\/person\/9655911da321e5e7c39708ae5de28d6a"},"headline":"Nominations : ASFQ grandit et accueille cinq nouvelles personnes au sein de son \u00e9quipe","datePublished":"2022-01-27T05:08:14+00:00","mainEntityOfPage":{"@id":"https:\/\/www.asf-quebec.org\/en\/621940\/"},"wordCount":1149,"publisher":{"@id":"https:\/\/www.asf-quebec.org\/en\/#organization"},"image":{"@id":"https:\/\/www.asf-quebec.org\/en\/621940\/#primaryimage"},"thumbnailUrl":"https:\/\/www.asf-quebec.org\/wp-content\/uploads\/2022\/01\/Capture-de\u0301cran-le-2022-01-26-a\u0300-21.40.46.jpg","articleSection":["News"],"inLanguage":"en-US"},{"@type":"WebPage","@id":"https:\/\/www.asf-quebec.org\/en\/621940\/","url":"https:\/\/www.asf-quebec.org\/en\/621940\/","name":"Nominations : ASFQ grandit et accueille cinq nouvelles personnes au sein de son \u00e9quipe - Architecture Sans Fronti\u00e8res Qu\u00e9bec %","isPartOf":{"@id":"https:\/\/www.asf-quebec.org\/en\/#website"},"primaryImageOfPage":{"@id":"https:\/\/www.asf-quebec.org\/en\/621940\/#primaryimage"},"image":{"@id":"https:\/\/www.asf-quebec.org\/en\/621940\/#primaryimage"},"thumbnailUrl":"https:\/\/www.asf-quebec.org\/wp-content\/uploads\/2022\/01\/Capture-de\u0301cran-le-2022-01-26-a\u0300-21.40.46.jpg","datePublished":"2022-01-27T05:08:14+00:00","description":"Nominations : ASFQ grandit et accueille cinq nouvelles personnes au sein de son \u00e9quipe","breadcrumb":{"@id":"https:\/\/www.asf-quebec.org\/en\/621940\/#breadcrumb"},"inLanguage":"en-US","potentialAction":[{"@type":"ReadAction","target":["https:\/\/www.asf-quebec.org\/en\/621940\/"]}]},{"@type":"ImageObject","inLanguage":"en-US","@id":"https:\/\/www.asf-quebec.org\/en\/621940\/#primaryimage","url":"https:\/\/www.asf-quebec.org\/wp-content\/uploads\/2022\/01\/Capture-de\u0301cran-le-2022-01-26-a\u0300-21.40.46.jpg","contentUrl":"https:\/\/www.asf-quebec.org\/wp-content\/uploads\/2022\/01\/Capture-de\u0301cran-le-2022-01-26-a\u0300-21.40.46.jpg","width":1130,"height":720},{"@type":"BreadcrumbList","@id":"https:\/\/www.asf-quebec.org\/en\/621940\/#breadcrumb","itemListElement":[{"@type":"ListItem","position":1,"name":"Accueil","item":"https:\/\/www.asf-quebec.org\/en\/"},{"@type":"ListItem","position":2,"name":"Nominations : ASFQ grandit et accueille cinq nouvelles personnes au sein de son \u00e9quipe"}]},{"@type":"WebSite","@id":"https:\/\/www.asf-quebec.org\/en\/#website","url":"https:\/\/www.asf-quebec.org\/en\/","name":"Architecture sans fronti\u00e8res Qu\u00e9bec","description":"ASFQ","publisher":{"@id":"https:\/\/www.asf-quebec.org\/en\/#organization"},"potentialAction":[{"@type":"SearchAction","target":{"@type":"EntryPoint","urlTemplate":"https:\/\/www.asf-quebec.org\/en\/?s={search_term_string}"},"query-input":{"@type":"PropertyValueSpecification","valueRequired":true,"valueName":"search_term_string"}}],"inLanguage":"en-US"},{"@type":"Organization","@id":"https:\/\/www.asf-quebec.org\/en\/#organization","name":"Architecture sans fronti\u00e8res Qu\u00e9bec (ASFQ)","url":"https:\/\/www.asf-quebec.org\/en\/","logo":{"@type":"ImageObject","inLanguage":"en-US","@id":"https:\/\/www.asf-quebec.org\/en\/#\/schema\/logo\/image\/","url":"https:\/\/www.asf-quebec.org\/wp-content\/uploads\/2019\/07\/Logo-asfq-retina.jpg","contentUrl":"https:\/\/www.asf-quebec.org\/wp-content\/uploads\/2019\/07\/Logo-asfq-retina.jpg","width":564,"height":219,"caption":"Architecture sans fronti\u00e8res Qu\u00e9bec (ASFQ)"},"image":{"@id":"https:\/\/www.asf-quebec.org\/en\/#\/schema\/logo\/image\/"},"sameAs":["https:\/\/www.facebook.com\/architecturesansfrontieres\/","https:\/\/www.instagram.com\/asfquebec\/","https:\/\/www.linkedin.com\/company\/asf-quebec\/"]},{"@type":"Person","@id":"https:\/\/www.asf-quebec.org\/en\/#\/schema\/person\/9655911da321e5e7c39708ae5de28d6a","name":"asf-quebec","image":{"@type":"ImageObject","inLanguage":"en-US","@id":"https:\/\/www.asf-quebec.org\/en\/#\/schema\/person\/image\/","url":"https:\/\/secure.gravatar.com\/avatar\/e855b116ca919b157a426c59781443a8d88f6c286252b6e0fed2bef83833541c?s=96&d=mm&r=g","contentUrl":"https:\/\/secure.gravatar.com\/avatar\/e855b116ca919b157a426c59781443a8d88f6c286252b6e0fed2bef83833541c?s=96&d=mm&r=g","caption":"asf-quebec"}}]}},"_links":{"self":[{"href":"https:\/\/www.asf-quebec.org\/en\/wp-json\/wp\/v2\/posts\/951184","targetHints":{"allow":["GET"]}}],"collection":[{"href":"https:\/\/www.asf-quebec.org\/en\/wp-json\/wp\/v2\/posts"}],"about":[{"href":"https:\/\/www.asf-quebec.org\/en\/wp-json\/wp\/v2\/types\/post"}],"author":[{"embeddable":true,"href":"https:\/\/www.asf-quebec.org\/en\/wp-json\/wp\/v2\/users\/2"}],"replies":[{"embeddable":true,"href":"https:\/\/www.asf-quebec.org\/en\/wp-json\/wp\/v2\/comments?post=951184"}],"version-history":[{"count":0,"href":"https:\/\/www.asf-quebec.org\/en\/wp-json\/wp\/v2\/posts\/951184\/revisions"}],"wp:featuredmedia":[{"embeddable":true,"href":"https:\/\/www.asf-quebec.org\/en\/wp-json\/wp\/v2\/media\/621951"}],"wp:attachment":[{"href":"https:\/\/www.asf-quebec.org\/en\/wp-json\/wp\/v2\/media?parent=951184"}],"wp:term":[{"taxonomy":"category","embeddable":true,"href":"https:\/\/www.asf-quebec.org\/en\/wp-json\/wp\/v2\/categories?post=951184"},{"taxonomy":"post_tag","embeddable":true,"href":"https:\/\/www.asf-quebec.org\/en\/wp-json\/wp\/v2\/tags?post=951184"}],"curies":[{"name":"wp","href":"https:\/\/api.w.org\/{rel}","templated":true}]}}