{"id":951176,"date":"2022-03-16T14:16:14","date_gmt":"2022-03-16T14:16:14","guid":{"rendered":"https:\/\/www.asf-quebec.org\/construction-nepal\/"},"modified":"2022-03-16T14:16:14","modified_gmt":"2022-03-16T14:16:14","slug":"construction-nepal","status":"publish","type":"post","link":"https:\/\/www.asf-quebec.org\/en\/construction-nepal\/","title":{"rendered":"N\u00e9pal : renforcement d&#8217;infrastructures scolaires"},"content":{"rendered":"<p>Dans l&#8217;est du N\u00e9pal, ASFQ est heureux de l&#8217;avanc\u00e9e rapide de<b> la deuxi\u00e8me phase de ses interventions dans la r\u00e9gion de Taksindu<\/b>.. Longtemps retard\u00e9 du fait de la pand\u00e9mie, ce dernier consiste en l&#8217;\u00e9dification de\u00a0 murs de sout\u00e8nement et de travaux de drainage sur le site de trois\u00a0 \u00e9coles (\u00c9cole de Akang, de Deku et de Chhulemu), ainsi que sur le site du centre communautaire de Chhulemu construit par ASFQ en 2016.<\/p>\n<p><img decoding=\"async\" class=\"lazyload wp-image-705142 aligncenter\" src=\"https:\/\/www.asf-quebec.org\/wp-content\/uploads\/2022\/03\/Mur-soutenement_ecole-de-Chhulemu-4.jpg\" data-orig-src=\"https:\/\/www.asf-quebec.org\/wp-content\/uploads\/2022\/03\/Mur-soutenement_ecole-de-Chhulemu-4.jpg\" alt=\"\" width=\"696\" height=\"523\" srcset=\"data:image\/svg+xml,%3Csvg%20xmlns%3D%27http%3A%2F%2Fwww.w3.org%2F2000%2Fsvg%27%20width%3D%27696%27%20height%3D%27523%27%20viewBox%3D%270%200%20696%20523%27%3E%3Crect%20width%3D%27696%27%20height%3D%27523%27%20fill-opacity%3D%220%22%2F%3E%3C%2Fsvg%3E\" data-srcset=\"https:\/\/www.asf-quebec.org\/wp-content\/uploads\/2022\/03\/Mur-soutenement_ecole-de-Chhulemu-4-200x150.jpg 200w, https:\/\/www.asf-quebec.org\/wp-content\/uploads\/2022\/03\/Mur-soutenement_ecole-de-Chhulemu-4-300x225.jpg 300w, https:\/\/www.asf-quebec.org\/wp-content\/uploads\/2022\/03\/Mur-soutenement_ecole-de-Chhulemu-4-400x300.jpg 400w, https:\/\/www.asf-quebec.org\/wp-content\/uploads\/2022\/03\/Mur-soutenement_ecole-de-Chhulemu-4-600x450.jpg 600w, https:\/\/www.asf-quebec.org\/wp-content\/uploads\/2022\/03\/Mur-soutenement_ecole-de-Chhulemu-4-768x576.jpg 768w, https:\/\/www.asf-quebec.org\/wp-content\/uploads\/2022\/03\/Mur-soutenement_ecole-de-Chhulemu-4-800x600.jpg 800w, https:\/\/www.asf-quebec.org\/wp-content\/uploads\/2022\/03\/Mur-soutenement_ecole-de-Chhulemu-4-1024x768.jpg 1024w, https:\/\/www.asf-quebec.org\/wp-content\/uploads\/2022\/03\/Mur-soutenement_ecole-de-Chhulemu-4.jpg 1040w\" data-sizes=\"auto\" data-orig-sizes=\"(max-width: 696px) 100vw, 696px\" \/><\/p>\n<p>L&#8217;objectif d\u2019une telle entreprise est de <b>prot\u00e9ger les b\u00e2timents construits en zones sismiques<\/b>, \u00e0 savoir r\u00e9duire les glissements de terrain \u00e0 proximit\u00e9 des b\u00e2timents et limiter les dommages sur le b\u00e2ti. Il s&#8217;agit \u00e9galement d\u2019assurer un drainage ad\u00e9quat au p\u00e9rim\u00e8tre des b\u00e2timents pour la protection des structures et d\u2019\u00e9liminer la moisissure dans les b\u00e2timents due \u00e0 l\u2019infiltration d\u2019eau.<\/p>\n","protected":false},"excerpt":{"rendered":"<p>Dans l&#8217;est du N\u00e9pal, ASFQ est heureux de l&#8217;avanc\u00e9e rapide <a href=\"https:\/\/www.asf-quebec.org\/en\/construction-nepal\/\"> [&#8230;]<\/a><\/p>\n","protected":false},"author":2,"featured_media":705118,"comment_status":"closed","ping_status":"closed","sticky":false,"template":"","format":"standard","meta":{"_acf_changed":false,"footnotes":""},"categories":[37],"tags":[],"class_list":["post-951176","post","type-post","status-publish","format-standard","has-post-thumbnail","hentry","category-news"],"acf":[],"yoast_head":"<!-- This site is optimized with the Yoast SEO plugin v26.8 - https:\/\/yoast.com\/product\/yoast-seo-wordpress\/ -->\n<title>N\u00e9pal : renforcement d&#039;infrastructures scolaires - Architecture Sans Fronti\u00e8res Qu\u00e9bec %<\/title>\n<meta name=\"description\" content=\"N\u00e9pal : renforcement d&#039;infrastructures scolaires\" \/>\n<meta name=\"robots\" content=\"index, follow, max-snippet:-1, max-image-preview:large, max-video-preview:-1\" \/>\n<link rel=\"canonical\" href=\"https:\/\/www.asf-quebec.org\/en\/construction-nepal\/\" \/>\n<meta property=\"og:locale\" content=\"en_US\" \/>\n<meta property=\"og:type\" content=\"article\" \/>\n<meta property=\"og:title\" content=\"N\u00e9pal : renforcement d&#039;infrastructures scolaires - Architecture Sans Fronti\u00e8res Qu\u00e9bec %\" \/>\n<meta property=\"og:description\" content=\"N\u00e9pal : renforcement d&#039;infrastructures scolaires\" \/>\n<meta property=\"og:url\" content=\"https:\/\/www.asf-quebec.org\/en\/construction-nepal\/\" \/>\n<meta property=\"og:site_name\" content=\"Architecture Sans Fronti\u00e8res Qu\u00e9bec\" \/>\n<meta property=\"article:publisher\" content=\"https:\/\/www.facebook.com\/architecturesansfrontieres\/\" \/>\n<meta property=\"article:published_time\" content=\"2022-03-16T14:16:14+00:00\" \/>\n<meta property=\"og:image\" content=\"https:\/\/www.asf-quebec.org\/wp-content\/uploads\/2022\/03\/Mur-soutenement_ecole-de-Chhulemu-4.jpg\" \/>\n<meta name=\"author\" content=\"asf-quebec\" \/>\n<meta name=\"twitter:card\" content=\"summary_large_image\" \/>\n<meta name=\"twitter:label1\" content=\"Written by\" \/>\n\t<meta name=\"twitter:data1\" content=\"asf-quebec\" \/>\n\t<meta name=\"twitter:label2\" content=\"Est. reading time\" \/>\n\t<meta name=\"twitter:data2\" content=\"1 minute\" \/>\n<script type=\"application\/ld+json\" class=\"yoast-schema-graph\">{\"@context\":\"https:\/\/schema.org\",\"@graph\":[{\"@type\":\"Article\",\"@id\":\"https:\/\/www.asf-quebec.org\/en\/construction-nepal\/#article\",\"isPartOf\":{\"@id\":\"https:\/\/www.asf-quebec.org\/en\/construction-nepal\/\"},\"author\":{\"name\":\"asf-quebec\",\"@id\":\"https:\/\/www.asf-quebec.org\/en\/#\/schema\/person\/9655911da321e5e7c39708ae5de28d6a\"},\"headline\":\"N\u00e9pal : renforcement d&#8217;infrastructures scolaires\",\"datePublished\":\"2022-03-16T14:16:14+00:00\",\"mainEntityOfPage\":{\"@id\":\"https:\/\/www.asf-quebec.org\/en\/construction-nepal\/\"},\"wordCount\":158,\"publisher\":{\"@id\":\"https:\/\/www.asf-quebec.org\/en\/#organization\"},\"image\":{\"@id\":\"https:\/\/www.asf-quebec.org\/en\/construction-nepal\/#primaryimage\"},\"thumbnailUrl\":\"https:\/\/www.asf-quebec.org\/wp-content\/uploads\/2022\/03\/Nepal_Mur-soutenement_ecole-de-Chhulemu-2.jpg\",\"articleSection\":[\"News\"],\"inLanguage\":\"en-US\"},{\"@type\":\"WebPage\",\"@id\":\"https:\/\/www.asf-quebec.org\/en\/construction-nepal\/\",\"url\":\"https:\/\/www.asf-quebec.org\/en\/construction-nepal\/\",\"name\":\"N\u00e9pal : renforcement d'infrastructures scolaires - Architecture Sans Fronti\u00e8res Qu\u00e9bec %\",\"isPartOf\":{\"@id\":\"https:\/\/www.asf-quebec.org\/en\/#website\"},\"primaryImageOfPage\":{\"@id\":\"https:\/\/www.asf-quebec.org\/en\/construction-nepal\/#primaryimage\"},\"image\":{\"@id\":\"https:\/\/www.asf-quebec.org\/en\/construction-nepal\/#primaryimage\"},\"thumbnailUrl\":\"https:\/\/www.asf-quebec.org\/wp-content\/uploads\/2022\/03\/Nepal_Mur-soutenement_ecole-de-Chhulemu-2.jpg\",\"datePublished\":\"2022-03-16T14:16:14+00:00\",\"description\":\"N\u00e9pal : renforcement d'infrastructures scolaires\",\"breadcrumb\":{\"@id\":\"https:\/\/www.asf-quebec.org\/en\/construction-nepal\/#breadcrumb\"},\"inLanguage\":\"en-US\",\"potentialAction\":[{\"@type\":\"ReadAction\",\"target\":[\"https:\/\/www.asf-quebec.org\/en\/construction-nepal\/\"]}]},{\"@type\":\"ImageObject\",\"inLanguage\":\"en-US\",\"@id\":\"https:\/\/www.asf-quebec.org\/en\/construction-nepal\/#primaryimage\",\"url\":\"https:\/\/www.asf-quebec.org\/wp-content\/uploads\/2022\/03\/Nepal_Mur-soutenement_ecole-de-Chhulemu-2.jpg\",\"contentUrl\":\"https:\/\/www.asf-quebec.org\/wp-content\/uploads\/2022\/03\/Nepal_Mur-soutenement_ecole-de-Chhulemu-2.jpg\",\"width\":1600,\"height\":1200},{\"@type\":\"BreadcrumbList\",\"@id\":\"https:\/\/www.asf-quebec.org\/en\/construction-nepal\/#breadcrumb\",\"itemListElement\":[{\"@type\":\"ListItem\",\"position\":1,\"name\":\"Accueil\",\"item\":\"https:\/\/www.asf-quebec.org\/en\/\"},{\"@type\":\"ListItem\",\"position\":2,\"name\":\"N\u00e9pal : renforcement d&rsquo;infrastructures scolaires\"}]},{\"@type\":\"WebSite\",\"@id\":\"https:\/\/www.asf-quebec.org\/en\/#website\",\"url\":\"https:\/\/www.asf-quebec.org\/en\/\",\"name\":\"Architecture sans fronti\u00e8res Qu\u00e9bec\",\"description\":\"ASFQ\",\"publisher\":{\"@id\":\"https:\/\/www.asf-quebec.org\/en\/#organization\"},\"potentialAction\":[{\"@type\":\"SearchAction\",\"target\":{\"@type\":\"EntryPoint\",\"urlTemplate\":\"https:\/\/www.asf-quebec.org\/en\/?s={search_term_string}\"},\"query-input\":{\"@type\":\"PropertyValueSpecification\",\"valueRequired\":true,\"valueName\":\"search_term_string\"}}],\"inLanguage\":\"en-US\"},{\"@type\":\"Organization\",\"@id\":\"https:\/\/www.asf-quebec.org\/en\/#organization\",\"name\":\"Architecture sans fronti\u00e8res Qu\u00e9bec (ASFQ)\",\"url\":\"https:\/\/www.asf-quebec.org\/en\/\",\"logo\":{\"@type\":\"ImageObject\",\"inLanguage\":\"en-US\",\"@id\":\"https:\/\/www.asf-quebec.org\/en\/#\/schema\/logo\/image\/\",\"url\":\"https:\/\/www.asf-quebec.org\/wp-content\/uploads\/2019\/07\/Logo-asfq-retina.jpg\",\"contentUrl\":\"https:\/\/www.asf-quebec.org\/wp-content\/uploads\/2019\/07\/Logo-asfq-retina.jpg\",\"width\":564,\"height\":219,\"caption\":\"Architecture sans fronti\u00e8res Qu\u00e9bec (ASFQ)\"},\"image\":{\"@id\":\"https:\/\/www.asf-quebec.org\/en\/#\/schema\/logo\/image\/\"},\"sameAs\":[\"https:\/\/www.facebook.com\/architecturesansfrontieres\/\",\"https:\/\/www.instagram.com\/asfquebec\/\",\"https:\/\/www.linkedin.com\/company\/asf-quebec\/\"]},{\"@type\":\"Person\",\"@id\":\"https:\/\/www.asf-quebec.org\/en\/#\/schema\/person\/9655911da321e5e7c39708ae5de28d6a\",\"name\":\"asf-quebec\",\"image\":{\"@type\":\"ImageObject\",\"inLanguage\":\"en-US\",\"@id\":\"https:\/\/www.asf-quebec.org\/en\/#\/schema\/person\/image\/\",\"url\":\"https:\/\/secure.gravatar.com\/avatar\/e855b116ca919b157a426c59781443a8d88f6c286252b6e0fed2bef83833541c?s=96&d=mm&r=g\",\"contentUrl\":\"https:\/\/secure.gravatar.com\/avatar\/e855b116ca919b157a426c59781443a8d88f6c286252b6e0fed2bef83833541c?s=96&d=mm&r=g\",\"caption\":\"asf-quebec\"}}]}<\/script>\n<!-- \/ Yoast SEO plugin. -->","yoast_head_json":{"title":"N\u00e9pal : renforcement d'infrastructures scolaires - Architecture Sans Fronti\u00e8res Qu\u00e9bec %","description":"N\u00e9pal : renforcement d'infrastructures scolaires","robots":{"index":"index","follow":"follow","max-snippet":"max-snippet:-1","max-image-preview":"max-image-preview:large","max-video-preview":"max-video-preview:-1"},"canonical":"https:\/\/www.asf-quebec.org\/en\/construction-nepal\/","og_locale":"en_US","og_type":"article","og_title":"N\u00e9pal : renforcement d'infrastructures scolaires - Architecture Sans Fronti\u00e8res Qu\u00e9bec %","og_description":"N\u00e9pal : renforcement d'infrastructures scolaires","og_url":"https:\/\/www.asf-quebec.org\/en\/construction-nepal\/","og_site_name":"Architecture Sans Fronti\u00e8res Qu\u00e9bec","article_publisher":"https:\/\/www.facebook.com\/architecturesansfrontieres\/","article_published_time":"2022-03-16T14:16:14+00:00","og_image":[{"url":"https:\/\/www.asf-quebec.org\/wp-content\/uploads\/2022\/03\/Mur-soutenement_ecole-de-Chhulemu-4.jpg","type":"","width":"","height":""}],"author":"asf-quebec","twitter_card":"summary_large_image","twitter_misc":{"Written by":"asf-quebec","Est. reading time":"1 minute"},"schema":{"@context":"https:\/\/schema.org","@graph":[{"@type":"Article","@id":"https:\/\/www.asf-quebec.org\/en\/construction-nepal\/#article","isPartOf":{"@id":"https:\/\/www.asf-quebec.org\/en\/construction-nepal\/"},"author":{"name":"asf-quebec","@id":"https:\/\/www.asf-quebec.org\/en\/#\/schema\/person\/9655911da321e5e7c39708ae5de28d6a"},"headline":"N\u00e9pal : renforcement d&#8217;infrastructures scolaires","datePublished":"2022-03-16T14:16:14+00:00","mainEntityOfPage":{"@id":"https:\/\/www.asf-quebec.org\/en\/construction-nepal\/"},"wordCount":158,"publisher":{"@id":"https:\/\/www.asf-quebec.org\/en\/#organization"},"image":{"@id":"https:\/\/www.asf-quebec.org\/en\/construction-nepal\/#primaryimage"},"thumbnailUrl":"https:\/\/www.asf-quebec.org\/wp-content\/uploads\/2022\/03\/Nepal_Mur-soutenement_ecole-de-Chhulemu-2.jpg","articleSection":["News"],"inLanguage":"en-US"},{"@type":"WebPage","@id":"https:\/\/www.asf-quebec.org\/en\/construction-nepal\/","url":"https:\/\/www.asf-quebec.org\/en\/construction-nepal\/","name":"N\u00e9pal : renforcement d'infrastructures scolaires - Architecture Sans Fronti\u00e8res Qu\u00e9bec %","isPartOf":{"@id":"https:\/\/www.asf-quebec.org\/en\/#website"},"primaryImageOfPage":{"@id":"https:\/\/www.asf-quebec.org\/en\/construction-nepal\/#primaryimage"},"image":{"@id":"https:\/\/www.asf-quebec.org\/en\/construction-nepal\/#primaryimage"},"thumbnailUrl":"https:\/\/www.asf-quebec.org\/wp-content\/uploads\/2022\/03\/Nepal_Mur-soutenement_ecole-de-Chhulemu-2.jpg","datePublished":"2022-03-16T14:16:14+00:00","description":"N\u00e9pal : renforcement d'infrastructures scolaires","breadcrumb":{"@id":"https:\/\/www.asf-quebec.org\/en\/construction-nepal\/#breadcrumb"},"inLanguage":"en-US","potentialAction":[{"@type":"ReadAction","target":["https:\/\/www.asf-quebec.org\/en\/construction-nepal\/"]}]},{"@type":"ImageObject","inLanguage":"en-US","@id":"https:\/\/www.asf-quebec.org\/en\/construction-nepal\/#primaryimage","url":"https:\/\/www.asf-quebec.org\/wp-content\/uploads\/2022\/03\/Nepal_Mur-soutenement_ecole-de-Chhulemu-2.jpg","contentUrl":"https:\/\/www.asf-quebec.org\/wp-content\/uploads\/2022\/03\/Nepal_Mur-soutenement_ecole-de-Chhulemu-2.jpg","width":1600,"height":1200},{"@type":"BreadcrumbList","@id":"https:\/\/www.asf-quebec.org\/en\/construction-nepal\/#breadcrumb","itemListElement":[{"@type":"ListItem","position":1,"name":"Accueil","item":"https:\/\/www.asf-quebec.org\/en\/"},{"@type":"ListItem","position":2,"name":"N\u00e9pal : renforcement d&rsquo;infrastructures scolaires"}]},{"@type":"WebSite","@id":"https:\/\/www.asf-quebec.org\/en\/#website","url":"https:\/\/www.asf-quebec.org\/en\/","name":"Architecture sans fronti\u00e8res Qu\u00e9bec","description":"ASFQ","publisher":{"@id":"https:\/\/www.asf-quebec.org\/en\/#organization"},"potentialAction":[{"@type":"SearchAction","target":{"@type":"EntryPoint","urlTemplate":"https:\/\/www.asf-quebec.org\/en\/?s={search_term_string}"},"query-input":{"@type":"PropertyValueSpecification","valueRequired":true,"valueName":"search_term_string"}}],"inLanguage":"en-US"},{"@type":"Organization","@id":"https:\/\/www.asf-quebec.org\/en\/#organization","name":"Architecture sans fronti\u00e8res Qu\u00e9bec (ASFQ)","url":"https:\/\/www.asf-quebec.org\/en\/","logo":{"@type":"ImageObject","inLanguage":"en-US","@id":"https:\/\/www.asf-quebec.org\/en\/#\/schema\/logo\/image\/","url":"https:\/\/www.asf-quebec.org\/wp-content\/uploads\/2019\/07\/Logo-asfq-retina.jpg","contentUrl":"https:\/\/www.asf-quebec.org\/wp-content\/uploads\/2019\/07\/Logo-asfq-retina.jpg","width":564,"height":219,"caption":"Architecture sans fronti\u00e8res Qu\u00e9bec (ASFQ)"},"image":{"@id":"https:\/\/www.asf-quebec.org\/en\/#\/schema\/logo\/image\/"},"sameAs":["https:\/\/www.facebook.com\/architecturesansfrontieres\/","https:\/\/www.instagram.com\/asfquebec\/","https:\/\/www.linkedin.com\/company\/asf-quebec\/"]},{"@type":"Person","@id":"https:\/\/www.asf-quebec.org\/en\/#\/schema\/person\/9655911da321e5e7c39708ae5de28d6a","name":"asf-quebec","image":{"@type":"ImageObject","inLanguage":"en-US","@id":"https:\/\/www.asf-quebec.org\/en\/#\/schema\/person\/image\/","url":"https:\/\/secure.gravatar.com\/avatar\/e855b116ca919b157a426c59781443a8d88f6c286252b6e0fed2bef83833541c?s=96&d=mm&r=g","contentUrl":"https:\/\/secure.gravatar.com\/avatar\/e855b116ca919b157a426c59781443a8d88f6c286252b6e0fed2bef83833541c?s=96&d=mm&r=g","caption":"asf-quebec"}}]}},"_links":{"self":[{"href":"https:\/\/www.asf-quebec.org\/en\/wp-json\/wp\/v2\/posts\/951176","targetHints":{"allow":["GET"]}}],"collection":[{"href":"https:\/\/www.asf-quebec.org\/en\/wp-json\/wp\/v2\/posts"}],"about":[{"href":"https:\/\/www.asf-quebec.org\/en\/wp-json\/wp\/v2\/types\/post"}],"author":[{"embeddable":true,"href":"https:\/\/www.asf-quebec.org\/en\/wp-json\/wp\/v2\/users\/2"}],"replies":[{"embeddable":true,"href":"https:\/\/www.asf-quebec.org\/en\/wp-json\/wp\/v2\/comments?post=951176"}],"version-history":[{"count":0,"href":"https:\/\/www.asf-quebec.org\/en\/wp-json\/wp\/v2\/posts\/951176\/revisions"}],"wp:featuredmedia":[{"embeddable":true,"href":"https:\/\/www.asf-quebec.org\/en\/wp-json\/wp\/v2\/media\/705118"}],"wp:attachment":[{"href":"https:\/\/www.asf-quebec.org\/en\/wp-json\/wp\/v2\/media?parent=951176"}],"wp:term":[{"taxonomy":"category","embeddable":true,"href":"https:\/\/www.asf-quebec.org\/en\/wp-json\/wp\/v2\/categories?post=951176"},{"taxonomy":"post_tag","embeddable":true,"href":"https:\/\/www.asf-quebec.org\/en\/wp-json\/wp\/v2\/tags?post=951176"}],"curies":[{"name":"wp","href":"https:\/\/api.w.org\/{rel}","templated":true}]}}