{"id":951174,"date":"2022-04-01T16:10:51","date_gmt":"2022-04-01T16:10:51","guid":{"rendered":"https:\/\/www.asf-quebec.org\/paq\/"},"modified":"2022-04-01T16:10:51","modified_gmt":"2022-04-01T16:10:51","slug":"paq","status":"publish","type":"post","link":"https:\/\/www.asf-quebec.org\/en\/paq\/","title":{"rendered":"Projet de r\u00e9am\u00e9nagement des dortoirs de Projets Autochtones du Qu\u00e9bec"},"content":{"rendered":"<p>Architecture Sans Fronti\u00e8res Qu\u00e9bec remercie l\u2019\u00e9quipe des b\u00e9n\u00e9voles dynamiques qui ont particip\u00e9 le 28 mars dernier au projet communautaire au profit de<a href=\"http:\/\/www.paqc.org\/fr\/accueil\/\"> Projets Autochtones du Qu\u00e9bec<\/a> (PAQ). Ce dernier consistait au r\u00e9am\u00e9nagement des dortoirs de cet organisme et \u00e0 l&#8217;installation de mobilier \u00e0 l&#8217;int\u00e9rieur de ces espaces qui offrent du r\u00e9pit \u00e0 l&#8217;attention de communaut\u00e9s fragilis\u00e9es.<\/p>\n<p>Les objectifs premiers de ce projet \u00e9taient :<\/p>\n<ul>\n<li aria-level=\"1\">d&#8217;am\u00e9liorer l&#8217;am\u00e9nagement des dortoirs au niveau des circulation, de la s\u00e9curit\u00e9 (distance physique) et de la qualit\u00e9 du lieu;<\/li>\n<li aria-level=\"1\">d&#8217;offrir davantage de\u00a0 confort aux usagers en ajoutant des modules de rangement (casiers, tables de chevet) et des cloisons insonoris\u00e9es pour assurer une intimit\u00e9, un bien-\u00eatre et une tranquillit\u00e9.<\/li>\n<\/ul>\n<p>Un grand merci aux b\u00e9n\u00e9voles, qui ont \u00e0 c\u0153ur le bien-\u00eatre de la communaut\u00e9,\u00a0 pour leur aide pr\u00e9cieuse lors de l&#8217;assemblage et l\u2019installation du nouveau mobilier.<\/p>\n<p><img decoding=\"async\" class=\"lazyload wp-image-719003 aligncenter\" src=\"https:\/\/www.asf-quebec.org\/wp-content\/uploads\/2022\/04\/20220328_155710-scaled.jpeg\" data-orig-src=\"https:\/\/www.asf-quebec.org\/wp-content\/uploads\/2022\/04\/20220328_155710-scaled.jpeg\" alt=\"\" width=\"343\" height=\"457\" srcset=\"data:image\/svg+xml,%3Csvg%20xmlns%3D%27http%3A%2F%2Fwww.w3.org%2F2000%2Fsvg%27%20width%3D%27343%27%20height%3D%27457%27%20viewBox%3D%270%200%20343%20457%27%3E%3Crect%20width%3D%27343%27%20height%3D%27457%27%20fill-opacity%3D%220%22%2F%3E%3C%2Fsvg%3E\" data-srcset=\"https:\/\/www.asf-quebec.org\/wp-content\/uploads\/2022\/04\/20220328_155710-200x267.jpeg 200w, https:\/\/www.asf-quebec.org\/wp-content\/uploads\/2022\/04\/20220328_155710-225x300.jpeg 225w, https:\/\/www.asf-quebec.org\/wp-content\/uploads\/2022\/04\/20220328_155710-400x533.jpeg 400w, https:\/\/www.asf-quebec.org\/wp-content\/uploads\/2022\/04\/20220328_155710-600x800.jpeg 600w, https:\/\/www.asf-quebec.org\/wp-content\/uploads\/2022\/04\/20220328_155710-768x1024.jpeg 768w, https:\/\/www.asf-quebec.org\/wp-content\/uploads\/2022\/04\/20220328_155710-800x1067.jpeg 800w, https:\/\/www.asf-quebec.org\/wp-content\/uploads\/2022\/04\/20220328_155710-1152x1536.jpeg 1152w, https:\/\/www.asf-quebec.org\/wp-content\/uploads\/2022\/04\/20220328_155710-1200x1600.jpeg 1200w, https:\/\/www.asf-quebec.org\/wp-content\/uploads\/2022\/04\/20220328_155710-1536x2048.jpeg 1536w, https:\/\/www.asf-quebec.org\/wp-content\/uploads\/2022\/04\/20220328_155710-scaled.jpeg 1920w\" data-sizes=\"auto\" data-orig-sizes=\"(max-width: 343px) 100vw, 343px\" \/><\/p>\n<p>&nbsp;<\/p>\n<p>Nous souhaitons \u00e9galement souligner la contribution de l\u2019Atelier Morel Leroux pour la fabrication du mobilier.<\/p>\n<p>Architecture Sans Fronti\u00e8res Qu\u00e9bec est fier de son \u00e9quipe qui pilote le programme de Solidarit\u00e9 urbaine et a assur\u00e9 l\u2019enti\u00e8ret\u00e9 du projet, de la consultation des participants du PAQ, \u00e0 la conception d\u2019un espace et d\u2019un mobilier sur mesure r\u00e9pondant \u00e0 leurs besoins.<\/p>\n<p>&nbsp;<\/p>\n<p>Cr\u00e9dit photo : Architecture Sans Fronti\u00e8res Qu\u00e9bec<\/p>\n","protected":false},"excerpt":{"rendered":"<p>Architecture Sans Fronti\u00e8res Qu\u00e9bec remercie l\u2019\u00e9quipe des b\u00e9n\u00e9voles dynamiques qui <a href=\"https:\/\/www.asf-quebec.org\/en\/paq\/\"> [&#8230;]<\/a><\/p>\n","protected":false},"author":2,"featured_media":719119,"comment_status":"closed","ping_status":"closed","sticky":false,"template":"","format":"standard","meta":{"_acf_changed":false,"footnotes":""},"categories":[37],"tags":[],"class_list":["post-951174","post","type-post","status-publish","format-standard","has-post-thumbnail","hentry","category-news"],"acf":[],"yoast_head":"<!-- This site is optimized with the Yoast SEO plugin v26.8 - https:\/\/yoast.com\/product\/yoast-seo-wordpress\/ -->\n<title>Projet de r\u00e9am\u00e9nagement des dortoirs de Projets Autochtones du Qu\u00e9bec - Architecture Sans Fronti\u00e8res Qu\u00e9bec %<\/title>\n<meta name=\"description\" content=\"Projet de r\u00e9am\u00e9nagement des dortoirs de Projets Autochtones du Qu\u00e9bec\" \/>\n<meta name=\"robots\" content=\"index, follow, max-snippet:-1, max-image-preview:large, max-video-preview:-1\" \/>\n<link rel=\"canonical\" href=\"https:\/\/www.asf-quebec.org\/en\/paq\/\" \/>\n<meta property=\"og:locale\" content=\"en_US\" \/>\n<meta property=\"og:type\" content=\"article\" \/>\n<meta property=\"og:title\" content=\"Projet de r\u00e9am\u00e9nagement des dortoirs de Projets Autochtones du Qu\u00e9bec - Architecture Sans Fronti\u00e8res Qu\u00e9bec %\" \/>\n<meta property=\"og:description\" content=\"Projet de r\u00e9am\u00e9nagement des dortoirs de Projets Autochtones du Qu\u00e9bec\" \/>\n<meta property=\"og:url\" content=\"https:\/\/www.asf-quebec.org\/en\/paq\/\" \/>\n<meta property=\"og:site_name\" content=\"Architecture Sans Fronti\u00e8res Qu\u00e9bec\" \/>\n<meta property=\"article:publisher\" content=\"https:\/\/www.facebook.com\/architecturesansfrontieres\/\" \/>\n<meta property=\"article:published_time\" content=\"2022-04-01T16:10:51+00:00\" \/>\n<meta property=\"og:image\" content=\"https:\/\/www.asf-quebec.org\/wp-content\/uploads\/2022\/04\/20220328_155710-scaled.jpeg\" \/>\n<meta name=\"author\" content=\"asf-quebec\" \/>\n<meta name=\"twitter:card\" content=\"summary_large_image\" \/>\n<meta name=\"twitter:label1\" content=\"Written by\" \/>\n\t<meta name=\"twitter:data1\" content=\"asf-quebec\" \/>\n\t<meta name=\"twitter:label2\" content=\"Est. reading time\" \/>\n\t<meta name=\"twitter:data2\" content=\"1 minute\" \/>\n<script type=\"application\/ld+json\" class=\"yoast-schema-graph\">{\"@context\":\"https:\/\/schema.org\",\"@graph\":[{\"@type\":\"Article\",\"@id\":\"https:\/\/www.asf-quebec.org\/en\/paq\/#article\",\"isPartOf\":{\"@id\":\"https:\/\/www.asf-quebec.org\/en\/paq\/\"},\"author\":{\"name\":\"asf-quebec\",\"@id\":\"https:\/\/www.asf-quebec.org\/en\/#\/schema\/person\/9655911da321e5e7c39708ae5de28d6a\"},\"headline\":\"Projet de r\u00e9am\u00e9nagement des dortoirs de Projets Autochtones du Qu\u00e9bec\",\"datePublished\":\"2022-04-01T16:10:51+00:00\",\"mainEntityOfPage\":{\"@id\":\"https:\/\/www.asf-quebec.org\/en\/paq\/\"},\"wordCount\":250,\"publisher\":{\"@id\":\"https:\/\/www.asf-quebec.org\/en\/#organization\"},\"image\":{\"@id\":\"https:\/\/www.asf-quebec.org\/en\/paq\/#primaryimage\"},\"thumbnailUrl\":\"https:\/\/www.asf-quebec.org\/wp-content\/uploads\/2022\/04\/20220328_1421581-scaled.jpeg\",\"articleSection\":[\"News\"],\"inLanguage\":\"en-US\"},{\"@type\":\"WebPage\",\"@id\":\"https:\/\/www.asf-quebec.org\/en\/paq\/\",\"url\":\"https:\/\/www.asf-quebec.org\/en\/paq\/\",\"name\":\"Projet de r\u00e9am\u00e9nagement des dortoirs de Projets Autochtones du Qu\u00e9bec - Architecture Sans Fronti\u00e8res Qu\u00e9bec %\",\"isPartOf\":{\"@id\":\"https:\/\/www.asf-quebec.org\/en\/#website\"},\"primaryImageOfPage\":{\"@id\":\"https:\/\/www.asf-quebec.org\/en\/paq\/#primaryimage\"},\"image\":{\"@id\":\"https:\/\/www.asf-quebec.org\/en\/paq\/#primaryimage\"},\"thumbnailUrl\":\"https:\/\/www.asf-quebec.org\/wp-content\/uploads\/2022\/04\/20220328_1421581-scaled.jpeg\",\"datePublished\":\"2022-04-01T16:10:51+00:00\",\"description\":\"Projet de r\u00e9am\u00e9nagement des dortoirs de Projets Autochtones du Qu\u00e9bec\",\"breadcrumb\":{\"@id\":\"https:\/\/www.asf-quebec.org\/en\/paq\/#breadcrumb\"},\"inLanguage\":\"en-US\",\"potentialAction\":[{\"@type\":\"ReadAction\",\"target\":[\"https:\/\/www.asf-quebec.org\/en\/paq\/\"]}]},{\"@type\":\"ImageObject\",\"inLanguage\":\"en-US\",\"@id\":\"https:\/\/www.asf-quebec.org\/en\/paq\/#primaryimage\",\"url\":\"https:\/\/www.asf-quebec.org\/wp-content\/uploads\/2022\/04\/20220328_1421581-scaled.jpeg\",\"contentUrl\":\"https:\/\/www.asf-quebec.org\/wp-content\/uploads\/2022\/04\/20220328_1421581-scaled.jpeg\",\"width\":2560,\"height\":2363},{\"@type\":\"BreadcrumbList\",\"@id\":\"https:\/\/www.asf-quebec.org\/en\/paq\/#breadcrumb\",\"itemListElement\":[{\"@type\":\"ListItem\",\"position\":1,\"name\":\"Accueil\",\"item\":\"https:\/\/www.asf-quebec.org\/en\/\"},{\"@type\":\"ListItem\",\"position\":2,\"name\":\"Projet de r\u00e9am\u00e9nagement des dortoirs de Projets Autochtones du Qu\u00e9bec\"}]},{\"@type\":\"WebSite\",\"@id\":\"https:\/\/www.asf-quebec.org\/en\/#website\",\"url\":\"https:\/\/www.asf-quebec.org\/en\/\",\"name\":\"Architecture sans fronti\u00e8res Qu\u00e9bec\",\"description\":\"ASFQ\",\"publisher\":{\"@id\":\"https:\/\/www.asf-quebec.org\/en\/#organization\"},\"potentialAction\":[{\"@type\":\"SearchAction\",\"target\":{\"@type\":\"EntryPoint\",\"urlTemplate\":\"https:\/\/www.asf-quebec.org\/en\/?s={search_term_string}\"},\"query-input\":{\"@type\":\"PropertyValueSpecification\",\"valueRequired\":true,\"valueName\":\"search_term_string\"}}],\"inLanguage\":\"en-US\"},{\"@type\":\"Organization\",\"@id\":\"https:\/\/www.asf-quebec.org\/en\/#organization\",\"name\":\"Architecture sans fronti\u00e8res Qu\u00e9bec (ASFQ)\",\"url\":\"https:\/\/www.asf-quebec.org\/en\/\",\"logo\":{\"@type\":\"ImageObject\",\"inLanguage\":\"en-US\",\"@id\":\"https:\/\/www.asf-quebec.org\/en\/#\/schema\/logo\/image\/\",\"url\":\"https:\/\/www.asf-quebec.org\/wp-content\/uploads\/2019\/07\/Logo-asfq-retina.jpg\",\"contentUrl\":\"https:\/\/www.asf-quebec.org\/wp-content\/uploads\/2019\/07\/Logo-asfq-retina.jpg\",\"width\":564,\"height\":219,\"caption\":\"Architecture sans fronti\u00e8res Qu\u00e9bec (ASFQ)\"},\"image\":{\"@id\":\"https:\/\/www.asf-quebec.org\/en\/#\/schema\/logo\/image\/\"},\"sameAs\":[\"https:\/\/www.facebook.com\/architecturesansfrontieres\/\",\"https:\/\/www.instagram.com\/asfquebec\/\",\"https:\/\/www.linkedin.com\/company\/asf-quebec\/\"]},{\"@type\":\"Person\",\"@id\":\"https:\/\/www.asf-quebec.org\/en\/#\/schema\/person\/9655911da321e5e7c39708ae5de28d6a\",\"name\":\"asf-quebec\",\"image\":{\"@type\":\"ImageObject\",\"inLanguage\":\"en-US\",\"@id\":\"https:\/\/www.asf-quebec.org\/en\/#\/schema\/person\/image\/\",\"url\":\"https:\/\/secure.gravatar.com\/avatar\/e855b116ca919b157a426c59781443a8d88f6c286252b6e0fed2bef83833541c?s=96&d=mm&r=g\",\"contentUrl\":\"https:\/\/secure.gravatar.com\/avatar\/e855b116ca919b157a426c59781443a8d88f6c286252b6e0fed2bef83833541c?s=96&d=mm&r=g\",\"caption\":\"asf-quebec\"}}]}<\/script>\n<!-- \/ Yoast SEO plugin. -->","yoast_head_json":{"title":"Projet de r\u00e9am\u00e9nagement des dortoirs de Projets Autochtones du Qu\u00e9bec - Architecture Sans Fronti\u00e8res Qu\u00e9bec %","description":"Projet de r\u00e9am\u00e9nagement des dortoirs de Projets Autochtones du Qu\u00e9bec","robots":{"index":"index","follow":"follow","max-snippet":"max-snippet:-1","max-image-preview":"max-image-preview:large","max-video-preview":"max-video-preview:-1"},"canonical":"https:\/\/www.asf-quebec.org\/en\/paq\/","og_locale":"en_US","og_type":"article","og_title":"Projet de r\u00e9am\u00e9nagement des dortoirs de Projets Autochtones du Qu\u00e9bec - Architecture Sans Fronti\u00e8res Qu\u00e9bec %","og_description":"Projet de r\u00e9am\u00e9nagement des dortoirs de Projets Autochtones du Qu\u00e9bec","og_url":"https:\/\/www.asf-quebec.org\/en\/paq\/","og_site_name":"Architecture Sans Fronti\u00e8res Qu\u00e9bec","article_publisher":"https:\/\/www.facebook.com\/architecturesansfrontieres\/","article_published_time":"2022-04-01T16:10:51+00:00","og_image":[{"url":"https:\/\/www.asf-quebec.org\/wp-content\/uploads\/2022\/04\/20220328_155710-scaled.jpeg","type":"","width":"","height":""}],"author":"asf-quebec","twitter_card":"summary_large_image","twitter_misc":{"Written by":"asf-quebec","Est. reading time":"1 minute"},"schema":{"@context":"https:\/\/schema.org","@graph":[{"@type":"Article","@id":"https:\/\/www.asf-quebec.org\/en\/paq\/#article","isPartOf":{"@id":"https:\/\/www.asf-quebec.org\/en\/paq\/"},"author":{"name":"asf-quebec","@id":"https:\/\/www.asf-quebec.org\/en\/#\/schema\/person\/9655911da321e5e7c39708ae5de28d6a"},"headline":"Projet de r\u00e9am\u00e9nagement des dortoirs de Projets Autochtones du Qu\u00e9bec","datePublished":"2022-04-01T16:10:51+00:00","mainEntityOfPage":{"@id":"https:\/\/www.asf-quebec.org\/en\/paq\/"},"wordCount":250,"publisher":{"@id":"https:\/\/www.asf-quebec.org\/en\/#organization"},"image":{"@id":"https:\/\/www.asf-quebec.org\/en\/paq\/#primaryimage"},"thumbnailUrl":"https:\/\/www.asf-quebec.org\/wp-content\/uploads\/2022\/04\/20220328_1421581-scaled.jpeg","articleSection":["News"],"inLanguage":"en-US"},{"@type":"WebPage","@id":"https:\/\/www.asf-quebec.org\/en\/paq\/","url":"https:\/\/www.asf-quebec.org\/en\/paq\/","name":"Projet de r\u00e9am\u00e9nagement des dortoirs de Projets Autochtones du Qu\u00e9bec - Architecture Sans Fronti\u00e8res Qu\u00e9bec %","isPartOf":{"@id":"https:\/\/www.asf-quebec.org\/en\/#website"},"primaryImageOfPage":{"@id":"https:\/\/www.asf-quebec.org\/en\/paq\/#primaryimage"},"image":{"@id":"https:\/\/www.asf-quebec.org\/en\/paq\/#primaryimage"},"thumbnailUrl":"https:\/\/www.asf-quebec.org\/wp-content\/uploads\/2022\/04\/20220328_1421581-scaled.jpeg","datePublished":"2022-04-01T16:10:51+00:00","description":"Projet de r\u00e9am\u00e9nagement des dortoirs de Projets Autochtones du Qu\u00e9bec","breadcrumb":{"@id":"https:\/\/www.asf-quebec.org\/en\/paq\/#breadcrumb"},"inLanguage":"en-US","potentialAction":[{"@type":"ReadAction","target":["https:\/\/www.asf-quebec.org\/en\/paq\/"]}]},{"@type":"ImageObject","inLanguage":"en-US","@id":"https:\/\/www.asf-quebec.org\/en\/paq\/#primaryimage","url":"https:\/\/www.asf-quebec.org\/wp-content\/uploads\/2022\/04\/20220328_1421581-scaled.jpeg","contentUrl":"https:\/\/www.asf-quebec.org\/wp-content\/uploads\/2022\/04\/20220328_1421581-scaled.jpeg","width":2560,"height":2363},{"@type":"BreadcrumbList","@id":"https:\/\/www.asf-quebec.org\/en\/paq\/#breadcrumb","itemListElement":[{"@type":"ListItem","position":1,"name":"Accueil","item":"https:\/\/www.asf-quebec.org\/en\/"},{"@type":"ListItem","position":2,"name":"Projet de r\u00e9am\u00e9nagement des dortoirs de Projets Autochtones du Qu\u00e9bec"}]},{"@type":"WebSite","@id":"https:\/\/www.asf-quebec.org\/en\/#website","url":"https:\/\/www.asf-quebec.org\/en\/","name":"Architecture sans fronti\u00e8res Qu\u00e9bec","description":"ASFQ","publisher":{"@id":"https:\/\/www.asf-quebec.org\/en\/#organization"},"potentialAction":[{"@type":"SearchAction","target":{"@type":"EntryPoint","urlTemplate":"https:\/\/www.asf-quebec.org\/en\/?s={search_term_string}"},"query-input":{"@type":"PropertyValueSpecification","valueRequired":true,"valueName":"search_term_string"}}],"inLanguage":"en-US"},{"@type":"Organization","@id":"https:\/\/www.asf-quebec.org\/en\/#organization","name":"Architecture sans fronti\u00e8res Qu\u00e9bec (ASFQ)","url":"https:\/\/www.asf-quebec.org\/en\/","logo":{"@type":"ImageObject","inLanguage":"en-US","@id":"https:\/\/www.asf-quebec.org\/en\/#\/schema\/logo\/image\/","url":"https:\/\/www.asf-quebec.org\/wp-content\/uploads\/2019\/07\/Logo-asfq-retina.jpg","contentUrl":"https:\/\/www.asf-quebec.org\/wp-content\/uploads\/2019\/07\/Logo-asfq-retina.jpg","width":564,"height":219,"caption":"Architecture sans fronti\u00e8res Qu\u00e9bec (ASFQ)"},"image":{"@id":"https:\/\/www.asf-quebec.org\/en\/#\/schema\/logo\/image\/"},"sameAs":["https:\/\/www.facebook.com\/architecturesansfrontieres\/","https:\/\/www.instagram.com\/asfquebec\/","https:\/\/www.linkedin.com\/company\/asf-quebec\/"]},{"@type":"Person","@id":"https:\/\/www.asf-quebec.org\/en\/#\/schema\/person\/9655911da321e5e7c39708ae5de28d6a","name":"asf-quebec","image":{"@type":"ImageObject","inLanguage":"en-US","@id":"https:\/\/www.asf-quebec.org\/en\/#\/schema\/person\/image\/","url":"https:\/\/secure.gravatar.com\/avatar\/e855b116ca919b157a426c59781443a8d88f6c286252b6e0fed2bef83833541c?s=96&d=mm&r=g","contentUrl":"https:\/\/secure.gravatar.com\/avatar\/e855b116ca919b157a426c59781443a8d88f6c286252b6e0fed2bef83833541c?s=96&d=mm&r=g","caption":"asf-quebec"}}]}},"_links":{"self":[{"href":"https:\/\/www.asf-quebec.org\/en\/wp-json\/wp\/v2\/posts\/951174","targetHints":{"allow":["GET"]}}],"collection":[{"href":"https:\/\/www.asf-quebec.org\/en\/wp-json\/wp\/v2\/posts"}],"about":[{"href":"https:\/\/www.asf-quebec.org\/en\/wp-json\/wp\/v2\/types\/post"}],"author":[{"embeddable":true,"href":"https:\/\/www.asf-quebec.org\/en\/wp-json\/wp\/v2\/users\/2"}],"replies":[{"embeddable":true,"href":"https:\/\/www.asf-quebec.org\/en\/wp-json\/wp\/v2\/comments?post=951174"}],"version-history":[{"count":0,"href":"https:\/\/www.asf-quebec.org\/en\/wp-json\/wp\/v2\/posts\/951174\/revisions"}],"wp:featuredmedia":[{"embeddable":true,"href":"https:\/\/www.asf-quebec.org\/en\/wp-json\/wp\/v2\/media\/719119"}],"wp:attachment":[{"href":"https:\/\/www.asf-quebec.org\/en\/wp-json\/wp\/v2\/media?parent=951174"}],"wp:term":[{"taxonomy":"category","embeddable":true,"href":"https:\/\/www.asf-quebec.org\/en\/wp-json\/wp\/v2\/categories?post=951174"},{"taxonomy":"post_tag","embeddable":true,"href":"https:\/\/www.asf-quebec.org\/en\/wp-json\/wp\/v2\/tags?post=951174"}],"curies":[{"name":"wp","href":"https:\/\/api.w.org\/{rel}","templated":true}]}}