{"id":332144,"date":"2021-05-13T03:47:15","date_gmt":"2021-05-13T03:47:15","guid":{"rendered":"https:\/\/www.asf-quebec.org\/convocation-des-membres-dasfq-a-lassemblee-generale-annuelle-2021\/"},"modified":"2022-08-25T16:20:36","modified_gmt":"2022-08-25T16:20:36","slug":"convocation-des-membres-dasfq-a-lassemblee-generale-annuelle-2021","status":"publish","type":"post","link":"https:\/\/www.asf-quebec.org\/en\/convocation-des-membres-dasfq-a-lassemblee-generale-annuelle-2021\/","title":{"rendered":"Convocation des membres d&#8217;ASFQ \u00e0 l&#8217;Assembl\u00e9e g\u00e9n\u00e9rale annuelle 2021"},"content":{"rendered":"<h3 class=\"label-primary\"><span style=\"font-size: 16px;\">Joignez-vous \u00e0 l&#8217;Assembl\u00e9e g\u00e9n\u00e9rale annuelle 2021 des membres d&#8217;ASFQ<\/span><\/h3>\n<div class=\"has-user-generated-content js-d-read-more read-more js-read-more read-more--medium-down read-more--expanded\" data-xd-wired=\"read-more\">\n<div class=\"js-xd-read-more-toggle-view read-more__toggle-view\">\n<div class=\"js-xd-read-more-contents l-mar-top-3\" data-automation=\"listing-event-description\">\n<p class=\"contentEditable\"><span style=\"font-weight: 400;\">Les membres d\u2019ASFQ sont convoqu\u00e9s \u00e0 l&#8217;assembl\u00e9e g\u00e9n\u00e9rale annuelle 2021, qui se d\u00e9roulera en ligne. Les membres actuels et les futurs adh\u00e9rents sont convi\u00e9s \u00e0 se joindre \u00e0 la rencontre le 2 juin de 17h \u00e0 18h30. L&#8217;organisme y pr\u00e9sentera notamment son rapport d&#8217;activit\u00e9s et proc\u00e9dera \u00e0 l\u2019\u00e9lection de 2 membres de son CA. <\/span><\/p>\n<p class=\"contentEditable\"><strong>D\u00c9ROULEMENT<\/strong><\/p>\n<p class=\"contentEditable\"><strong>17h00 &#8211; Accueil<\/strong><\/p>\n<p><strong>17h10 &#8211; Assembl\u00e9e g\u00e9n\u00e9rale annuelle<\/strong><\/p>\n<p>Ordre du jour :<\/p>\n<ol>\n<li>Ouverture de l\u2019assemble\u0301e<\/li>\n<li>Mot de la pr\u00e9sidence<\/li>\n<li>Nomination d&#8217;un pr\u00e9sident et secr\u00e9taire d&#8217;assembl\u00e9e<\/li>\n<li>Lecture et adoption de l\u2019ordre du jour<\/li>\n<li>Lecture et adoption du proce\u0300s-verbal de la derni\u00e8re AGA<\/li>\n<li>Pr\u00e9sentation du rapport du conseil d\u2019administration<\/li>\n<li>Pr\u00e9sentation du rapport d\u2019activit\u00e9s<\/li>\n<li>Lecture du rapport financier v\u00e9rifi\u00e9 de l\u2019exercice<\/li>\n<li>Nomination d\u2019un v\u00e9rificateur comptable<\/li>\n<li>E\u0301lection des membres du conseil d\u2019administration<\/li>\n<li>Cl\u00f4ture de l&#8217;assembl\u00e9e<\/li>\n<\/ol>\n<p><strong>DOCUMENTS \u00c0 LIRE PAR LES MEMBRES :<\/strong><\/p>\n<p>Les documents requis pour l&#8217;assembl\u00e9e seront envoy\u00e9s aux membres inscrits quelques jours avant l&#8217;assembl\u00e9e.<\/p>\n<p><strong>\u00c9LECTION ET CANDIDATURES :<\/strong><\/p>\n<p>Deux postes d&#8217;administrateurs arrivant \u00e0 \u00e9ch\u00e9ance seront en \u00e9lection. Les membres en r\u00e8gle souhaitant poser leur candidature sont invit\u00e9s \u00e0 communiquer leur int\u00e9r\u00eat \u00e0 la direction g\u00e9n\u00e9rale d&#8217;ici le 31 mai : <a href=\"mailto:bdemers@asf-quebec.org\">bdemers@asf-quebec.org<\/a>. Toute proposition de candidature soumise lors de l&#8217;assembl\u00e9e doit \u00eatre appuy\u00e9e par deux membres ayant droit de vote. Les candidat.e.s devront faire une allocution lors de l&#8217;assembl\u00e9e pour se pr\u00e9senter aux \u00e9lections.<\/p>\n<\/div>\n<\/div>\n<\/div>\n<div class=\"has-user-generated-content js-d-read-more read-more js-read-more read-more--medium-down read-more--expanded\" data-xd-wired=\"read-more\">\n<div class=\"js-xd-read-more-toggle-view read-more__toggle-view\">\n<div class=\"js-xd-read-more-contents l-mar-top-3\" data-automation=\"listing-event-description\">\n<p><strong>VISIO-CONF\u00c9RENCE<\/strong><\/p>\n<p>L&#8217;assembl\u00e9e aura lieu sur Zoom (inscription requise)<\/p>\n<p><strong>POUR PARTICIPER<\/strong>\u00a0:<\/p>\n<p>La participation \u00e0 l&#8217;assembl\u00e9e est gratuite, mais <u>les participants doivent obligatoirement \u00eatre membres ou le devenir au pr\u00e9alable<\/u>.<\/p>\n<p><strong>Vous \u00eates membre de l&#8217;OAQ ? <\/strong>Tout architecte MOAQ est automatiquement membre d&#8217;ASFQ. Inscrivez-vous directement!<\/p>\n<p><strong>Vous\u00a0<\/strong><strong>n&#8217;avez jamais \u00e9t\u00e9 membre d&#8217;ASFQ ou vous n&#8217;avez pas<\/strong><strong>\u00a0renouvel\u00e9 votre adh\u00e9sion depuis l&#8217;AGA de l&#8217;an pass\u00e9 ?<\/strong>\u00a0 Vous devrez payer votre cotisation annuelle en vous inscrivant \u00e0 l&#8217;AGA.<\/p>\n<p>&nbsp;<\/p>\n<div>\n<div><strong>&gt;<a href=\"https:\/\/app.simplyk.io\/fr\/ticketing\/1a722110-9424-4e15-b037-363cd0d375b4\"> INSCRIVEZ-VOUS ICI<\/a><\/strong><\/div>\n<\/div>\n<\/div>\n<\/div>\n<\/div>\n<div><\/div>\n","protected":false},"excerpt":{"rendered":"<p>Joignez-vous \u00e0 l&#8217;Assembl\u00e9e g\u00e9n\u00e9rale annuelle 2021 des membres d&#8217;ASFQ Les <a href=\"https:\/\/www.asf-quebec.org\/en\/convocation-des-membres-dasfq-a-lassemblee-generale-annuelle-2021\/\"> [&#8230;]<\/a><\/p>\n","protected":false},"author":2,"featured_media":302414,"comment_status":"closed","ping_status":"closed","sticky":false,"template":"","format":"standard","meta":{"_acf_changed":false,"footnotes":""},"categories":[30],"tags":[],"class_list":["post-332144","post","type-post","status-publish","format-standard","has-post-thumbnail","hentry","category-uncategorized"],"acf":[],"yoast_head":"<!-- This site is optimized with the Yoast SEO plugin v26.8 - https:\/\/yoast.com\/product\/yoast-seo-wordpress\/ -->\n<title>Convocation des membres d&#039;ASFQ \u00e0 l&#039;Assembl\u00e9e g\u00e9n\u00e9rale annuelle 2021 - Architecture Sans Fronti\u00e8res Qu\u00e9bec %<\/title>\n<meta name=\"description\" content=\"Convocation des membres d&#039;ASFQ \u00e0 l&#039;Assembl\u00e9e g\u00e9n\u00e9rale annuelle 2021\" \/>\n<meta name=\"robots\" content=\"index, follow, max-snippet:-1, max-image-preview:large, max-video-preview:-1\" \/>\n<link rel=\"canonical\" href=\"https:\/\/www.asf-quebec.org\/en\/convocation-des-membres-dasfq-a-lassemblee-generale-annuelle-2021\/\" \/>\n<meta property=\"og:locale\" content=\"en_US\" \/>\n<meta property=\"og:type\" content=\"article\" \/>\n<meta property=\"og:title\" content=\"Convocation des membres d&#039;ASFQ \u00e0 l&#039;Assembl\u00e9e g\u00e9n\u00e9rale annuelle 2021 - Architecture Sans Fronti\u00e8res Qu\u00e9bec %\" \/>\n<meta property=\"og:description\" content=\"Convocation des membres d&#039;ASFQ \u00e0 l&#039;Assembl\u00e9e g\u00e9n\u00e9rale annuelle 2021\" \/>\n<meta property=\"og:url\" content=\"https:\/\/www.asf-quebec.org\/en\/convocation-des-membres-dasfq-a-lassemblee-generale-annuelle-2021\/\" \/>\n<meta property=\"og:site_name\" content=\"Architecture Sans Fronti\u00e8res Qu\u00e9bec\" \/>\n<meta property=\"article:publisher\" content=\"https:\/\/www.facebook.com\/architecturesansfrontieres\/\" \/>\n<meta property=\"article:published_time\" content=\"2021-05-13T03:47:15+00:00\" \/>\n<meta property=\"article:modified_time\" content=\"2022-08-25T16:20:36+00:00\" \/>\n<meta property=\"og:image\" content=\"https:\/\/www.asf-quebec.org\/wp-content\/uploads\/2020\/05\/AGA2020.jpg\" \/>\n\t<meta property=\"og:image:width\" content=\"1969\" \/>\n\t<meta property=\"og:image:height\" content=\"1123\" \/>\n\t<meta property=\"og:image:type\" content=\"image\/jpeg\" \/>\n<meta name=\"author\" content=\"asf-quebec\" \/>\n<meta name=\"twitter:card\" content=\"summary_large_image\" \/>\n<meta name=\"twitter:label1\" content=\"Written by\" \/>\n\t<meta name=\"twitter:data1\" content=\"asf-quebec\" \/>\n\t<meta name=\"twitter:label2\" content=\"Est. reading time\" \/>\n\t<meta name=\"twitter:data2\" content=\"2 minutes\" \/>\n<script type=\"application\/ld+json\" class=\"yoast-schema-graph\">{\"@context\":\"https:\/\/schema.org\",\"@graph\":[{\"@type\":\"Article\",\"@id\":\"https:\/\/www.asf-quebec.org\/en\/convocation-des-membres-dasfq-a-lassemblee-generale-annuelle-2021\/#article\",\"isPartOf\":{\"@id\":\"https:\/\/www.asf-quebec.org\/en\/convocation-des-membres-dasfq-a-lassemblee-generale-annuelle-2021\/\"},\"author\":{\"name\":\"asf-quebec\",\"@id\":\"https:\/\/www.asf-quebec.org\/en\/#\/schema\/person\/9655911da321e5e7c39708ae5de28d6a\"},\"headline\":\"Convocation des membres d&#8217;ASFQ \u00e0 l&#8217;Assembl\u00e9e g\u00e9n\u00e9rale annuelle 2021\",\"datePublished\":\"2021-05-13T03:47:15+00:00\",\"dateModified\":\"2022-08-25T16:20:36+00:00\",\"mainEntityOfPage\":{\"@id\":\"https:\/\/www.asf-quebec.org\/en\/convocation-des-membres-dasfq-a-lassemblee-generale-annuelle-2021\/\"},\"wordCount\":379,\"publisher\":{\"@id\":\"https:\/\/www.asf-quebec.org\/en\/#organization\"},\"image\":{\"@id\":\"https:\/\/www.asf-quebec.org\/en\/convocation-des-membres-dasfq-a-lassemblee-generale-annuelle-2021\/#primaryimage\"},\"thumbnailUrl\":\"https:\/\/www.asf-quebec.org\/wp-content\/uploads\/2020\/05\/AGA2020.jpg\",\"inLanguage\":\"en-US\"},{\"@type\":\"WebPage\",\"@id\":\"https:\/\/www.asf-quebec.org\/en\/convocation-des-membres-dasfq-a-lassemblee-generale-annuelle-2021\/\",\"url\":\"https:\/\/www.asf-quebec.org\/en\/convocation-des-membres-dasfq-a-lassemblee-generale-annuelle-2021\/\",\"name\":\"Convocation des membres d'ASFQ \u00e0 l'Assembl\u00e9e g\u00e9n\u00e9rale annuelle 2021 - Architecture Sans Fronti\u00e8res Qu\u00e9bec %\",\"isPartOf\":{\"@id\":\"https:\/\/www.asf-quebec.org\/en\/#website\"},\"primaryImageOfPage\":{\"@id\":\"https:\/\/www.asf-quebec.org\/en\/convocation-des-membres-dasfq-a-lassemblee-generale-annuelle-2021\/#primaryimage\"},\"image\":{\"@id\":\"https:\/\/www.asf-quebec.org\/en\/convocation-des-membres-dasfq-a-lassemblee-generale-annuelle-2021\/#primaryimage\"},\"thumbnailUrl\":\"https:\/\/www.asf-quebec.org\/wp-content\/uploads\/2020\/05\/AGA2020.jpg\",\"datePublished\":\"2021-05-13T03:47:15+00:00\",\"dateModified\":\"2022-08-25T16:20:36+00:00\",\"description\":\"Convocation des membres d'ASFQ \u00e0 l'Assembl\u00e9e g\u00e9n\u00e9rale annuelle 2021\",\"breadcrumb\":{\"@id\":\"https:\/\/www.asf-quebec.org\/en\/convocation-des-membres-dasfq-a-lassemblee-generale-annuelle-2021\/#breadcrumb\"},\"inLanguage\":\"en-US\",\"potentialAction\":[{\"@type\":\"ReadAction\",\"target\":[\"https:\/\/www.asf-quebec.org\/en\/convocation-des-membres-dasfq-a-lassemblee-generale-annuelle-2021\/\"]}]},{\"@type\":\"ImageObject\",\"inLanguage\":\"en-US\",\"@id\":\"https:\/\/www.asf-quebec.org\/en\/convocation-des-membres-dasfq-a-lassemblee-generale-annuelle-2021\/#primaryimage\",\"url\":\"https:\/\/www.asf-quebec.org\/wp-content\/uploads\/2020\/05\/AGA2020.jpg\",\"contentUrl\":\"https:\/\/www.asf-quebec.org\/wp-content\/uploads\/2020\/05\/AGA2020.jpg\",\"width\":1969,\"height\":1123},{\"@type\":\"BreadcrumbList\",\"@id\":\"https:\/\/www.asf-quebec.org\/en\/convocation-des-membres-dasfq-a-lassemblee-generale-annuelle-2021\/#breadcrumb\",\"itemListElement\":[{\"@type\":\"ListItem\",\"position\":1,\"name\":\"Accueil\",\"item\":\"https:\/\/www.asf-quebec.org\/en\/\"},{\"@type\":\"ListItem\",\"position\":2,\"name\":\"Convocation des membres d&rsquo;ASFQ \u00e0 l&rsquo;Assembl\u00e9e g\u00e9n\u00e9rale annuelle 2021\"}]},{\"@type\":\"WebSite\",\"@id\":\"https:\/\/www.asf-quebec.org\/en\/#website\",\"url\":\"https:\/\/www.asf-quebec.org\/en\/\",\"name\":\"Architecture sans fronti\u00e8res Qu\u00e9bec\",\"description\":\"ASFQ\",\"publisher\":{\"@id\":\"https:\/\/www.asf-quebec.org\/en\/#organization\"},\"potentialAction\":[{\"@type\":\"SearchAction\",\"target\":{\"@type\":\"EntryPoint\",\"urlTemplate\":\"https:\/\/www.asf-quebec.org\/en\/?s={search_term_string}\"},\"query-input\":{\"@type\":\"PropertyValueSpecification\",\"valueRequired\":true,\"valueName\":\"search_term_string\"}}],\"inLanguage\":\"en-US\"},{\"@type\":\"Organization\",\"@id\":\"https:\/\/www.asf-quebec.org\/en\/#organization\",\"name\":\"Architecture sans fronti\u00e8res Qu\u00e9bec (ASFQ)\",\"url\":\"https:\/\/www.asf-quebec.org\/en\/\",\"logo\":{\"@type\":\"ImageObject\",\"inLanguage\":\"en-US\",\"@id\":\"https:\/\/www.asf-quebec.org\/en\/#\/schema\/logo\/image\/\",\"url\":\"https:\/\/www.asf-quebec.org\/wp-content\/uploads\/2019\/07\/Logo-asfq-retina.jpg\",\"contentUrl\":\"https:\/\/www.asf-quebec.org\/wp-content\/uploads\/2019\/07\/Logo-asfq-retina.jpg\",\"width\":564,\"height\":219,\"caption\":\"Architecture sans fronti\u00e8res Qu\u00e9bec (ASFQ)\"},\"image\":{\"@id\":\"https:\/\/www.asf-quebec.org\/en\/#\/schema\/logo\/image\/\"},\"sameAs\":[\"https:\/\/www.facebook.com\/architecturesansfrontieres\/\",\"https:\/\/www.instagram.com\/asfquebec\/\",\"https:\/\/www.linkedin.com\/company\/asf-quebec\/\"]},{\"@type\":\"Person\",\"@id\":\"https:\/\/www.asf-quebec.org\/en\/#\/schema\/person\/9655911da321e5e7c39708ae5de28d6a\",\"name\":\"asf-quebec\",\"image\":{\"@type\":\"ImageObject\",\"inLanguage\":\"en-US\",\"@id\":\"https:\/\/www.asf-quebec.org\/en\/#\/schema\/person\/image\/\",\"url\":\"https:\/\/secure.gravatar.com\/avatar\/e855b116ca919b157a426c59781443a8d88f6c286252b6e0fed2bef83833541c?s=96&d=mm&r=g\",\"contentUrl\":\"https:\/\/secure.gravatar.com\/avatar\/e855b116ca919b157a426c59781443a8d88f6c286252b6e0fed2bef83833541c?s=96&d=mm&r=g\",\"caption\":\"asf-quebec\"}}]}<\/script>\n<!-- \/ Yoast SEO plugin. -->","yoast_head_json":{"title":"Convocation des membres d'ASFQ \u00e0 l'Assembl\u00e9e g\u00e9n\u00e9rale annuelle 2021 - Architecture Sans Fronti\u00e8res Qu\u00e9bec %","description":"Convocation des membres d'ASFQ \u00e0 l'Assembl\u00e9e g\u00e9n\u00e9rale annuelle 2021","robots":{"index":"index","follow":"follow","max-snippet":"max-snippet:-1","max-image-preview":"max-image-preview:large","max-video-preview":"max-video-preview:-1"},"canonical":"https:\/\/www.asf-quebec.org\/en\/convocation-des-membres-dasfq-a-lassemblee-generale-annuelle-2021\/","og_locale":"en_US","og_type":"article","og_title":"Convocation des membres d'ASFQ \u00e0 l'Assembl\u00e9e g\u00e9n\u00e9rale annuelle 2021 - Architecture Sans Fronti\u00e8res Qu\u00e9bec %","og_description":"Convocation des membres d'ASFQ \u00e0 l'Assembl\u00e9e g\u00e9n\u00e9rale annuelle 2021","og_url":"https:\/\/www.asf-quebec.org\/en\/convocation-des-membres-dasfq-a-lassemblee-generale-annuelle-2021\/","og_site_name":"Architecture Sans Fronti\u00e8res Qu\u00e9bec","article_publisher":"https:\/\/www.facebook.com\/architecturesansfrontieres\/","article_published_time":"2021-05-13T03:47:15+00:00","article_modified_time":"2022-08-25T16:20:36+00:00","og_image":[{"width":1969,"height":1123,"url":"https:\/\/www.asf-quebec.org\/wp-content\/uploads\/2020\/05\/AGA2020.jpg","type":"image\/jpeg"}],"author":"asf-quebec","twitter_card":"summary_large_image","twitter_misc":{"Written by":"asf-quebec","Est. reading time":"2 minutes"},"schema":{"@context":"https:\/\/schema.org","@graph":[{"@type":"Article","@id":"https:\/\/www.asf-quebec.org\/en\/convocation-des-membres-dasfq-a-lassemblee-generale-annuelle-2021\/#article","isPartOf":{"@id":"https:\/\/www.asf-quebec.org\/en\/convocation-des-membres-dasfq-a-lassemblee-generale-annuelle-2021\/"},"author":{"name":"asf-quebec","@id":"https:\/\/www.asf-quebec.org\/en\/#\/schema\/person\/9655911da321e5e7c39708ae5de28d6a"},"headline":"Convocation des membres d&#8217;ASFQ \u00e0 l&#8217;Assembl\u00e9e g\u00e9n\u00e9rale annuelle 2021","datePublished":"2021-05-13T03:47:15+00:00","dateModified":"2022-08-25T16:20:36+00:00","mainEntityOfPage":{"@id":"https:\/\/www.asf-quebec.org\/en\/convocation-des-membres-dasfq-a-lassemblee-generale-annuelle-2021\/"},"wordCount":379,"publisher":{"@id":"https:\/\/www.asf-quebec.org\/en\/#organization"},"image":{"@id":"https:\/\/www.asf-quebec.org\/en\/convocation-des-membres-dasfq-a-lassemblee-generale-annuelle-2021\/#primaryimage"},"thumbnailUrl":"https:\/\/www.asf-quebec.org\/wp-content\/uploads\/2020\/05\/AGA2020.jpg","inLanguage":"en-US"},{"@type":"WebPage","@id":"https:\/\/www.asf-quebec.org\/en\/convocation-des-membres-dasfq-a-lassemblee-generale-annuelle-2021\/","url":"https:\/\/www.asf-quebec.org\/en\/convocation-des-membres-dasfq-a-lassemblee-generale-annuelle-2021\/","name":"Convocation des membres d'ASFQ \u00e0 l'Assembl\u00e9e g\u00e9n\u00e9rale annuelle 2021 - Architecture Sans Fronti\u00e8res Qu\u00e9bec %","isPartOf":{"@id":"https:\/\/www.asf-quebec.org\/en\/#website"},"primaryImageOfPage":{"@id":"https:\/\/www.asf-quebec.org\/en\/convocation-des-membres-dasfq-a-lassemblee-generale-annuelle-2021\/#primaryimage"},"image":{"@id":"https:\/\/www.asf-quebec.org\/en\/convocation-des-membres-dasfq-a-lassemblee-generale-annuelle-2021\/#primaryimage"},"thumbnailUrl":"https:\/\/www.asf-quebec.org\/wp-content\/uploads\/2020\/05\/AGA2020.jpg","datePublished":"2021-05-13T03:47:15+00:00","dateModified":"2022-08-25T16:20:36+00:00","description":"Convocation des membres d'ASFQ \u00e0 l'Assembl\u00e9e g\u00e9n\u00e9rale annuelle 2021","breadcrumb":{"@id":"https:\/\/www.asf-quebec.org\/en\/convocation-des-membres-dasfq-a-lassemblee-generale-annuelle-2021\/#breadcrumb"},"inLanguage":"en-US","potentialAction":[{"@type":"ReadAction","target":["https:\/\/www.asf-quebec.org\/en\/convocation-des-membres-dasfq-a-lassemblee-generale-annuelle-2021\/"]}]},{"@type":"ImageObject","inLanguage":"en-US","@id":"https:\/\/www.asf-quebec.org\/en\/convocation-des-membres-dasfq-a-lassemblee-generale-annuelle-2021\/#primaryimage","url":"https:\/\/www.asf-quebec.org\/wp-content\/uploads\/2020\/05\/AGA2020.jpg","contentUrl":"https:\/\/www.asf-quebec.org\/wp-content\/uploads\/2020\/05\/AGA2020.jpg","width":1969,"height":1123},{"@type":"BreadcrumbList","@id":"https:\/\/www.asf-quebec.org\/en\/convocation-des-membres-dasfq-a-lassemblee-generale-annuelle-2021\/#breadcrumb","itemListElement":[{"@type":"ListItem","position":1,"name":"Accueil","item":"https:\/\/www.asf-quebec.org\/en\/"},{"@type":"ListItem","position":2,"name":"Convocation des membres d&rsquo;ASFQ \u00e0 l&rsquo;Assembl\u00e9e g\u00e9n\u00e9rale annuelle 2021"}]},{"@type":"WebSite","@id":"https:\/\/www.asf-quebec.org\/en\/#website","url":"https:\/\/www.asf-quebec.org\/en\/","name":"Architecture sans fronti\u00e8res Qu\u00e9bec","description":"ASFQ","publisher":{"@id":"https:\/\/www.asf-quebec.org\/en\/#organization"},"potentialAction":[{"@type":"SearchAction","target":{"@type":"EntryPoint","urlTemplate":"https:\/\/www.asf-quebec.org\/en\/?s={search_term_string}"},"query-input":{"@type":"PropertyValueSpecification","valueRequired":true,"valueName":"search_term_string"}}],"inLanguage":"en-US"},{"@type":"Organization","@id":"https:\/\/www.asf-quebec.org\/en\/#organization","name":"Architecture sans fronti\u00e8res Qu\u00e9bec (ASFQ)","url":"https:\/\/www.asf-quebec.org\/en\/","logo":{"@type":"ImageObject","inLanguage":"en-US","@id":"https:\/\/www.asf-quebec.org\/en\/#\/schema\/logo\/image\/","url":"https:\/\/www.asf-quebec.org\/wp-content\/uploads\/2019\/07\/Logo-asfq-retina.jpg","contentUrl":"https:\/\/www.asf-quebec.org\/wp-content\/uploads\/2019\/07\/Logo-asfq-retina.jpg","width":564,"height":219,"caption":"Architecture sans fronti\u00e8res Qu\u00e9bec (ASFQ)"},"image":{"@id":"https:\/\/www.asf-quebec.org\/en\/#\/schema\/logo\/image\/"},"sameAs":["https:\/\/www.facebook.com\/architecturesansfrontieres\/","https:\/\/www.instagram.com\/asfquebec\/","https:\/\/www.linkedin.com\/company\/asf-quebec\/"]},{"@type":"Person","@id":"https:\/\/www.asf-quebec.org\/en\/#\/schema\/person\/9655911da321e5e7c39708ae5de28d6a","name":"asf-quebec","image":{"@type":"ImageObject","inLanguage":"en-US","@id":"https:\/\/www.asf-quebec.org\/en\/#\/schema\/person\/image\/","url":"https:\/\/secure.gravatar.com\/avatar\/e855b116ca919b157a426c59781443a8d88f6c286252b6e0fed2bef83833541c?s=96&d=mm&r=g","contentUrl":"https:\/\/secure.gravatar.com\/avatar\/e855b116ca919b157a426c59781443a8d88f6c286252b6e0fed2bef83833541c?s=96&d=mm&r=g","caption":"asf-quebec"}}]}},"_links":{"self":[{"href":"https:\/\/www.asf-quebec.org\/en\/wp-json\/wp\/v2\/posts\/332144","targetHints":{"allow":["GET"]}}],"collection":[{"href":"https:\/\/www.asf-quebec.org\/en\/wp-json\/wp\/v2\/posts"}],"about":[{"href":"https:\/\/www.asf-quebec.org\/en\/wp-json\/wp\/v2\/types\/post"}],"author":[{"embeddable":true,"href":"https:\/\/www.asf-quebec.org\/en\/wp-json\/wp\/v2\/users\/2"}],"replies":[{"embeddable":true,"href":"https:\/\/www.asf-quebec.org\/en\/wp-json\/wp\/v2\/comments?post=332144"}],"version-history":[{"count":1,"href":"https:\/\/www.asf-quebec.org\/en\/wp-json\/wp\/v2\/posts\/332144\/revisions"}],"predecessor-version":[{"id":951197,"href":"https:\/\/www.asf-quebec.org\/en\/wp-json\/wp\/v2\/posts\/332144\/revisions\/951197"}],"wp:featuredmedia":[{"embeddable":true,"href":"https:\/\/www.asf-quebec.org\/en\/wp-json\/wp\/v2\/media\/302414"}],"wp:attachment":[{"href":"https:\/\/www.asf-quebec.org\/en\/wp-json\/wp\/v2\/media?parent=332144"}],"wp:term":[{"taxonomy":"category","embeddable":true,"href":"https:\/\/www.asf-quebec.org\/en\/wp-json\/wp\/v2\/categories?post=332144"},{"taxonomy":"post_tag","embeddable":true,"href":"https:\/\/www.asf-quebec.org\/en\/wp-json\/wp\/v2\/tags?post=332144"}],"curies":[{"name":"wp","href":"https:\/\/api.w.org\/{rel}","templated":true}]}}