{"id":1212553,"date":"2023-04-03T08:44:31","date_gmt":"2023-04-03T08:44:31","guid":{"rendered":"https:\/\/www.asf-quebec.org\/devoilement-fiches-pratiques-habitations-inondations\/"},"modified":"2023-04-04T18:36:06","modified_gmt":"2023-04-04T18:36:06","slug":"devoilement-fiches-pratiques-habitations-inondations","status":"publish","type":"post","link":"https:\/\/www.asf-quebec.org\/en\/devoilement-fiches-pratiques-habitations-inondations\/","title":{"rendered":"&#8220;Housing + Flooding&#8221; : a new essential tool for residential adaptation"},"content":{"rendered":"<p><span style=\"color: #ff6600;\"><em>(French content only)<\/em><\/span><\/p>\n<p><strong>ASFQ annonce la publication du recueil de fiches pratiques\u00a0<em>Habitations + Inondations<i> : mesures d&#8217;adaptation r\u00e9sidentielle<\/i>,<\/em> destin\u00e9es \u00e0 guider les propri\u00e9taires et les autres acteurs de l&#8217;industrie afin d&#8217;accro\u00eetre la r\u00e9silience des b\u00e2timents.<\/strong><\/p>\n<p><span style=\"font-weight: 400;\">In\u00e9dit au Qu\u00e9bec comme au Canada, ce nouvel outil a \u00e9t\u00e9 d\u00e9voil\u00e9 le 29 mars dernier lors d&#8217;une <a href=\"https:\/\/www.asf-quebec.org\/en\/?p=1179105\" target=\"_blank\" rel=\"noopener\">conf\u00e9rence<\/a> organis\u00e9e \u00e0 Montr\u00e9al, en partenariat avec la Maison du d\u00e9veloppement durable, et \u00e0 laquelle assistaient 130 repr\u00e9sentant.e.s de l&#8217;industrie. <\/span>Le recueil de fiches sert \u00e0 accompagner les propri\u00e9taires, les professionnel.le.s du b\u00e2timent et autres parties prenantes lors de la pr\u00e9paration de travaux pr\u00e9ventifs ou lors de la reconstruction suite \u00e0 un sinistre li\u00e9 \u00e0 l\u2019eau. Fond\u00e9es\u00a0sur une revue des meilleures pratiques d&#8217;adaptation locales et internationales, chacune des 19 fiches est con\u00e7ue pour \u00eatre facilement compr\u00e9hensible par le public. Elles constituent \u00e9galement une ressource pour les gouvernements locaux d\u00e9sireux de promouvoir des strat\u00e9gies compl\u00e9mentaires ou des alternatives aux initiatives de protection des zones inondables d\u00e9j\u00e0 en place ou \u00e0 la relocalisation des b\u00e2timents expos\u00e9s aux risques d\u2019inondations urbaines, par emb\u00e2cle ou en eau libre.<\/p>\n<p><a href=\"https:\/\/www.asf-quebec.org\/en\/housing-flooding-residential-adaptation-measures\/\"><img decoding=\"async\" class=\"lazyload alignnone size-medium wp-image-1204477\" src=\"https:\/\/www.asf-quebec.org\/wp-content\/uploads\/2023\/03\/300323-Page-titre-avec-cadre-gris-300x232.jpg\" data-orig-src=\"https:\/\/www.asf-quebec.org\/wp-content\/uploads\/2023\/03\/300323-Page-titre-avec-cadre-gris-300x232.jpg\" alt=\"\" width=\"300\" height=\"232\" srcset=\"data:image\/svg+xml,%3Csvg%20xmlns%3D%27http%3A%2F%2Fwww.w3.org%2F2000%2Fsvg%27%20width%3D%27300%27%20height%3D%27232%27%20viewBox%3D%270%200%20300%20232%27%3E%3Crect%20width%3D%27300%27%20height%3D%27232%27%20fill-opacity%3D%220%22%2F%3E%3C%2Fsvg%3E\" data-srcset=\"https:\/\/www.asf-quebec.org\/wp-content\/uploads\/2023\/03\/300323-Page-titre-avec-cadre-gris-200x154.jpg 200w, https:\/\/www.asf-quebec.org\/wp-content\/uploads\/2023\/03\/300323-Page-titre-avec-cadre-gris-300x232.jpg 300w, https:\/\/www.asf-quebec.org\/wp-content\/uploads\/2023\/03\/300323-Page-titre-avec-cadre-gris-400x309.jpg 400w, https:\/\/www.asf-quebec.org\/wp-content\/uploads\/2023\/03\/300323-Page-titre-avec-cadre-gris-600x463.jpg 600w, https:\/\/www.asf-quebec.org\/wp-content\/uploads\/2023\/03\/300323-Page-titre-avec-cadre-gris-768x593.jpg 768w, https:\/\/www.asf-quebec.org\/wp-content\/uploads\/2023\/03\/300323-Page-titre-avec-cadre-gris-800x618.jpg 800w, https:\/\/www.asf-quebec.org\/wp-content\/uploads\/2023\/03\/300323-Page-titre-avec-cadre-gris.jpg 989w\" data-sizes=\"auto\" data-orig-sizes=\"(max-width: 300px) 100vw, 300px\" \/><\/a><\/p>\n<p><em><span style=\"font-weight: 400;\">Pour consulter les fiches pratiques et d&#8217;autres informations compl\u00e9mentaires, <\/span><a href=\"https:\/\/www.asf-quebec.org\/en\/housing-flooding-residential-adaptation-measures\/\" target=\"_blank\" rel=\"noopener\"><span style=\"font-weight: 400;\">cliquez ici<\/span><\/a><span style=\"font-weight: 400;\">.<\/span><\/em><\/p>\n<p>L&#8217;\u00e9v\u00e9nement a aussi \u00e9t\u00e9 l&#8217;occasion pour la Ministre des affaires municipales, Andr\u00e9e Laforest, de prononcer une allocution d&#8217;ouverture dans laquelle elle a annonc\u00e9 que, d&#8217;ici quelques semaines, le gouvernement pr\u00e9sentera des actions concr\u00e8tes et structurantes qui permettront de r\u00e9aliser une vision strat\u00e9gique et ambitieuse d&#8217;un Qu\u00e9bec qui atteint les plus hauts standards en architecture et en am\u00e9nagement du territoire. Elle a \u00e9galement rappel\u00e9 que des appels \u00e0 projet du Programme de r\u00e9silience et d&#8217;adaptation face aux inondations (PRAFI) sont actuellement ouverts et que d&#8217;autres suivront cet automne. Le PRAFI pr\u00e9voit un investissement total de 345 millions de dollars pour accro\u00eetre la s\u00e9curit\u00e9 des personnes et la protection des biens face aux risques d&#8217;inondation.<\/p>\n<p><strong>Un outil de r\u00e9f\u00e9rence tr\u00e8s attendu<\/strong><\/p>\n<p>Fruit de deux ann\u00e9es de travail, <span style=\"font-weight: 400;\">cette publication <\/span><span style=\"font-weight: 400;\">s\u2019inscrit dans le cadre d\u2019un projet de recherche <i><\/i><a href=\"https:\/\/www.asf-quebec.org\/en\/architecture-resiliente-aux-inondations-nouveau-projet-dasfq-avec-luniversite-de-montreal\/\"><i>Architecture r\u00e9siliente aux inondations : d\u00e9veloppement d\u2019expertise et transfert de connaissances<\/i><\/a>, en partenariat avec le groupe de recherche <a href=\"https:\/\/www.ariaction.com\/\">ARIAction<\/a> de la Facult\u00e9 d\u2019am\u00e9nagement de l\u2019Universit\u00e9 de Montr\u00e9al et avec l\u2019appui de l\u2019Universit\u00e9 Concordia, de la Communaut\u00e9 m\u00e9tropolitaine de Montr\u00e9al (CMM), de la Soci\u00e9t\u00e9 qu\u00e9b\u00e9coise des infrastructures (SQI) et de la Soci\u00e9t\u00e9 d\u2019habitation du Qu\u00e9bec (SHQ).<\/span><\/p>\n<p><span style=\"font-weight: 400;\">Pour Bruno Demers, directeur g\u00e9n\u00e9ral d\u2019ASFQ, \u00ab un tel outil vient combler un manque criant, alors qu&#8217;aucune r\u00e9f\u00e9rence fiable n&#8217;\u00e9tait disponible \u00e0 ce jour au Qu\u00e9bec pour guider l&#8217;adaptation des b\u00e2timents r\u00e9sidentiels. Pour ASFQ, qui s&#8217;int\u00e9resse \u00e0 la probl\u00e9matique depuis ses premi\u00e8res interventions d&#8217;urgence dans lors de la crise du Richelieu en 2011, cette publication est un jalon important. \u00c0 titre de bras humanitaire de l&#8217;Ordre des architectes du Qu\u00e9bec, c&#8217;est aussi une grande fiert\u00e9 de pouvoir ainsi contribuer \u00e0 la protection du public et \u00e0 la promotion de la qualit\u00e9 architecturale dans le domaine de l&#8217;habitation. \u00bb<\/span><\/p>\n<p><span style=\"font-weight: 400;\">Pour Isabelle Thomas, professeure \u00e0 la Facult\u00e9 d&#8217;am\u00e9nagement de l\u2019Universit\u00e9 de Montr\u00e9al et partenaire acad\u00e9mique principale du projet de recherche, \u00ab <\/span>suite aux inondations de 2017 et 2019, il est apparu essentiel d\u2019apporter des strat\u00e9gies concr\u00e8tes d\u2019adaptation du cadre b\u00e2ti aux inondations pour le contexte qu\u00e9b\u00e9cois<span style=\"font-weight: 400;\">\u00bb. Issus<\/span><span style=\"font-weight: 400;\"> d\u2019une collaboration entre les \u00e9quipes d\u2019ASFQ et d\u2019ARIAction dans laquelle trois \u00e9tudiantes \u00e0 la ma\u00eetrise en architecture ont \u00e9t\u00e9 activement impliqu\u00e9e, \u00ab l<\/span>es r\u00e9sultats innovants et significatifs de ce projet marquent une avanc\u00e9e fondamentale pour les pratiques architecturales, d\u2019urbanisme et d\u2019am\u00e9nagement du territoire. C\u2019est gr\u00e2ce \u00e0 ce type de d\u00e9marche collaborative et formatrice pour la rel\u00e8ve, insiste Mme Thomas, que la r\u00e9silience pourra \u00eatre renforc\u00e9e au Qu\u00e9bec.<span style=\"font-weight: 400;\"> \u00bb<\/span><\/p>\n<p>Soulignons que les fiches r\u00e9pondent \u00e0 des besoins r\u00e9els d\u00fbment cern\u00e9s tant sur le terrain qu&#8217;\u00e0 l\u2019\u00e9chelle des gouvernements locaux, provinciaux et du Canada. Leur diffusion pourra notamment contribuer \u00e0 atteindre certaines cibles de la <em>Strat\u00e9gie nationale d\u2019adaptation du Canada<\/em>, publi\u00e9e \u00e0 l\u2019automne 2022, dont celle qui stipule que d&#8217;ici 2025, 50 % des Canadiens auront pris des mesures pour r\u00e9pondre aux risques li\u00e9s aux changements climatiques auxquels leur r\u00e9sidence est confront\u00e9e. En facilitant la diffusion des connaissances n\u00e9cessaires \u00e0 la transition climatique, les fiches contribuent \u00e9galement au <em>Plan de la mise en \u0153uvre 2022-2027 &#8211; Plan pour une \u00e9conomie verte 2030 <\/em>du Gouvernement du Qu\u00e9bec. De plus, les travaux ayant men\u00e9 \u00e0 la r\u00e9alisation des fiches sont au diapason de la <em>Politique nationale de l\u2019architecture et de l\u2019am\u00e9nagement du territoire<\/em>, aussi publi\u00e9e en 2022, qui vise, entre autres objectifs, l\u2019am\u00e9nagement de \u00abmilieux de vie de qualit\u00e9 qui r\u00e9pondent aux besoins de la population\u00bb. De telles fiches sont aussi en coh\u00e9rence directe avec d&#8217;autres outils d&#8217;adaptation d\u00e9velopp\u00e9s depuis les derni\u00e8res ann\u00e9es, comme ceux du <a href=\"https:\/\/www.centreintactadaptationclimat.ca\/\">Centre Intact d&#8217;adaptation au climat<\/a> ou encore celui de <a href=\"https:\/\/www.ariaction.com\/copie-de-amerzi\">Diagnostic r\u00e9sidentiel de la capacit\u00e9 de r\u00e9silience aux inondations (CAPRI)<\/a>, \u00e9labor\u00e9 par ARIAction en partenariat avec le Minist\u00e8re de la s\u00e9curit\u00e9 publique.<\/p>\n<p><span style=\"font-weight: 400;\">Ce projet a \u00e9t\u00e9 rendu possible gr\u00e2ce \u00e0 la contribution du Fonds de recherche du Qu\u00e9bec (FRQ), par l\u2019entremise du R\u00e9seau Inondations InterSectoriel du Qu\u00e9bec (RIISQ), et du programme Mitacs Acc\u00e9l\u00e9ration. Il a compt\u00e9 sur l\u2019accompagnement d\u2019un comit\u00e9 consultatif interdisciplinaire r\u00e9unissant quarante expert.e.s de diff\u00e9rents domaines et sur l\u2019appui de plusieurs collaboratrices et collaborateurs de recherche. ASFQ tient \u00e0 saluer leur contribution essentielle \u00e0 la r\u00e9alisation du projet.<\/span><\/p>\n<p>&nbsp;<\/p>\n<p><strong>Pour toute demande d&#8217;information li\u00e9e \u00e0 cette annonce :<\/strong><\/p>\n<div>\u00c9l\u00e8ne Levasseur<\/div>\n<div>Directrice recherche et \u00e9ducation<\/div>\n<div>Architecture Sans Fronti\u00e8res Qu\u00e9bec<\/div>\n<div>elevasseur@asf-quebec.org<\/div>\n<div><\/div>\n","protected":false},"excerpt":{"rendered":"<p>(French content only) ASFQ annonce la publication du recueil de <a href=\"https:\/\/www.asf-quebec.org\/en\/devoilement-fiches-pratiques-habitations-inondations\/\"> [&#8230;]<\/a><\/p>\n","protected":false},"author":7,"featured_media":1204478,"comment_status":"closed","ping_status":"closed","sticky":false,"template":"","format":"standard","meta":{"_acf_changed":false,"footnotes":""},"categories":[37],"tags":[40,39],"class_list":["post-1212553","post","type-post","status-publish","format-standard","has-post-thumbnail","hentry","category-news","tag-ea-en","tag-rd-en"],"acf":[],"yoast_head":"<!-- This site is optimized with the Yoast SEO plugin v26.8 - https:\/\/yoast.com\/product\/yoast-seo-wordpress\/ -->\n<title>&quot;Housing + Flooding&quot; : a new essential tool for residential adaptation - Architecture Sans Fronti\u00e8res Qu\u00e9bec %<\/title>\n<meta name=\"description\" content=\"&quot;Housing + Flooding&quot; : a new essential tool for residential adaptation\" \/>\n<meta name=\"robots\" content=\"index, follow, max-snippet:-1, max-image-preview:large, max-video-preview:-1\" \/>\n<link rel=\"canonical\" href=\"https:\/\/www.asf-quebec.org\/en\/devoilement-fiches-pratiques-habitations-inondations\/\" \/>\n<meta property=\"og:locale\" content=\"en_US\" \/>\n<meta property=\"og:type\" content=\"article\" \/>\n<meta property=\"og:title\" content=\"&quot;Housing + Flooding&quot; : a new essential tool for residential adaptation - Architecture Sans Fronti\u00e8res Qu\u00e9bec %\" \/>\n<meta property=\"og:description\" content=\"&quot;Housing + Flooding&quot; : a new essential tool for residential adaptation\" \/>\n<meta property=\"og:url\" content=\"https:\/\/www.asf-quebec.org\/en\/devoilement-fiches-pratiques-habitations-inondations\/\" \/>\n<meta property=\"og:site_name\" content=\"Architecture Sans Fronti\u00e8res Qu\u00e9bec\" \/>\n<meta property=\"article:publisher\" content=\"https:\/\/www.facebook.com\/architecturesansfrontieres\/\" \/>\n<meta property=\"article:published_time\" content=\"2023-04-03T08:44:31+00:00\" \/>\n<meta property=\"article:modified_time\" content=\"2023-04-04T18:36:06+00:00\" \/>\n<meta property=\"og:image\" content=\"https:\/\/www.asf-quebec.org\/wp-content\/uploads\/2023\/03\/300323-Page-titre-avec-cadre-gris.jpg\" \/>\n\t<meta property=\"og:image:width\" content=\"989\" \/>\n\t<meta property=\"og:image:height\" content=\"764\" \/>\n\t<meta property=\"og:image:type\" content=\"image\/jpeg\" \/>\n<meta name=\"author\" content=\"\u00c9l\u00e8ne Levasseur\" \/>\n<meta name=\"twitter:card\" content=\"summary_large_image\" \/>\n<meta name=\"twitter:label1\" content=\"Written by\" \/>\n\t<meta name=\"twitter:data1\" content=\"\u00c9l\u00e8ne Levasseur\" \/>\n\t<meta name=\"twitter:label2\" content=\"Est. reading time\" \/>\n\t<meta name=\"twitter:data2\" content=\"5 minutes\" \/>\n<script type=\"application\/ld+json\" class=\"yoast-schema-graph\">{\"@context\":\"https:\/\/schema.org\",\"@graph\":[{\"@type\":\"Article\",\"@id\":\"https:\/\/www.asf-quebec.org\/en\/devoilement-fiches-pratiques-habitations-inondations\/#article\",\"isPartOf\":{\"@id\":\"https:\/\/www.asf-quebec.org\/en\/devoilement-fiches-pratiques-habitations-inondations\/\"},\"author\":{\"name\":\"\u00c9l\u00e8ne Levasseur\",\"@id\":\"https:\/\/www.asf-quebec.org\/en\/#\/schema\/person\/c0a13acdeaf2435b3876fb971ee73450\"},\"headline\":\"&#8220;Housing + Flooding&#8221; : a new essential tool for residential adaptation\",\"datePublished\":\"2023-04-03T08:44:31+00:00\",\"dateModified\":\"2023-04-04T18:36:06+00:00\",\"mainEntityOfPage\":{\"@id\":\"https:\/\/www.asf-quebec.org\/en\/devoilement-fiches-pratiques-habitations-inondations\/\"},\"wordCount\":1041,\"publisher\":{\"@id\":\"https:\/\/www.asf-quebec.org\/en\/#organization\"},\"image\":{\"@id\":\"https:\/\/www.asf-quebec.org\/en\/devoilement-fiches-pratiques-habitations-inondations\/#primaryimage\"},\"thumbnailUrl\":\"https:\/\/www.asf-quebec.org\/wp-content\/uploads\/2023\/03\/300323-Page-titre-avec-cadre-gris.jpg\",\"keywords\":[\"EA\",\"RD\"],\"articleSection\":[\"News\"],\"inLanguage\":\"en-US\"},{\"@type\":\"WebPage\",\"@id\":\"https:\/\/www.asf-quebec.org\/en\/devoilement-fiches-pratiques-habitations-inondations\/\",\"url\":\"https:\/\/www.asf-quebec.org\/en\/devoilement-fiches-pratiques-habitations-inondations\/\",\"name\":\"\\\"Housing + Flooding\\\" : a new essential tool for residential adaptation - Architecture Sans Fronti\u00e8res Qu\u00e9bec %\",\"isPartOf\":{\"@id\":\"https:\/\/www.asf-quebec.org\/en\/#website\"},\"primaryImageOfPage\":{\"@id\":\"https:\/\/www.asf-quebec.org\/en\/devoilement-fiches-pratiques-habitations-inondations\/#primaryimage\"},\"image\":{\"@id\":\"https:\/\/www.asf-quebec.org\/en\/devoilement-fiches-pratiques-habitations-inondations\/#primaryimage\"},\"thumbnailUrl\":\"https:\/\/www.asf-quebec.org\/wp-content\/uploads\/2023\/03\/300323-Page-titre-avec-cadre-gris.jpg\",\"datePublished\":\"2023-04-03T08:44:31+00:00\",\"dateModified\":\"2023-04-04T18:36:06+00:00\",\"description\":\"\\\"Housing + Flooding\\\" : a new essential tool for residential adaptation\",\"breadcrumb\":{\"@id\":\"https:\/\/www.asf-quebec.org\/en\/devoilement-fiches-pratiques-habitations-inondations\/#breadcrumb\"},\"inLanguage\":\"en-US\",\"potentialAction\":[{\"@type\":\"ReadAction\",\"target\":[\"https:\/\/www.asf-quebec.org\/en\/devoilement-fiches-pratiques-habitations-inondations\/\"]}]},{\"@type\":\"ImageObject\",\"inLanguage\":\"en-US\",\"@id\":\"https:\/\/www.asf-quebec.org\/en\/devoilement-fiches-pratiques-habitations-inondations\/#primaryimage\",\"url\":\"https:\/\/www.asf-quebec.org\/wp-content\/uploads\/2023\/03\/300323-Page-titre-avec-cadre-gris.jpg\",\"contentUrl\":\"https:\/\/www.asf-quebec.org\/wp-content\/uploads\/2023\/03\/300323-Page-titre-avec-cadre-gris.jpg\",\"width\":989,\"height\":764},{\"@type\":\"BreadcrumbList\",\"@id\":\"https:\/\/www.asf-quebec.org\/en\/devoilement-fiches-pratiques-habitations-inondations\/#breadcrumb\",\"itemListElement\":[{\"@type\":\"ListItem\",\"position\":1,\"name\":\"Accueil\",\"item\":\"https:\/\/www.asf-quebec.org\/en\/\"},{\"@type\":\"ListItem\",\"position\":2,\"name\":\"\u00ab\u00a0Housing + Flooding\u00a0\u00bb : a new essential tool for residential adaptation\"}]},{\"@type\":\"WebSite\",\"@id\":\"https:\/\/www.asf-quebec.org\/en\/#website\",\"url\":\"https:\/\/www.asf-quebec.org\/en\/\",\"name\":\"Architecture sans fronti\u00e8res Qu\u00e9bec\",\"description\":\"ASFQ\",\"publisher\":{\"@id\":\"https:\/\/www.asf-quebec.org\/en\/#organization\"},\"potentialAction\":[{\"@type\":\"SearchAction\",\"target\":{\"@type\":\"EntryPoint\",\"urlTemplate\":\"https:\/\/www.asf-quebec.org\/en\/?s={search_term_string}\"},\"query-input\":{\"@type\":\"PropertyValueSpecification\",\"valueRequired\":true,\"valueName\":\"search_term_string\"}}],\"inLanguage\":\"en-US\"},{\"@type\":\"Organization\",\"@id\":\"https:\/\/www.asf-quebec.org\/en\/#organization\",\"name\":\"Architecture sans fronti\u00e8res Qu\u00e9bec (ASFQ)\",\"url\":\"https:\/\/www.asf-quebec.org\/en\/\",\"logo\":{\"@type\":\"ImageObject\",\"inLanguage\":\"en-US\",\"@id\":\"https:\/\/www.asf-quebec.org\/en\/#\/schema\/logo\/image\/\",\"url\":\"https:\/\/www.asf-quebec.org\/wp-content\/uploads\/2019\/07\/Logo-asfq-retina.jpg\",\"contentUrl\":\"https:\/\/www.asf-quebec.org\/wp-content\/uploads\/2019\/07\/Logo-asfq-retina.jpg\",\"width\":564,\"height\":219,\"caption\":\"Architecture sans fronti\u00e8res Qu\u00e9bec (ASFQ)\"},\"image\":{\"@id\":\"https:\/\/www.asf-quebec.org\/en\/#\/schema\/logo\/image\/\"},\"sameAs\":[\"https:\/\/www.facebook.com\/architecturesansfrontieres\/\",\"https:\/\/www.instagram.com\/asfquebec\/\",\"https:\/\/www.linkedin.com\/company\/asf-quebec\/\"]},{\"@type\":\"Person\",\"@id\":\"https:\/\/www.asf-quebec.org\/en\/#\/schema\/person\/c0a13acdeaf2435b3876fb971ee73450\",\"name\":\"\u00c9l\u00e8ne Levasseur\",\"image\":{\"@type\":\"ImageObject\",\"inLanguage\":\"en-US\",\"@id\":\"https:\/\/www.asf-quebec.org\/en\/#\/schema\/person\/image\/\",\"url\":\"https:\/\/secure.gravatar.com\/avatar\/890e00647e597b44b6e5ce2bf57fc00801504ea0cac153cdbed60784c7f07a3f?s=96&d=mm&r=g\",\"contentUrl\":\"https:\/\/secure.gravatar.com\/avatar\/890e00647e597b44b6e5ce2bf57fc00801504ea0cac153cdbed60784c7f07a3f?s=96&d=mm&r=g\",\"caption\":\"\u00c9l\u00e8ne Levasseur\"}}]}<\/script>\n<!-- \/ Yoast SEO plugin. -->","yoast_head_json":{"title":"\"Housing + Flooding\" : a new essential tool for residential adaptation - Architecture Sans Fronti\u00e8res Qu\u00e9bec %","description":"\"Housing + Flooding\" : a new essential tool for residential adaptation","robots":{"index":"index","follow":"follow","max-snippet":"max-snippet:-1","max-image-preview":"max-image-preview:large","max-video-preview":"max-video-preview:-1"},"canonical":"https:\/\/www.asf-quebec.org\/en\/devoilement-fiches-pratiques-habitations-inondations\/","og_locale":"en_US","og_type":"article","og_title":"\"Housing + Flooding\" : a new essential tool for residential adaptation - Architecture Sans Fronti\u00e8res Qu\u00e9bec %","og_description":"\"Housing + Flooding\" : a new essential tool for residential adaptation","og_url":"https:\/\/www.asf-quebec.org\/en\/devoilement-fiches-pratiques-habitations-inondations\/","og_site_name":"Architecture Sans Fronti\u00e8res Qu\u00e9bec","article_publisher":"https:\/\/www.facebook.com\/architecturesansfrontieres\/","article_published_time":"2023-04-03T08:44:31+00:00","article_modified_time":"2023-04-04T18:36:06+00:00","og_image":[{"width":989,"height":764,"url":"https:\/\/www.asf-quebec.org\/wp-content\/uploads\/2023\/03\/300323-Page-titre-avec-cadre-gris.jpg","type":"image\/jpeg"}],"author":"\u00c9l\u00e8ne Levasseur","twitter_card":"summary_large_image","twitter_misc":{"Written by":"\u00c9l\u00e8ne Levasseur","Est. reading time":"5 minutes"},"schema":{"@context":"https:\/\/schema.org","@graph":[{"@type":"Article","@id":"https:\/\/www.asf-quebec.org\/en\/devoilement-fiches-pratiques-habitations-inondations\/#article","isPartOf":{"@id":"https:\/\/www.asf-quebec.org\/en\/devoilement-fiches-pratiques-habitations-inondations\/"},"author":{"name":"\u00c9l\u00e8ne Levasseur","@id":"https:\/\/www.asf-quebec.org\/en\/#\/schema\/person\/c0a13acdeaf2435b3876fb971ee73450"},"headline":"&#8220;Housing + Flooding&#8221; : a new essential tool for residential adaptation","datePublished":"2023-04-03T08:44:31+00:00","dateModified":"2023-04-04T18:36:06+00:00","mainEntityOfPage":{"@id":"https:\/\/www.asf-quebec.org\/en\/devoilement-fiches-pratiques-habitations-inondations\/"},"wordCount":1041,"publisher":{"@id":"https:\/\/www.asf-quebec.org\/en\/#organization"},"image":{"@id":"https:\/\/www.asf-quebec.org\/en\/devoilement-fiches-pratiques-habitations-inondations\/#primaryimage"},"thumbnailUrl":"https:\/\/www.asf-quebec.org\/wp-content\/uploads\/2023\/03\/300323-Page-titre-avec-cadre-gris.jpg","keywords":["EA","RD"],"articleSection":["News"],"inLanguage":"en-US"},{"@type":"WebPage","@id":"https:\/\/www.asf-quebec.org\/en\/devoilement-fiches-pratiques-habitations-inondations\/","url":"https:\/\/www.asf-quebec.org\/en\/devoilement-fiches-pratiques-habitations-inondations\/","name":"\"Housing + Flooding\" : a new essential tool for residential adaptation - Architecture Sans Fronti\u00e8res Qu\u00e9bec %","isPartOf":{"@id":"https:\/\/www.asf-quebec.org\/en\/#website"},"primaryImageOfPage":{"@id":"https:\/\/www.asf-quebec.org\/en\/devoilement-fiches-pratiques-habitations-inondations\/#primaryimage"},"image":{"@id":"https:\/\/www.asf-quebec.org\/en\/devoilement-fiches-pratiques-habitations-inondations\/#primaryimage"},"thumbnailUrl":"https:\/\/www.asf-quebec.org\/wp-content\/uploads\/2023\/03\/300323-Page-titre-avec-cadre-gris.jpg","datePublished":"2023-04-03T08:44:31+00:00","dateModified":"2023-04-04T18:36:06+00:00","description":"\"Housing + Flooding\" : a new essential tool for residential adaptation","breadcrumb":{"@id":"https:\/\/www.asf-quebec.org\/en\/devoilement-fiches-pratiques-habitations-inondations\/#breadcrumb"},"inLanguage":"en-US","potentialAction":[{"@type":"ReadAction","target":["https:\/\/www.asf-quebec.org\/en\/devoilement-fiches-pratiques-habitations-inondations\/"]}]},{"@type":"ImageObject","inLanguage":"en-US","@id":"https:\/\/www.asf-quebec.org\/en\/devoilement-fiches-pratiques-habitations-inondations\/#primaryimage","url":"https:\/\/www.asf-quebec.org\/wp-content\/uploads\/2023\/03\/300323-Page-titre-avec-cadre-gris.jpg","contentUrl":"https:\/\/www.asf-quebec.org\/wp-content\/uploads\/2023\/03\/300323-Page-titre-avec-cadre-gris.jpg","width":989,"height":764},{"@type":"BreadcrumbList","@id":"https:\/\/www.asf-quebec.org\/en\/devoilement-fiches-pratiques-habitations-inondations\/#breadcrumb","itemListElement":[{"@type":"ListItem","position":1,"name":"Accueil","item":"https:\/\/www.asf-quebec.org\/en\/"},{"@type":"ListItem","position":2,"name":"\u00ab\u00a0Housing + Flooding\u00a0\u00bb : a new essential tool for residential adaptation"}]},{"@type":"WebSite","@id":"https:\/\/www.asf-quebec.org\/en\/#website","url":"https:\/\/www.asf-quebec.org\/en\/","name":"Architecture sans fronti\u00e8res Qu\u00e9bec","description":"ASFQ","publisher":{"@id":"https:\/\/www.asf-quebec.org\/en\/#organization"},"potentialAction":[{"@type":"SearchAction","target":{"@type":"EntryPoint","urlTemplate":"https:\/\/www.asf-quebec.org\/en\/?s={search_term_string}"},"query-input":{"@type":"PropertyValueSpecification","valueRequired":true,"valueName":"search_term_string"}}],"inLanguage":"en-US"},{"@type":"Organization","@id":"https:\/\/www.asf-quebec.org\/en\/#organization","name":"Architecture sans fronti\u00e8res Qu\u00e9bec (ASFQ)","url":"https:\/\/www.asf-quebec.org\/en\/","logo":{"@type":"ImageObject","inLanguage":"en-US","@id":"https:\/\/www.asf-quebec.org\/en\/#\/schema\/logo\/image\/","url":"https:\/\/www.asf-quebec.org\/wp-content\/uploads\/2019\/07\/Logo-asfq-retina.jpg","contentUrl":"https:\/\/www.asf-quebec.org\/wp-content\/uploads\/2019\/07\/Logo-asfq-retina.jpg","width":564,"height":219,"caption":"Architecture sans fronti\u00e8res Qu\u00e9bec (ASFQ)"},"image":{"@id":"https:\/\/www.asf-quebec.org\/en\/#\/schema\/logo\/image\/"},"sameAs":["https:\/\/www.facebook.com\/architecturesansfrontieres\/","https:\/\/www.instagram.com\/asfquebec\/","https:\/\/www.linkedin.com\/company\/asf-quebec\/"]},{"@type":"Person","@id":"https:\/\/www.asf-quebec.org\/en\/#\/schema\/person\/c0a13acdeaf2435b3876fb971ee73450","name":"\u00c9l\u00e8ne Levasseur","image":{"@type":"ImageObject","inLanguage":"en-US","@id":"https:\/\/www.asf-quebec.org\/en\/#\/schema\/person\/image\/","url":"https:\/\/secure.gravatar.com\/avatar\/890e00647e597b44b6e5ce2bf57fc00801504ea0cac153cdbed60784c7f07a3f?s=96&d=mm&r=g","contentUrl":"https:\/\/secure.gravatar.com\/avatar\/890e00647e597b44b6e5ce2bf57fc00801504ea0cac153cdbed60784c7f07a3f?s=96&d=mm&r=g","caption":"\u00c9l\u00e8ne Levasseur"}}]}},"_links":{"self":[{"href":"https:\/\/www.asf-quebec.org\/en\/wp-json\/wp\/v2\/posts\/1212553","targetHints":{"allow":["GET"]}}],"collection":[{"href":"https:\/\/www.asf-quebec.org\/en\/wp-json\/wp\/v2\/posts"}],"about":[{"href":"https:\/\/www.asf-quebec.org\/en\/wp-json\/wp\/v2\/types\/post"}],"author":[{"embeddable":true,"href":"https:\/\/www.asf-quebec.org\/en\/wp-json\/wp\/v2\/users\/7"}],"replies":[{"embeddable":true,"href":"https:\/\/www.asf-quebec.org\/en\/wp-json\/wp\/v2\/comments?post=1212553"}],"version-history":[{"count":1,"href":"https:\/\/www.asf-quebec.org\/en\/wp-json\/wp\/v2\/posts\/1212553\/revisions"}],"predecessor-version":[{"id":1212557,"href":"https:\/\/www.asf-quebec.org\/en\/wp-json\/wp\/v2\/posts\/1212553\/revisions\/1212557"}],"wp:featuredmedia":[{"embeddable":true,"href":"https:\/\/www.asf-quebec.org\/en\/wp-json\/wp\/v2\/media\/1204478"}],"wp:attachment":[{"href":"https:\/\/www.asf-quebec.org\/en\/wp-json\/wp\/v2\/media?parent=1212553"}],"wp:term":[{"taxonomy":"category","embeddable":true,"href":"https:\/\/www.asf-quebec.org\/en\/wp-json\/wp\/v2\/categories?post=1212553"},{"taxonomy":"post_tag","embeddable":true,"href":"https:\/\/www.asf-quebec.org\/en\/wp-json\/wp\/v2\/tags?post=1212553"}],"curies":[{"name":"wp","href":"https:\/\/api.w.org\/{rel}","templated":true}]}}