{"id":1200358,"date":"2023-03-23T15:35:46","date_gmt":"2023-03-23T15:35:46","guid":{"rendered":"https:\/\/www.asf-quebec.org\/revoyez-le-colloque-architecture-itinerance-2022-en-libre-rediffusion\/"},"modified":"2023-03-27T19:00:59","modified_gmt":"2023-03-27T19:00:59","slug":"revoyez-le-colloque-architecture-itinerance-2022-en-libre-rediffusion","status":"publish","type":"post","link":"https:\/\/www.asf-quebec.org\/en\/revoyez-le-colloque-architecture-itinerance-2022-en-libre-rediffusion\/","title":{"rendered":"The Architecture + Homelessness symposium 2022 is available in free rebroadcast!"},"content":{"rendered":"<p><span style=\"color: #ff6600;\"><em>(French content only)<\/em><\/span><\/p>\n<h4>En 2022, ASFQ organisait la premi\u00e8re \u00e9dition du colloque <em>Architecture + itin\u00e9rance<\/em>, une rencontre interdisciplinaire in\u00e9dite o\u00f9 pr\u00e8s de 200 personnes ont pu r\u00e9fl\u00e9chir \u00e0 la contribution positive que le design peut apporter dans la conception d\u2019une ville davantage solidaire et inclusive. Le colloque a \u00e9galement \u00e9t\u00e9 l\u2019occasion de d\u00e9voiler un tout nouveau catalogue de pratiques novatrices locales et internationales en mati\u00e8re sur la question.<\/h4>\n<p><span style=\"color: #ff6600;\"><strong>Pour celles et ceux qui n&#8217;ont pas pu y assister, l&#8217;\u00e9v\u00e9nement est d\u00e9sormais disponible <a href=\"https:\/\/www.youtube.com\/playlist?list=PLV1W90jolg8Ka0pFcfjz-_opRPC6_9kPV\">ici gratuitement en libre rediffusion.<\/a><\/strong><\/span><\/p>\n<p>Pour consulter le programme complet du colloque, ainsi que les diaporamas des conf\u00e9renciers, <a href=\"https:\/\/www.asf-quebec.org\/en\/colloque-architecture-itinerance\/\" target=\"_blank\" rel=\"noopener\">consultez ici la page de l&#8217;\u00e9v\u00e9nement<\/a>.<\/p>\n","protected":false},"excerpt":{"rendered":"<p>(French content only) En 2022, ASFQ organisait la premi\u00e8re \u00e9dition <a href=\"https:\/\/www.asf-quebec.org\/en\/revoyez-le-colloque-architecture-itinerance-2022-en-libre-rediffusion\/\"> [&#8230;]<\/a><\/p>\n","protected":false},"author":2,"featured_media":1192881,"comment_status":"closed","ping_status":"closed","sticky":false,"template":"","format":"standard","meta":{"_acf_changed":false,"footnotes":""},"categories":[37],"tags":[40,46],"class_list":["post-1200358","post","type-post","status-publish","format-standard","has-post-thumbnail","hentry","category-news","tag-ea-en","tag-su-en"],"acf":[],"yoast_head":"<!-- This site is optimized with the Yoast SEO plugin v26.8 - https:\/\/yoast.com\/product\/yoast-seo-wordpress\/ -->\n<title>The Architecture + Homelessness symposium 2022 is available in free rebroadcast! - Architecture Sans Fronti\u00e8res Qu\u00e9bec %<\/title>\n<meta name=\"description\" content=\"The Architecture + Homelessness symposium 2022 is available in free rebroadcast!\" \/>\n<meta name=\"robots\" content=\"index, follow, max-snippet:-1, max-image-preview:large, max-video-preview:-1\" \/>\n<link rel=\"canonical\" href=\"https:\/\/www.asf-quebec.org\/en\/revoyez-le-colloque-architecture-itinerance-2022-en-libre-rediffusion\/\" \/>\n<meta property=\"og:locale\" content=\"en_US\" \/>\n<meta property=\"og:type\" content=\"article\" \/>\n<meta property=\"og:title\" content=\"The Architecture + Homelessness symposium 2022 is available in free rebroadcast! - Architecture Sans Fronti\u00e8res Qu\u00e9bec %\" \/>\n<meta property=\"og:description\" content=\"The Architecture + Homelessness symposium 2022 is available in free rebroadcast!\" \/>\n<meta property=\"og:url\" content=\"https:\/\/www.asf-quebec.org\/en\/revoyez-le-colloque-architecture-itinerance-2022-en-libre-rediffusion\/\" \/>\n<meta property=\"og:site_name\" content=\"Architecture Sans Fronti\u00e8res Qu\u00e9bec\" \/>\n<meta property=\"article:publisher\" content=\"https:\/\/www.facebook.com\/architecturesansfrontieres\/\" \/>\n<meta property=\"article:published_time\" content=\"2023-03-23T15:35:46+00:00\" \/>\n<meta property=\"article:modified_time\" content=\"2023-03-27T19:00:59+00:00\" \/>\n<meta property=\"og:image\" content=\"https:\/\/www.asf-quebec.org\/wp-content\/uploads\/2023\/03\/youtube-colloque-itinerance-2022.png\" \/>\n\t<meta property=\"og:image:width\" content=\"1850\" \/>\n\t<meta property=\"og:image:height\" content=\"1036\" \/>\n\t<meta property=\"og:image:type\" content=\"image\/png\" \/>\n<meta name=\"author\" content=\"asf-quebec\" \/>\n<meta name=\"twitter:card\" content=\"summary_large_image\" \/>\n<meta name=\"twitter:label1\" content=\"Written by\" \/>\n\t<meta name=\"twitter:data1\" content=\"asf-quebec\" \/>\n\t<meta name=\"twitter:label2\" content=\"Est. reading time\" \/>\n\t<meta name=\"twitter:data2\" content=\"1 minute\" \/>\n<script type=\"application\/ld+json\" class=\"yoast-schema-graph\">{\"@context\":\"https:\/\/schema.org\",\"@graph\":[{\"@type\":\"Article\",\"@id\":\"https:\/\/www.asf-quebec.org\/en\/revoyez-le-colloque-architecture-itinerance-2022-en-libre-rediffusion\/#article\",\"isPartOf\":{\"@id\":\"https:\/\/www.asf-quebec.org\/en\/revoyez-le-colloque-architecture-itinerance-2022-en-libre-rediffusion\/\"},\"author\":{\"name\":\"asf-quebec\",\"@id\":\"https:\/\/www.asf-quebec.org\/en\/#\/schema\/person\/9655911da321e5e7c39708ae5de28d6a\"},\"headline\":\"The Architecture + Homelessness symposium 2022 is available in free rebroadcast!\",\"datePublished\":\"2023-03-23T15:35:46+00:00\",\"dateModified\":\"2023-03-27T19:00:59+00:00\",\"mainEntityOfPage\":{\"@id\":\"https:\/\/www.asf-quebec.org\/en\/revoyez-le-colloque-architecture-itinerance-2022-en-libre-rediffusion\/\"},\"wordCount\":128,\"publisher\":{\"@id\":\"https:\/\/www.asf-quebec.org\/en\/#organization\"},\"image\":{\"@id\":\"https:\/\/www.asf-quebec.org\/en\/revoyez-le-colloque-architecture-itinerance-2022-en-libre-rediffusion\/#primaryimage\"},\"thumbnailUrl\":\"https:\/\/www.asf-quebec.org\/wp-content\/uploads\/2023\/03\/youtube-colloque-itinerance-2022.png\",\"keywords\":[\"EA\",\"SU\"],\"articleSection\":[\"News\"],\"inLanguage\":\"en-US\"},{\"@type\":\"WebPage\",\"@id\":\"https:\/\/www.asf-quebec.org\/en\/revoyez-le-colloque-architecture-itinerance-2022-en-libre-rediffusion\/\",\"url\":\"https:\/\/www.asf-quebec.org\/en\/revoyez-le-colloque-architecture-itinerance-2022-en-libre-rediffusion\/\",\"name\":\"The Architecture + Homelessness symposium 2022 is available in free rebroadcast! - Architecture Sans Fronti\u00e8res Qu\u00e9bec %\",\"isPartOf\":{\"@id\":\"https:\/\/www.asf-quebec.org\/en\/#website\"},\"primaryImageOfPage\":{\"@id\":\"https:\/\/www.asf-quebec.org\/en\/revoyez-le-colloque-architecture-itinerance-2022-en-libre-rediffusion\/#primaryimage\"},\"image\":{\"@id\":\"https:\/\/www.asf-quebec.org\/en\/revoyez-le-colloque-architecture-itinerance-2022-en-libre-rediffusion\/#primaryimage\"},\"thumbnailUrl\":\"https:\/\/www.asf-quebec.org\/wp-content\/uploads\/2023\/03\/youtube-colloque-itinerance-2022.png\",\"datePublished\":\"2023-03-23T15:35:46+00:00\",\"dateModified\":\"2023-03-27T19:00:59+00:00\",\"description\":\"The Architecture + Homelessness symposium 2022 is available in free rebroadcast!\",\"breadcrumb\":{\"@id\":\"https:\/\/www.asf-quebec.org\/en\/revoyez-le-colloque-architecture-itinerance-2022-en-libre-rediffusion\/#breadcrumb\"},\"inLanguage\":\"en-US\",\"potentialAction\":[{\"@type\":\"ReadAction\",\"target\":[\"https:\/\/www.asf-quebec.org\/en\/revoyez-le-colloque-architecture-itinerance-2022-en-libre-rediffusion\/\"]}]},{\"@type\":\"ImageObject\",\"inLanguage\":\"en-US\",\"@id\":\"https:\/\/www.asf-quebec.org\/en\/revoyez-le-colloque-architecture-itinerance-2022-en-libre-rediffusion\/#primaryimage\",\"url\":\"https:\/\/www.asf-quebec.org\/wp-content\/uploads\/2023\/03\/youtube-colloque-itinerance-2022.png\",\"contentUrl\":\"https:\/\/www.asf-quebec.org\/wp-content\/uploads\/2023\/03\/youtube-colloque-itinerance-2022.png\",\"width\":1850,\"height\":1036},{\"@type\":\"BreadcrumbList\",\"@id\":\"https:\/\/www.asf-quebec.org\/en\/revoyez-le-colloque-architecture-itinerance-2022-en-libre-rediffusion\/#breadcrumb\",\"itemListElement\":[{\"@type\":\"ListItem\",\"position\":1,\"name\":\"Accueil\",\"item\":\"https:\/\/www.asf-quebec.org\/en\/\"},{\"@type\":\"ListItem\",\"position\":2,\"name\":\"The Architecture + Homelessness symposium 2022 is available in free rebroadcast!\"}]},{\"@type\":\"WebSite\",\"@id\":\"https:\/\/www.asf-quebec.org\/en\/#website\",\"url\":\"https:\/\/www.asf-quebec.org\/en\/\",\"name\":\"Architecture sans fronti\u00e8res Qu\u00e9bec\",\"description\":\"ASFQ\",\"publisher\":{\"@id\":\"https:\/\/www.asf-quebec.org\/en\/#organization\"},\"potentialAction\":[{\"@type\":\"SearchAction\",\"target\":{\"@type\":\"EntryPoint\",\"urlTemplate\":\"https:\/\/www.asf-quebec.org\/en\/?s={search_term_string}\"},\"query-input\":{\"@type\":\"PropertyValueSpecification\",\"valueRequired\":true,\"valueName\":\"search_term_string\"}}],\"inLanguage\":\"en-US\"},{\"@type\":\"Organization\",\"@id\":\"https:\/\/www.asf-quebec.org\/en\/#organization\",\"name\":\"Architecture sans fronti\u00e8res Qu\u00e9bec (ASFQ)\",\"url\":\"https:\/\/www.asf-quebec.org\/en\/\",\"logo\":{\"@type\":\"ImageObject\",\"inLanguage\":\"en-US\",\"@id\":\"https:\/\/www.asf-quebec.org\/en\/#\/schema\/logo\/image\/\",\"url\":\"https:\/\/www.asf-quebec.org\/wp-content\/uploads\/2019\/07\/Logo-asfq-retina.jpg\",\"contentUrl\":\"https:\/\/www.asf-quebec.org\/wp-content\/uploads\/2019\/07\/Logo-asfq-retina.jpg\",\"width\":564,\"height\":219,\"caption\":\"Architecture sans fronti\u00e8res Qu\u00e9bec (ASFQ)\"},\"image\":{\"@id\":\"https:\/\/www.asf-quebec.org\/en\/#\/schema\/logo\/image\/\"},\"sameAs\":[\"https:\/\/www.facebook.com\/architecturesansfrontieres\/\",\"https:\/\/www.instagram.com\/asfquebec\/\",\"https:\/\/www.linkedin.com\/company\/asf-quebec\/\"]},{\"@type\":\"Person\",\"@id\":\"https:\/\/www.asf-quebec.org\/en\/#\/schema\/person\/9655911da321e5e7c39708ae5de28d6a\",\"name\":\"asf-quebec\",\"image\":{\"@type\":\"ImageObject\",\"inLanguage\":\"en-US\",\"@id\":\"https:\/\/www.asf-quebec.org\/en\/#\/schema\/person\/image\/\",\"url\":\"https:\/\/secure.gravatar.com\/avatar\/e855b116ca919b157a426c59781443a8d88f6c286252b6e0fed2bef83833541c?s=96&d=mm&r=g\",\"contentUrl\":\"https:\/\/secure.gravatar.com\/avatar\/e855b116ca919b157a426c59781443a8d88f6c286252b6e0fed2bef83833541c?s=96&d=mm&r=g\",\"caption\":\"asf-quebec\"}}]}<\/script>\n<!-- \/ Yoast SEO plugin. -->","yoast_head_json":{"title":"The Architecture + Homelessness symposium 2022 is available in free rebroadcast! - Architecture Sans Fronti\u00e8res Qu\u00e9bec %","description":"The Architecture + Homelessness symposium 2022 is available in free rebroadcast!","robots":{"index":"index","follow":"follow","max-snippet":"max-snippet:-1","max-image-preview":"max-image-preview:large","max-video-preview":"max-video-preview:-1"},"canonical":"https:\/\/www.asf-quebec.org\/en\/revoyez-le-colloque-architecture-itinerance-2022-en-libre-rediffusion\/","og_locale":"en_US","og_type":"article","og_title":"The Architecture + Homelessness symposium 2022 is available in free rebroadcast! - Architecture Sans Fronti\u00e8res Qu\u00e9bec %","og_description":"The Architecture + Homelessness symposium 2022 is available in free rebroadcast!","og_url":"https:\/\/www.asf-quebec.org\/en\/revoyez-le-colloque-architecture-itinerance-2022-en-libre-rediffusion\/","og_site_name":"Architecture Sans Fronti\u00e8res Qu\u00e9bec","article_publisher":"https:\/\/www.facebook.com\/architecturesansfrontieres\/","article_published_time":"2023-03-23T15:35:46+00:00","article_modified_time":"2023-03-27T19:00:59+00:00","og_image":[{"width":1850,"height":1036,"url":"https:\/\/www.asf-quebec.org\/wp-content\/uploads\/2023\/03\/youtube-colloque-itinerance-2022.png","type":"image\/png"}],"author":"asf-quebec","twitter_card":"summary_large_image","twitter_misc":{"Written by":"asf-quebec","Est. reading time":"1 minute"},"schema":{"@context":"https:\/\/schema.org","@graph":[{"@type":"Article","@id":"https:\/\/www.asf-quebec.org\/en\/revoyez-le-colloque-architecture-itinerance-2022-en-libre-rediffusion\/#article","isPartOf":{"@id":"https:\/\/www.asf-quebec.org\/en\/revoyez-le-colloque-architecture-itinerance-2022-en-libre-rediffusion\/"},"author":{"name":"asf-quebec","@id":"https:\/\/www.asf-quebec.org\/en\/#\/schema\/person\/9655911da321e5e7c39708ae5de28d6a"},"headline":"The Architecture + Homelessness symposium 2022 is available in free rebroadcast!","datePublished":"2023-03-23T15:35:46+00:00","dateModified":"2023-03-27T19:00:59+00:00","mainEntityOfPage":{"@id":"https:\/\/www.asf-quebec.org\/en\/revoyez-le-colloque-architecture-itinerance-2022-en-libre-rediffusion\/"},"wordCount":128,"publisher":{"@id":"https:\/\/www.asf-quebec.org\/en\/#organization"},"image":{"@id":"https:\/\/www.asf-quebec.org\/en\/revoyez-le-colloque-architecture-itinerance-2022-en-libre-rediffusion\/#primaryimage"},"thumbnailUrl":"https:\/\/www.asf-quebec.org\/wp-content\/uploads\/2023\/03\/youtube-colloque-itinerance-2022.png","keywords":["EA","SU"],"articleSection":["News"],"inLanguage":"en-US"},{"@type":"WebPage","@id":"https:\/\/www.asf-quebec.org\/en\/revoyez-le-colloque-architecture-itinerance-2022-en-libre-rediffusion\/","url":"https:\/\/www.asf-quebec.org\/en\/revoyez-le-colloque-architecture-itinerance-2022-en-libre-rediffusion\/","name":"The Architecture + Homelessness symposium 2022 is available in free rebroadcast! - Architecture Sans Fronti\u00e8res Qu\u00e9bec %","isPartOf":{"@id":"https:\/\/www.asf-quebec.org\/en\/#website"},"primaryImageOfPage":{"@id":"https:\/\/www.asf-quebec.org\/en\/revoyez-le-colloque-architecture-itinerance-2022-en-libre-rediffusion\/#primaryimage"},"image":{"@id":"https:\/\/www.asf-quebec.org\/en\/revoyez-le-colloque-architecture-itinerance-2022-en-libre-rediffusion\/#primaryimage"},"thumbnailUrl":"https:\/\/www.asf-quebec.org\/wp-content\/uploads\/2023\/03\/youtube-colloque-itinerance-2022.png","datePublished":"2023-03-23T15:35:46+00:00","dateModified":"2023-03-27T19:00:59+00:00","description":"The Architecture + Homelessness symposium 2022 is available in free rebroadcast!","breadcrumb":{"@id":"https:\/\/www.asf-quebec.org\/en\/revoyez-le-colloque-architecture-itinerance-2022-en-libre-rediffusion\/#breadcrumb"},"inLanguage":"en-US","potentialAction":[{"@type":"ReadAction","target":["https:\/\/www.asf-quebec.org\/en\/revoyez-le-colloque-architecture-itinerance-2022-en-libre-rediffusion\/"]}]},{"@type":"ImageObject","inLanguage":"en-US","@id":"https:\/\/www.asf-quebec.org\/en\/revoyez-le-colloque-architecture-itinerance-2022-en-libre-rediffusion\/#primaryimage","url":"https:\/\/www.asf-quebec.org\/wp-content\/uploads\/2023\/03\/youtube-colloque-itinerance-2022.png","contentUrl":"https:\/\/www.asf-quebec.org\/wp-content\/uploads\/2023\/03\/youtube-colloque-itinerance-2022.png","width":1850,"height":1036},{"@type":"BreadcrumbList","@id":"https:\/\/www.asf-quebec.org\/en\/revoyez-le-colloque-architecture-itinerance-2022-en-libre-rediffusion\/#breadcrumb","itemListElement":[{"@type":"ListItem","position":1,"name":"Accueil","item":"https:\/\/www.asf-quebec.org\/en\/"},{"@type":"ListItem","position":2,"name":"The Architecture + Homelessness symposium 2022 is available in free rebroadcast!"}]},{"@type":"WebSite","@id":"https:\/\/www.asf-quebec.org\/en\/#website","url":"https:\/\/www.asf-quebec.org\/en\/","name":"Architecture sans fronti\u00e8res Qu\u00e9bec","description":"ASFQ","publisher":{"@id":"https:\/\/www.asf-quebec.org\/en\/#organization"},"potentialAction":[{"@type":"SearchAction","target":{"@type":"EntryPoint","urlTemplate":"https:\/\/www.asf-quebec.org\/en\/?s={search_term_string}"},"query-input":{"@type":"PropertyValueSpecification","valueRequired":true,"valueName":"search_term_string"}}],"inLanguage":"en-US"},{"@type":"Organization","@id":"https:\/\/www.asf-quebec.org\/en\/#organization","name":"Architecture sans fronti\u00e8res Qu\u00e9bec (ASFQ)","url":"https:\/\/www.asf-quebec.org\/en\/","logo":{"@type":"ImageObject","inLanguage":"en-US","@id":"https:\/\/www.asf-quebec.org\/en\/#\/schema\/logo\/image\/","url":"https:\/\/www.asf-quebec.org\/wp-content\/uploads\/2019\/07\/Logo-asfq-retina.jpg","contentUrl":"https:\/\/www.asf-quebec.org\/wp-content\/uploads\/2019\/07\/Logo-asfq-retina.jpg","width":564,"height":219,"caption":"Architecture sans fronti\u00e8res Qu\u00e9bec (ASFQ)"},"image":{"@id":"https:\/\/www.asf-quebec.org\/en\/#\/schema\/logo\/image\/"},"sameAs":["https:\/\/www.facebook.com\/architecturesansfrontieres\/","https:\/\/www.instagram.com\/asfquebec\/","https:\/\/www.linkedin.com\/company\/asf-quebec\/"]},{"@type":"Person","@id":"https:\/\/www.asf-quebec.org\/en\/#\/schema\/person\/9655911da321e5e7c39708ae5de28d6a","name":"asf-quebec","image":{"@type":"ImageObject","inLanguage":"en-US","@id":"https:\/\/www.asf-quebec.org\/en\/#\/schema\/person\/image\/","url":"https:\/\/secure.gravatar.com\/avatar\/e855b116ca919b157a426c59781443a8d88f6c286252b6e0fed2bef83833541c?s=96&d=mm&r=g","contentUrl":"https:\/\/secure.gravatar.com\/avatar\/e855b116ca919b157a426c59781443a8d88f6c286252b6e0fed2bef83833541c?s=96&d=mm&r=g","caption":"asf-quebec"}}]}},"_links":{"self":[{"href":"https:\/\/www.asf-quebec.org\/en\/wp-json\/wp\/v2\/posts\/1200358","targetHints":{"allow":["GET"]}}],"collection":[{"href":"https:\/\/www.asf-quebec.org\/en\/wp-json\/wp\/v2\/posts"}],"about":[{"href":"https:\/\/www.asf-quebec.org\/en\/wp-json\/wp\/v2\/types\/post"}],"author":[{"embeddable":true,"href":"https:\/\/www.asf-quebec.org\/en\/wp-json\/wp\/v2\/users\/2"}],"replies":[{"embeddable":true,"href":"https:\/\/www.asf-quebec.org\/en\/wp-json\/wp\/v2\/comments?post=1200358"}],"version-history":[{"count":1,"href":"https:\/\/www.asf-quebec.org\/en\/wp-json\/wp\/v2\/posts\/1200358\/revisions"}],"predecessor-version":[{"id":1200369,"href":"https:\/\/www.asf-quebec.org\/en\/wp-json\/wp\/v2\/posts\/1200358\/revisions\/1200369"}],"wp:featuredmedia":[{"embeddable":true,"href":"https:\/\/www.asf-quebec.org\/en\/wp-json\/wp\/v2\/media\/1192881"}],"wp:attachment":[{"href":"https:\/\/www.asf-quebec.org\/en\/wp-json\/wp\/v2\/media?parent=1200358"}],"wp:term":[{"taxonomy":"category","embeddable":true,"href":"https:\/\/www.asf-quebec.org\/en\/wp-json\/wp\/v2\/categories?post=1200358"},{"taxonomy":"post_tag","embeddable":true,"href":"https:\/\/www.asf-quebec.org\/en\/wp-json\/wp\/v2\/tags?post=1200358"}],"curies":[{"name":"wp","href":"https:\/\/api.w.org\/{rel}","templated":true}]}}