{"id":1139265,"date":"2022-11-01T15:57:28","date_gmt":"2022-11-01T15:57:28","guid":{"rendered":"https:\/\/www.asf-quebec.org\/visitez-contech-montreal-et-assistez-a-la-conference-dasfq-sur-leconomie-circulaire\/"},"modified":"2023-02-16T22:01:41","modified_gmt":"2023-02-16T22:01:41","slug":"visitez-contech-montreal-et-assistez-a-la-conference-dasfq-sur-leconomie-circulaire","status":"publish","type":"post","link":"https:\/\/www.asf-quebec.org\/en\/visitez-contech-montreal-et-assistez-a-la-conference-dasfq-sur-leconomie-circulaire\/","title":{"rendered":"Visitez Contech Montr\u00e9al et assistez \u00e0 la conf\u00e9rence d&#8217;ASFQ sur l&#8217;\u00e9conomie circulaire"},"content":{"rendered":"<div>\n<h3><span style=\"font-weight: 400;\">(French content only)<\/span><\/h3>\n<h3><span style=\"font-weight: 400;\"><strong>Ce jeudi 3 novembre, de 8h30 \u00e0 17h30, visitez gratuitement l\u2019Expo Contech de Montr\u00e9al, au Palais des congr\u00e8s de Montr\u00e9al !<\/strong> <\/span><\/h3>\n<p><span style=\"color: #ffffff;\">.<\/span><\/p>\n<p><span style=\"font-weight: 400;\">Venez rencontrer des membres de notre \u00e9quipe \u00e0 notre kiosque et assistez d\u00e8s 9h AM \u00e0 la conf\u00e9rence de notre coll\u00e8gue Caroline Thomasset-Laperri\u00e8re, charg\u00e9e de d\u00e9veloppement en \u00e9conomie circuclaire,<\/span><\/p>\n<p><strong>Titre de la conf\u00e9rence<\/strong> : <em>R\u00e9emploi ou recyclage : comment changer de paradigme dans l\u2019industrie de la construction ?<\/em><\/p>\n<\/div>\n<div><strong>R\u00e9sum\u00e9 de la conf\u00e9rence :<\/strong> Si l\u2019\u00e9conomie circulaire est d\u00e9j\u00e0 bien implant\u00e9e dans certains secteurs industriels au Qu\u00e9bec, ce n\u2019est pourtant pas le cas dans celui de la construction o\u00f9 un gaspillage syst\u00e9mique est en cours. Cette intervention a pour objectif de prendre du recul par rapport \u00e0 cette situation et d\u2019offrir des solutions concr\u00e8tes pour y rem\u00e9dier. Le programme d&#8217;\u00e9conomie circulaire d\u2019Architecture Sans Fronti\u00e8res<\/div>\n<div>Qu\u00e9bec sera cit\u00e9 en exemple, ainsi que d\u2019autres initiatives novatrices en la mati\u00e8re.<\/div>\n<div><span style=\"color: #ffffff;\">.<\/span><\/div>\n<div><strong>Pour vous inscrire gratuitement \u00e0 l&#8217;Expo Contech<\/strong> : <a href=\"https:\/\/montreal.expocontech.ca\" target=\"_blank\" rel=\"noopener\">https:\/\/montreal.expocontech.ca<\/a>\/<\/div>\n","protected":false},"excerpt":{"rendered":"<p>(French content only) Ce jeudi 3 novembre, de 8h30 \u00e0 <a href=\"https:\/\/www.asf-quebec.org\/en\/visitez-contech-montreal-et-assistez-a-la-conference-dasfq-sur-leconomie-circulaire\/\"> [&#8230;]<\/a><\/p>\n","protected":false},"author":2,"featured_media":1072664,"comment_status":"closed","ping_status":"closed","sticky":false,"template":"","format":"standard","meta":{"_acf_changed":false,"footnotes":""},"categories":[37],"tags":[],"class_list":["post-1139265","post","type-post","status-publish","format-standard","has-post-thumbnail","hentry","category-news"],"acf":[],"yoast_head":"<!-- This site is optimized with the Yoast SEO plugin v26.8 - https:\/\/yoast.com\/product\/yoast-seo-wordpress\/ -->\n<title>Visitez Contech Montr\u00e9al et assistez \u00e0 la conf\u00e9rence d&#039;ASFQ sur l&#039;\u00e9conomie circulaire - Architecture Sans Fronti\u00e8res Qu\u00e9bec %<\/title>\n<meta name=\"description\" content=\"Visitez Contech Montr\u00e9al et assistez \u00e0 la conf\u00e9rence d&#039;ASFQ sur l&#039;\u00e9conomie circulaire\" \/>\n<meta name=\"robots\" content=\"index, follow, max-snippet:-1, max-image-preview:large, max-video-preview:-1\" \/>\n<link rel=\"canonical\" href=\"https:\/\/www.asf-quebec.org\/en\/visitez-contech-montreal-et-assistez-a-la-conference-dasfq-sur-leconomie-circulaire\/\" \/>\n<meta property=\"og:locale\" content=\"en_US\" \/>\n<meta property=\"og:type\" content=\"article\" \/>\n<meta property=\"og:title\" content=\"Visitez Contech Montr\u00e9al et assistez \u00e0 la conf\u00e9rence d&#039;ASFQ sur l&#039;\u00e9conomie circulaire - Architecture Sans Fronti\u00e8res Qu\u00e9bec %\" \/>\n<meta property=\"og:description\" content=\"Visitez Contech Montr\u00e9al et assistez \u00e0 la conf\u00e9rence d&#039;ASFQ sur l&#039;\u00e9conomie circulaire\" \/>\n<meta property=\"og:url\" content=\"https:\/\/www.asf-quebec.org\/en\/visitez-contech-montreal-et-assistez-a-la-conference-dasfq-sur-leconomie-circulaire\/\" \/>\n<meta property=\"og:site_name\" content=\"Architecture Sans Fronti\u00e8res Qu\u00e9bec\" \/>\n<meta property=\"article:publisher\" content=\"https:\/\/www.facebook.com\/architecturesansfrontieres\/\" \/>\n<meta property=\"article:published_time\" content=\"2022-11-01T15:57:28+00:00\" \/>\n<meta property=\"article:modified_time\" content=\"2023-02-16T22:01:41+00:00\" \/>\n<meta property=\"og:image\" content=\"https:\/\/www.asf-quebec.org\/wp-content\/uploads\/2022\/11\/0-1.jpg\" \/>\n\t<meta property=\"og:image:width\" content=\"1200\" \/>\n\t<meta property=\"og:image:height\" content=\"630\" \/>\n\t<meta property=\"og:image:type\" content=\"image\/jpeg\" \/>\n<meta name=\"author\" content=\"asf-quebec\" \/>\n<meta name=\"twitter:card\" content=\"summary_large_image\" \/>\n<meta name=\"twitter:label1\" content=\"Written by\" \/>\n\t<meta name=\"twitter:data1\" content=\"asf-quebec\" \/>\n\t<meta name=\"twitter:label2\" content=\"Est. reading time\" \/>\n\t<meta name=\"twitter:data2\" content=\"1 minute\" \/>\n<script type=\"application\/ld+json\" class=\"yoast-schema-graph\">{\"@context\":\"https:\/\/schema.org\",\"@graph\":[{\"@type\":\"Article\",\"@id\":\"https:\/\/www.asf-quebec.org\/en\/visitez-contech-montreal-et-assistez-a-la-conference-dasfq-sur-leconomie-circulaire\/#article\",\"isPartOf\":{\"@id\":\"https:\/\/www.asf-quebec.org\/en\/visitez-contech-montreal-et-assistez-a-la-conference-dasfq-sur-leconomie-circulaire\/\"},\"author\":{\"name\":\"asf-quebec\",\"@id\":\"https:\/\/www.asf-quebec.org\/en\/#\/schema\/person\/9655911da321e5e7c39708ae5de28d6a\"},\"headline\":\"Visitez Contech Montr\u00e9al et assistez \u00e0 la conf\u00e9rence d&#8217;ASFQ sur l&#8217;\u00e9conomie circulaire\",\"datePublished\":\"2022-11-01T15:57:28+00:00\",\"dateModified\":\"2023-02-16T22:01:41+00:00\",\"mainEntityOfPage\":{\"@id\":\"https:\/\/www.asf-quebec.org\/en\/visitez-contech-montreal-et-assistez-a-la-conference-dasfq-sur-leconomie-circulaire\/\"},\"wordCount\":196,\"publisher\":{\"@id\":\"https:\/\/www.asf-quebec.org\/en\/#organization\"},\"image\":{\"@id\":\"https:\/\/www.asf-quebec.org\/en\/visitez-contech-montreal-et-assistez-a-la-conference-dasfq-sur-leconomie-circulaire\/#primaryimage\"},\"thumbnailUrl\":\"https:\/\/www.asf-quebec.org\/wp-content\/uploads\/2022\/11\/0-1.jpg\",\"articleSection\":[\"News\"],\"inLanguage\":\"en-US\"},{\"@type\":\"WebPage\",\"@id\":\"https:\/\/www.asf-quebec.org\/en\/visitez-contech-montreal-et-assistez-a-la-conference-dasfq-sur-leconomie-circulaire\/\",\"url\":\"https:\/\/www.asf-quebec.org\/en\/visitez-contech-montreal-et-assistez-a-la-conference-dasfq-sur-leconomie-circulaire\/\",\"name\":\"Visitez Contech Montr\u00e9al et assistez \u00e0 la conf\u00e9rence d'ASFQ sur l'\u00e9conomie circulaire - Architecture Sans Fronti\u00e8res Qu\u00e9bec %\",\"isPartOf\":{\"@id\":\"https:\/\/www.asf-quebec.org\/en\/#website\"},\"primaryImageOfPage\":{\"@id\":\"https:\/\/www.asf-quebec.org\/en\/visitez-contech-montreal-et-assistez-a-la-conference-dasfq-sur-leconomie-circulaire\/#primaryimage\"},\"image\":{\"@id\":\"https:\/\/www.asf-quebec.org\/en\/visitez-contech-montreal-et-assistez-a-la-conference-dasfq-sur-leconomie-circulaire\/#primaryimage\"},\"thumbnailUrl\":\"https:\/\/www.asf-quebec.org\/wp-content\/uploads\/2022\/11\/0-1.jpg\",\"datePublished\":\"2022-11-01T15:57:28+00:00\",\"dateModified\":\"2023-02-16T22:01:41+00:00\",\"description\":\"Visitez Contech Montr\u00e9al et assistez \u00e0 la conf\u00e9rence d'ASFQ sur l'\u00e9conomie circulaire\",\"breadcrumb\":{\"@id\":\"https:\/\/www.asf-quebec.org\/en\/visitez-contech-montreal-et-assistez-a-la-conference-dasfq-sur-leconomie-circulaire\/#breadcrumb\"},\"inLanguage\":\"en-US\",\"potentialAction\":[{\"@type\":\"ReadAction\",\"target\":[\"https:\/\/www.asf-quebec.org\/en\/visitez-contech-montreal-et-assistez-a-la-conference-dasfq-sur-leconomie-circulaire\/\"]}]},{\"@type\":\"ImageObject\",\"inLanguage\":\"en-US\",\"@id\":\"https:\/\/www.asf-quebec.org\/en\/visitez-contech-montreal-et-assistez-a-la-conference-dasfq-sur-leconomie-circulaire\/#primaryimage\",\"url\":\"https:\/\/www.asf-quebec.org\/wp-content\/uploads\/2022\/11\/0-1.jpg\",\"contentUrl\":\"https:\/\/www.asf-quebec.org\/wp-content\/uploads\/2022\/11\/0-1.jpg\",\"width\":1200,\"height\":630},{\"@type\":\"BreadcrumbList\",\"@id\":\"https:\/\/www.asf-quebec.org\/en\/visitez-contech-montreal-et-assistez-a-la-conference-dasfq-sur-leconomie-circulaire\/#breadcrumb\",\"itemListElement\":[{\"@type\":\"ListItem\",\"position\":1,\"name\":\"Accueil\",\"item\":\"https:\/\/www.asf-quebec.org\/en\/\"},{\"@type\":\"ListItem\",\"position\":2,\"name\":\"Visitez Contech Montr\u00e9al et assistez \u00e0 la conf\u00e9rence d&rsquo;ASFQ sur l&rsquo;\u00e9conomie circulaire\"}]},{\"@type\":\"WebSite\",\"@id\":\"https:\/\/www.asf-quebec.org\/en\/#website\",\"url\":\"https:\/\/www.asf-quebec.org\/en\/\",\"name\":\"Architecture sans fronti\u00e8res Qu\u00e9bec\",\"description\":\"ASFQ\",\"publisher\":{\"@id\":\"https:\/\/www.asf-quebec.org\/en\/#organization\"},\"potentialAction\":[{\"@type\":\"SearchAction\",\"target\":{\"@type\":\"EntryPoint\",\"urlTemplate\":\"https:\/\/www.asf-quebec.org\/en\/?s={search_term_string}\"},\"query-input\":{\"@type\":\"PropertyValueSpecification\",\"valueRequired\":true,\"valueName\":\"search_term_string\"}}],\"inLanguage\":\"en-US\"},{\"@type\":\"Organization\",\"@id\":\"https:\/\/www.asf-quebec.org\/en\/#organization\",\"name\":\"Architecture sans fronti\u00e8res Qu\u00e9bec (ASFQ)\",\"url\":\"https:\/\/www.asf-quebec.org\/en\/\",\"logo\":{\"@type\":\"ImageObject\",\"inLanguage\":\"en-US\",\"@id\":\"https:\/\/www.asf-quebec.org\/en\/#\/schema\/logo\/image\/\",\"url\":\"https:\/\/www.asf-quebec.org\/wp-content\/uploads\/2019\/07\/Logo-asfq-retina.jpg\",\"contentUrl\":\"https:\/\/www.asf-quebec.org\/wp-content\/uploads\/2019\/07\/Logo-asfq-retina.jpg\",\"width\":564,\"height\":219,\"caption\":\"Architecture sans fronti\u00e8res Qu\u00e9bec (ASFQ)\"},\"image\":{\"@id\":\"https:\/\/www.asf-quebec.org\/en\/#\/schema\/logo\/image\/\"},\"sameAs\":[\"https:\/\/www.facebook.com\/architecturesansfrontieres\/\",\"https:\/\/www.instagram.com\/asfquebec\/\",\"https:\/\/www.linkedin.com\/company\/asf-quebec\/\"]},{\"@type\":\"Person\",\"@id\":\"https:\/\/www.asf-quebec.org\/en\/#\/schema\/person\/9655911da321e5e7c39708ae5de28d6a\",\"name\":\"asf-quebec\",\"image\":{\"@type\":\"ImageObject\",\"inLanguage\":\"en-US\",\"@id\":\"https:\/\/www.asf-quebec.org\/en\/#\/schema\/person\/image\/\",\"url\":\"https:\/\/secure.gravatar.com\/avatar\/e855b116ca919b157a426c59781443a8d88f6c286252b6e0fed2bef83833541c?s=96&d=mm&r=g\",\"contentUrl\":\"https:\/\/secure.gravatar.com\/avatar\/e855b116ca919b157a426c59781443a8d88f6c286252b6e0fed2bef83833541c?s=96&d=mm&r=g\",\"caption\":\"asf-quebec\"}}]}<\/script>\n<!-- \/ Yoast SEO plugin. -->","yoast_head_json":{"title":"Visitez Contech Montr\u00e9al et assistez \u00e0 la conf\u00e9rence d'ASFQ sur l'\u00e9conomie circulaire - Architecture Sans Fronti\u00e8res Qu\u00e9bec %","description":"Visitez Contech Montr\u00e9al et assistez \u00e0 la conf\u00e9rence d'ASFQ sur l'\u00e9conomie circulaire","robots":{"index":"index","follow":"follow","max-snippet":"max-snippet:-1","max-image-preview":"max-image-preview:large","max-video-preview":"max-video-preview:-1"},"canonical":"https:\/\/www.asf-quebec.org\/en\/visitez-contech-montreal-et-assistez-a-la-conference-dasfq-sur-leconomie-circulaire\/","og_locale":"en_US","og_type":"article","og_title":"Visitez Contech Montr\u00e9al et assistez \u00e0 la conf\u00e9rence d'ASFQ sur l'\u00e9conomie circulaire - Architecture Sans Fronti\u00e8res Qu\u00e9bec %","og_description":"Visitez Contech Montr\u00e9al et assistez \u00e0 la conf\u00e9rence d'ASFQ sur l'\u00e9conomie circulaire","og_url":"https:\/\/www.asf-quebec.org\/en\/visitez-contech-montreal-et-assistez-a-la-conference-dasfq-sur-leconomie-circulaire\/","og_site_name":"Architecture Sans Fronti\u00e8res Qu\u00e9bec","article_publisher":"https:\/\/www.facebook.com\/architecturesansfrontieres\/","article_published_time":"2022-11-01T15:57:28+00:00","article_modified_time":"2023-02-16T22:01:41+00:00","og_image":[{"width":1200,"height":630,"url":"https:\/\/www.asf-quebec.org\/wp-content\/uploads\/2022\/11\/0-1.jpg","type":"image\/jpeg"}],"author":"asf-quebec","twitter_card":"summary_large_image","twitter_misc":{"Written by":"asf-quebec","Est. reading time":"1 minute"},"schema":{"@context":"https:\/\/schema.org","@graph":[{"@type":"Article","@id":"https:\/\/www.asf-quebec.org\/en\/visitez-contech-montreal-et-assistez-a-la-conference-dasfq-sur-leconomie-circulaire\/#article","isPartOf":{"@id":"https:\/\/www.asf-quebec.org\/en\/visitez-contech-montreal-et-assistez-a-la-conference-dasfq-sur-leconomie-circulaire\/"},"author":{"name":"asf-quebec","@id":"https:\/\/www.asf-quebec.org\/en\/#\/schema\/person\/9655911da321e5e7c39708ae5de28d6a"},"headline":"Visitez Contech Montr\u00e9al et assistez \u00e0 la conf\u00e9rence d&#8217;ASFQ sur l&#8217;\u00e9conomie circulaire","datePublished":"2022-11-01T15:57:28+00:00","dateModified":"2023-02-16T22:01:41+00:00","mainEntityOfPage":{"@id":"https:\/\/www.asf-quebec.org\/en\/visitez-contech-montreal-et-assistez-a-la-conference-dasfq-sur-leconomie-circulaire\/"},"wordCount":196,"publisher":{"@id":"https:\/\/www.asf-quebec.org\/en\/#organization"},"image":{"@id":"https:\/\/www.asf-quebec.org\/en\/visitez-contech-montreal-et-assistez-a-la-conference-dasfq-sur-leconomie-circulaire\/#primaryimage"},"thumbnailUrl":"https:\/\/www.asf-quebec.org\/wp-content\/uploads\/2022\/11\/0-1.jpg","articleSection":["News"],"inLanguage":"en-US"},{"@type":"WebPage","@id":"https:\/\/www.asf-quebec.org\/en\/visitez-contech-montreal-et-assistez-a-la-conference-dasfq-sur-leconomie-circulaire\/","url":"https:\/\/www.asf-quebec.org\/en\/visitez-contech-montreal-et-assistez-a-la-conference-dasfq-sur-leconomie-circulaire\/","name":"Visitez Contech Montr\u00e9al et assistez \u00e0 la conf\u00e9rence d'ASFQ sur l'\u00e9conomie circulaire - Architecture Sans Fronti\u00e8res Qu\u00e9bec %","isPartOf":{"@id":"https:\/\/www.asf-quebec.org\/en\/#website"},"primaryImageOfPage":{"@id":"https:\/\/www.asf-quebec.org\/en\/visitez-contech-montreal-et-assistez-a-la-conference-dasfq-sur-leconomie-circulaire\/#primaryimage"},"image":{"@id":"https:\/\/www.asf-quebec.org\/en\/visitez-contech-montreal-et-assistez-a-la-conference-dasfq-sur-leconomie-circulaire\/#primaryimage"},"thumbnailUrl":"https:\/\/www.asf-quebec.org\/wp-content\/uploads\/2022\/11\/0-1.jpg","datePublished":"2022-11-01T15:57:28+00:00","dateModified":"2023-02-16T22:01:41+00:00","description":"Visitez Contech Montr\u00e9al et assistez \u00e0 la conf\u00e9rence d'ASFQ sur l'\u00e9conomie circulaire","breadcrumb":{"@id":"https:\/\/www.asf-quebec.org\/en\/visitez-contech-montreal-et-assistez-a-la-conference-dasfq-sur-leconomie-circulaire\/#breadcrumb"},"inLanguage":"en-US","potentialAction":[{"@type":"ReadAction","target":["https:\/\/www.asf-quebec.org\/en\/visitez-contech-montreal-et-assistez-a-la-conference-dasfq-sur-leconomie-circulaire\/"]}]},{"@type":"ImageObject","inLanguage":"en-US","@id":"https:\/\/www.asf-quebec.org\/en\/visitez-contech-montreal-et-assistez-a-la-conference-dasfq-sur-leconomie-circulaire\/#primaryimage","url":"https:\/\/www.asf-quebec.org\/wp-content\/uploads\/2022\/11\/0-1.jpg","contentUrl":"https:\/\/www.asf-quebec.org\/wp-content\/uploads\/2022\/11\/0-1.jpg","width":1200,"height":630},{"@type":"BreadcrumbList","@id":"https:\/\/www.asf-quebec.org\/en\/visitez-contech-montreal-et-assistez-a-la-conference-dasfq-sur-leconomie-circulaire\/#breadcrumb","itemListElement":[{"@type":"ListItem","position":1,"name":"Accueil","item":"https:\/\/www.asf-quebec.org\/en\/"},{"@type":"ListItem","position":2,"name":"Visitez Contech Montr\u00e9al et assistez \u00e0 la conf\u00e9rence d&rsquo;ASFQ sur l&rsquo;\u00e9conomie circulaire"}]},{"@type":"WebSite","@id":"https:\/\/www.asf-quebec.org\/en\/#website","url":"https:\/\/www.asf-quebec.org\/en\/","name":"Architecture sans fronti\u00e8res Qu\u00e9bec","description":"ASFQ","publisher":{"@id":"https:\/\/www.asf-quebec.org\/en\/#organization"},"potentialAction":[{"@type":"SearchAction","target":{"@type":"EntryPoint","urlTemplate":"https:\/\/www.asf-quebec.org\/en\/?s={search_term_string}"},"query-input":{"@type":"PropertyValueSpecification","valueRequired":true,"valueName":"search_term_string"}}],"inLanguage":"en-US"},{"@type":"Organization","@id":"https:\/\/www.asf-quebec.org\/en\/#organization","name":"Architecture sans fronti\u00e8res Qu\u00e9bec (ASFQ)","url":"https:\/\/www.asf-quebec.org\/en\/","logo":{"@type":"ImageObject","inLanguage":"en-US","@id":"https:\/\/www.asf-quebec.org\/en\/#\/schema\/logo\/image\/","url":"https:\/\/www.asf-quebec.org\/wp-content\/uploads\/2019\/07\/Logo-asfq-retina.jpg","contentUrl":"https:\/\/www.asf-quebec.org\/wp-content\/uploads\/2019\/07\/Logo-asfq-retina.jpg","width":564,"height":219,"caption":"Architecture sans fronti\u00e8res Qu\u00e9bec (ASFQ)"},"image":{"@id":"https:\/\/www.asf-quebec.org\/en\/#\/schema\/logo\/image\/"},"sameAs":["https:\/\/www.facebook.com\/architecturesansfrontieres\/","https:\/\/www.instagram.com\/asfquebec\/","https:\/\/www.linkedin.com\/company\/asf-quebec\/"]},{"@type":"Person","@id":"https:\/\/www.asf-quebec.org\/en\/#\/schema\/person\/9655911da321e5e7c39708ae5de28d6a","name":"asf-quebec","image":{"@type":"ImageObject","inLanguage":"en-US","@id":"https:\/\/www.asf-quebec.org\/en\/#\/schema\/person\/image\/","url":"https:\/\/secure.gravatar.com\/avatar\/e855b116ca919b157a426c59781443a8d88f6c286252b6e0fed2bef83833541c?s=96&d=mm&r=g","contentUrl":"https:\/\/secure.gravatar.com\/avatar\/e855b116ca919b157a426c59781443a8d88f6c286252b6e0fed2bef83833541c?s=96&d=mm&r=g","caption":"asf-quebec"}}]}},"_links":{"self":[{"href":"https:\/\/www.asf-quebec.org\/en\/wp-json\/wp\/v2\/posts\/1139265","targetHints":{"allow":["GET"]}}],"collection":[{"href":"https:\/\/www.asf-quebec.org\/en\/wp-json\/wp\/v2\/posts"}],"about":[{"href":"https:\/\/www.asf-quebec.org\/en\/wp-json\/wp\/v2\/types\/post"}],"author":[{"embeddable":true,"href":"https:\/\/www.asf-quebec.org\/en\/wp-json\/wp\/v2\/users\/2"}],"replies":[{"embeddable":true,"href":"https:\/\/www.asf-quebec.org\/en\/wp-json\/wp\/v2\/comments?post=1139265"}],"version-history":[{"count":1,"href":"https:\/\/www.asf-quebec.org\/en\/wp-json\/wp\/v2\/posts\/1139265\/revisions"}],"predecessor-version":[{"id":1139266,"href":"https:\/\/www.asf-quebec.org\/en\/wp-json\/wp\/v2\/posts\/1139265\/revisions\/1139266"}],"wp:featuredmedia":[{"embeddable":true,"href":"https:\/\/www.asf-quebec.org\/en\/wp-json\/wp\/v2\/media\/1072664"}],"wp:attachment":[{"href":"https:\/\/www.asf-quebec.org\/en\/wp-json\/wp\/v2\/media?parent=1139265"}],"wp:term":[{"taxonomy":"category","embeddable":true,"href":"https:\/\/www.asf-quebec.org\/en\/wp-json\/wp\/v2\/categories?post=1139265"},{"taxonomy":"post_tag","embeddable":true,"href":"https:\/\/www.asf-quebec.org\/en\/wp-json\/wp\/v2\/tags?post=1139265"}],"curies":[{"name":"wp","href":"https:\/\/api.w.org\/{rel}","templated":true}]}}