{"id":1139243,"date":"2023-01-30T20:47:35","date_gmt":"2023-01-30T20:47:35","guid":{"rendered":"https:\/\/www.asf-quebec.org\/devoilement-du-catalogue-damenagement-architecture-itinerance-pratiques-inclusives-pour-une-ville-solidaire\/"},"modified":"2023-02-03T18:59:16","modified_gmt":"2023-02-03T18:59:16","slug":"unveiling-of-the-development-catalog-architecture-homelessness-inclusive-practices-for-a-united-city","status":"publish","type":"post","link":"https:\/\/www.asf-quebec.org\/en\/unveiling-of-the-development-catalog-architecture-homelessness-inclusive-practices-for-a-united-city\/","title":{"rendered":"Unveiling of the design catalog &#8220;Architecture + homelessness: inclusive practices for a united city&#8221;"},"content":{"rendered":"<h3><b>Architecture Sans Fronti\u00e8res Qu\u00e9bec (ASFQ) est fier d\u2019annoncer la publication d\u2019<\/b><b><i>Architecture<\/i><\/b><b> +<\/b><b><i> itin\u00e9rance : pratiques inclusives pour une ville solidaire<\/i><\/b><b>, un catalogue d\u2019am\u00e9nagement qui contribuera \u00e0 stimuler l\u2019innovation dans les projets destin\u00e9s aux personnes en situation d\u2019itin\u00e9rance.<\/b><\/h3>\n<p>&nbsp;<\/p>\n<p><span style=\"font-weight: 400;\">Pr\u00e9sent\u00e9e dans sa forme pr\u00e9liminaire lors d\u2019un <\/span><a href=\"https:\/\/www.asf-quebec.org\/colloque-architecture-itinerance\/\"><span style=\"font-weight: 400;\">colloque<\/span><\/a><span style=\"font-weight: 400;\"> le 14 novembre dernier, cette publication <\/span><span style=\"font-weight: 400;\">s\u2019inscrit dans le cadre d\u2019un projet de recherche-action-diffusion sur l\u2019architecture et l\u2019itin\u00e9rance. Bas\u00e9 sur une revue de la litt\u00e9rature existante, le catalogue s\u2019int\u00e9resse \u00e0 toutes les \u00e9chelles de l\u2019am\u00e9nagement, de la ville \u00e0 l\u2019objet. Il recense plus d\u2019une soixantaine de pratiques regroup\u00e9es en 5 grandes cat\u00e9gories et illustr\u00e9es \u00e0 l\u2019aide de diff\u00e9rents projets inspirants. Aboutissement d\u2019une premi\u00e8re ann\u00e9e de recherche, il a \u00e9t\u00e9 con\u00e7u pour informer et outiller les parties prenantes du design, du milieu communautaire et du d\u00e9veloppement urbain en dressant un portrait des pratiques d\u2019architecture et de design qui ont le potentiel de contribuer au bien-\u00eatre des personnes en situation d\u2019itin\u00e9rance.\u00a0<\/span><\/p>\n<p><a href=\"https:\/\/www.asf-quebec.org\/wp-content\/uploads\/2023\/01\/2023.01_Catalogue_ASFQ_opt_v.pdf\" target=\"_blank\" rel=\"noopener\"><img decoding=\"async\" class=\"lazyload alignnone wp-image-1139179 size-medium\" src=\"https:\/\/www.asf-quebec.org\/wp-content\/uploads\/2023\/01\/Page-couverture-Catalogue-archiitine\u0301rance-2022-1-233x300.png\" data-orig-src=\"https:\/\/www.asf-quebec.org\/wp-content\/uploads\/2023\/01\/Page-couverture-Catalogue-archiitine\u0301rance-2022-1-233x300.png\" alt=\"\" width=\"233\" height=\"300\" srcset=\"data:image\/svg+xml,%3Csvg%20xmlns%3D%27http%3A%2F%2Fwww.w3.org%2F2000%2Fsvg%27%20width%3D%27233%27%20height%3D%27300%27%20viewBox%3D%270%200%20233%20300%27%3E%3Crect%20width%3D%27233%27%20height%3D%27300%27%20fill-opacity%3D%220%22%2F%3E%3C%2Fsvg%3E\" data-srcset=\"https:\/\/www.asf-quebec.org\/wp-content\/uploads\/2023\/01\/Page-couverture-Catalogue-archiitine\u0301rance-2022-1-200x258.png 200w, https:\/\/www.asf-quebec.org\/wp-content\/uploads\/2023\/01\/Page-couverture-Catalogue-archiitine\u0301rance-2022-1-233x300.png 233w, https:\/\/www.asf-quebec.org\/wp-content\/uploads\/2023\/01\/Page-couverture-Catalogue-archiitine\u0301rance-2022-1-400x516.png 400w, https:\/\/www.asf-quebec.org\/wp-content\/uploads\/2023\/01\/Page-couverture-Catalogue-archiitine\u0301rance-2022-1-600x774.png 600w, https:\/\/www.asf-quebec.org\/wp-content\/uploads\/2023\/01\/Page-couverture-Catalogue-archiitine\u0301rance-2022-1.png 680w\" data-sizes=\"auto\" data-orig-sizes=\"(max-width: 233px) 100vw, 233px\" \/><\/a><\/p>\n<p><em><span style=\"font-weight: 400;\">Pour consulter le catalogue, <\/span><a href=\"https:\/\/www.asf-quebec.org\/wp-content\/uploads\/2023\/01\/2023.01_Catalogue_ASFQ_opt_v.pdf\"><span style=\"font-weight: 400;\">cliquez ici<\/span><\/a><span style=\"font-weight: 400;\">.<\/span><\/em><\/p>\n<p><span style=\"font-weight: 400;\">Rappelons que l&#8217;augmentation de l&#8217;itin\u00e9rance en milieu urbain, exacerb\u00e9e r\u00e9cemment par la pand\u00e9mie, la crise du logement et les crises migratoires et climatiques, questionne les modes de gouvernance urbaine et d&#8217;am\u00e9nagement de la ville. Dans un tel contexte, il appara\u00eet plus que jamais n\u00e9cessaire d&#8217;\u00e9tudier et de transformer nos villes en engageant la pratique de l&#8217;architecture, afin qu\u2019elles soient plus inclusives et solidaires des personnes en situation d\u2019itin\u00e9rance ou \u00e0 risque de l\u2019\u00eatre.\u00a0<\/span><\/p>\n<p><span style=\"font-weight: 400;\">Pour Carolyne Grimard, professeure \u00e0 l\u2019\u00c9cole de travail social de l\u2019Universit\u00e9 de Montr\u00e9al et partenaire acad\u00e9mique principale du projet de recherche, \u00ab ce catalogue permet non seulement d\u2019outiller des d\u00e9cideur.e.s mais aussi des professionnel.le.s en am\u00e9nagement, des intervenant.e.s et des chercheur.e.s qui tentent de repousser les fronti\u00e8res disciplinaires habituelles et de r\u00e9fl\u00e9chir de mani\u00e8re collective aux gestes pouvant contribuer au bien-\u00eatre des personnes en situation d\u2019itin\u00e9rance. \u00bb<\/span><\/p>\n<p><span style=\"font-weight: 400;\">\u00ab La relation entre l\u2019itin\u00e9rance et la conception des espaces est tout aussi importante que m\u00e9connue \u00bb, insiste pour sa part Bruno Demers, directeur g\u00e9n\u00e9ral d\u2019ASFQ. \u00ab Tout choix d\u2019am\u00e9nagement peut avoir un impact \u00e9norme sur la vie des personnes pouss\u00e9es vers la rue. Pourtant, les travaux r\u00e9alis\u00e9s \u00e0 ce jour sur la question sont limit\u00e9s. Avec cette publication et la poursuite de la recherche, ASFQ souhaite combler ce manque et sensibiliser les parties prenantes aux strat\u00e9gies d\u2019am\u00e9nagement qu\u2019elles peuvent adopter en r\u00e9ponse \u00e0 la situation des personnes qui vivent l\u2019itin\u00e9rance. \u00bb<\/span><\/p>\n<p><span style=\"font-weight: 400;\">In\u00e9dite au Canada, cette recherche compte sur l\u2019accompagnement d\u2019un comit\u00e9 consultatif interdisciplinaire r\u00e9unissant une douzaine d\u2019experts et sur l\u2019appui de plusieurs collaboratrices et collaborateurs de recherche. ASFQ tient \u00e0 saluer leur contribution essentielle \u00e0 la r\u00e9alisation du projet, rendu possible gr\u00e2ce au soutien financier du gouvernement du Qu\u00e9bec et de la Ville de Montr\u00e9al, dans le cadre de l\u2019Entente de d\u00e9veloppement culturel de Montr\u00e9al et du Fonds d\u2019initiative et de rayonnement de la m\u00e9tropole.<\/span><\/p>\n<p>&nbsp;<\/p>\n<p><strong>PARTENAIRE DE RECHERCHE<\/strong><\/p>\n<p><img decoding=\"async\" class=\"lazyload alignnone wp-image-1040887 size-medium\" src=\"https:\/\/www.asf-quebec.org\/wp-content\/uploads\/2022\/08\/Capture-de\u0301cran-le-2022-10-13-a\u0300-09.08.31-300x56.png\" data-orig-src=\"https:\/\/www.asf-quebec.org\/wp-content\/uploads\/2022\/08\/Capture-de\u0301cran-le-2022-10-13-a\u0300-09.08.31-300x56.png\" alt=\"\" width=\"300\" height=\"56\" srcset=\"data:image\/svg+xml,%3Csvg%20xmlns%3D%27http%3A%2F%2Fwww.w3.org%2F2000%2Fsvg%27%20width%3D%27300%27%20height%3D%2756%27%20viewBox%3D%270%200%20300%2056%27%3E%3Crect%20width%3D%27300%27%20height%3D%2756%27%20fill-opacity%3D%220%22%2F%3E%3C%2Fsvg%3E\" data-srcset=\"https:\/\/www.asf-quebec.org\/wp-content\/uploads\/2022\/08\/Capture-de\u0301cran-le-2022-10-13-a\u0300-09.08.31-200x37.png 200w, https:\/\/www.asf-quebec.org\/wp-content\/uploads\/2022\/08\/Capture-de\u0301cran-le-2022-10-13-a\u0300-09.08.31-300x56.png 300w, https:\/\/www.asf-quebec.org\/wp-content\/uploads\/2022\/08\/Capture-de\u0301cran-le-2022-10-13-a\u0300-09.08.31-400x75.png 400w, https:\/\/www.asf-quebec.org\/wp-content\/uploads\/2022\/08\/Capture-de\u0301cran-le-2022-10-13-a\u0300-09.08.31-600x112.png 600w, https:\/\/www.asf-quebec.org\/wp-content\/uploads\/2022\/08\/Capture-de\u0301cran-le-2022-10-13-a\u0300-09.08.31-768x143.png 768w, https:\/\/www.asf-quebec.org\/wp-content\/uploads\/2022\/08\/Capture-de\u0301cran-le-2022-10-13-a\u0300-09.08.31-800x149.png 800w, https:\/\/www.asf-quebec.org\/wp-content\/uploads\/2022\/08\/Capture-de\u0301cran-le-2022-10-13-a\u0300-09.08.31-1024x191.png 1024w, https:\/\/www.asf-quebec.org\/wp-content\/uploads\/2022\/08\/Capture-de\u0301cran-le-2022-10-13-a\u0300-09.08.31-1200x224.png 1200w, https:\/\/www.asf-quebec.org\/wp-content\/uploads\/2022\/08\/Capture-de\u0301cran-le-2022-10-13-a\u0300-09.08.31.png 1349w\" data-sizes=\"auto\" data-orig-sizes=\"(max-width: 300px) 100vw, 300px\" \/><\/p>\n<p>&nbsp;<\/p>\n<p><b>PARTENAIRES FINANCIERS<\/b><\/p>\n<p><img decoding=\"async\" class=\"lazyautosizes ls-is-cached lazyloaded alignnone wp-image-636160\" src=\"https:\/\/www.asf-quebec.org\/wp-content\/uploads\/2022\/02\/0-e1665609865345.png\" alt=\"\" width=\"500\" height=\"163\" data-orig-src=\"https:\/\/www.asf-quebec.org\/wp-content\/uploads\/2022\/02\/0.png\" data-srcset=\"https:\/\/www.asf-quebec.org\/wp-content\/uploads\/2022\/02\/0-200x50.png 200w, https:\/\/www.asf-quebec.org\/wp-content\/uploads\/2022\/02\/0-300x75.png 300w, https:\/\/www.asf-quebec.org\/wp-content\/uploads\/2022\/02\/0-400x100.png 400w, https:\/\/www.asf-quebec.org\/wp-content\/uploads\/2022\/02\/0-600x150.png 600w, https:\/\/www.asf-quebec.org\/wp-content\/uploads\/2022\/02\/0-768x192.png 768w, https:\/\/www.asf-quebec.org\/wp-content\/uploads\/2022\/02\/0-800x200.png 800w, https:\/\/www.asf-quebec.org\/wp-content\/uploads\/2022\/02\/0.png 1000w\" data-sizes=\"auto\" data-orig-sizes=\"(max-width: 1000px) 100vw, 1000px\" \/><\/p>\n","protected":false},"excerpt":{"rendered":"<p>Architecture Sans Fronti\u00e8res Qu\u00e9bec (ASFQ) est fier d\u2019annoncer la publication <a href=\"https:\/\/www.asf-quebec.org\/en\/unveiling-of-the-development-catalog-architecture-homelessness-inclusive-practices-for-a-united-city\/\"> [&#8230;]<\/a><\/p>\n","protected":false},"author":2,"featured_media":1139230,"comment_status":"closed","ping_status":"closed","sticky":false,"template":"","format":"standard","meta":{"_acf_changed":false,"footnotes":""},"categories":[37],"tags":[40,46],"class_list":["post-1139243","post","type-post","status-publish","format-standard","has-post-thumbnail","hentry","category-news","tag-ea-en","tag-su-en"],"acf":[],"yoast_head":"<!-- This site is optimized with the Yoast SEO plugin v26.8 - https:\/\/yoast.com\/product\/yoast-seo-wordpress\/ -->\n<title>Unveiling of the design catalog &quot;Architecture + homelessness: inclusive practices for a united city&quot; - Architecture Sans Fronti\u00e8res Qu\u00e9bec %<\/title>\n<meta name=\"description\" content=\"Unveiling of the design catalog &quot;Architecture + homelessness: inclusive practices for a united city&quot;\" \/>\n<meta name=\"robots\" content=\"index, follow, max-snippet:-1, max-image-preview:large, max-video-preview:-1\" \/>\n<link rel=\"canonical\" href=\"https:\/\/www.asf-quebec.org\/en\/unveiling-of-the-development-catalog-architecture-homelessness-inclusive-practices-for-a-united-city\/\" \/>\n<meta property=\"og:locale\" content=\"en_US\" \/>\n<meta property=\"og:type\" content=\"article\" \/>\n<meta property=\"og:title\" content=\"Unveiling of the design catalog &quot;Architecture + homelessness: inclusive practices for a united city&quot; - Architecture Sans Fronti\u00e8res Qu\u00e9bec %\" \/>\n<meta property=\"og:description\" content=\"Unveiling of the design catalog &quot;Architecture + homelessness: inclusive practices for a united city&quot;\" \/>\n<meta property=\"og:url\" content=\"https:\/\/www.asf-quebec.org\/en\/unveiling-of-the-development-catalog-architecture-homelessness-inclusive-practices-for-a-united-city\/\" \/>\n<meta property=\"og:site_name\" content=\"Architecture Sans Fronti\u00e8res Qu\u00e9bec\" \/>\n<meta property=\"article:publisher\" content=\"https:\/\/www.facebook.com\/architecturesansfrontieres\/\" \/>\n<meta property=\"article:published_time\" content=\"2023-01-30T20:47:35+00:00\" \/>\n<meta property=\"article:modified_time\" content=\"2023-02-03T18:59:16+00:00\" \/>\n<meta property=\"og:image\" content=\"https:\/\/www.asf-quebec.org\/wp-content\/uploads\/2023\/01\/Catalogue-archi-itine\u0301rance-2022-web-e1675111064435-1.jpg\" \/>\n\t<meta property=\"og:image:width\" content=\"1000\" \/>\n\t<meta property=\"og:image:height\" content=\"552\" \/>\n\t<meta property=\"og:image:type\" content=\"image\/jpeg\" \/>\n<meta name=\"author\" content=\"asf-quebec\" \/>\n<meta name=\"twitter:card\" content=\"summary_large_image\" \/>\n<meta name=\"twitter:label1\" content=\"Written by\" \/>\n\t<meta name=\"twitter:data1\" content=\"asf-quebec\" \/>\n\t<meta name=\"twitter:label2\" content=\"Est. reading time\" \/>\n\t<meta name=\"twitter:data2\" content=\"3 minutes\" \/>\n<script type=\"application\/ld+json\" class=\"yoast-schema-graph\">{\"@context\":\"https:\/\/schema.org\",\"@graph\":[{\"@type\":\"Article\",\"@id\":\"https:\/\/www.asf-quebec.org\/en\/unveiling-of-the-development-catalog-architecture-homelessness-inclusive-practices-for-a-united-city\/#article\",\"isPartOf\":{\"@id\":\"https:\/\/www.asf-quebec.org\/en\/unveiling-of-the-development-catalog-architecture-homelessness-inclusive-practices-for-a-united-city\/\"},\"author\":{\"name\":\"asf-quebec\",\"@id\":\"https:\/\/www.asf-quebec.org\/en\/#\/schema\/person\/9655911da321e5e7c39708ae5de28d6a\"},\"headline\":\"Unveiling of the design catalog &#8220;Architecture + homelessness: inclusive practices for a united city&#8221;\",\"datePublished\":\"2023-01-30T20:47:35+00:00\",\"dateModified\":\"2023-02-03T18:59:16+00:00\",\"mainEntityOfPage\":{\"@id\":\"https:\/\/www.asf-quebec.org\/en\/unveiling-of-the-development-catalog-architecture-homelessness-inclusive-practices-for-a-united-city\/\"},\"wordCount\":580,\"publisher\":{\"@id\":\"https:\/\/www.asf-quebec.org\/en\/#organization\"},\"image\":{\"@id\":\"https:\/\/www.asf-quebec.org\/en\/unveiling-of-the-development-catalog-architecture-homelessness-inclusive-practices-for-a-united-city\/#primaryimage\"},\"thumbnailUrl\":\"https:\/\/www.asf-quebec.org\/wp-content\/uploads\/2023\/01\/Catalogue-archi-itine\u0301rance-2022-web-e1675111064435-1.jpg\",\"keywords\":[\"EA\",\"SU\"],\"articleSection\":[\"News\"],\"inLanguage\":\"en-US\"},{\"@type\":\"WebPage\",\"@id\":\"https:\/\/www.asf-quebec.org\/en\/unveiling-of-the-development-catalog-architecture-homelessness-inclusive-practices-for-a-united-city\/\",\"url\":\"https:\/\/www.asf-quebec.org\/en\/unveiling-of-the-development-catalog-architecture-homelessness-inclusive-practices-for-a-united-city\/\",\"name\":\"Unveiling of the design catalog \\\"Architecture + homelessness: inclusive practices for a united city\\\" - Architecture Sans Fronti\u00e8res Qu\u00e9bec %\",\"isPartOf\":{\"@id\":\"https:\/\/www.asf-quebec.org\/en\/#website\"},\"primaryImageOfPage\":{\"@id\":\"https:\/\/www.asf-quebec.org\/en\/unveiling-of-the-development-catalog-architecture-homelessness-inclusive-practices-for-a-united-city\/#primaryimage\"},\"image\":{\"@id\":\"https:\/\/www.asf-quebec.org\/en\/unveiling-of-the-development-catalog-architecture-homelessness-inclusive-practices-for-a-united-city\/#primaryimage\"},\"thumbnailUrl\":\"https:\/\/www.asf-quebec.org\/wp-content\/uploads\/2023\/01\/Catalogue-archi-itine\u0301rance-2022-web-e1675111064435-1.jpg\",\"datePublished\":\"2023-01-30T20:47:35+00:00\",\"dateModified\":\"2023-02-03T18:59:16+00:00\",\"description\":\"Unveiling of the design catalog \\\"Architecture + homelessness: inclusive practices for a united city\\\"\",\"breadcrumb\":{\"@id\":\"https:\/\/www.asf-quebec.org\/en\/unveiling-of-the-development-catalog-architecture-homelessness-inclusive-practices-for-a-united-city\/#breadcrumb\"},\"inLanguage\":\"en-US\",\"potentialAction\":[{\"@type\":\"ReadAction\",\"target\":[\"https:\/\/www.asf-quebec.org\/en\/unveiling-of-the-development-catalog-architecture-homelessness-inclusive-practices-for-a-united-city\/\"]}]},{\"@type\":\"ImageObject\",\"inLanguage\":\"en-US\",\"@id\":\"https:\/\/www.asf-quebec.org\/en\/unveiling-of-the-development-catalog-architecture-homelessness-inclusive-practices-for-a-united-city\/#primaryimage\",\"url\":\"https:\/\/www.asf-quebec.org\/wp-content\/uploads\/2023\/01\/Catalogue-archi-itine\u0301rance-2022-web-e1675111064435-1.jpg\",\"contentUrl\":\"https:\/\/www.asf-quebec.org\/wp-content\/uploads\/2023\/01\/Catalogue-archi-itine\u0301rance-2022-web-e1675111064435-1.jpg\",\"width\":1000,\"height\":552},{\"@type\":\"BreadcrumbList\",\"@id\":\"https:\/\/www.asf-quebec.org\/en\/unveiling-of-the-development-catalog-architecture-homelessness-inclusive-practices-for-a-united-city\/#breadcrumb\",\"itemListElement\":[{\"@type\":\"ListItem\",\"position\":1,\"name\":\"Accueil\",\"item\":\"https:\/\/www.asf-quebec.org\/en\/\"},{\"@type\":\"ListItem\",\"position\":2,\"name\":\"Unveiling of the design catalog \u00ab\u00a0Architecture + homelessness: inclusive practices for a united city\u00a0\u00bb\"}]},{\"@type\":\"WebSite\",\"@id\":\"https:\/\/www.asf-quebec.org\/en\/#website\",\"url\":\"https:\/\/www.asf-quebec.org\/en\/\",\"name\":\"Architecture sans fronti\u00e8res Qu\u00e9bec\",\"description\":\"ASFQ\",\"publisher\":{\"@id\":\"https:\/\/www.asf-quebec.org\/en\/#organization\"},\"potentialAction\":[{\"@type\":\"SearchAction\",\"target\":{\"@type\":\"EntryPoint\",\"urlTemplate\":\"https:\/\/www.asf-quebec.org\/en\/?s={search_term_string}\"},\"query-input\":{\"@type\":\"PropertyValueSpecification\",\"valueRequired\":true,\"valueName\":\"search_term_string\"}}],\"inLanguage\":\"en-US\"},{\"@type\":\"Organization\",\"@id\":\"https:\/\/www.asf-quebec.org\/en\/#organization\",\"name\":\"Architecture sans fronti\u00e8res Qu\u00e9bec (ASFQ)\",\"url\":\"https:\/\/www.asf-quebec.org\/en\/\",\"logo\":{\"@type\":\"ImageObject\",\"inLanguage\":\"en-US\",\"@id\":\"https:\/\/www.asf-quebec.org\/en\/#\/schema\/logo\/image\/\",\"url\":\"https:\/\/www.asf-quebec.org\/wp-content\/uploads\/2019\/07\/Logo-asfq-retina.jpg\",\"contentUrl\":\"https:\/\/www.asf-quebec.org\/wp-content\/uploads\/2019\/07\/Logo-asfq-retina.jpg\",\"width\":564,\"height\":219,\"caption\":\"Architecture sans fronti\u00e8res Qu\u00e9bec (ASFQ)\"},\"image\":{\"@id\":\"https:\/\/www.asf-quebec.org\/en\/#\/schema\/logo\/image\/\"},\"sameAs\":[\"https:\/\/www.facebook.com\/architecturesansfrontieres\/\",\"https:\/\/www.instagram.com\/asfquebec\/\",\"https:\/\/www.linkedin.com\/company\/asf-quebec\/\"]},{\"@type\":\"Person\",\"@id\":\"https:\/\/www.asf-quebec.org\/en\/#\/schema\/person\/9655911da321e5e7c39708ae5de28d6a\",\"name\":\"asf-quebec\",\"image\":{\"@type\":\"ImageObject\",\"inLanguage\":\"en-US\",\"@id\":\"https:\/\/www.asf-quebec.org\/en\/#\/schema\/person\/image\/\",\"url\":\"https:\/\/secure.gravatar.com\/avatar\/e855b116ca919b157a426c59781443a8d88f6c286252b6e0fed2bef83833541c?s=96&d=mm&r=g\",\"contentUrl\":\"https:\/\/secure.gravatar.com\/avatar\/e855b116ca919b157a426c59781443a8d88f6c286252b6e0fed2bef83833541c?s=96&d=mm&r=g\",\"caption\":\"asf-quebec\"}}]}<\/script>\n<!-- \/ Yoast SEO plugin. -->","yoast_head_json":{"title":"Unveiling of the design catalog \"Architecture + homelessness: inclusive practices for a united city\" - Architecture Sans Fronti\u00e8res Qu\u00e9bec %","description":"Unveiling of the design catalog \"Architecture + homelessness: inclusive practices for a united city\"","robots":{"index":"index","follow":"follow","max-snippet":"max-snippet:-1","max-image-preview":"max-image-preview:large","max-video-preview":"max-video-preview:-1"},"canonical":"https:\/\/www.asf-quebec.org\/en\/unveiling-of-the-development-catalog-architecture-homelessness-inclusive-practices-for-a-united-city\/","og_locale":"en_US","og_type":"article","og_title":"Unveiling of the design catalog \"Architecture + homelessness: inclusive practices for a united city\" - Architecture Sans Fronti\u00e8res Qu\u00e9bec %","og_description":"Unveiling of the design catalog \"Architecture + homelessness: inclusive practices for a united city\"","og_url":"https:\/\/www.asf-quebec.org\/en\/unveiling-of-the-development-catalog-architecture-homelessness-inclusive-practices-for-a-united-city\/","og_site_name":"Architecture Sans Fronti\u00e8res Qu\u00e9bec","article_publisher":"https:\/\/www.facebook.com\/architecturesansfrontieres\/","article_published_time":"2023-01-30T20:47:35+00:00","article_modified_time":"2023-02-03T18:59:16+00:00","og_image":[{"width":1000,"height":552,"url":"https:\/\/www.asf-quebec.org\/wp-content\/uploads\/2023\/01\/Catalogue-archi-itine\u0301rance-2022-web-e1675111064435-1.jpg","type":"image\/jpeg"}],"author":"asf-quebec","twitter_card":"summary_large_image","twitter_misc":{"Written by":"asf-quebec","Est. reading time":"3 minutes"},"schema":{"@context":"https:\/\/schema.org","@graph":[{"@type":"Article","@id":"https:\/\/www.asf-quebec.org\/en\/unveiling-of-the-development-catalog-architecture-homelessness-inclusive-practices-for-a-united-city\/#article","isPartOf":{"@id":"https:\/\/www.asf-quebec.org\/en\/unveiling-of-the-development-catalog-architecture-homelessness-inclusive-practices-for-a-united-city\/"},"author":{"name":"asf-quebec","@id":"https:\/\/www.asf-quebec.org\/en\/#\/schema\/person\/9655911da321e5e7c39708ae5de28d6a"},"headline":"Unveiling of the design catalog &#8220;Architecture + homelessness: inclusive practices for a united city&#8221;","datePublished":"2023-01-30T20:47:35+00:00","dateModified":"2023-02-03T18:59:16+00:00","mainEntityOfPage":{"@id":"https:\/\/www.asf-quebec.org\/en\/unveiling-of-the-development-catalog-architecture-homelessness-inclusive-practices-for-a-united-city\/"},"wordCount":580,"publisher":{"@id":"https:\/\/www.asf-quebec.org\/en\/#organization"},"image":{"@id":"https:\/\/www.asf-quebec.org\/en\/unveiling-of-the-development-catalog-architecture-homelessness-inclusive-practices-for-a-united-city\/#primaryimage"},"thumbnailUrl":"https:\/\/www.asf-quebec.org\/wp-content\/uploads\/2023\/01\/Catalogue-archi-itine\u0301rance-2022-web-e1675111064435-1.jpg","keywords":["EA","SU"],"articleSection":["News"],"inLanguage":"en-US"},{"@type":"WebPage","@id":"https:\/\/www.asf-quebec.org\/en\/unveiling-of-the-development-catalog-architecture-homelessness-inclusive-practices-for-a-united-city\/","url":"https:\/\/www.asf-quebec.org\/en\/unveiling-of-the-development-catalog-architecture-homelessness-inclusive-practices-for-a-united-city\/","name":"Unveiling of the design catalog \"Architecture + homelessness: inclusive practices for a united city\" - Architecture Sans Fronti\u00e8res Qu\u00e9bec %","isPartOf":{"@id":"https:\/\/www.asf-quebec.org\/en\/#website"},"primaryImageOfPage":{"@id":"https:\/\/www.asf-quebec.org\/en\/unveiling-of-the-development-catalog-architecture-homelessness-inclusive-practices-for-a-united-city\/#primaryimage"},"image":{"@id":"https:\/\/www.asf-quebec.org\/en\/unveiling-of-the-development-catalog-architecture-homelessness-inclusive-practices-for-a-united-city\/#primaryimage"},"thumbnailUrl":"https:\/\/www.asf-quebec.org\/wp-content\/uploads\/2023\/01\/Catalogue-archi-itine\u0301rance-2022-web-e1675111064435-1.jpg","datePublished":"2023-01-30T20:47:35+00:00","dateModified":"2023-02-03T18:59:16+00:00","description":"Unveiling of the design catalog \"Architecture + homelessness: inclusive practices for a united city\"","breadcrumb":{"@id":"https:\/\/www.asf-quebec.org\/en\/unveiling-of-the-development-catalog-architecture-homelessness-inclusive-practices-for-a-united-city\/#breadcrumb"},"inLanguage":"en-US","potentialAction":[{"@type":"ReadAction","target":["https:\/\/www.asf-quebec.org\/en\/unveiling-of-the-development-catalog-architecture-homelessness-inclusive-practices-for-a-united-city\/"]}]},{"@type":"ImageObject","inLanguage":"en-US","@id":"https:\/\/www.asf-quebec.org\/en\/unveiling-of-the-development-catalog-architecture-homelessness-inclusive-practices-for-a-united-city\/#primaryimage","url":"https:\/\/www.asf-quebec.org\/wp-content\/uploads\/2023\/01\/Catalogue-archi-itine\u0301rance-2022-web-e1675111064435-1.jpg","contentUrl":"https:\/\/www.asf-quebec.org\/wp-content\/uploads\/2023\/01\/Catalogue-archi-itine\u0301rance-2022-web-e1675111064435-1.jpg","width":1000,"height":552},{"@type":"BreadcrumbList","@id":"https:\/\/www.asf-quebec.org\/en\/unveiling-of-the-development-catalog-architecture-homelessness-inclusive-practices-for-a-united-city\/#breadcrumb","itemListElement":[{"@type":"ListItem","position":1,"name":"Accueil","item":"https:\/\/www.asf-quebec.org\/en\/"},{"@type":"ListItem","position":2,"name":"Unveiling of the design catalog \u00ab\u00a0Architecture + homelessness: inclusive practices for a united city\u00a0\u00bb"}]},{"@type":"WebSite","@id":"https:\/\/www.asf-quebec.org\/en\/#website","url":"https:\/\/www.asf-quebec.org\/en\/","name":"Architecture sans fronti\u00e8res Qu\u00e9bec","description":"ASFQ","publisher":{"@id":"https:\/\/www.asf-quebec.org\/en\/#organization"},"potentialAction":[{"@type":"SearchAction","target":{"@type":"EntryPoint","urlTemplate":"https:\/\/www.asf-quebec.org\/en\/?s={search_term_string}"},"query-input":{"@type":"PropertyValueSpecification","valueRequired":true,"valueName":"search_term_string"}}],"inLanguage":"en-US"},{"@type":"Organization","@id":"https:\/\/www.asf-quebec.org\/en\/#organization","name":"Architecture sans fronti\u00e8res Qu\u00e9bec (ASFQ)","url":"https:\/\/www.asf-quebec.org\/en\/","logo":{"@type":"ImageObject","inLanguage":"en-US","@id":"https:\/\/www.asf-quebec.org\/en\/#\/schema\/logo\/image\/","url":"https:\/\/www.asf-quebec.org\/wp-content\/uploads\/2019\/07\/Logo-asfq-retina.jpg","contentUrl":"https:\/\/www.asf-quebec.org\/wp-content\/uploads\/2019\/07\/Logo-asfq-retina.jpg","width":564,"height":219,"caption":"Architecture sans fronti\u00e8res Qu\u00e9bec (ASFQ)"},"image":{"@id":"https:\/\/www.asf-quebec.org\/en\/#\/schema\/logo\/image\/"},"sameAs":["https:\/\/www.facebook.com\/architecturesansfrontieres\/","https:\/\/www.instagram.com\/asfquebec\/","https:\/\/www.linkedin.com\/company\/asf-quebec\/"]},{"@type":"Person","@id":"https:\/\/www.asf-quebec.org\/en\/#\/schema\/person\/9655911da321e5e7c39708ae5de28d6a","name":"asf-quebec","image":{"@type":"ImageObject","inLanguage":"en-US","@id":"https:\/\/www.asf-quebec.org\/en\/#\/schema\/person\/image\/","url":"https:\/\/secure.gravatar.com\/avatar\/e855b116ca919b157a426c59781443a8d88f6c286252b6e0fed2bef83833541c?s=96&d=mm&r=g","contentUrl":"https:\/\/secure.gravatar.com\/avatar\/e855b116ca919b157a426c59781443a8d88f6c286252b6e0fed2bef83833541c?s=96&d=mm&r=g","caption":"asf-quebec"}}]}},"_links":{"self":[{"href":"https:\/\/www.asf-quebec.org\/en\/wp-json\/wp\/v2\/posts\/1139243","targetHints":{"allow":["GET"]}}],"collection":[{"href":"https:\/\/www.asf-quebec.org\/en\/wp-json\/wp\/v2\/posts"}],"about":[{"href":"https:\/\/www.asf-quebec.org\/en\/wp-json\/wp\/v2\/types\/post"}],"author":[{"embeddable":true,"href":"https:\/\/www.asf-quebec.org\/en\/wp-json\/wp\/v2\/users\/2"}],"replies":[{"embeddable":true,"href":"https:\/\/www.asf-quebec.org\/en\/wp-json\/wp\/v2\/comments?post=1139243"}],"version-history":[{"count":3,"href":"https:\/\/www.asf-quebec.org\/en\/wp-json\/wp\/v2\/posts\/1139243\/revisions"}],"predecessor-version":[{"id":1139246,"href":"https:\/\/www.asf-quebec.org\/en\/wp-json\/wp\/v2\/posts\/1139243\/revisions\/1139246"}],"wp:featuredmedia":[{"embeddable":true,"href":"https:\/\/www.asf-quebec.org\/en\/wp-json\/wp\/v2\/media\/1139230"}],"wp:attachment":[{"href":"https:\/\/www.asf-quebec.org\/en\/wp-json\/wp\/v2\/media?parent=1139243"}],"wp:term":[{"taxonomy":"category","embeddable":true,"href":"https:\/\/www.asf-quebec.org\/en\/wp-json\/wp\/v2\/categories?post=1139243"},{"taxonomy":"post_tag","embeddable":true,"href":"https:\/\/www.asf-quebec.org\/en\/wp-json\/wp\/v2\/tags?post=1139243"}],"curies":[{"name":"wp","href":"https:\/\/api.w.org\/{rel}","templated":true}]}}